{"id":6282,"date":"2014-01-14T16:56:20","date_gmt":"2017-03-27T23:58:07","guid":{"rendered":"http:\/\/newwp.insightcrime.org?p=6282"},"modified":"2023-04-24T15:35:40","modified_gmt":"2023-04-24T20:35:40","slug":"grupos-de-autodefensa-atacan-prostitutas-y-clientes-en-el-norte-de-peru","status":"publish","type":"post","link":"https:\/\/insightcrime.org\/es\/noticias\/noticias-del-dia\/grupos-de-autodefensa-atacan-prostitutas-y-clientes-en-el-norte-de-peru\/","title":{"rendered":"Autodefensas atacan a prostitutas y clientes en el norte de Per\u00fa"},"content":{"rendered":"\n<p class=\"wp-block-paragraph\"><span style=\"background-color: transparent\">Un grupo ciudadano de autodefensa en el norte de Per\u00fa ha estado asaltando burdeles y golpeando a prostitutas, en la \u00faltima manifestaci\u00f3n de un movimiento de autodefensa en Latinoam\u00e9rica cuyos l\u00edmites cada vez son m\u00e1s inciertos.<\/span><\/p>\n\n\n\n<p class=\"wp-block-paragraph\">Un <a href=\"https:\/\/www.larepublica.pe\/05-01-2014\/cajamarca-ronderos-ingresan-a-night-club-y-castigan-a-trabajadoras\" target=\"_blank\">video <\/a>publicado por varios peri\u00f3dicos muestra c\u00f3mo un grupo de hombres en el barrio de Santa Elena, en la regi\u00f3n de Cajamarca, persigue a mujeres semidesnudas fuera de un establecimiento, azot\u00e1ndolas con l\u00e1tigos y golpe\u00e1ndolas con palos. Afuera, los clientes de las mujeres fueron obligados a hacer flexiones mientras tambi\u00e9n eran golpeados.<\/p>\n\n\n\n<p class=\"wp-block-paragraph\">Al d\u00eda siguiente, el mismo grupo entr\u00f3 a otro prost\u00edbulo, destroz\u00f3 sus puertas, quit\u00f3 los muebles y el equipo de sonido y provoc\u00f3 un incendio,<a href=\"https:\/\/peru21.pe\/actualidad\/cajamarca-ronderos-atacan-nuevamente-prostitutas-y-queman-night-club-2164615\" target=\"_blank\"> inform\u00f3 Per\u00fa 21.<\/a> Las prostitutas y otros trabajadores tambi\u00e9n fueron golpeados.<\/p>\n\n\n\n<p class=\"wp-block-paragraph\">Al parecer el grupo est\u00e1 dirigido por un hombre llamado Fernando Chuquil\u00edn Ramos, quien fue expulsado del Comit\u00e9 Central de Rondas Urbanas de Cajamarca, una organizaci\u00f3n fachada de las autodefensas.<\/p>\n\n\n\n<p class=\"wp-block-paragraph\">Chuquil\u00edn dijo a Canal N que el grupo no se detendr\u00eda hasta que todos los clubes nocturnos fueran cerrados, inform\u00f3 El Comercio. E inst\u00f3 a los funcionarios de la Fiscal\u00eda a que \u201cdejen sus asientos y se pongan a trabajar\u201d.<\/p>\n\n\n\n<p class=\"wp-block-paragraph\">El presidente de otro grupo de patrulla urbana conden\u00f3 las acciones del grupo de Chuquil\u00edn, diciendo que estaba prohibido golpear a las mujeres y llevar a cabo operaciones con capuchas o con los rostros cubiertos, <a href=\"https:\/\/elcomercio.pe\/peru\/cajamarca\/cajamarca-ronderos-otra-faccion-condenan-agresiones-noticia-1702252\" target=\"_blank\">inform\u00f3 El Comercio<\/a>. Un abogado que representa a las v\u00edctimas del grupo afirm\u00f3 que los miembros de la autodefensa hab\u00edan robado muchos de los tel\u00e9fonos celulares de las prostitutas.<\/p>\n\n\n\n<h3 class=\"wp-block-heading\">An\u00e1lisis de InSight Crime<\/h3>\n\n\n\n<p class=\"wp-block-paragraph\">Los grupos ciudadanos de autodefensas tienen una larga historia en Per\u00fa. Las \u201crondas campesinas\u201d -grupos de autodefensas campesinas\u2013 se formaron en los a\u00f1os setenta para proteger a los agricultores del robo de ganado y lucharon contra la guerrilla mao\u00edsta <a href=\"\/peru-grupos\/sendero-luminoso\" target=\"_blank\">Sendero Luminoso<\/a> dos d\u00e9cadas m\u00e1s tarde. En algunas zonas rurales remotas de Per\u00fa todav\u00eda act\u00faan como una fuerza de polic\u00eda comunitaria de facto, aplicando castigos tradicionales como la golpiza y las caminatas nocturnas con pies descalzos a temperaturas bajo cero.<\/p>\n\n\n\n<p class=\"wp-block-paragraph\"><span style=\"color: #000000\"><strong>VEA TAMBI\u00c9N:<\/strong> <\/span><a href=\"\/tag\/autodefensas\" target=\"_blank\">Cobertura de autodefensas<\/a><\/p>\n\n\n\n<p class=\"wp-block-paragraph\">Una ley nacional en Per\u00fa le ha otorgado a los grupos rurales pac\u00edficos&nbsp;los derechos para administrar justicia, mientras que algunas autoridades regionales, entre ellas Cajamarca, tambi\u00e9n han reconocido a las patrullas urbanas, <a href=\"https:\/\/elcomercio.pe\/peru\/cajamarca\/que-son-rondas-urbanas-y-que-atribuciones-tienen-noticia-1702302\" target=\"_blank\">explic\u00f3 un fiscal de Cajamarca a&nbsp;El Comercio<\/a>. Sin embargo ellos deben coordinar con las fuerzas locales&nbsp;de seguridad y no se les permite dictaminar castigos.<\/p>\n\n\n\n<p class=\"wp-block-paragraph\">Al igual que en otras partes de Latinoam\u00e9rica, los grupos ocupan una zona gris en la que la protecci\u00f3n a las comunidades puede transformarse en la comisi\u00f3n de sus propios abusos contra los conciudadanos -un buen ejemplo es la evoluci\u00f3n de los grupos de autodefensas en organizaciones paramilitares en Colombia durante los a\u00f1os ochenta. En el pasado, las rondas peruanas han <a href=\"https:\/\/www.larepublica.pe\/22-01-2009\/ronderos-desmienten-hernani-y-niegan-participacion-en-muerte-de-policias\" target=\"_blank\">enfrentado acusaciones<\/a> de tortura, maltratos, y robo de propiedades. As\u00ed como los golpes a las prostitutas, que sin duda est\u00e1n lejos de la \u201cdefensa del ciudadano\u201d.<\/p>\n\n\n\n<p class=\"wp-block-paragraph\">Chuquil\u00edn dijo a Canal N que el grupo no se detendr\u00eda hasta que todos esos clubes nocturnos fueran cerrados, inform\u00f3 El Comercio. Agreg\u00f3 que los funcionarios de la Fiscal\u00eda \u201cdejen sus asientos y se pongan a trabajar\u201d.<\/p>\n","protected":false},"excerpt":{"rendered":"<p><span style=\"background-color: transparent\">Un grupo ciudadano de autodefensa en el norte de Per\u00fa ha estado asaltando burdeles y golpeando a prostitutas, en la \u00faltima manifestaci\u00f3n de un movimiento de autodefensa en Latinoam\u00e9rica cuyos l\u00edmites cada vez son m\u00e1s inciertos.<\/span><\/p>\n","protected":false},"author":18,"featured_media":39360,"comment_status":"closed","ping_status":"closed","sticky":false,"template":"","format":"standard","meta":{"newspack_ads_suppress_ads":false,"newspack_popups_has_disabled_popups":false,"newspack_sponsor_sponsorship_scope":"","newspack_sponsor_native_byline_display":"inherit","newspack_sponsor_native_category_display":"inherit","newspack_sponsor_underwriter_style":"inherit","newspack_sponsor_underwriter_placement":"inherit","_EventAllDay":false,"_EventTimezone":"","_EventStartDate":"","_EventEndDate":"","_EventStartDateUTC":"","_EventEndDateUTC":"","_EventShowMap":false,"_EventShowMapLink":false,"_EventURL":"","_EventCost":"","_EventCostDescription":"","_EventCurrencySymbol":"","_EventCurrencyCode":"","_EventCurrencyPosition":"","_EventDateTimeSeparator":"","_EventTimeRangeSeparator":"","_EventOrganizerID":[],"_EventVenueID":[],"_OrganizerEmail":"","_OrganizerPhone":"","_OrganizerWebsite":"","_VenueAddress":"","_VenueCity":"","_VenueCountry":"","_VenueProvince":"","_VenueState":"","_VenueZip":"","_VenuePhone":"","_VenueURL":"","_VenueStateProvince":"","_VenueLat":"","_VenueLng":"","_VenueShowMap":false,"_VenueShowMapLink":false,"_newspack_byline_active":false,"_newspack_byline":"","newspack_hide_updated_date":false,"newspack_show_updated_date":false,"newspack_featured_image_position":"","newspack_post_subtitle":"","newspack_article_summary_title":"Overview:","newspack_article_summary":"","_jetpack_memberships_contains_paid_content":false,"footnotes":""},"categories":[334],"tags":[1522,409],"newspack_spnsrs_tax":[],"coauthors":[3813],"class_list":["post-6282","post","type-post","status-publish","format-standard","has-post-thumbnail","hentry","category-noticias-del-dia","tag-vigilantes-es","tag-peru-pais","entry"],"parsely":{"version":"1.1.0","canonical_url":"https:\/\/insightcrime.org\/es\/noticias\/noticias-del-dia\/grupos-de-autodefensa-atacan-prostitutas-y-clientes-en-el-norte-de-peru\/","smart_links":{"inbound":0,"outbound":0},"traffic_boost_suggestions_count":0,"meta":{"@context":"https:\/\/schema.org","@type":"NewsArticle","headline":"Autodefensas atacan a prostitutas y clientes en el norte de Per\u00fa","url":"http:\/\/insightcrime.org\/es\/noticias\/noticias-del-dia\/grupos-de-autodefensa-atacan-prostitutas-y-clientes-en-el-norte-de-peru\/","mainEntityOfPage":{"@type":"WebPage","@id":"http:\/\/insightcrime.org\/es\/noticias\/noticias-del-dia\/grupos-de-autodefensa-atacan-prostitutas-y-clientes-en-el-norte-de-peru\/"},"thumbnailUrl":"https:\/\/i0.wp.com\/insightcrime.org\/wp-content\/uploads\/2014\/01\/es-eebc0e33b70bffd1536d28f71fec3802.jpg?resize=150%2C150&quality=100&ssl=1","image":{"@type":"ImageObject","url":"https:\/\/i0.wp.com\/insightcrime.org\/wp-content\/uploads\/2014\/01\/es-eebc0e33b70bffd1536d28f71fec3802.jpg?fit=280%2C186&quality=100&ssl=1"},"articleSection":"Noticias del d\u00eda","author":[{"@type":"Person","name":"Miriam Wells"}],"creator":["Miriam Wells"],"publisher":{"@type":"Organization","name":"InSight Crime","logo":"https:\/\/insightcrime.org\/wp-content\/uploads\/2023\/08\/logo.png"},"keywords":["autodefensas","per\u00fa"],"dateCreated":"2017-03-27T23:58:07Z","datePublished":"2017-03-27T23:58:07Z","dateModified":"2023-04-24T20:35:40Z"},"rendered":"<meta name=\"parsely-title\" content=\"Autodefensas atacan a prostitutas y clientes en el norte de Per\u00fa\" \/>\n<meta name=\"parsely-link\" content=\"http:\/\/insightcrime.org\/es\/noticias\/noticias-del-dia\/grupos-de-autodefensa-atacan-prostitutas-y-clientes-en-el-norte-de-peru\/\" \/>\n<meta name=\"parsely-type\" content=\"post\" \/>\n<meta name=\"parsely-image-url\" content=\"https:\/\/i0.wp.com\/insightcrime.org\/wp-content\/uploads\/2014\/01\/es-eebc0e33b70bffd1536d28f71fec3802.jpg?resize=150%2C150&amp;quality=100&amp;ssl=1\" \/>\n<meta name=\"parsely-pub-date\" content=\"2017-03-27T23:58:07Z\" \/>\n<meta name=\"parsely-section\" content=\"Noticias del d\u00eda\" \/>\n<meta name=\"parsely-tags\" content=\"autodefensas,per\u00fa\" \/>\n<meta name=\"parsely-author\" content=\"Miriam Wells\" \/>","tracker_url":"https:\/\/cdn.parsely.com\/keys\/insightcrime.org\/p.js"},"jetpack_sharing_enabled":true,"jetpack-related-posts":[{"id":151116,"url":"https:\/\/insightcrime.org\/es\/noticias\/grupo-auntodefensa-conforma-ataque-criminal-chiapas-mexico\/","url_meta":{"origin":6282,"position":0},"title":"Grupo de autodefensa se conforma tras ataque criminal en Chiapas, M\u00e9xico","author":"Parker Asmann","date":"26 de julio de 2021","format":false,"excerpt":"En medio de la ausencia del gobierno, las comunidades ind\u00edgenas en las tierras altas del estado de Chiapas, en el sur de M\u00e9xico, est\u00e1n apoyando a un grupo de autodefensa que se form\u00f3 para defenderse de los ataques de grupos del crimen organizado contra sus comunidades.","rel":"","context":"En \u00abNoticias\u00bb","block_context":{"text":"Noticias","link":"https:\/\/insightcrime.org\/es\/category\/noticias\/"},"img":{"alt_text":"","src":"https:\/\/i0.wp.com\/insightcrime.org\/wp-content\/uploads\/2021\/07\/21-07-23-Chiapas-Autodefensas.jpg?fit=350%2C250&quality=100&ssl=1&resize=350%2C200","width":350,"height":200},"classes":[]},{"id":169190,"url":"https:\/\/insightcrime.org\/es\/noticias-crimen-organizado-colombia\/los-pachenca\/","url_meta":{"origin":6282,"position":1},"title":"Autodefensas Conquistadoras de la Sierra Nevada (ACSN)","author":"InSight Crime","date":"6 de agosto de 2026","format":false,"excerpt":"Autodefensas Conquistadoras de la Sierra Nevada (ACSN): historia, l\u00edderes, zonas de operaci\u00f3n y actividades criminales. Perfil actualizado de 2026.","rel":"","context":"En \u00abColombia\u00bb","block_context":{"text":"Colombia","link":"https:\/\/insightcrime.org\/es\/category\/noticias-crimen-organizado-colombia\/"},"img":{"alt_text":"Grupo Cirminal de las Autodefensas Conquistadoras de la Sierra Nevada (ACSN), Colombia.","src":"https:\/\/i0.wp.com\/insightcrime.org\/wp-content\/uploads\/2026\/07\/Grupo-Criminal-Autodefensas-Conquistadoras-de-la-Sierra-Nevada-Colombia.jpg?fit=1200%2C900&quality=100&ssl=1&resize=350%2C200","width":350,"height":200,"srcset":"https:\/\/i0.wp.com\/insightcrime.org\/wp-content\/uploads\/2026\/07\/Grupo-Criminal-Autodefensas-Conquistadoras-de-la-Sierra-Nevada-Colombia.jpg?fit=1200%2C900&quality=100&ssl=1&resize=350%2C200 1x, https:\/\/i0.wp.com\/insightcrime.org\/wp-content\/uploads\/2026\/07\/Grupo-Criminal-Autodefensas-Conquistadoras-de-la-Sierra-Nevada-Colombia.jpg?fit=1200%2C900&quality=100&ssl=1&resize=525%2C300 1.5x, https:\/\/i0.wp.com\/insightcrime.org\/wp-content\/uploads\/2026\/07\/Grupo-Criminal-Autodefensas-Conquistadoras-de-la-Sierra-Nevada-Colombia.jpg?fit=1200%2C900&quality=100&ssl=1&resize=700%2C400 2x, https:\/\/i0.wp.com\/insightcrime.org\/wp-content\/uploads\/2026\/07\/Grupo-Criminal-Autodefensas-Conquistadoras-de-la-Sierra-Nevada-Colombia.jpg?fit=1200%2C900&quality=100&ssl=1&resize=1050%2C600 3x"},"classes":[]},{"id":165787,"url":"https:\/\/insightcrime.org\/es\/noticias\/urabenos-pachenca-lucha-puertos-santa-marta-colombia\/","url_meta":{"origin":6282,"position":2},"title":"Gaitanistas vs. Pachenca: la lucha por los puertos de Santa Marta en Colombia","author":"Juan Diego Posada","date":"19 de agosto de 2021","format":false,"excerpt":"La ciudad de Santa Marta, al norte de Colombia, ha visto un aumento impactante de asesinatos este a\u00f1o a medida que pandillas m\u00e1s peque\u00f1as est\u00e1n siendo reclutadas en una disputa de drogas a mayor escala.","rel":"","context":"En \u00abNoticias\u00bb","block_context":{"text":"Noticias","link":"https:\/\/insightcrime.org\/es\/category\/noticias\/"},"img":{"alt_text":"","src":"https:\/\/i0.wp.com\/insightcrime.org\/wp-content\/uploads\/2021\/08\/homicidios.jpg?fit=350%2C250&quality=100&ssl=1&resize=350%2C200","width":350,"height":200},"classes":[]},{"id":316596,"url":"https:\/\/insightcrime.org\/es\/noticias\/series-anuales\/insights-del-verano-2025-chiquito-malo-comandante-confederacion-criminal-autodefensas-gaitanistas-colombia\/","url_meta":{"origin":6282,"position":3},"title":"Chiquito Malo: el comandante de la confederaci\u00f3n criminal de las Autodefensas Gaitanistas de Colombia","author":"InSight Crime","date":"21 de agosto de 2025","format":false,"excerpt":"\u00bfQui\u00e9n es Chiquito Malo? El m\u00e1ximo comandante de los Gaitanistas, una de las estructuras criminales m\u00e1s grandes de Colombia, con presencia en m\u00e1s de la mitad de los departamentos del pa\u00eds. Un cerebro criminal, que ha dirigido la guerra de los Gaitanistas contra los grupos armados colombianos y ha gestionado\u2026","rel":"","context":"En \u00abNoticias\u00bb","block_context":{"text":"Noticias","link":"https:\/\/insightcrime.org\/es\/category\/noticias\/"},"img":{"alt_text":"","src":"https:\/\/i0.wp.com\/insightcrime.org\/wp-content\/uploads\/2025\/08\/Cover-Chiquito-maloESP-Summer-InSights-2025.jpg?fit=1200%2C690&quality=100&ssl=1&resize=350%2C200","width":350,"height":200,"srcset":"https:\/\/i0.wp.com\/insightcrime.org\/wp-content\/uploads\/2025\/08\/Cover-Chiquito-maloESP-Summer-InSights-2025.jpg?fit=1200%2C690&quality=100&ssl=1&resize=350%2C200 1x, https:\/\/i0.wp.com\/insightcrime.org\/wp-content\/uploads\/2025\/08\/Cover-Chiquito-maloESP-Summer-InSights-2025.jpg?fit=1200%2C690&quality=100&ssl=1&resize=525%2C300 1.5x, https:\/\/i0.wp.com\/insightcrime.org\/wp-content\/uploads\/2025\/08\/Cover-Chiquito-maloESP-Summer-InSights-2025.jpg?fit=1200%2C690&quality=100&ssl=1&resize=700%2C400 2x, https:\/\/i0.wp.com\/insightcrime.org\/wp-content\/uploads\/2025\/08\/Cover-Chiquito-maloESP-Summer-InSights-2025.jpg?fit=1200%2C690&quality=100&ssl=1&resize=1050%2C600 3x"},"classes":[]},{"id":272086,"url":"https:\/\/insightcrime.org\/es\/noticias-crimen-organizado-colombia\/salvatore-mancuso\/","url_meta":{"origin":6282,"position":4},"title":"Salvatore Mancuso","author":"InSight Crime","date":"12 de julio de 2024","format":false,"excerpt":"Salvatore Mancuso, alias \u201cEl Mono\u201d o \u201cSantander Lozada\u201d, es un excomandante paramilitar colombiano que hizo parte de las Autodefensas Campesinas de C\u00f3rdoba y Urab\u00e1 (ACCU) y de las Autodefensas Unidas de Colombia (AUC).","rel":"","context":"En \u00abColombia\u00bb","block_context":{"text":"Colombia","link":"https:\/\/insightcrime.org\/es\/category\/noticias-crimen-organizado-colombia\/"},"img":{"alt_text":"Salvatore Mancuso","src":"https:\/\/i0.wp.com\/insightcrime.org\/wp-content\/uploads\/2026\/06\/Perfil-Criminal-Salvatore-Mancuso.jpg?fit=1200%2C900&quality=100&ssl=1&resize=350%2C200","width":350,"height":200,"srcset":"https:\/\/i0.wp.com\/insightcrime.org\/wp-content\/uploads\/2026\/06\/Perfil-Criminal-Salvatore-Mancuso.jpg?fit=1200%2C900&quality=100&ssl=1&resize=350%2C200 1x, https:\/\/i0.wp.com\/insightcrime.org\/wp-content\/uploads\/2026\/06\/Perfil-Criminal-Salvatore-Mancuso.jpg?fit=1200%2C900&quality=100&ssl=1&resize=525%2C300 1.5x, https:\/\/i0.wp.com\/insightcrime.org\/wp-content\/uploads\/2026\/06\/Perfil-Criminal-Salvatore-Mancuso.jpg?fit=1200%2C900&quality=100&ssl=1&resize=700%2C400 2x, https:\/\/i0.wp.com\/insightcrime.org\/wp-content\/uploads\/2026\/06\/Perfil-Criminal-Salvatore-Mancuso.jpg?fit=1200%2C900&quality=100&ssl=1&resize=1050%2C600 3x"},"classes":[]},{"id":140108,"url":"https:\/\/insightcrime.org\/es\/noticias\/arresto-guatemala-imputacion-eeuu-ataque-mexico\/","url_meta":{"origin":6282,"position":5},"title":"Arresto en Guatemala, imputaci\u00f3n en EE.UU. y ataque en M\u00e9xico","author":"Alex Papadovassilakis","date":"2 de abril de 2021","format":false,"excerpt":"Tras la captura de un exalcalde mexicano en Guatemala, Estados Unidos hizo p\u00fablica una imputaci\u00f3n en su contra y rivales criminales presuntamente atacaron el pueblo que estuvo bajo su control.","rel":"","context":"En \u00abNoticias\u00bb","block_context":{"text":"Noticias","link":"https:\/\/insightcrime.org\/es\/category\/noticias\/"},"img":{"alt_text":"","src":"https:\/\/i0.wp.com\/insightcrime.org\/wp-content\/uploads\/2021\/04\/Alcalde-Mexicano-Capturado.png?fit=350%2C250&quality=100&ssl=1&resize=350%2C200","width":350,"height":200},"classes":[]}],"jetpack_featured_media_url":"https:\/\/i0.wp.com\/insightcrime.org\/wp-content\/uploads\/2014\/01\/es-eebc0e33b70bffd1536d28f71fec3802.jpg?fit=280%2C186&quality=100&ssl=1","_links":{"self":[{"href":"https:\/\/insightcrime.org\/es\/wp-json\/wp\/v2\/posts\/6282","targetHints":{"allow":["GET"]}}],"collection":[{"href":"https:\/\/insightcrime.org\/es\/wp-json\/wp\/v2\/posts"}],"about":[{"href":"https:\/\/insightcrime.org\/es\/wp-json\/wp\/v2\/types\/post"}],"author":[{"embeddable":true,"href":"https:\/\/insightcrime.org\/es\/wp-json\/wp\/v2\/users\/18"}],"replies":[{"embeddable":true,"href":"https:\/\/insightcrime.org\/es\/wp-json\/wp\/v2\/comments?post=6282"}],"version-history":[{"count":1,"href":"https:\/\/insightcrime.org\/es\/wp-json\/wp\/v2\/posts\/6282\/revisions"}],"predecessor-version":[{"id":21441,"href":"https:\/\/insightcrime.org\/es\/wp-json\/wp\/v2\/posts\/6282\/revisions\/21441"}],"wp:featuredmedia":[{"embeddable":true,"href":"https:\/\/insightcrime.org\/es\/wp-json\/wp\/v2\/media\/39360"}],"wp:attachment":[{"href":"https:\/\/insightcrime.org\/es\/wp-json\/wp\/v2\/media?parent=6282"}],"wp:term":[{"taxonomy":"category","embeddable":true,"href":"https:\/\/insightcrime.org\/es\/wp-json\/wp\/v2\/categories?post=6282"},{"taxonomy":"post_tag","embeddable":true,"href":"https:\/\/insightcrime.org\/es\/wp-json\/wp\/v2\/tags?post=6282"},{"taxonomy":"newspack_spnsrs_tax","embeddable":true,"href":"https:\/\/insightcrime.org\/es\/wp-json\/wp\/v2\/newspack_spnsrs_tax?post=6282"},{"taxonomy":"author","embeddable":true,"href":"https:\/\/insightcrime.org\/es\/wp-json\/wp\/v2\/coauthors?post=6282"}],"curies":[{"name":"wp","href":"https:\/\/api.w.org\/{rel}","templated":true}]}}