{"id":6296,"date":"2014-01-17T15:08:23","date_gmt":"2017-03-27T23:58:12","guid":{"rendered":"http:\/\/newwp.insightcrime.org?p=6296"},"modified":"2023-04-24T15:35:45","modified_gmt":"2023-04-24T20:35:45","slug":"el-problema-invisible-de-la-trata-de-personas-en-chile-por-la-falta-de-investigacion","status":"publish","type":"post","link":"https:\/\/insightcrime.org\/es\/noticias\/noticias-del-dia\/el-problema-invisible-de-la-trata-de-personas-en-chile-por-la-falta-de-investigacion\/","title":{"rendered":"El &#8216;problema invisible&#8217; de la trata de personas en Chile por la falta de investigaci\u00f3n"},"content":{"rendered":"\n<p class=\"wp-block-paragraph\">Los expertos dicen que el tr\u00e1fico de migrantes a Chile, para realizar trabajo forzado, es facilitado por su invisibilidad y por la falta de investigaci\u00f3n por parte de las autoridades, mientras que la pr\u00f3spera econom\u00eda, en uno de los pa\u00edses menos plagados por el crimen de la regi\u00f3n, lo hacen un destino atractivo para las posibles v\u00edctimas.<\/p>\n\n\n\n<p class=\"wp-block-paragraph\">\u201cLa trata de personas con fines de explotaci\u00f3n sexual ha sido m\u00e1s documentada y perseguida. En contraste, la trata de personas con fines de explotaci\u00f3n laboral sigue siendo un tema excluido\u201d, dijo Sonia Lahoz, representante de la organizaci\u00f3n intergubernamental Oficina Internacional de Migraciones en Chile, <a href=\"https:\/\/radio.uchile.cl\/2014\/01\/14\/trata-laboral-la-nueva-forma-de-esclavitud-en-chile\/comment-page-1\" target=\"_blank\">inform\u00f3 diarioUchile<\/a>.<\/p>\n\n\n\n<p class=\"wp-block-paragraph\">Seg\u00fan Lahoz, en la actualidad hay una falta de investigaci\u00f3n sobre las estructuras de las redes de trata de personas, as\u00ed como sobre las rutas que utilizan para llevar a los trabajadores ilegales a Chile.<\/p>\n\n\n\n<p class=\"wp-block-paragraph\">Carolina Rudnick, abogada del Departamento de Crimen Organizado del Ministerio del Interior, dijo que problemas como la \u201cpobreza, analfabetismo, discriminaci\u00f3n de g\u00e9nero, de raza, de nacionalidad\u201d son factores importantes que impulsan el comercio. La econom\u00eda es otro factor, dijo Rudnick \u2013el \u00e9xito econ\u00f3mico de Chile, en relaci\u00f3n a otros pa\u00edses de la regi\u00f3n, atrae migrantes a lo que ella se refiere como el \u201csue\u00f1o chileno\u201d.<\/p>\n\n\n\n<p class=\"wp-block-paragraph\">Tras aprobar una ley antitr\u00e1fico en 2011, Chile s\u00f3lo ha dictado una sentencia por el crimen, inform\u00f3 diarioUchile.<\/p>\n\n\n\n<h3 class=\"wp-block-heading\">An\u00e1lisis de InSight Crime<\/h3>\n\n\n\n<p class=\"wp-block-paragraph\">El Reporte de 2013&nbsp;sobre la Trata de&nbsp;Personas del Departamento de Estado de Estados Unidos (<a href=\"https:\/\/www.state.gov\/documents\/organization\/210738.pdf\" target=\"_blank\">pdf<\/a>) describe a Chile como una fuente, punto de tr\u00e1nsito y pa\u00eds de destino para hombres, mujeres y ni\u00f1os que son objeto del tr\u00e1fico sexual y el trabajo forzado. El reporte menciona a Bolivia, Per\u00fa, Paraguay, Colombia y Ecuador como los principales pa\u00edses de origen de los migrantes identificados como v\u00edctimas del trabajo forzado en los sectores de la miner\u00eda, la agricultura, hospitalarios y servicios dom\u00e9sticos en Chile. <a href=\"\/noticias\/noticias-del-dia\/autoridades-desmantelan-red-de-trafico-de-ninos-en-venezuela\" target=\"_blank\">Una red que traficaba ni\u00f1os de Venezuela a Chile<\/a> tambi\u00e9n fue descubierta el a\u00f1o pasado.<\/p>\n\n\n\n<p class=\"wp-block-paragraph\"><span style=\"color: #800000\"><strong>VEA TAMBI\u00c9N:<\/strong><\/span> <a href=\"\/tag\/trafico-humano\" target=\"_blank\">Cobertura de tr\u00e1fico de personas<\/a><\/p>\n\n\n\n<p class=\"wp-block-paragraph\">Pese a que el problema de la trata de personas en Chile parece estar aumentando \u2013con el norte de Chile siendo un<a href=\"\/noticias\/noticias-del-dia\/redes-de-trafico-de-personas-en-chile-usan-rutas-entre-ecuador-y-peru\" target=\"_blank\">&nbsp;principal <\/a><a href=\"\/noticias\/noticias-del-dia\/redes-de-trafico-de-personas-en-chile-usan-rutas-entre-ecuador-y-peru\" target=\"_blank\">punto<\/a>&nbsp;<a href=\"\/noticias\/noticias-del-dia\/redes-de-trafico-de-personas-en-chile-usan-rutas-entre-ecuador-y-peru\" target=\"_blank\">de entrada<\/a>\u2013 otros pa\u00edses tales como Brasil, Colombia y Argentina han sido destinos tradicionalmente m\u00e1s significativos para la trata de personas y el trabajo forzado. Todos estos pa\u00edses tambi\u00e9n documentaron el creciente aumento en el tr\u00e1fico en el a\u00f1o anterior.<\/p>\n\n\n\n<p class=\"wp-block-paragraph\">Sin embargo, como se\u00f1ala Rudnick, la floreciente econom\u00eda chilena hace de Chile un pa\u00eds atractivo para las poblaciones vulnerables que sue\u00f1an con tener una mejor vida, lo que significa que se podr\u00eda convertir en un destino a\u00fan m\u00e1s popular para los traficantes si el gobierno no comienza a investigar con seriedad el asunto.<\/p>\n","protected":false},"excerpt":{"rendered":"<p>Los expertos dicen que el tr\u00e1fico de migrantes a Chile, para realizar trabajo forzado, es facilitado por su invisibilidad y por la falta de investigaci\u00f3n por parte de las autoridades, mientras que la pr\u00f3spera econom\u00eda, en uno de los pa\u00edses menos plagados por el crimen de la regi\u00f3n, lo hacen un destino atractivo para las posibles v\u00edctimas.<\/p>\n","protected":false},"author":25,"featured_media":39389,"comment_status":"closed","ping_status":"closed","sticky":false,"template":"","format":"standard","meta":{"newspack_ads_suppress_ads":false,"newspack_popups_has_disabled_popups":false,"newspack_sponsor_sponsorship_scope":"","newspack_sponsor_native_byline_display":"inherit","newspack_sponsor_native_category_display":"inherit","newspack_sponsor_underwriter_style":"inherit","newspack_sponsor_underwriter_placement":"inherit","_EventAllDay":false,"_EventTimezone":"","_EventStartDate":"","_EventEndDate":"","_EventStartDateUTC":"","_EventEndDateUTC":"","_EventShowMap":false,"_EventShowMapLink":false,"_EventURL":"","_EventCost":"","_EventCostDescription":"","_EventCurrencySymbol":"","_EventCurrencyCode":"","_EventCurrencyPosition":"","_EventDateTimeSeparator":"","_EventTimeRangeSeparator":"","_EventOrganizerID":[],"_EventVenueID":[],"_OrganizerEmail":"","_OrganizerPhone":"","_OrganizerWebsite":"","_VenueAddress":"","_VenueCity":"","_VenueCountry":"","_VenueProvince":"","_VenueState":"","_VenueZip":"","_VenuePhone":"","_VenueURL":"","_VenueStateProvince":"","_VenueLat":"","_VenueLng":"","_VenueShowMap":false,"_VenueShowMapLink":false,"_newspack_byline_active":false,"_newspack_byline":"","newspack_hide_updated_date":false,"newspack_show_updated_date":false,"newspack_featured_image_position":"","newspack_post_subtitle":"","newspack_article_summary_title":"Overview:","newspack_article_summary":"","_jetpack_memberships_contains_paid_content":false,"footnotes":""},"categories":[334],"tags":[425,372],"newspack_spnsrs_tax":[],"coauthors":[3872],"class_list":["post-6296","post","type-post","status-publish","format-standard","has-post-thumbnail","hentry","category-noticias-del-dia","tag-chile-pais","tag-trata-de-personas","entry"],"parsely":{"version":"1.1.0","canonical_url":"https:\/\/insightcrime.org\/es\/noticias\/noticias-del-dia\/el-problema-invisible-de-la-trata-de-personas-en-chile-por-la-falta-de-investigacion\/","smart_links":{"inbound":0,"outbound":0},"traffic_boost_suggestions_count":0,"meta":{"@context":"https:\/\/schema.org","@type":"NewsArticle","headline":"El &#8216;problema invisible&#8217; de la trata de personas en Chile por la falta de investigaci\u00f3n","url":"http:\/\/insightcrime.org\/es\/noticias\/noticias-del-dia\/el-problema-invisible-de-la-trata-de-personas-en-chile-por-la-falta-de-investigacion\/","mainEntityOfPage":{"@type":"WebPage","@id":"http:\/\/insightcrime.org\/es\/noticias\/noticias-del-dia\/el-problema-invisible-de-la-trata-de-personas-en-chile-por-la-falta-de-investigacion\/"},"thumbnailUrl":"https:\/\/i0.wp.com\/insightcrime.org\/wp-content\/uploads\/2014\/01\/es-9d9bb521cb1f9b2e10b67824a74a53f0.jpg?resize=150%2C150&quality=100&ssl=1","image":{"@type":"ImageObject","url":"https:\/\/i0.wp.com\/insightcrime.org\/wp-content\/uploads\/2014\/01\/es-9d9bb521cb1f9b2e10b67824a74a53f0.jpg?fit=280%2C169&quality=100&ssl=1"},"articleSection":"Noticias del d\u00eda","author":[{"@type":"Person","name":"Michael Lohmuller"}],"creator":["Michael Lohmuller"],"publisher":{"@type":"Organization","name":"InSight Crime","logo":"https:\/\/insightcrime.org\/wp-content\/uploads\/2023\/08\/logo.png"},"keywords":["chile","trata de personas"],"dateCreated":"2017-03-27T23:58:12Z","datePublished":"2017-03-27T23:58:12Z","dateModified":"2023-04-24T20:35:45Z"},"rendered":"<meta name=\"parsely-title\" content=\"El &#8216;problema invisible&#8217; de la trata de personas en Chile por la falta de investigaci\u00f3n\" \/>\n<meta name=\"parsely-link\" content=\"http:\/\/insightcrime.org\/es\/noticias\/noticias-del-dia\/el-problema-invisible-de-la-trata-de-personas-en-chile-por-la-falta-de-investigacion\/\" \/>\n<meta name=\"parsely-type\" content=\"post\" \/>\n<meta name=\"parsely-image-url\" content=\"https:\/\/i0.wp.com\/insightcrime.org\/wp-content\/uploads\/2014\/01\/es-9d9bb521cb1f9b2e10b67824a74a53f0.jpg?resize=150%2C150&amp;quality=100&amp;ssl=1\" \/>\n<meta name=\"parsely-pub-date\" content=\"2017-03-27T23:58:12Z\" \/>\n<meta name=\"parsely-section\" content=\"Noticias del d\u00eda\" \/>\n<meta name=\"parsely-tags\" content=\"chile,trata de personas\" \/>\n<meta name=\"parsely-author\" content=\"Michael Lohmuller\" \/>","tracker_url":"https:\/\/cdn.parsely.com\/keys\/insightcrime.org\/p.js"},"jetpack_sharing_enabled":true,"jetpack-related-posts":[{"id":302814,"url":"https:\/\/insightcrime.org\/es\/noticias\/chile-lucha-contra-aumento-trata-personas\/","url_meta":{"origin":6296,"position":0},"title":"Chile lucha contra el aumento de la trata de personas","author":"Sean Doherty","date":"18 de febrero de 2025","format":false,"excerpt":"La trata de personas en Chile ha aumentado en los \u00faltimos a\u00f1os junto con la migraci\u00f3n. Pero las instituciones del pa\u00eds se esfuerzan por abordar el problema.","rel":"","context":"En \u00abNoticias\u00bb","block_context":{"text":"Noticias","link":"https:\/\/insightcrime.org\/es\/category\/noticias\/"},"img":{"alt_text":"","src":"https:\/\/i0.wp.com\/insightcrime.org\/wp-content\/uploads\/2025\/02\/Whats-Behind-Chiles-Human-Trafficking-Increase-1.png?fit=1200%2C675&quality=100&ssl=1&resize=350%2C200","width":350,"height":200,"srcset":"https:\/\/i0.wp.com\/insightcrime.org\/wp-content\/uploads\/2025\/02\/Whats-Behind-Chiles-Human-Trafficking-Increase-1.png?fit=1200%2C675&quality=100&ssl=1&resize=350%2C200 1x, https:\/\/i0.wp.com\/insightcrime.org\/wp-content\/uploads\/2025\/02\/Whats-Behind-Chiles-Human-Trafficking-Increase-1.png?fit=1200%2C675&quality=100&ssl=1&resize=525%2C300 1.5x, https:\/\/i0.wp.com\/insightcrime.org\/wp-content\/uploads\/2025\/02\/Whats-Behind-Chiles-Human-Trafficking-Increase-1.png?fit=1200%2C675&quality=100&ssl=1&resize=700%2C400 2x, https:\/\/i0.wp.com\/insightcrime.org\/wp-content\/uploads\/2025\/02\/Whats-Behind-Chiles-Human-Trafficking-Increase-1.png?fit=1200%2C675&quality=100&ssl=1&resize=1050%2C600 3x"},"classes":[]},{"id":294844,"url":"https:\/\/insightcrime.org\/es\/noticias\/informe-trata-personas-brasil-esclavitud-moderna\/","url_meta":{"origin":6296,"position":1},"title":"La esclavitud moderna en Brasil se ensa\u00f1a con las mujeres y los extranjeros","author":"Lara Loaiza","date":"21 de octubre de 2024","format":false,"excerpt":"Existe un alarmante aumento en el n\u00famero de personas extranjeras y mujeres rescatadas de la trata de personas con fines de explotaci\u00f3n laboral \u2014tambi\u00e9n conocida como esclavitud moderna, en Brasil. El relatorio anual de trata de personas, publicado por el Ministerio de Justicia y Seguridad P\u00fablica de Brasil cubre la\u2026","rel":"","context":"En \u00abNoticias\u00bb","block_context":{"text":"Noticias","link":"https:\/\/insightcrime.org\/es\/category\/noticias\/"},"img":{"alt_text":"","src":"https:\/\/i0.wp.com\/insightcrime.org\/wp-content\/uploads\/2024\/10\/Brazil-Youngsoccer-fan-watches-his-teams-World-Cup-round-of-match-against-Chile-on-TV-AP208152861553-A2.jpg?fit=1200%2C690&quality=100&ssl=1&resize=350%2C200","width":350,"height":200,"srcset":"https:\/\/i0.wp.com\/insightcrime.org\/wp-content\/uploads\/2024\/10\/Brazil-Youngsoccer-fan-watches-his-teams-World-Cup-round-of-match-against-Chile-on-TV-AP208152861553-A2.jpg?fit=1200%2C690&quality=100&ssl=1&resize=350%2C200 1x, https:\/\/i0.wp.com\/insightcrime.org\/wp-content\/uploads\/2024\/10\/Brazil-Youngsoccer-fan-watches-his-teams-World-Cup-round-of-match-against-Chile-on-TV-AP208152861553-A2.jpg?fit=1200%2C690&quality=100&ssl=1&resize=525%2C300 1.5x, https:\/\/i0.wp.com\/insightcrime.org\/wp-content\/uploads\/2024\/10\/Brazil-Youngsoccer-fan-watches-his-teams-World-Cup-round-of-match-against-Chile-on-TV-AP208152861553-A2.jpg?fit=1200%2C690&quality=100&ssl=1&resize=700%2C400 2x, https:\/\/i0.wp.com\/insightcrime.org\/wp-content\/uploads\/2024\/10\/Brazil-Youngsoccer-fan-watches-his-teams-World-Cup-round-of-match-against-Chile-on-TV-AP208152861553-A2.jpg?fit=1200%2C690&quality=100&ssl=1&resize=1050%2C600 3x"},"classes":[]},{"id":239378,"url":"https:\/\/insightcrime.org\/es\/investigaciones\/portafolio-criminal-tren-de-aragua-adaptarse-morir\/","url_meta":{"origin":6296,"position":2},"title":"El portafolio criminal del Tren de Aragua: adaptarse o morir","author":"Unidad Investigativa de Venezuela","date":"4 de octubre de 2023","format":false,"excerpt":"La megabanda m\u00e1s prominente de Venezuela construy\u00f3 un imperio criminal que se extiende de Venezuela a Chile sacando ventaja de los migrantes desesperados, primero mediante el tr\u00e1fico de migrantes a una escala nunca antes vista en Suram\u00e9rica, y luego con la creaci\u00f3n de redes de explotaci\u00f3n sexual organizadas, integradas y\u2026","rel":"","context":"En \u00abAudio\u00bb","block_context":{"text":"Audio","link":"https:\/\/insightcrime.org\/es\/category\/audio-es\/"},"img":{"alt_text":"","src":"https:\/\/i0.wp.com\/insightcrime.org\/wp-content\/uploads\/2023\/10\/Covers-Venezuela-Tren-de-Aragua-C3.jpg?fit=1200%2C576&quality=100&ssl=1&resize=350%2C200","width":350,"height":200,"srcset":"https:\/\/i0.wp.com\/insightcrime.org\/wp-content\/uploads\/2023\/10\/Covers-Venezuela-Tren-de-Aragua-C3.jpg?fit=1200%2C576&quality=100&ssl=1&resize=350%2C200 1x, https:\/\/i0.wp.com\/insightcrime.org\/wp-content\/uploads\/2023\/10\/Covers-Venezuela-Tren-de-Aragua-C3.jpg?fit=1200%2C576&quality=100&ssl=1&resize=525%2C300 1.5x, https:\/\/i0.wp.com\/insightcrime.org\/wp-content\/uploads\/2023\/10\/Covers-Venezuela-Tren-de-Aragua-C3.jpg?fit=1200%2C576&quality=100&ssl=1&resize=700%2C400 2x, https:\/\/i0.wp.com\/insightcrime.org\/wp-content\/uploads\/2023\/10\/Covers-Venezuela-Tren-de-Aragua-C3.jpg?fit=1200%2C576&quality=100&ssl=1&resize=1050%2C600 3x"},"classes":[]},{"id":198043,"url":"https:\/\/insightcrime.org\/es\/noticias\/empresas-legitimas-usadas-fachada-redes-trata-personas-argentina\/","url_meta":{"origin":6296,"position":3},"title":"Empresas leg\u00edtimas son usadas como fachada por redes de trata de personas en Argentina","author":"Alicia Florez","date":"15 de septiembre de 2022","format":false,"excerpt":"Argentina sigue luchando contra la trata de personas, las redes criminales nacionales e internacionales ahora usan una serie de negocios legales.","rel":"","context":"En \u00abNoticias\u00bb","block_context":{"text":"Noticias","link":"https:\/\/insightcrime.org\/es\/category\/noticias\/"},"img":{"alt_text":"Polic\u00edas de Argentina en un operativo contra la trata de personas","src":"https:\/\/i0.wp.com\/insightcrime.org\/wp-content\/uploads\/2022\/09\/argentina-human-trafficking-1.jpeg?fit=350%2C250&quality=100&ssl=1&resize=350%2C200","width":350,"height":200},"classes":[]},{"id":165582,"url":"https:\/\/insightcrime.org\/es\/noticias\/trata-personas-mexico-agudizo-pandemia-covid19\/","url_meta":{"origin":6296,"position":4},"title":"Trata de personas en M\u00e9xico se agudiz\u00f3 durante pandemia de COVID-19","author":"Parker Asmann","date":"19 de agosto de 2021","format":false,"excerpt":"La cantidad de v\u00edctimas de trata de personas en M\u00e9xico va en aumento, con los ojos de los traficantes puestos en grupos vulnerables duramente golpeados por la pandemia de COVID-19.","rel":"","context":"En \u00abNoticias\u00bb","block_context":{"text":"Noticias","link":"https:\/\/insightcrime.org\/es\/category\/noticias\/"},"img":{"alt_text":"","src":"https:\/\/i0.wp.com\/insightcrime.org\/wp-content\/uploads\/2021\/08\/21-08-13-Mexico-Trata-de-Personas.jpg?fit=350%2C250&quality=100&ssl=1&resize=350%2C200","width":350,"height":200},"classes":[]},{"id":286362,"url":"https:\/\/insightcrime.org\/es\/noticias\/como-la-industria-latinoamericana-del-trafico-de-organos-se-aprovecha-de-la-migracion\/","url_meta":{"origin":6296,"position":5},"title":"C\u00f3mo la industria latinoamericana del tr\u00e1fico de \u00f3rganos se aprovecha de la migraci\u00f3n","author":"Marley Markham","date":"1 de agosto de 2024","format":false,"excerpt":"A finales de junio de 2024, Mar\u00eda Amalia Matamoros se encontr\u00f3 en una dif\u00edcil situaci\u00f3n cuando recibi\u00f3 un mensaje de su amigo Marcos*, pregunt\u00e1ndole si era posible vender un \u00f3rgano por US$200.000. Matamoros, cirujana costarricense y expresidenta de la Sociedad de Trasplante de Am\u00e9rica Latina y el Caribe (STALYC), le\u2026","rel":"","context":"En \u00abNoticias\u00bb","block_context":{"text":"Noticias","link":"https:\/\/insightcrime.org\/es\/category\/noticias\/"},"img":{"alt_text":"","src":"https:\/\/i0.wp.com\/insightcrime.org\/wp-content\/uploads\/2024\/08\/Flagship-ES-Open-Veins-Latin-Americas-Predatory-Organ-Industry-Illustration-Insight-Crime-Aug-2024.jpg?fit=1200%2C690&quality=100&ssl=1&resize=350%2C200","width":350,"height":200,"srcset":"https:\/\/i0.wp.com\/insightcrime.org\/wp-content\/uploads\/2024\/08\/Flagship-ES-Open-Veins-Latin-Americas-Predatory-Organ-Industry-Illustration-Insight-Crime-Aug-2024.jpg?fit=1200%2C690&quality=100&ssl=1&resize=350%2C200 1x, https:\/\/i0.wp.com\/insightcrime.org\/wp-content\/uploads\/2024\/08\/Flagship-ES-Open-Veins-Latin-Americas-Predatory-Organ-Industry-Illustration-Insight-Crime-Aug-2024.jpg?fit=1200%2C690&quality=100&ssl=1&resize=525%2C300 1.5x, https:\/\/i0.wp.com\/insightcrime.org\/wp-content\/uploads\/2024\/08\/Flagship-ES-Open-Veins-Latin-Americas-Predatory-Organ-Industry-Illustration-Insight-Crime-Aug-2024.jpg?fit=1200%2C690&quality=100&ssl=1&resize=700%2C400 2x, https:\/\/i0.wp.com\/insightcrime.org\/wp-content\/uploads\/2024\/08\/Flagship-ES-Open-Veins-Latin-Americas-Predatory-Organ-Industry-Illustration-Insight-Crime-Aug-2024.jpg?fit=1200%2C690&quality=100&ssl=1&resize=1050%2C600 3x"},"classes":[]}],"jetpack_featured_media_url":"https:\/\/i0.wp.com\/insightcrime.org\/wp-content\/uploads\/2014\/01\/es-9d9bb521cb1f9b2e10b67824a74a53f0.jpg?fit=280%2C169&quality=100&ssl=1","_links":{"self":[{"href":"https:\/\/insightcrime.org\/es\/wp-json\/wp\/v2\/posts\/6296","targetHints":{"allow":["GET"]}}],"collection":[{"href":"https:\/\/insightcrime.org\/es\/wp-json\/wp\/v2\/posts"}],"about":[{"href":"https:\/\/insightcrime.org\/es\/wp-json\/wp\/v2\/types\/post"}],"author":[{"embeddable":true,"href":"https:\/\/insightcrime.org\/es\/wp-json\/wp\/v2\/users\/25"}],"replies":[{"embeddable":true,"href":"https:\/\/insightcrime.org\/es\/wp-json\/wp\/v2\/comments?post=6296"}],"version-history":[{"count":1,"href":"https:\/\/insightcrime.org\/es\/wp-json\/wp\/v2\/posts\/6296\/revisions"}],"predecessor-version":[{"id":21469,"href":"https:\/\/insightcrime.org\/es\/wp-json\/wp\/v2\/posts\/6296\/revisions\/21469"}],"wp:featuredmedia":[{"embeddable":true,"href":"https:\/\/insightcrime.org\/es\/wp-json\/wp\/v2\/media\/39389"}],"wp:attachment":[{"href":"https:\/\/insightcrime.org\/es\/wp-json\/wp\/v2\/media?parent=6296"}],"wp:term":[{"taxonomy":"category","embeddable":true,"href":"https:\/\/insightcrime.org\/es\/wp-json\/wp\/v2\/categories?post=6296"},{"taxonomy":"post_tag","embeddable":true,"href":"https:\/\/insightcrime.org\/es\/wp-json\/wp\/v2\/tags?post=6296"},{"taxonomy":"newspack_spnsrs_tax","embeddable":true,"href":"https:\/\/insightcrime.org\/es\/wp-json\/wp\/v2\/newspack_spnsrs_tax?post=6296"},{"taxonomy":"author","embeddable":true,"href":"https:\/\/insightcrime.org\/es\/wp-json\/wp\/v2\/coauthors?post=6296"}],"curies":[{"name":"wp","href":"https:\/\/api.w.org\/{rel}","templated":true}]}}