{"id":6315,"date":"2014-01-22T17:13:43","date_gmt":"2017-03-27T23:58:17","guid":{"rendered":"http:\/\/newwp.insightcrime.org?p=6315"},"modified":"2023-04-24T15:35:51","modified_gmt":"2023-04-24T20:35:51","slug":"arresto-a-senor-de-la-guerra-brinda-una-luz-sobre-el-comercio-de-armas-en-colombia","status":"publish","type":"post","link":"https:\/\/insightcrime.org\/es\/noticias\/noticias-del-dia\/arresto-a-senor-de-la-guerra-brinda-una-luz-sobre-el-comercio-de-armas-en-colombia\/","title":{"rendered":"Arresto del &#8216;se\u00f1or de la guerra&#8217; arroja luz sobre el comercio de armas en Colombia"},"content":{"rendered":"\n<p class=\"wp-block-paragraph\"><span style=\"background-color: transparent\">La polic\u00eda de Colombia ha capturado a un traficante de armas, cuyas operaciones pasaron a trav\u00e9s de continentes, y cuyos contactos criminales abarcaron el espectro de los grupos armados colombianos.<\/span><\/p>\n\n\n\n<p class=\"wp-block-paragraph\"><a href=\"https:\/\/www.eltiempo.com\/justicia\/el-senor-de-la-guerra-traian-armas-para-megateo_13393255-4\" target=\"_blank\">Seg\u00fan la polic\u00eda<\/a>, Gustavo Vel\u00e1squez, alias \u201cEl Se\u00f1or de la Guerra\u201d obtuvo rifles de asalto a trav\u00e9s de contactos en Israel y Rusia, y los movi\u00f3 a trav\u00e9s de Venezuela y hacia el departamento de Norte de Santander en Colombia.<\/p>\n\n\n\n<p class=\"wp-block-paragraph\">La polic\u00eda dice que las armas fueron vendidas al narcoguerrillero V\u00edctor Ram\u00f3n Navarro, alias \u201cMegateo\u201d, quien encabeza los remanentes fuertemente criminalizados del Ej\u00e9rcito Popular de Liberaci\u00f3n (EPL). Los tratos con Megateo pasaron por el jefe regional de los guerrilleros del Ej\u00e9rcito de Liberaci\u00f3n Nacional (ELN), conocido como \u201cRicardo Boquete\u201d, quien sirvi\u00f3 como el punto de contacto de Vel\u00e1zquez con Megateo.<\/p>\n\n\n\n<p class=\"wp-block-paragraph\"><strong><span style=\"color: #800000\">VEA TAMBI\u00c9N:<\/span> <\/strong><a href=\"\/noticias\/noticias-del-dia\/megateo\" target=\"_blank\">Perfil de Megateo<\/a><\/p>\n\n\n\n<p class=\"wp-block-paragraph\">Vel\u00e1squez tambi\u00e9n est\u00e1 acusado de suministrar armas a los narcoparamilitares de los Urabe\u00f1os, manteniendo el contacto con el l\u00edder de las operaciones del grupo en la regi\u00f3n, conocido como \u201cAlbeiro\u201d o \u201cLobo\u201d.<\/p>\n\n\n\n<h3 class=\"wp-block-heading\">An\u00e1lisis de InSight Crime<\/h3>\n\n\n\n<p class=\"wp-block-paragraph\">Las operaciones de Vel\u00e1zquez ilustran c\u00f3mo un traficante de armas, con buenos contactos, puede llegar a ser el proveedor para cualquier n\u00famero de diferentes grupos armados, independiente de si tienen una agenda pol\u00edtica o si se centran exclusivamente en cometer actividades criminales.<\/p>\n\n\n\n<p class=\"wp-block-paragraph\">Estos grupos generalmente pagan con drogas a los traficantes de armas como Vel\u00e1squez. Esto le permite a los grupos retener la moneda extranjera ganada, y en su lugar, pagar con algo que es m\u00e1s f\u00e1cil y barato de obtener. Lo anterior tambi\u00e9n le permite al traficante de armas aumentar enormemente sus ganancias al recibir las drogas a un precio colombiano al por mayor, y luego usar sus contactos para vender el cargamento m\u00e1s cerca del mercado, aumentando considerablemente su valor. Si Vel\u00e1squez moviera la coca\u00edna de regreso, utilizando la misma ruta que se usa para mover las armas hacia Colombia, entonces con s\u00f3lo cruzar la frontera con Venezuela, el precio podr\u00eda aumentar de entre US$2.000 \u2013 US$ 4.000 el kilo a US$4.000 \u2013 US$6.000.<\/p>\n\n\n\n<p class=\"wp-block-paragraph\">La cooperaci\u00f3n entre el ELN y el EPL, el cual la polic\u00eda dice que tambi\u00e9n estuvo involucrado en la entrega de informaci\u00f3n sobre los movimientos de las fuerzas de seguridad, tambi\u00e9n es un indicio de c\u00f3mo funcionan los grupos guerrilleros en Norte de Santander. El EPL, el ELN y el grupo guerrillero m\u00e1s grande de Colombia, las Fuerzas Armadas Revolucionarias de Colombia (FARC), operan en la regi\u00f3n y <a href=\"\/investigations\/colombian-conflict-enters-a-new-phase\" target=\"_blank\">se sabe que trabajan juntos<\/a>, tanto en las operaciones militares como en el tr\u00e1fico de drogas -en el que Megateo y el EPL son los <a href=\"\/noticias\/analisis\/megateo-el-surgimiento-de-la-narcoguerrilla\" target=\"_blank\">principales negociantes<\/a>&nbsp;y tambi\u00e9n se cree que manejan operaciones de procesamiento.<\/p>\n","protected":false},"excerpt":{"rendered":"<p><span style=\"background-color: transparent\">La polic\u00eda de Colombia ha capturado a un traficante de armas, cuyas operaciones pasaron a trav\u00e9s de continentes, y cuyos contactos criminales abarcaron el espectro de los grupos armados colombianos.<\/span><\/p>\n","protected":false},"author":16,"featured_media":39423,"comment_status":"closed","ping_status":"closed","sticky":false,"template":"","format":"standard","meta":{"newspack_ads_suppress_ads":false,"newspack_popups_has_disabled_popups":false,"newspack_sponsor_sponsorship_scope":"","newspack_sponsor_native_byline_display":"inherit","newspack_sponsor_native_category_display":"inherit","newspack_sponsor_underwriter_style":"inherit","newspack_sponsor_underwriter_placement":"inherit","_EventAllDay":false,"_EventTimezone":"","_EventStartDate":"","_EventEndDate":"","_EventStartDateUTC":"","_EventEndDateUTC":"","_EventShowMap":false,"_EventShowMapLink":false,"_EventURL":"","_EventCost":"","_EventCostDescription":"","_EventCurrencySymbol":"","_EventCurrencyCode":"","_EventCurrencyPosition":"","_EventDateTimeSeparator":"","_EventTimeRangeSeparator":"","_EventOrganizerID":[],"_EventVenueID":[],"_OrganizerEmail":"","_OrganizerPhone":"","_OrganizerWebsite":"","_VenueAddress":"","_VenueCity":"","_VenueCountry":"","_VenueProvince":"","_VenueState":"","_VenueZip":"","_VenuePhone":"","_VenueURL":"","_VenueStateProvince":"","_VenueLat":"","_VenueLng":"","_VenueShowMap":false,"_VenueShowMapLink":false,"_newspack_byline_active":false,"_newspack_byline":"","newspack_hide_updated_date":false,"newspack_show_updated_date":false,"newspack_featured_image_position":"","newspack_post_subtitle":"","newspack_article_summary_title":"Overview:","newspack_article_summary":"","_jetpack_memberships_contains_paid_content":false,"footnotes":""},"categories":[334],"tags":[368,448],"newspack_spnsrs_tax":[],"coauthors":[3821],"class_list":["post-6315","post","type-post","status-publish","format-standard","has-post-thumbnail","hentry","category-noticias-del-dia","tag-colombia-pais","tag-trafico-de-armas","entry"],"parsely":{"version":"1.1.0","canonical_url":"https:\/\/insightcrime.org\/es\/noticias\/noticias-del-dia\/arresto-a-senor-de-la-guerra-brinda-una-luz-sobre-el-comercio-de-armas-en-colombia\/","smart_links":{"inbound":0,"outbound":0},"traffic_boost_suggestions_count":0,"meta":{"@context":"https:\/\/schema.org","@type":"NewsArticle","headline":"Arresto del &#8216;se\u00f1or de la guerra&#8217; arroja luz sobre el comercio de armas en Colombia","url":"http:\/\/insightcrime.org\/es\/noticias\/noticias-del-dia\/arresto-a-senor-de-la-guerra-brinda-una-luz-sobre-el-comercio-de-armas-en-colombia\/","mainEntityOfPage":{"@type":"WebPage","@id":"http:\/\/insightcrime.org\/es\/noticias\/noticias-del-dia\/arresto-a-senor-de-la-guerra-brinda-una-luz-sobre-el-comercio-de-armas-en-colombia\/"},"thumbnailUrl":"https:\/\/i0.wp.com\/insightcrime.org\/wp-content\/uploads\/2014\/01\/es-34239bf4e2d8ee309b60a2752ebdc9fe.jpg?resize=150%2C150&quality=100&ssl=1","image":{"@type":"ImageObject","url":"https:\/\/i0.wp.com\/insightcrime.org\/wp-content\/uploads\/2014\/01\/es-34239bf4e2d8ee309b60a2752ebdc9fe.jpg?fit=280%2C169&quality=100&ssl=1"},"articleSection":"Noticias del d\u00eda","author":[{"@type":"Person","name":"James Bargent"}],"creator":["James Bargent"],"publisher":{"@type":"Organization","name":"InSight Crime","logo":"https:\/\/insightcrime.org\/wp-content\/uploads\/2023\/08\/logo.png"},"keywords":["colombia","tr\u00e1fico de armas"],"dateCreated":"2017-03-27T23:58:17Z","datePublished":"2017-03-27T23:58:17Z","dateModified":"2023-04-24T20:35:51Z"},"rendered":"<meta name=\"parsely-title\" content=\"Arresto del &#8216;se\u00f1or de la guerra&#8217; arroja luz sobre el comercio de armas en Colombia\" \/>\n<meta name=\"parsely-link\" content=\"http:\/\/insightcrime.org\/es\/noticias\/noticias-del-dia\/arresto-a-senor-de-la-guerra-brinda-una-luz-sobre-el-comercio-de-armas-en-colombia\/\" \/>\n<meta name=\"parsely-type\" content=\"post\" \/>\n<meta name=\"parsely-image-url\" content=\"https:\/\/i0.wp.com\/insightcrime.org\/wp-content\/uploads\/2014\/01\/es-34239bf4e2d8ee309b60a2752ebdc9fe.jpg?resize=150%2C150&amp;quality=100&amp;ssl=1\" \/>\n<meta name=\"parsely-pub-date\" content=\"2017-03-27T23:58:17Z\" \/>\n<meta name=\"parsely-section\" content=\"Noticias del d\u00eda\" \/>\n<meta name=\"parsely-tags\" content=\"colombia,tr\u00e1fico de armas\" \/>\n<meta name=\"parsely-author\" content=\"James Bargent\" \/>","tracker_url":"https:\/\/cdn.parsely.com\/keys\/insightcrime.org\/p.js"},"jetpack_sharing_enabled":true,"jetpack-related-posts":[{"id":80009,"url":"https:\/\/insightcrime.org\/es\/noticias-crimen-organizado-colombia\/epl\/","url_meta":{"origin":6315,"position":0},"title":"EPL","author":"InSight Crime","date":"29 de julio de 2024","format":false,"excerpt":"Lo que se conoce hoy en d\u00eda como el Ej\u00e9rcito de Liberaci\u00f3n Popular (EPL) o Los Pelusos, es un grupo disidente del Frente Libardo Mora del EPL que no se desmoviliz\u00f3 con el resto de la guerrilla en 1991. Su principal centro de operaciones se encuentra en la regi\u00f3n fronteriza\u2026","rel":"","context":"En \u00abColombia\u00bb","block_context":{"text":"Colombia","link":"https:\/\/insightcrime.org\/es\/category\/noticias-crimen-organizado-colombia\/"},"img":{"alt_text":"Ej\u00e9rcito Popular de Liberaci\u00f3n (EPL)","src":"https:\/\/i0.wp.com\/insightcrime.org\/wp-content\/uploads\/2026\/06\/Grupo-Criminal-Ejercito-Popular-de-Liberacion-EPL.jpg?fit=1200%2C900&quality=100&ssl=1&resize=350%2C200","width":350,"height":200,"srcset":"https:\/\/i0.wp.com\/insightcrime.org\/wp-content\/uploads\/2026\/06\/Grupo-Criminal-Ejercito-Popular-de-Liberacion-EPL.jpg?fit=1200%2C900&quality=100&ssl=1&resize=350%2C200 1x, https:\/\/i0.wp.com\/insightcrime.org\/wp-content\/uploads\/2026\/06\/Grupo-Criminal-Ejercito-Popular-de-Liberacion-EPL.jpg?fit=1200%2C900&quality=100&ssl=1&resize=525%2C300 1.5x, https:\/\/i0.wp.com\/insightcrime.org\/wp-content\/uploads\/2026\/06\/Grupo-Criminal-Ejercito-Popular-de-Liberacion-EPL.jpg?fit=1200%2C900&quality=100&ssl=1&resize=700%2C400 2x, https:\/\/i0.wp.com\/insightcrime.org\/wp-content\/uploads\/2026\/06\/Grupo-Criminal-Ejercito-Popular-de-Liberacion-EPL.jpg?fit=1200%2C900&quality=100&ssl=1&resize=1050%2C600 3x"},"classes":[]},{"id":200718,"url":"https:\/\/insightcrime.org\/es\/noticias\/arsenales-militares-fuente-armas-pandillas-grupos-criminales-latinoamericanos\/","url_meta":{"origin":6315,"position":1},"title":"Arsenales militares son fuente de armas para pandillas y grupos criminales latinoamericanos","author":"Chris Dalby","date":"4 de octubre de 2022","format":false,"excerpt":"Corrupci\u00f3n en las filas, falta de supervisi\u00f3n y seguimiento, y una mediocre legislaci\u00f3n son las responsables de que las armas y munici\u00f3n de los ej\u00e9rcitos latinoamericanos lleguen a manos de grupos criminales, como concluy\u00f3 un informe de la ONU.","rel":"","context":"En \u00abNoticias\u00bb","block_context":{"text":"Noticias","link":"https:\/\/insightcrime.org\/es\/category\/noticias\/"},"img":{"alt_text":"Armas del ej\u00e9rcito de Paraguay decomisadas en un operativo","src":"https:\/\/i0.wp.com\/insightcrime.org\/wp-content\/uploads\/2022\/10\/slider1-1-1.jpeg?fit=350%2C250&quality=100&ssl=1&resize=350%2C200","width":350,"height":200},"classes":[]},{"id":141267,"url":"https:\/\/insightcrime.org\/es\/noticias\/decision-anunciaria-caida-epl-colombia\/","url_meta":{"origin":6315,"position":2},"title":"Decisi\u00f3n anuncia la ca\u00edda del EPL como amenaza en Colombia","author":"Juan Diego C\u00e1rdenas","date":"19 de abril de 2021","format":false,"excerpt":"La decisi\u00f3n de bajar de categor\u00eda al EPL, una de las amenazas criminales de m\u00e1s vieja data en Colombia, demuestra la preocupante rapidez con la que el grupo se debilita en una espiral en picada.","rel":"","context":"En \u00abNoticias\u00bb","block_context":{"text":"Noticias","link":"https:\/\/insightcrime.org\/es\/category\/noticias\/"},"img":{"alt_text":"","src":"","width":0,"height":0},"classes":[]},{"id":4850,"url":"https:\/\/insightcrime.org\/es\/noticias-crimen-organizado-colombia\/colombia\/","url_meta":{"origin":6315,"position":3},"title":"Perfil de Colombia","author":"InSight Crime","date":"31 de julio de 2024","format":false,"excerpt":"Desde hace d\u00e9cadas, Colombia se ha consolidado como el principal pa\u00eds productor de coca\u00edna en el mundo. Diferentes grupos criminales en el pa\u00eds han logrado abrirse paso en el narcotr\u00e1fico a trav\u00e9s de alianzas con mafias en todo el mundo.\u00a0","rel":"","context":"En \u00abColombia\u00bb","block_context":{"text":"Colombia","link":"https:\/\/insightcrime.org\/es\/category\/noticias-crimen-organizado-colombia\/"},"img":{"alt_text":"A soldier walking through a field in Colombia","src":"https:\/\/i0.wp.com\/insightcrime.org\/wp-content\/uploads\/2017\/08\/Colombia.jpg?fit=1200%2C766&quality=100&ssl=1&resize=350%2C200","width":350,"height":200,"srcset":"https:\/\/i0.wp.com\/insightcrime.org\/wp-content\/uploads\/2017\/08\/Colombia.jpg?fit=1200%2C766&quality=100&ssl=1&resize=350%2C200 1x, https:\/\/i0.wp.com\/insightcrime.org\/wp-content\/uploads\/2017\/08\/Colombia.jpg?fit=1200%2C766&quality=100&ssl=1&resize=525%2C300 1.5x, https:\/\/i0.wp.com\/insightcrime.org\/wp-content\/uploads\/2017\/08\/Colombia.jpg?fit=1200%2C766&quality=100&ssl=1&resize=700%2C400 2x, https:\/\/i0.wp.com\/insightcrime.org\/wp-content\/uploads\/2017\/08\/Colombia.jpg?fit=1200%2C766&quality=100&ssl=1&resize=1050%2C600 3x"},"classes":[]},{"id":187227,"url":"https:\/\/insightcrime.org\/es\/noticias\/corrupcion-servicios-seguridad-ecuador-agravan-problema-homicidios\/","url_meta":{"origin":6315,"position":4},"title":"Corrupci\u00f3n en servicios de seguridad de Ecuador agrava problema de homicidios","author":"Gabrielle Gorder","date":"31 de mayo de 2022","format":false,"excerpt":"El desv\u00edo de armas en custodia de la polic\u00eda hacia delincuentes y un oficial naval acusado de hacer parte de un escuadr\u00f3n de sicarios son solo dos nuevos ejemplos de c\u00f3mo la corrupci\u00f3n en las fuerzas de seguridad de Ecuador se suma a los problemas del pa\u00eds para combatir la\u2026","rel":"","context":"En \u00abNoticias\u00bb","block_context":{"text":"Noticias","link":"https:\/\/insightcrime.org\/es\/category\/noticias\/"},"img":{"alt_text":"Armas robadas de la polic\u00eda en Ecuador 2022","src":"https:\/\/i0.wp.com\/insightcrime.org\/wp-content\/uploads\/2022\/05\/Armas-Recuperadas-Hurto-Polici%CC%81a-Ecuador-.webp?fit=1009%2C667&quality=100&ssl=1&resize=350%2C200","width":350,"height":200,"srcset":"https:\/\/i0.wp.com\/insightcrime.org\/wp-content\/uploads\/2022\/05\/Armas-Recuperadas-Hurto-Polici%CC%81a-Ecuador-.webp?fit=1009%2C667&quality=100&ssl=1&resize=350%2C200 1x, https:\/\/i0.wp.com\/insightcrime.org\/wp-content\/uploads\/2022\/05\/Armas-Recuperadas-Hurto-Polici%CC%81a-Ecuador-.webp?fit=1009%2C667&quality=100&ssl=1&resize=525%2C300 1.5x, https:\/\/i0.wp.com\/insightcrime.org\/wp-content\/uploads\/2022\/05\/Armas-Recuperadas-Hurto-Polici%CC%81a-Ecuador-.webp?fit=1009%2C667&quality=100&ssl=1&resize=700%2C400 2x"},"classes":[]},{"id":273393,"url":"https:\/\/insightcrime.org\/es\/noticias\/menores-flujos-cocaina-dan-paso-fragmentacion-extorsion-norte-colombia\/","url_meta":{"origin":6315,"position":5},"title":"Menores flujos de coca\u00edna dan paso a fragmentaci\u00f3n y extorsi\u00f3n en Atl\u00e1ntico, Colombia","author":"Juliana Manjarr\u00e9s","date":"11 de abril de 2024","format":false,"excerpt":"La disminuci\u00f3n de los flujos de coca\u00edna en el norte de Colombia ha provocado un aumento en la extorsi\u00f3n, a medida que los grupos criminales, cada vez m\u00e1s fragmentados, buscan nuevas fuentes de financiaci\u00f3n. Las denuncias de extorsi\u00f3n en el departamento del Atl\u00e1ntico, al norte de Colombia, pasaron de 199\u2026","rel":"","context":"En \u00abNoticias\u00bb","block_context":{"text":"Noticias","link":"https:\/\/insightcrime.org\/es\/category\/noticias\/"},"img":{"alt_text":"Colombian national police lined up in Barranquilla. \nOficiales de la polic\u00eda nacional de Colombia en formaci\u00f3n en Barranquilla. ","src":"https:\/\/i0.wp.com\/insightcrime.org\/wp-content\/uploads\/2024\/04\/Colombia-national-police-barranquilla-fight-extortion-La-Vibrante.jpg?fit=350%2C250&quality=100&ssl=1&resize=350%2C200","width":350,"height":200},"classes":[]}],"jetpack_featured_media_url":"https:\/\/i0.wp.com\/insightcrime.org\/wp-content\/uploads\/2014\/01\/es-34239bf4e2d8ee309b60a2752ebdc9fe.jpg?fit=280%2C169&quality=100&ssl=1","_links":{"self":[{"href":"https:\/\/insightcrime.org\/es\/wp-json\/wp\/v2\/posts\/6315","targetHints":{"allow":["GET"]}}],"collection":[{"href":"https:\/\/insightcrime.org\/es\/wp-json\/wp\/v2\/posts"}],"about":[{"href":"https:\/\/insightcrime.org\/es\/wp-json\/wp\/v2\/types\/post"}],"author":[{"embeddable":true,"href":"https:\/\/insightcrime.org\/es\/wp-json\/wp\/v2\/users\/16"}],"replies":[{"embeddable":true,"href":"https:\/\/insightcrime.org\/es\/wp-json\/wp\/v2\/comments?post=6315"}],"version-history":[{"count":1,"href":"https:\/\/insightcrime.org\/es\/wp-json\/wp\/v2\/posts\/6315\/revisions"}],"predecessor-version":[{"id":21503,"href":"https:\/\/insightcrime.org\/es\/wp-json\/wp\/v2\/posts\/6315\/revisions\/21503"}],"wp:featuredmedia":[{"embeddable":true,"href":"https:\/\/insightcrime.org\/es\/wp-json\/wp\/v2\/media\/39423"}],"wp:attachment":[{"href":"https:\/\/insightcrime.org\/es\/wp-json\/wp\/v2\/media?parent=6315"}],"wp:term":[{"taxonomy":"category","embeddable":true,"href":"https:\/\/insightcrime.org\/es\/wp-json\/wp\/v2\/categories?post=6315"},{"taxonomy":"post_tag","embeddable":true,"href":"https:\/\/insightcrime.org\/es\/wp-json\/wp\/v2\/tags?post=6315"},{"taxonomy":"newspack_spnsrs_tax","embeddable":true,"href":"https:\/\/insightcrime.org\/es\/wp-json\/wp\/v2\/newspack_spnsrs_tax?post=6315"},{"taxonomy":"author","embeddable":true,"href":"https:\/\/insightcrime.org\/es\/wp-json\/wp\/v2\/coauthors?post=6315"}],"curies":[{"name":"wp","href":"https:\/\/api.w.org\/{rel}","templated":true}]}}