{"id":6391,"date":"2014-02-11T17:06:43","date_gmt":"2017-03-27T23:58:48","guid":{"rendered":"http:\/\/newwp.insightcrime.org?p=6391"},"modified":"2023-04-24T15:36:19","modified_gmt":"2023-04-24T20:36:19","slug":"bacrim-y-guerrilla-hacen-del-valle-del-cauca-la-capital-de-la-violencia-de-colombia","status":"publish","type":"post","link":"https:\/\/insightcrime.org\/es\/noticias\/noticias-del-dia\/bacrim-y-guerrilla-hacen-del-valle-del-cauca-la-capital-de-la-violencia-de-colombia\/","title":{"rendered":"Los grupos armados hacen del Valle del Cauca la capital de violencia de Colombia"},"content":{"rendered":"\n<p class=\"wp-block-paragraph\">La Defensor\u00eda del Pueblo de Colombia, ha advertido sobre c\u00f3mo las milicias guerrilleras y los grupos narco-paramilitares han hecho del departamento (provinicia) del Valle del Cauca y de su capital Cali, el epicentro del crimen organizado colombiano, y un modelo del nuevo paradigma de subcontrataci\u00f3n criminal.<\/p>\n\n\n\n<p class=\"wp-block-paragraph\">El<a href=\"https:\/\/www.defensoria.org.co\/red\/index.php?_item=0301&amp;_secc=03&amp;ts=2&amp;n=1880\" target=\"_blank\">&nbsp;recien publicado informe de la defensor\u00eda sobre la evaluaci\u00f3n de riesgos para Cali y el Valle<\/a> se\u00f1ala que los Urabe\u00f1os y los Rastrojos -las dos m\u00e1s grandes organizaciones narco-paramilitares, conocidas como BACRIM (abreviaci\u00f3n de \u201cbandas criminales\u201d) -est\u00e1n presentes en al menos 19 de los 42 municipios del departamento. Adem\u00e1s, las milicias urbanas dirigidas por la guerrilla de las Fuerzas Armadas Revolucionarias de Colombia (FARC) est\u00e1n operando en sectores aleda\u00f1os de Cali, mientras que el Frente 30 de la guerrilla y la columna m\u00f3vil de Arturo Ru\u00edz dirigen redes criminales y militares en toda la regi\u00f3n.<\/p>\n\n\n\n<p class=\"wp-block-paragraph\">El resultado ha sido una ola de criminalidad y violencia, Valle no s\u00f3lo ha sido el departamento m\u00e1s violento de Colombia durante cuatro a\u00f1os consecutivos, sino que tambi\u00e9n ha venido registrando la tasa de secuestros m\u00e1s alta del pa\u00eds y la segunda m\u00e1s alta de extorsiones.<\/p>\n\n\n\n<p class=\"wp-block-paragraph\">Cali ha sido la m\u00e1s afectada, con 250.000 habitantes -m\u00e1s del 10 por ciento de la poblaci\u00f3n de la ciudad- presentando altos niveles de riesgo en el informe. El a\u00f1o pasado, la ciudad registr\u00f3 1.964 asesinatos, lo que supone una tasa de homicidios de 85,6 por cada 100.000 habitantes.<\/p>\n\n\n\n<p class=\"wp-block-paragraph\">El defensor del pueblo tambi\u00e9n destac\u00f3 las ciudades de Buenaventura, Palmira y Tulu\u00e1 como otros puntos de violencia que, junto con Cali, representan el 74 por ciento de los asesinatos de la regi\u00f3n.<\/p>\n\n\n\n<p class=\"wp-block-paragraph\"><span style=\"background-color: transparent\">En todo el departamento, y especialmente en Cali, los Urabe\u00f1os, los Rastrojos y las FARC se basan en la misma forma de \u201csubcontrataci\u00f3n\u201d criminal, seg\u00fan el informe. Cada grupo subcontrata grupos de criminen com\u00fan para combatir, manejar redes de extorsi\u00f3n, lanzar amenazas e incluso llevar a cabo acciones terroristas.<\/span><\/p>\n\n\n\n<h3 class=\"wp-block-heading\">An\u00e1lisis de InSight Crime<\/h3>\n\n\n\n<p class=\"wp-block-paragraph\">El acceso a las rutas de narcotr\u00e1fico de la costa Pac\u00edfica y a las redes de lavado de dinero de Cali, significa para el Valle del Cauca haber sido durante mucho tiempo uno de los bastiones criminales de Colombia, mirando en retrospectiva al Cartel de Cali y a su sucesor, el Cartel del Norte del Valle.<\/p>\n\n\n\n<p class=\"wp-block-paragraph\"><span style=\"background-color: transparent\">La actual violencia que azota a la regi\u00f3n, est\u00e1 impulsada principalmente por la competencia por estas redes de narcotr\u00e1fico, con los Urabe\u00f1os montando<\/span><a style=\"background-color: transparent\" href=\"https:\/\/es.insightcrime.org\/noticias\/analisis\/15-anos-de-sangre-y-venganza-continua-disputa-del-cartel-del-norte-del-valle\/\" target=\"_blank\">&nbsp;una coalici\u00f3n de capos de droga locales<\/a><span style=\"background-color: transparent\"> para apoderarse del territorio de los fragmentados restos de los Rastrojos.<\/span><\/p>\n\n\n\n<p class=\"wp-block-paragraph\"><strong><span style=\"color: #800000\">VEA TAMBI\u00c9N:<\/span><\/strong> <a href=\"https:\/\/es.insightcrime.org\/noticias-crimen-organizado-colombia\/rastrojos\/\" target=\"_blank\">Perfil de los Rastrojos<\/a><\/p>\n\n\n\n<p class=\"wp-block-paragraph\">Como lo resalta el los defensor del pueblo, estos grupos, junto con los guerrilleros de las FARC, utilizan cada vez m\u00e1s el modelo de \u201csubcontrataci\u00f3n\u201d criminal, principalmente a trav\u00e9s de bandas callejeras, redes criminales especializadas y estructuras criminales medianas, conocidas como \u201cOficinas de cobro\u201d. Este modelo no se limita al Valle, tambi\u00e9n se hace cada vez m\u00e1s com\u00fan en grupos criminales y guerrilleros en todo el pa\u00eds.<\/p>\n","protected":false},"excerpt":{"rendered":"<p>La Defensor\u00eda del Pueblo de Colombia, ha advertido sobre c\u00f3mo las milicias guerrilleras y los grupos narco-paramilitares han hecho del departamento (provinicia) del Valle del Cauca y de su capital Cali, el epicentro del crimen organizado colombiano, y un modelo del nuevo paradigma de subcontrataci\u00f3n criminal.<\/p>\n","protected":false},"author":16,"featured_media":39566,"comment_status":"closed","ping_status":"closed","sticky":false,"template":"","format":"standard","meta":{"newspack_ads_suppress_ads":false,"newspack_popups_has_disabled_popups":false,"newspack_sponsor_sponsorship_scope":"","newspack_sponsor_native_byline_display":"inherit","newspack_sponsor_native_category_display":"inherit","newspack_sponsor_underwriter_style":"inherit","newspack_sponsor_underwriter_placement":"inherit","_EventAllDay":false,"_EventTimezone":"","_EventStartDate":"","_EventEndDate":"","_EventStartDateUTC":"","_EventEndDateUTC":"","_EventShowMap":false,"_EventShowMapLink":false,"_EventURL":"","_EventCost":"","_EventCostDescription":"","_EventCurrencySymbol":"","_EventCurrencyCode":"","_EventCurrencyPosition":"","_EventDateTimeSeparator":"","_EventTimeRangeSeparator":"","_EventOrganizerID":[],"_EventVenueID":[],"_OrganizerEmail":"","_OrganizerPhone":"","_OrganizerWebsite":"","_VenueAddress":"","_VenueCity":"","_VenueCountry":"","_VenueProvince":"","_VenueState":"","_VenueZip":"","_VenuePhone":"","_VenueURL":"","_VenueStateProvince":"","_VenueLat":"","_VenueLng":"","_VenueShowMap":false,"_VenueShowMapLink":false,"_newspack_byline_active":false,"_newspack_byline":"","newspack_hide_updated_date":false,"newspack_show_updated_date":false,"newspack_featured_image_position":"","newspack_post_subtitle":"","newspack_article_summary_title":"Overview:","newspack_article_summary":"","_jetpack_memberships_contains_paid_content":false,"footnotes":""},"categories":[334],"tags":[368,1542,2927,2857],"newspack_spnsrs_tax":[],"coauthors":[3821],"class_list":["post-6391","post","type-post","status-publish","format-standard","has-post-thumbnail","hentry","category-noticias-del-dia","tag-colombia-pais","tag-farc-ep","tag-gaitanistas","tag-los-rastrojos-es","entry"],"parsely":{"version":"1.1.0","canonical_url":"https:\/\/insightcrime.org\/es\/noticias\/noticias-del-dia\/bacrim-y-guerrilla-hacen-del-valle-del-cauca-la-capital-de-la-violencia-de-colombia\/","smart_links":{"inbound":0,"outbound":0},"traffic_boost_suggestions_count":0,"meta":{"@context":"https:\/\/schema.org","@type":"NewsArticle","headline":"Los grupos armados hacen del Valle del Cauca la capital de violencia de Colombia","url":"http:\/\/insightcrime.org\/es\/noticias\/noticias-del-dia\/bacrim-y-guerrilla-hacen-del-valle-del-cauca-la-capital-de-la-violencia-de-colombia\/","mainEntityOfPage":{"@type":"WebPage","@id":"http:\/\/insightcrime.org\/es\/noticias\/noticias-del-dia\/bacrim-y-guerrilla-hacen-del-valle-del-cauca-la-capital-de-la-violencia-de-colombia\/"},"thumbnailUrl":"https:\/\/i0.wp.com\/insightcrime.org\/wp-content\/uploads\/2014\/02\/es-df5c103d684de73fb06b5a1cedf6d0f9.jpg?resize=150%2C150&quality=100&ssl=1","image":{"@type":"ImageObject","url":"https:\/\/i0.wp.com\/insightcrime.org\/wp-content\/uploads\/2014\/02\/es-df5c103d684de73fb06b5a1cedf6d0f9.jpg?fit=323%2C195&quality=100&ssl=1"},"articleSection":"Noticias del d\u00eda","author":[{"@type":"Person","name":"James Bargent"}],"creator":["James Bargent"],"publisher":{"@type":"Organization","name":"InSight Crime","logo":"https:\/\/insightcrime.org\/wp-content\/uploads\/2023\/08\/logo.png"},"keywords":["colombia","farc","gaitanistas","rastrojos"],"dateCreated":"2017-03-27T23:58:48Z","datePublished":"2017-03-27T23:58:48Z","dateModified":"2023-04-24T20:36:19Z"},"rendered":"<meta name=\"parsely-title\" content=\"Los grupos armados hacen del Valle del Cauca la capital de violencia de Colombia\" \/>\n<meta name=\"parsely-link\" content=\"http:\/\/insightcrime.org\/es\/noticias\/noticias-del-dia\/bacrim-y-guerrilla-hacen-del-valle-del-cauca-la-capital-de-la-violencia-de-colombia\/\" \/>\n<meta name=\"parsely-type\" content=\"post\" \/>\n<meta name=\"parsely-image-url\" content=\"https:\/\/i0.wp.com\/insightcrime.org\/wp-content\/uploads\/2014\/02\/es-df5c103d684de73fb06b5a1cedf6d0f9.jpg?resize=150%2C150&amp;quality=100&amp;ssl=1\" \/>\n<meta name=\"parsely-pub-date\" content=\"2017-03-27T23:58:48Z\" \/>\n<meta name=\"parsely-section\" content=\"Noticias del d\u00eda\" \/>\n<meta name=\"parsely-tags\" content=\"colombia,farc,gaitanistas,rastrojos\" \/>\n<meta name=\"parsely-author\" content=\"James Bargent\" \/>","tracker_url":"https:\/\/cdn.parsely.com\/keys\/insightcrime.org\/p.js"},"jetpack_sharing_enabled":true,"jetpack-related-posts":[{"id":274744,"url":"https:\/\/insightcrime.org\/es\/noticias\/violencia-valle-del-cauca-evidencia-aumento-masacres-pandilleras-colombia\/","url_meta":{"origin":6391,"position":0},"title":"La violencia en Valle del Cauca evidencia el aumento de las masacres pandilleras en Colombia","author":"Sergio Saffon","date":"30 de abril de 2024","format":false,"excerpt":"Una serie de masacres en el departamento del Valle del Cauca, en el suroeste de Colombia, ilustra c\u00f3mo las bandas criminales urbanas emplean cada vez m\u00e1s una forma de violencia que antes se asociaba a los principales grupos armados del pa\u00eds.","rel":"","context":"En \u00abNoticias\u00bb","block_context":{"text":"Noticias","link":"https:\/\/insightcrime.org\/es\/category\/noticias\/"},"img":{"alt_text":"Authorities move the bodies of the victims of one gang massacre in Valle del Cauca, Colombia.","src":"https:\/\/i0.wp.com\/insightcrime.org\/wp-content\/uploads\/2023\/08\/image-2-1.png?fit=350%2C250&quality=100&ssl=1&resize=350%2C200","width":350,"height":200},"classes":[]},{"id":7018,"url":"https:\/\/insightcrime.org\/es\/noticias-crimen-organizado-colombia\/rastrojos-perfil\/","url_meta":{"origin":6391,"position":1},"title":"Los Rastrojos","author":"InSight Crime","date":"20 de julio de 2022","format":false,"excerpt":"Los Rastrojos son un grupo criminal colombiano con influencia en Norte de Santander, departamento fronterizo entre Colombia y Venezuela.","rel":"","context":"En \u00abColombia\u00bb","block_context":{"text":"Colombia","link":"https:\/\/insightcrime.org\/es\/category\/noticias-crimen-organizado-colombia\/"},"img":{"alt_text":"Rastrojos","src":"https:\/\/i0.wp.com\/insightcrime.org\/wp-content\/uploads\/2026\/06\/Grupo-Criminal-Los-Rastrojos.jpg?fit=1200%2C900&quality=100&ssl=1&resize=350%2C200","width":350,"height":200,"srcset":"https:\/\/i0.wp.com\/insightcrime.org\/wp-content\/uploads\/2026\/06\/Grupo-Criminal-Los-Rastrojos.jpg?fit=1200%2C900&quality=100&ssl=1&resize=350%2C200 1x, https:\/\/i0.wp.com\/insightcrime.org\/wp-content\/uploads\/2026\/06\/Grupo-Criminal-Los-Rastrojos.jpg?fit=1200%2C900&quality=100&ssl=1&resize=525%2C300 1.5x, https:\/\/i0.wp.com\/insightcrime.org\/wp-content\/uploads\/2026\/06\/Grupo-Criminal-Los-Rastrojos.jpg?fit=1200%2C900&quality=100&ssl=1&resize=700%2C400 2x, https:\/\/i0.wp.com\/insightcrime.org\/wp-content\/uploads\/2026\/06\/Grupo-Criminal-Los-Rastrojos.jpg?fit=1200%2C900&quality=100&ssl=1&resize=1050%2C600 3x"},"classes":[]},{"id":279556,"url":"https:\/\/insightcrime.org\/es\/noticias\/atentado-alto-nivel-agrava-crisis-seguridad-suroccidente-colombiano\/","url_meta":{"origin":6391,"position":2},"title":"Atentado de alto nivel agrava crisis de seguridad en el suroccidente colombiano","author":"Sara Garcia","date":"19 de junio de 2024","format":false,"excerpt":"El intento de asesinato de familiares de la vicepresidenta de Colombia evidencia el deterioro de la situaci\u00f3n de seguridad en el suroccidente del pa\u00eds. Igualmente, pone en riesgo el ya tambaleante escenario de paz con las facciones del EMC con presencia en Cauca, Valle del Cauca y Nari\u00f1o, quienes est\u00e1n\u2026","rel":"","context":"En \u00abNoticias\u00bb","block_context":{"text":"Noticias","link":"https:\/\/insightcrime.org\/es\/category\/noticias\/"},"img":{"alt_text":"","src":"https:\/\/i0.wp.com\/insightcrime.org\/wp-content\/uploads\/2024\/06\/Ernesto-Guzman-Ataques-en-Jamundi-EFE-1.jpg?fit=350%2C250&quality=100&ssl=1&resize=350%2C200","width":350,"height":200},"classes":[]},{"id":291687,"url":"https:\/\/insightcrime.org\/es\/noticias\/divisiones-paz-total-aumentan-actividad-armada-huila-colombia\/","url_meta":{"origin":6391,"position":3},"title":"Divisiones sobre la Paz Total aumentan la actividad armada en Huila, Colombia","author":"Liza Schmidt","date":"9 de septiembre de 2024","format":false,"excerpt":"El aumento de la actividad criminal en un corredor de tr\u00e1nsito clave en el sur de Colombia, impulsado por las divisiones entre las antiguas facciones de las FARC en la zona, ilustra c\u00f3mo las negociaciones de paz con el gobierno est\u00e1n agitando las relaciones entre las facciones criminales.","rel":"","context":"En \u00abNoticias\u00bb","block_context":{"text":"Noticias","link":"https:\/\/insightcrime.org\/es\/category\/noticias\/"},"img":{"alt_text":"Three ex-FARC EMC members announce the creation of the Central Bloc. \nTres miembros del grupo EMC de los ex-FARC anuncian la creaci\u00f3n del bloque central.","src":"https:\/\/i0.wp.com\/insightcrime.org\/wp-content\/uploads\/2024\/09\/EMC-bloque-central-Huila-Colombia-El-Espectador.jpg?fit=350%2C250&quality=100&ssl=1&resize=350%2C200","width":350,"height":200},"classes":[]},{"id":182338,"url":"https:\/\/insightcrime.org\/es\/noticias\/cali-nuevo-centro-operaciones-carteles-mexicanos-colombia\/","url_meta":{"origin":6391,"position":4},"title":"\u00bfEs Cali un nuevo centro de operaciones de los carteles mexicanos en Colombia?","author":"Gabrielle Gorder","date":"13 de abril de 2022","format":false,"excerpt":"Hasta d\u00f3nde llega la presencia activa de los carteles mexicanos en Colombia, m\u00e1s all\u00e1 de la intermediaci\u00f3n para negociar la compra de drogas, volvi\u00f3 a ser tema de debate luego de la captura de un presunto alto emisario del Cartel de Sinaloa.","rel":"","context":"En \u00abNoticias\u00bb","block_context":{"text":"Noticias","link":"https:\/\/insightcrime.org\/es\/category\/noticias\/"},"img":{"alt_text":"","src":"https:\/\/i0.wp.com\/insightcrime.org\/wp-content\/uploads\/2022\/04\/2022-04-13-Alias-Pitt-Cali.jpeg?fit=350%2C250&quality=100&ssl=1&resize=350%2C200","width":350,"height":200},"classes":[]},{"id":279675,"url":"https:\/\/insightcrime.org\/es\/noticias\/que-hay-detras-aumento-cifras-violencia-colombia\/","url_meta":{"origin":6391,"position":5},"title":"Qu\u00e9 hay detr\u00e1s del aumento en las cifras de violencia en Colombia","author":"Lara Loaiza","date":"21 de junio de 2024","format":false,"excerpt":"Las cifras de violencia contra civiles en Colombia han aumentado en los primeros cuatro meses de 2024, respecto al mismo periodo de 2023. Detr\u00e1s de esto hay varios factores, desde el accionar criminal de los grupos armados en los territorios, hasta las afectaciones en las mesas de negociaci\u00f3n en el\u2026","rel":"","context":"En \u00abNoticias\u00bb","block_context":{"text":"Noticias","link":"https:\/\/insightcrime.org\/es\/category\/noticias\/"},"img":{"alt_text":"","src":"https:\/\/i0.wp.com\/insightcrime.org\/wp-content\/uploads\/2024\/06\/Colombia-Attack-Guerrillas-from-the-FARC-EMC-enforce-a-roadblock-in-Corinto-Colombia-Apr-2024-AP24103634190273-A2.jpg?fit=1200%2C690&quality=100&ssl=1&resize=350%2C200","width":350,"height":200,"srcset":"https:\/\/i0.wp.com\/insightcrime.org\/wp-content\/uploads\/2024\/06\/Colombia-Attack-Guerrillas-from-the-FARC-EMC-enforce-a-roadblock-in-Corinto-Colombia-Apr-2024-AP24103634190273-A2.jpg?fit=1200%2C690&quality=100&ssl=1&resize=350%2C200 1x, https:\/\/i0.wp.com\/insightcrime.org\/wp-content\/uploads\/2024\/06\/Colombia-Attack-Guerrillas-from-the-FARC-EMC-enforce-a-roadblock-in-Corinto-Colombia-Apr-2024-AP24103634190273-A2.jpg?fit=1200%2C690&quality=100&ssl=1&resize=525%2C300 1.5x, https:\/\/i0.wp.com\/insightcrime.org\/wp-content\/uploads\/2024\/06\/Colombia-Attack-Guerrillas-from-the-FARC-EMC-enforce-a-roadblock-in-Corinto-Colombia-Apr-2024-AP24103634190273-A2.jpg?fit=1200%2C690&quality=100&ssl=1&resize=700%2C400 2x, https:\/\/i0.wp.com\/insightcrime.org\/wp-content\/uploads\/2024\/06\/Colombia-Attack-Guerrillas-from-the-FARC-EMC-enforce-a-roadblock-in-Corinto-Colombia-Apr-2024-AP24103634190273-A2.jpg?fit=1200%2C690&quality=100&ssl=1&resize=1050%2C600 3x"},"classes":[]}],"jetpack_featured_media_url":"https:\/\/i0.wp.com\/insightcrime.org\/wp-content\/uploads\/2014\/02\/es-df5c103d684de73fb06b5a1cedf6d0f9.jpg?fit=323%2C195&quality=100&ssl=1","_links":{"self":[{"href":"https:\/\/insightcrime.org\/es\/wp-json\/wp\/v2\/posts\/6391","targetHints":{"allow":["GET"]}}],"collection":[{"href":"https:\/\/insightcrime.org\/es\/wp-json\/wp\/v2\/posts"}],"about":[{"href":"https:\/\/insightcrime.org\/es\/wp-json\/wp\/v2\/types\/post"}],"author":[{"embeddable":true,"href":"https:\/\/insightcrime.org\/es\/wp-json\/wp\/v2\/users\/16"}],"replies":[{"embeddable":true,"href":"https:\/\/insightcrime.org\/es\/wp-json\/wp\/v2\/comments?post=6391"}],"version-history":[{"count":1,"href":"https:\/\/insightcrime.org\/es\/wp-json\/wp\/v2\/posts\/6391\/revisions"}],"predecessor-version":[{"id":21645,"href":"https:\/\/insightcrime.org\/es\/wp-json\/wp\/v2\/posts\/6391\/revisions\/21645"}],"wp:featuredmedia":[{"embeddable":true,"href":"https:\/\/insightcrime.org\/es\/wp-json\/wp\/v2\/media\/39566"}],"wp:attachment":[{"href":"https:\/\/insightcrime.org\/es\/wp-json\/wp\/v2\/media?parent=6391"}],"wp:term":[{"taxonomy":"category","embeddable":true,"href":"https:\/\/insightcrime.org\/es\/wp-json\/wp\/v2\/categories?post=6391"},{"taxonomy":"post_tag","embeddable":true,"href":"https:\/\/insightcrime.org\/es\/wp-json\/wp\/v2\/tags?post=6391"},{"taxonomy":"newspack_spnsrs_tax","embeddable":true,"href":"https:\/\/insightcrime.org\/es\/wp-json\/wp\/v2\/newspack_spnsrs_tax?post=6391"},{"taxonomy":"author","embeddable":true,"href":"https:\/\/insightcrime.org\/es\/wp-json\/wp\/v2\/coauthors?post=6391"}],"curies":[{"name":"wp","href":"https:\/\/api.w.org\/{rel}","templated":true}]}}