{"id":6484,"date":"2014-03-07T18:57:11","date_gmt":"2017-03-27T23:59:19","guid":{"rendered":"http:\/\/newwp.insightcrime.org?p=6484"},"modified":"2023-04-24T15:36:53","modified_gmt":"2023-04-24T20:36:53","slug":"arresto-de-hermano-de-publicista-tiene-a-argentina-hablando-de-crimen-organizado","status":"publish","type":"post","link":"https:\/\/insightcrime.org\/es\/noticias\/noticias-del-dia\/arresto-de-hermano-de-publicista-tiene-a-argentina-hablando-de-crimen-organizado\/","title":{"rendered":"Arresto de hermano de publicista tiene a Argentina hablando de crimen organizado"},"content":{"rendered":"\n<p class=\"wp-block-paragraph\">El arresto del hermano de una prominente figura p\u00fablica, acusado de tr\u00e1fico de drogas, ha desatado un furor medi\u00e1tico en Argentina, colocando el tema del narcotr\u00e1fico y el crimen organizado en la cima de la agenda p\u00fablica.<\/p>\n\n\n\n<p class=\"wp-block-paragraph\">La polic\u00eda de Argentina ha detenido a siete personas por intentar traficar coca\u00edna a Europa y por producir y distribuir \u00e9xtasis en Buenos Aires, entre ellas al hermano del famoso publicista argentino Gabriel \u201cGaby\u201d \u00c1lvarez , <a href=\"https:\/\/www.laprensa.com.ar\/420166-Detuvieron-al-hermano-de-Gaby-Alvarez-por-trafico-de-cocaina.note.aspx\" target=\"_blank\">inform\u00f3 Diario La Prensa<\/a>.<\/p>\n\n\n\n<p class=\"wp-block-paragraph\">Ariel \u00c1lvarez, hermano de Gaby, fue al parecer responsable de la comercializaci\u00f3n de \u00e9xtasis en fiestas \u201craves\u201d y a clientes ricos de los barrios del norte de Buenos Aires.<\/p>\n\n\n\n<p class=\"wp-block-paragraph\">Adem\u00e1s de producir y vender \u00e9xtasis, el grupo tambi\u00e9n pretend\u00eda contrabandear coca\u00edna a Espa\u00f1a ocult\u00e1ndola en esqu\u00eds, <a href=\"https:\/\/www.clarin.com\/policiales\/Cae-banda-mandaba-Espana-esquies_0_1097290383.html\" target=\"_blank\">inform\u00f3 Clar\u00edn<\/a>.<\/p>\n\n\n\n<p class=\"wp-block-paragraph\">Durante la operaci\u00f3n, las autoridades decomisaron 24 kilos de coca\u00edna y m\u00e1s de 1.000 pastillas de \u00e9xtasis, con material capaz de producir 30.000 m\u00e1s.<\/p>\n\n\n\n<h3 class=\"wp-block-heading\">An\u00e1lisis de InSight Crime<\/h3>\n\n\n\n<p class=\"wp-block-paragraph\">El arresto de un miembro de la familia de una prominente figura p\u00fablica argentina ha tornado los reflectores de los medios de comunicaci\u00f3n sobre un problema que se est\u00e1 intensificando r\u00e1pidamente \u2013la presencia cada vez mayor del narcotr\u00e1fico en Argentina y la evoluci\u00f3n tanto del crimen organizado transnacional, como del crimen organizado dentro del pa\u00eds.<\/p>\n\n\n\n<p class=\"wp-block-paragraph\">El cartel en el que trabaj\u00f3 \u00c1lvarez fue un perfecto ejemplo de este proceso en Argentina, que involucra tanto la fabricaci\u00f3n como la venta de drogas sint\u00e9ticas para el mercado nacional \u2013el cual <a href=\"https:\/\/es.insightcrime.org\/noticias\/noticias-del-dia\/aumento-en-incautaciones-de-extasis-en-argentina-sugieren-una-migracion-de-la-produccion\/\" target=\"_blank\">ha crecido r\u00e1pidamente en los \u00faltimos a\u00f1os<\/a>\u2013 y el uso de Argentina como <a href=\"https:\/\/insightcrime.org\/news\/brief\/cocaine-seizures-up-40-percent-argentina\/\" target=\"_blank\">punto de tr\u00e1nsito para la coca\u00edna<\/a> con destino a Europa.<\/p>\n\n\n\n<p class=\"wp-block-paragraph\">El caso tambi\u00e9n sigue el mismo camino de un <a href=\"https:\/\/www.perfil.com\/sociedad\/--------Creen-que-el-colombiano-asesinado-en-Palermo-trabajo-como-sicario--20140306-0016.html\" target=\"_blank\">asesinato perpetrado, ampliamente difundido por la prensa, de un colombiano con presuntos v\u00ednculos con el narcotr\u00e1fico<\/a>, perpetrado por sicarios&nbsp;a plena luz del d\u00eda en Buenos Aires. El asesinato llam\u00f3 la atenci\u00f3n sobre la presencia de grupos criminales transnacionales \u2013<a href=\"https:\/\/insightcrime.org\/news\/analysis\/argentina-a-haven-for-colombian-narcos\/\" target=\"_blank\">particularmente colombianos<\/a>\u2013 en Argentina y provoc\u00f3 una ola de preocupaci\u00f3n de que el pa\u00eds pueda vivir una narcoviolencia al estilo colombiano.<\/p>\n\n\n\n<p class=\"wp-block-paragraph\"><strong><span style=\"color: #800000\">VEA TAMBI\u00c9N:<\/span><\/strong> <a href=\"https:\/\/es.insightcrime.org\/tag\/argentina-pais\/\" target=\"_blank\">Cobertura sobre Argentina<\/a><\/p>\n\n\n\n<p class=\"wp-block-paragraph\">Estos acontecimientos, y la cobertura de la prensa que han conseguido, han generado una respuesta por parte de las altas esferas pol\u00edticas. Ricardo Lorenzetti, presidente de la Corte Suprema de Justicia,<a href=\"https:\/\/www.lanacion.com.ar\/1669970-alarmante-diagnostico-de-lorenzetti-sobre-el-avance-del-narcotrafico\" target=\"_blank\"> le solicit\u00f3 a la corte buscar soluciones<\/a> al \u201cgrave problema\u201d del narcotr\u00e1fico, diciendo que \u00e9ste est\u00e1 afectando el estado de derecho. Mauricio Macri, jefe del gobierno de Buenos Aires, <a href=\"https:\/\/www.lanacion.com.ar\/1669979-mauricio-macri-sobre-el-narcotrafico-mi-preocupacion-es-mayuscula-y-no-descarto-la-capital\" target=\"_blank\">tambi\u00e9n expres\u00f3 su \u201cenorme preocupaci\u00f3n\u201d<\/a> por la situaci\u00f3n actual del narcotr\u00e1fico en Argentina y dijo que \u201cel futuro de nuestra sociedad est\u00e1 en juego\u201d.<\/p>\n\n\n\n<p class=\"wp-block-paragraph\">Con el tr\u00e1fico de drogas y el crimen organizado ahora moviendo los medios de comunicaci\u00f3n y la agenda pol\u00edtica, los l\u00edderes deben abordar ahora el interrogante de qu\u00e9 medidas puede tomar Argentina&nbsp;para detener la tendencia.<\/p>\n","protected":false},"excerpt":{"rendered":"<p>El arresto del hermano de una prominente figura p\u00fablica, acusado de tr\u00e1fico de drogas, ha desatado un furor medi\u00e1tico en Argentina, colocando el tema del narcotr\u00e1fico y el crimen organizado en la cima de la agenda p\u00fablica.<\/p>\n","protected":false},"author":25,"featured_media":72660,"comment_status":"closed","ping_status":"closed","sticky":false,"template":"","format":"standard","meta":{"newspack_ads_suppress_ads":false,"newspack_popups_has_disabled_popups":false,"newspack_sponsor_sponsorship_scope":"","newspack_sponsor_native_byline_display":"inherit","newspack_sponsor_native_category_display":"inherit","newspack_sponsor_underwriter_style":"inherit","newspack_sponsor_underwriter_placement":"inherit","_EventAllDay":false,"_EventTimezone":"","_EventStartDate":"","_EventEndDate":"","_EventStartDateUTC":"","_EventEndDateUTC":"","_EventShowMap":false,"_EventShowMapLink":false,"_EventURL":"","_EventCost":"","_EventCostDescription":"","_EventCurrencySymbol":"","_EventCurrencyCode":"","_EventCurrencyPosition":"","_EventDateTimeSeparator":"","_EventTimeRangeSeparator":"","_EventOrganizerID":[],"_EventVenueID":[],"_OrganizerEmail":"","_OrganizerPhone":"","_OrganizerWebsite":"","_VenueAddress":"","_VenueCity":"","_VenueCountry":"","_VenueProvince":"","_VenueState":"","_VenueZip":"","_VenuePhone":"","_VenueURL":"","_VenueStateProvince":"","_VenueLat":"","_VenueLng":"","_VenueShowMap":false,"_VenueShowMapLink":false,"_newspack_byline_active":false,"_newspack_byline":"","newspack_hide_updated_date":false,"newspack_show_updated_date":false,"newspack_featured_image_position":"","newspack_post_subtitle":"","newspack_article_summary_title":"Overview:","newspack_article_summary":"","_jetpack_memberships_contains_paid_content":false,"footnotes":""},"categories":[334],"tags":[428,447],"newspack_spnsrs_tax":[],"coauthors":[3872],"class_list":["post-6484","post","type-post","status-publish","format-standard","has-post-thumbnail","hentry","category-noticias-del-dia","tag-argentina-pais","tag-elites-y-crimen-organizado","entry"],"parsely":{"version":"1.1.0","canonical_url":"https:\/\/insightcrime.org\/es\/noticias\/noticias-del-dia\/arresto-de-hermano-de-publicista-tiene-a-argentina-hablando-de-crimen-organizado\/","smart_links":{"inbound":0,"outbound":0},"traffic_boost_suggestions_count":0,"meta":{"@context":"https:\/\/schema.org","@type":"NewsArticle","headline":"Arresto de hermano de publicista tiene a Argentina hablando de crimen organizado","url":"http:\/\/insightcrime.org\/es\/noticias\/noticias-del-dia\/arresto-de-hermano-de-publicista-tiene-a-argentina-hablando-de-crimen-organizado\/","mainEntityOfPage":{"@type":"WebPage","@id":"http:\/\/insightcrime.org\/es\/noticias\/noticias-del-dia\/arresto-de-hermano-de-publicista-tiene-a-argentina-hablando-de-crimen-organizado\/"},"thumbnailUrl":"https:\/\/i0.wp.com\/insightcrime.org\/wp-content\/uploads\/2014\/03\/en-df5c103d684de73fb06b5a1cedf6d0f9-1.jpg?resize=150%2C150&quality=100&ssl=1","image":{"@type":"ImageObject","url":"https:\/\/i0.wp.com\/insightcrime.org\/wp-content\/uploads\/2014\/03\/en-df5c103d684de73fb06b5a1cedf6d0f9-1.jpg?fit=400%2C242&quality=100&ssl=1"},"articleSection":"Noticias del d\u00eda","author":[{"@type":"Person","name":"Michael Lohmuller"}],"creator":["Michael Lohmuller"],"publisher":{"@type":"Organization","name":"InSight Crime","logo":"https:\/\/insightcrime.org\/wp-content\/uploads\/2023\/08\/logo.png"},"keywords":["argentina","\u00e9lites y crimen"],"dateCreated":"2017-03-27T23:59:19Z","datePublished":"2017-03-27T23:59:19Z","dateModified":"2023-04-24T20:36:53Z"},"rendered":"<meta name=\"parsely-title\" content=\"Arresto de hermano de publicista tiene a Argentina hablando de crimen organizado\" \/>\n<meta name=\"parsely-link\" content=\"http:\/\/insightcrime.org\/es\/noticias\/noticias-del-dia\/arresto-de-hermano-de-publicista-tiene-a-argentina-hablando-de-crimen-organizado\/\" \/>\n<meta name=\"parsely-type\" content=\"post\" \/>\n<meta name=\"parsely-image-url\" content=\"https:\/\/i0.wp.com\/insightcrime.org\/wp-content\/uploads\/2014\/03\/en-df5c103d684de73fb06b5a1cedf6d0f9-1.jpg?resize=150%2C150&amp;quality=100&amp;ssl=1\" \/>\n<meta name=\"parsely-pub-date\" content=\"2017-03-27T23:59:19Z\" \/>\n<meta name=\"parsely-section\" content=\"Noticias del d\u00eda\" \/>\n<meta name=\"parsely-tags\" content=\"argentina,\u00e9lites y crimen\" \/>\n<meta name=\"parsely-author\" content=\"Michael Lohmuller\" \/>","tracker_url":"https:\/\/cdn.parsely.com\/keys\/insightcrime.org\/p.js"},"jetpack_sharing_enabled":true,"jetpack-related-posts":[{"id":138519,"url":"https:\/\/insightcrime.org\/es\/noticias\/clanes-corrupcion-delincuencia-transfronteriza-argentina\/","url_meta":{"origin":6484,"position":0},"title":"Clanes, corrupci\u00f3n y delincuencia transfronteriza en Argentina","author":"InSight Crime","date":"18 de marzo de 2021","format":false,"excerpt":"Los clanes criminales en Argentina se fortalecen con el aumento del consumo interno de estupefacientes, mientras que las redes de tr\u00e1fico proliferan en sus regiones fronterizas.","rel":"","context":"En \u00abNoticias\u00bb","block_context":{"text":"Noticias","link":"https:\/\/insightcrime.org\/es\/category\/noticias\/"},"img":{"alt_text":"","src":"https:\/\/i0.wp.com\/insightcrime.org\/wp-content\/uploads\/2021\/03\/NTTBA-Argentina-InSight-Crime-Ene-2021-Engl-1.jpg?fit=1200%2C690&quality=100&ssl=1&resize=350%2C200","width":350,"height":200,"srcset":"https:\/\/i0.wp.com\/insightcrime.org\/wp-content\/uploads\/2021\/03\/NTTBA-Argentina-InSight-Crime-Ene-2021-Engl-1.jpg?fit=1200%2C690&quality=100&ssl=1&resize=350%2C200 1x, https:\/\/i0.wp.com\/insightcrime.org\/wp-content\/uploads\/2021\/03\/NTTBA-Argentina-InSight-Crime-Ene-2021-Engl-1.jpg?fit=1200%2C690&quality=100&ssl=1&resize=525%2C300 1.5x, https:\/\/i0.wp.com\/insightcrime.org\/wp-content\/uploads\/2021\/03\/NTTBA-Argentina-InSight-Crime-Ene-2021-Engl-1.jpg?fit=1200%2C690&quality=100&ssl=1&resize=700%2C400 2x, https:\/\/i0.wp.com\/insightcrime.org\/wp-content\/uploads\/2021\/03\/NTTBA-Argentina-InSight-Crime-Ene-2021-Engl-1.jpg?fit=1200%2C690&quality=100&ssl=1&resize=1050%2C600 3x"},"classes":[]},{"id":137896,"url":"https:\/\/insightcrime.org\/es\/noticias-crimen-organizado-argentina\/salta-argentina\/","url_meta":{"origin":6484,"position":1},"title":"Salta, Argentina","author":"InSight Crime","date":"15 de marzo de 2021","format":false,"excerpt":"Salta es el principal puerto de entrada de la coca\u00edna que ingresa a Argentina. Los narc\u00f3ticos entran por Salvador Mazza y Aguas Blancas, que comparten parte de una frontera terrestre con Bolivia.","rel":"","context":"En \u00abArgentina\u00bb","block_context":{"text":"Argentina","link":"https:\/\/insightcrime.org\/es\/category\/noticias-crimen-organizado-argentina\/"},"img":{"alt_text":"","src":"https:\/\/i0.wp.com\/insightcrime.org\/wp-content\/uploads\/2021\/03\/Salta.jpg?fit=350%2C250&quality=100&ssl=1&resize=350%2C200","width":350,"height":200},"classes":[]},{"id":176103,"url":"https:\/\/insightcrime.org\/es\/noticias\/conspiracion-cocaina-rusia-argentina-resuelta-largas-condenas\/","url_meta":{"origin":6484,"position":2},"title":"Conspiraci\u00f3n de coca\u00edna Rusia-Argentina finalmente resuelta con largas condenas","author":"Gabrielle Gorder","date":"21 de enero de 2022","format":false,"excerpt":"Cinco a\u00f1os despu\u00e9s de que se descubriera un multimillonario cargamento de drogas en varias maletas en la embajada rusa en Argentina, un tribunal ruso conden\u00f3 a cuatro hombres por intento de contrabando de coca\u00edna en avi\u00f3n diplom\u00e1tico. Gracias a una astuta maniobra, el acusado termin\u00f3 sacando del pa\u00eds otro tipo\u2026","rel":"","context":"En \u00abNoticias\u00bb","block_context":{"text":"Noticias","link":"https:\/\/insightcrime.org\/es\/category\/noticias\/"},"img":{"alt_text":"Andrei Kovalchuk, el principal traficante en un caso internacional que involucra a falsos diplom\u00e1ticos rusos","src":"https:\/\/i0.wp.com\/insightcrime.org\/wp-content\/uploads\/2022\/01\/ezgif-2-d6e4e9c395.jpg?fit=350%2C250&quality=100&ssl=1&resize=350%2C200","width":350,"height":200},"classes":[]},{"id":119858,"url":"https:\/\/insightcrime.org\/es\/noticias-crimen-organizado-honduras\/juan-antonio-tony-hernandez-alvarado\/","url_meta":{"origin":6484,"position":3},"title":"Juan Antonio &#8216;Tony&#8217; Hern\u00e1ndez Alvarado","author":"InSight Crime","date":"3 de septiembre de 2020","format":false,"excerpt":"Juan Antonio \u201cTony\u201d Hern\u00e1ndez Alvarado es un exdiputado hondure\u00f1o, hermano del expresidente de Honduras y declarado culpable en Estados Unidos por participar en el tr\u00e1fico internacional de coca\u00edna desde Honduras. Historia La familia Hern\u00e1ndez Alvarado es originaria de la ciudad de Gracias, capital del departamento occidental de Lempira. Ah\u00ed, Tony\u2026","rel":"","context":"En \u00abHonduras\u00bb","block_context":{"text":"Honduras","link":"https:\/\/insightcrime.org\/es\/category\/noticias-crimen-organizado-honduras\/"},"img":{"alt_text":"Perfil criminal - Juan Antonio \u2018Tony\u2019 Hern\u00e1ndez Alvarado - Honduras.","src":"https:\/\/i0.wp.com\/insightcrime.org\/wp-content\/uploads\/2026\/08\/Perfil-Criminal-Tony-Hernandez-Honduras.jpg?fit=1200%2C900&quality=100&ssl=1&resize=350%2C200","width":350,"height":200,"srcset":"https:\/\/i0.wp.com\/insightcrime.org\/wp-content\/uploads\/2026\/08\/Perfil-Criminal-Tony-Hernandez-Honduras.jpg?fit=1200%2C900&quality=100&ssl=1&resize=350%2C200 1x, https:\/\/i0.wp.com\/insightcrime.org\/wp-content\/uploads\/2026\/08\/Perfil-Criminal-Tony-Hernandez-Honduras.jpg?fit=1200%2C900&quality=100&ssl=1&resize=525%2C300 1.5x, https:\/\/i0.wp.com\/insightcrime.org\/wp-content\/uploads\/2026\/08\/Perfil-Criminal-Tony-Hernandez-Honduras.jpg?fit=1200%2C900&quality=100&ssl=1&resize=700%2C400 2x, https:\/\/i0.wp.com\/insightcrime.org\/wp-content\/uploads\/2026\/08\/Perfil-Criminal-Tony-Hernandez-Honduras.jpg?fit=1200%2C900&quality=100&ssl=1&resize=1050%2C600 3x"},"classes":[]},{"id":187627,"url":"https:\/\/insightcrime.org\/es\/noticias\/policia-argentina-fracasa-campana-contra-mafia-china\/","url_meta":{"origin":6484,"position":4},"title":"Polic\u00eda argentina fracasa en campa\u00f1a contra mafia china","author":"Scott Mistler-Ferguson","date":"6 de junio de 2022","format":false,"excerpt":"Una serie de capturas ponen de relieve c\u00f3mo el crimen organizado chino mantiene fuerte influencia en la capital argentina, donde los comerciantes muchas veces se ven obligados a pagar decenas de miles de d\u00f3lares en cuotas extorsivas.","rel":"","context":"En \u00abNoticias\u00bb","block_context":{"text":"Noticias","link":"https:\/\/insightcrime.org\/es\/category\/noticias\/"},"img":{"alt_text":"Ke Deqiang Cabecilla de una mafia china en La Plata, Ke Deqiang","src":"https:\/\/i0.wp.com\/insightcrime.org\/wp-content\/uploads\/2022\/06\/Argentina-Buenos-Aires-Chinese-Mafia-Club-Radio-Ke-Deqiang-ES.jpg?fit=350%2C250&quality=100&ssl=1&resize=350%2C200","width":350,"height":200},"classes":[]},{"id":319803,"url":"https:\/\/insightcrime.org\/es\/news\/otra-cara-cifras-seguridad-rosario-desde-terreno\/","url_meta":{"origin":6484,"position":5},"title":"La otra cara de la cifras de seguridad en Rosario, desde el terreno","author":"Christopher Newton","date":"15 de septiembre de 2025","format":false,"excerpt":"En Rosario, la violencia no da tregua en las periferias. Aunque los homicidios hab\u00edan disminuido en a\u00f1os anteriores, en 2025 repuntaron y la inseguridad sigue marcando la vida cotidiana en los barrios marginados, seg\u00fan constat\u00f3 InSight Crime en una investigaci\u00f3n en el terreno.","rel":"","context":"En \u00abAudio\u00bb","block_context":{"text":"Audio","link":"https:\/\/insightcrime.org\/category\/audio\/"},"img":{"alt_text":"","src":"https:\/\/i0.wp.com\/insightcrime.org\/wp-content\/uploads\/2025\/09\/FeatureImage-Lucha-en-las-periferias-Rosario-Argentina-2.jpg?fit=1200%2C690&quality=100&ssl=1&resize=350%2C200","width":350,"height":200,"srcset":"https:\/\/i0.wp.com\/insightcrime.org\/wp-content\/uploads\/2025\/09\/FeatureImage-Lucha-en-las-periferias-Rosario-Argentina-2.jpg?fit=1200%2C690&quality=100&ssl=1&resize=350%2C200 1x, https:\/\/i0.wp.com\/insightcrime.org\/wp-content\/uploads\/2025\/09\/FeatureImage-Lucha-en-las-periferias-Rosario-Argentina-2.jpg?fit=1200%2C690&quality=100&ssl=1&resize=525%2C300 1.5x, https:\/\/i0.wp.com\/insightcrime.org\/wp-content\/uploads\/2025\/09\/FeatureImage-Lucha-en-las-periferias-Rosario-Argentina-2.jpg?fit=1200%2C690&quality=100&ssl=1&resize=700%2C400 2x, https:\/\/i0.wp.com\/insightcrime.org\/wp-content\/uploads\/2025\/09\/FeatureImage-Lucha-en-las-periferias-Rosario-Argentina-2.jpg?fit=1200%2C690&quality=100&ssl=1&resize=1050%2C600 3x"},"classes":[]}],"jetpack_featured_media_url":"https:\/\/i0.wp.com\/insightcrime.org\/wp-content\/uploads\/2014\/03\/en-df5c103d684de73fb06b5a1cedf6d0f9-1.jpg?fit=400%2C242&quality=100&ssl=1","_links":{"self":[{"href":"https:\/\/insightcrime.org\/es\/wp-json\/wp\/v2\/posts\/6484","targetHints":{"allow":["GET"]}}],"collection":[{"href":"https:\/\/insightcrime.org\/es\/wp-json\/wp\/v2\/posts"}],"about":[{"href":"https:\/\/insightcrime.org\/es\/wp-json\/wp\/v2\/types\/post"}],"author":[{"embeddable":true,"href":"https:\/\/insightcrime.org\/es\/wp-json\/wp\/v2\/users\/25"}],"replies":[{"embeddable":true,"href":"https:\/\/insightcrime.org\/es\/wp-json\/wp\/v2\/comments?post=6484"}],"version-history":[{"count":1,"href":"https:\/\/insightcrime.org\/es\/wp-json\/wp\/v2\/posts\/6484\/revisions"}],"predecessor-version":[{"id":21838,"href":"https:\/\/insightcrime.org\/es\/wp-json\/wp\/v2\/posts\/6484\/revisions\/21838"}],"wp:featuredmedia":[{"embeddable":true,"href":"https:\/\/insightcrime.org\/es\/wp-json\/wp\/v2\/media\/72660"}],"wp:attachment":[{"href":"https:\/\/insightcrime.org\/es\/wp-json\/wp\/v2\/media?parent=6484"}],"wp:term":[{"taxonomy":"category","embeddable":true,"href":"https:\/\/insightcrime.org\/es\/wp-json\/wp\/v2\/categories?post=6484"},{"taxonomy":"post_tag","embeddable":true,"href":"https:\/\/insightcrime.org\/es\/wp-json\/wp\/v2\/tags?post=6484"},{"taxonomy":"newspack_spnsrs_tax","embeddable":true,"href":"https:\/\/insightcrime.org\/es\/wp-json\/wp\/v2\/newspack_spnsrs_tax?post=6484"},{"taxonomy":"author","embeddable":true,"href":"https:\/\/insightcrime.org\/es\/wp-json\/wp\/v2\/coauthors?post=6484"}],"curies":[{"name":"wp","href":"https:\/\/api.w.org\/{rel}","templated":true}]}}