{"id":66895,"date":"2017-08-09T21:10:58","date_gmt":"2017-08-09T21:10:58","guid":{"rendered":"https:\/\/insightcrime.org\/uncategorized\/vida-imita-arte-actor-ciudad-dios-acusado-homicidio-policia-rio\/"},"modified":"2023-04-24T16:23:05","modified_gmt":"2023-04-24T21:23:05","slug":"vida-imita-arte-actor-ciudad-dios-acusado-homicidio-policia-rio","status":"publish","type":"post","link":"https:\/\/insightcrime.org\/es\/noticias\/noticias-del-dia\/vida-imita-arte-actor-ciudad-dios-acusado-homicidio-policia-rio\/","title":{"rendered":"Actor de \u2018Ciudad de Dios\u2019 acusado del homicidio de un polic\u00eda de Rio"},"content":{"rendered":"\n<p class=\"wp-block-paragraph\">Quince a\u00f1os despu\u00e9s del lanzamiento de una de las pel\u00edculas m\u00e1s conocidas de Brasil, un hombre que encarn\u00f3 a un narcotraficante en la cinta ha sido acusado de convertirse en un capo en la vida real, lo que ilustra los cercanos paralelos de la cr\u00f3nica del crimen organizado en Rio de Janeiro, aclamada por la cr\u00edtica, con la realidad que sigue vivi\u00e9ndose hoy d\u00eda en la ciudad.<\/p>\n\n\n\n<p class=\"wp-block-paragraph\">En su adolescencia, Ivan da Silva Martins hizo su debut en la pantalla grande como narcotraficante en \u201cCiudad de Dios\u201d (\u201cCidade de Deus\u201d), la pel\u00edcula de 2002 de los directores brasile\u00f1os Fernando Meirelles y K\u00e1tia Lund, que les vali\u00f3 la fama internacional por su retrato de la vida en los barrios marginados de Rio, conocidos como favelas, muchas veces azotados por la pobreza y la violencia criminal.<\/p>\n\n\n\n<p class=\"wp-block-paragraph\">Ahora, el antiguo actor, conocido por los alias de \u201cIvanzinho\u201d (el diminutivo de Iv\u00e1n) e \u201cIv\u00e1n el Terrible\u201d, vuelve a ponerse bajo los reflectores de la opini\u00f3n p\u00fablica internacional tras ser acusado de participar en la muerte de un agente de polic\u00eda en la favela Vidigal de Rio, ocurrida el mes pasado.<\/p>\n\n\n\n<p class=\"wp-block-paragraph\">El sargento Hudson Silva de Ara\u00fajo, quien muri\u00f3 como resultado de un tiroteo, fue el primer agente de polic\u00eda muerto en Vidigal despu\u00e9s de la implantaci\u00f3n de una Unidad de Polic\u00eda Pacificadora (Unidade de Pol\u00edcia Pacificadora \u2013 UPP), en ese lugar en enero de 2012. Silva de Ara\u00fajo fue el 91o. agente de polic\u00eda que cae muerte en Rio de Janeiro este a\u00f1o.<\/p>\n\n\n\n<p class=\"wp-block-paragraph\">El 31 de julio, una semana despu\u00e9s del tiroteo, Da Silva Martins<a href=\"https:\/\/g1.globo.com\/rio-de-janeiro\/noticia\/suspeito-de-matar-sargento-da-pm-no-vidigal-zona-sul-do-rio-se-entrega-a-policia.ghtml\" target=\"_blank\"> se entreg\u00f3 a la polic\u00eda <\/a>para \u201cdemostrar su inocencia\u201d. Da Silva Martins declar\u00f3 al<a href=\"https:\/\/www.ft.com\/content\/897ad5da-76a0-11e7-90c0-90a9d1bc9691\" target=\"_blank\"> Financial Times <\/a>que tem\u00eda ser ejecutado extrajudicialmente por la polic\u00eda si no se presentaba por s\u00ed mismo.<\/p>\n\n\n\n<p class=\"wp-block-paragraph\"><strong><span style=\"color: #800000\">VEA TAMBI\u00c9N:<\/span><\/strong> <a href=\"\/indepth\/narcocultura\" target=\"_blank\">Indepth: NarcoCultura<\/a><\/p>\n\n\n\n<p class=\"wp-block-paragraph\">El director de \u201cCiudad de Dios\u201d, Fernando Meirelles, declar\u00f3 a <a href=\"https:\/\/oglobo.globo.com\/rio\/fiquei-muito-chateado-diz-diretor-de-cidade-de-deus-sobre-envolvimento-de-ator-com-trafico-21629001\" target=\"_blank\">O Globo<\/a> que estaba \u201cmuy molesto\u201d de enterarse de la presunta participaci\u00f3n de Da Silva Martins en la muerte del agente de polic\u00eda. Meirelles coment\u00f3 que aunque hab\u00eda esperado que los j\u00f3venes que conformaron el elenco de la pel\u00edcula, procedentes de las favelas de Cidade de Deus y Rocinha \u201cencontraran su camino en la vida\u201d, hab\u00eda perdido contacto con Da Silva Martins y los otros j\u00f3venes actores.<\/p>\n\n\n\n<p class=\"wp-block-paragraph\">Poco despu\u00e9s de la filmaci\u00f3n de \u201cCiudad de Dios\u201d, que termin\u00f3 en 2001, Da Silva Martins fue arrestado por robo de autos a mano armada. Ese fue el primero de una serie de arrestos y acusaciones penales, que incluyeron varios robos y una acusaci\u00f3n en 2014 por la creaci\u00f3n de una banda criminal, por los cuales la justicia lo buscaba hasta su entrega la semana pasada.<\/p>\n\n\n\n<p class=\"wp-block-paragraph\">En 2013, Da Silva Martins apareci\u00f3 en el documental \u201cCiudad de Dios: 10 a\u00f1os despu\u00e9s\u201d, donde se hac\u00eda un seguimiento a las vidas de los j\u00f3venes que hab\u00edan actuado en la cinta.<\/p>\n\n\n\n<p class=\"wp-block-paragraph\">En esa \u00e9poca, Da Silva Martins dijo, \u201cme preguntan por qu\u00e9 llevo una vida [en el crimen]. Lo hago porque tengo problemas, porque necesito dinero, porque la pel\u00edcula no me dio dinero suficiente. Todo eso [el trabajo en la pel\u00edcula] no signific\u00f3 nada, porque no hay raz\u00f3n en hacer una pel\u00edcula que fue famosa en todo el mundo y seguir siendo pobre\u201d.<\/p>\n\n\n\n<h3 class=\"wp-block-heading\">An\u00e1lisis de InSight Crime<\/h3>\n\n\n\n<p class=\"wp-block-paragraph\">En su lanzamiento, \u201cCiudad de Dios\u201d recibi\u00f3 numerosos elogios de la cr\u00edtica por la sombr\u00eda caracterizaci\u00f3n de la expansi\u00f3n del crimen organizado y la inseguridad en un tugurio de Rio de Janeiro entre las d\u00e9cadas de 1960 y 1980. Casi dos d\u00e9cadas despu\u00e9s del estreno de la cinta y cinco d\u00e9cadas despu\u00e9s de la \u00e9poca que se ambient\u00f3, la inseguridad en Rio persiste, motivada en gran parte por los factores que cit\u00f3 Da Silva Martins: pobreza y falta de oportunidades reales para los j\u00f3venes de las favelas.<\/p>\n\n\n\n<p class=\"wp-block-paragraph\"><strong><span style=\"color: #800000\">VEA TAMBI\u00c9N:<\/span><\/strong> <a href=\"\/noticias-sobre-crimen-organizado-en-brasil\" target=\"_blank\">Noticias y perfiles de Brasil<\/a><\/p>\n\n\n\n<p class=\"wp-block-paragraph\">El fiel reflejo de la vida real en la cinta puede no ser sorpresa, dado que se <a href=\"https:\/\/www.rogerebert.com\/reviews\/city-of-god-2003\" target=\"_blank\">basa en una novela<\/a> escrita por un autor que creci\u00f3 en la Cidade de Deus real. Pero esta verosimilitud es lo que dio su categor\u00eda de cl\u00e1sica a la cinta; es un v\u00edvido retrato de c\u00f3mo problemas como la pobreza y la marginaci\u00f3n contribuyen a la inseguridad, y c\u00f3mo esos problemas han sido ignorados en su mayor\u00eda durante a\u00f1os.<\/p>\n\n\n\n<p class=\"wp-block-paragraph\">En lugar de eso, durante d\u00e9cadas las autoridades de Rio han implementado pol\u00edticas de seguridad de mano dura, que incluyen el <a href=\"\/noticias\/noticias-del-dia\/despliegue-militares-rio-janeiro-brasil-muestra-fracasos-militarizacion-pasado\" target=\"_blank\">despliegue masivo de ej\u00e9rcito<\/a> y <a href=\"\/noticias\/analisis\/ciudades-latinoamericanas-pueden-aprender-errores-modelo-policial-upp-brasil\" target=\"_blank\">programas de vigilancia defectuosos<\/a>, que no solo han resultado ineficaces para reducir el crimen, sino que adem\u00e1s han empeorado las violaciones a los derechos humanos y sumido a muchos residentes de las favelas en mayor temor y desconfianza de los representantes de la fuerza p\u00fablica que de los grupos del crimen organizado.<\/p>\n","protected":false},"excerpt":{"rendered":"<p>Quince a\u00f1os despu\u00e9s del lanzamiento de una de las pel\u00edculas m\u00e1s conocidas de Brasil, un hombre que encarn\u00f3 a un narcotraficante en la cinta ha sido acusado de convertirse en un capo en la vida real, lo que ilustra los cercanos paralelos de la cr\u00f3nica del crimen organizado en Rio de Janeiro, aclamada por la cr\u00edtica, con la realidad que sigue vivi\u00e9ndose hoy d\u00eda en la ciudad.<\/p>\n","protected":false},"author":148,"featured_media":66896,"comment_status":"closed","ping_status":"closed","sticky":false,"template":"","format":"standard","meta":{"newspack_ads_suppress_ads":false,"newspack_popups_has_disabled_popups":false,"newspack_sponsor_sponsorship_scope":"","newspack_sponsor_native_byline_display":"inherit","newspack_sponsor_native_category_display":"inherit","newspack_sponsor_underwriter_style":"inherit","newspack_sponsor_underwriter_placement":"inherit","_EventAllDay":false,"_EventTimezone":"","_EventStartDate":"","_EventEndDate":"","_EventStartDateUTC":"","_EventEndDateUTC":"","_EventShowMap":false,"_EventShowMapLink":false,"_EventURL":"","_EventCost":"","_EventCostDescription":"","_EventCurrencySymbol":"","_EventCurrencyCode":"","_EventCurrencyPosition":"","_EventDateTimeSeparator":"","_EventTimeRangeSeparator":"","_EventOrganizerID":[],"_EventVenueID":[],"_OrganizerEmail":"","_OrganizerPhone":"","_OrganizerWebsite":"","_VenueAddress":"","_VenueCity":"","_VenueCountry":"","_VenueProvince":"","_VenueState":"","_VenueZip":"","_VenuePhone":"","_VenueURL":"","_VenueStateProvince":"","_VenueLat":"","_VenueLng":"","_VenueShowMap":false,"_VenueShowMapLink":false,"_newspack_byline_active":false,"_newspack_byline":"","newspack_hide_updated_date":false,"newspack_show_updated_date":false,"newspack_featured_image_position":"","newspack_post_subtitle":"","newspack_article_summary_title":"Overview:","newspack_article_summary":"","_jetpack_memberships_contains_paid_content":false,"footnotes":""},"categories":[334],"tags":[405,500],"newspack_spnsrs_tax":[],"coauthors":[4080],"class_list":["post-66895","post","type-post","status-publish","format-standard","has-post-thumbnail","hentry","category-noticias-del-dia","tag-brasil","tag-narcocultura","entry"],"parsely":{"version":"1.1.0","canonical_url":"https:\/\/insightcrime.org\/es\/noticias\/noticias-del-dia\/vida-imita-arte-actor-ciudad-dios-acusado-homicidio-policia-rio\/","smart_links":{"inbound":0,"outbound":0},"traffic_boost_suggestions_count":0,"meta":{"@context":"https:\/\/schema.org","@type":"NewsArticle","headline":"Actor de \u2018Ciudad de Dios\u2019 acusado del homicidio de un polic\u00eda de Rio","url":"http:\/\/insightcrime.org\/es\/noticias\/noticias-del-dia\/vida-imita-arte-actor-ciudad-dios-acusado-homicidio-policia-rio\/","mainEntityOfPage":{"@type":"WebPage","@id":"http:\/\/insightcrime.org\/es\/noticias\/noticias-del-dia\/vida-imita-arte-actor-ciudad-dios-acusado-homicidio-policia-rio\/"},"thumbnailUrl":"https:\/\/i0.wp.com\/insightcrime.org\/wp-content\/uploads\/2017\/08\/en-04-08-2017-Ivan-da-Silva-Martins-City-of-God.jpg?resize=150%2C150&quality=100&ssl=1","image":{"@type":"ImageObject","url":"https:\/\/i0.wp.com\/insightcrime.org\/wp-content\/uploads\/2017\/08\/en-04-08-2017-Ivan-da-Silva-Martins-City-of-God.jpg?fit=350%2C250&quality=100&ssl=1"},"articleSection":"Noticias del d\u00eda","author":[{"@type":"Person","name":"Angelika Albaladejo"}],"creator":["Angelika Albaladejo"],"publisher":{"@type":"Organization","name":"InSight Crime","logo":"https:\/\/insightcrime.org\/wp-content\/uploads\/2023\/08\/logo.png"},"keywords":["brasil","narcocultura"],"dateCreated":"2017-08-09T21:10:58Z","datePublished":"2017-08-09T21:10:58Z","dateModified":"2023-04-24T21:23:05Z"},"rendered":"<meta name=\"parsely-title\" content=\"Actor de \u2018Ciudad de Dios\u2019 acusado del homicidio de un polic\u00eda de Rio\" \/>\n<meta name=\"parsely-link\" content=\"http:\/\/insightcrime.org\/es\/noticias\/noticias-del-dia\/vida-imita-arte-actor-ciudad-dios-acusado-homicidio-policia-rio\/\" \/>\n<meta name=\"parsely-type\" content=\"post\" \/>\n<meta name=\"parsely-image-url\" content=\"https:\/\/i0.wp.com\/insightcrime.org\/wp-content\/uploads\/2017\/08\/en-04-08-2017-Ivan-da-Silva-Martins-City-of-God.jpg?resize=150%2C150&amp;quality=100&amp;ssl=1\" \/>\n<meta name=\"parsely-pub-date\" content=\"2017-08-09T21:10:58Z\" \/>\n<meta name=\"parsely-section\" content=\"Noticias del d\u00eda\" \/>\n<meta name=\"parsely-tags\" content=\"brasil,narcocultura\" \/>\n<meta name=\"parsely-author\" content=\"Angelika Albaladejo\" \/>","tracker_url":"https:\/\/cdn.parsely.com\/keys\/insightcrime.org\/p.js"},"jetpack_sharing_enabled":true,"jetpack-related-posts":[{"id":6415,"url":"https:\/\/insightcrime.org\/es\/noticias-crimen-organizado-brasil\/tercer-comando-puro\/","url_meta":{"origin":66895,"position":0},"title":"Tercer Comando Puro","author":"InSight Crime","date":"18 de junio de 2026","format":false,"excerpt":"El Tercer Comando Puro (Terceiro Comando Puro \u2013 TCP) es una poderosa banda criminal de Brasil dedicada al tr\u00e1fico de drogas, armas y lavado de dinero.","rel":"","context":"En \u00abBrasil\u00bb","block_context":{"text":"Brasil","link":"https:\/\/insightcrime.org\/es\/category\/noticias-crimen-organizado-brasil\/"},"img":{"alt_text":"Pure Third Command","src":"https:\/\/i0.wp.com\/insightcrime.org\/wp-content\/uploads\/2026\/06\/Grupo-Criminal-Tercer-Comando-Puro-TCP.jpg?fit=1200%2C900&quality=100&ssl=1&resize=350%2C200","width":350,"height":200,"srcset":"https:\/\/i0.wp.com\/insightcrime.org\/wp-content\/uploads\/2026\/06\/Grupo-Criminal-Tercer-Comando-Puro-TCP.jpg?fit=1200%2C900&quality=100&ssl=1&resize=350%2C200 1x, https:\/\/i0.wp.com\/insightcrime.org\/wp-content\/uploads\/2026\/06\/Grupo-Criminal-Tercer-Comando-Puro-TCP.jpg?fit=1200%2C900&quality=100&ssl=1&resize=525%2C300 1.5x, https:\/\/i0.wp.com\/insightcrime.org\/wp-content\/uploads\/2026\/06\/Grupo-Criminal-Tercer-Comando-Puro-TCP.jpg?fit=1200%2C900&quality=100&ssl=1&resize=700%2C400 2x, https:\/\/i0.wp.com\/insightcrime.org\/wp-content\/uploads\/2026\/06\/Grupo-Criminal-Tercer-Comando-Puro-TCP.jpg?fit=1200%2C900&quality=100&ssl=1&resize=1050%2C600 3x"},"classes":[]},{"id":272080,"url":"https:\/\/insightcrime.org\/es\/noticias\/brasil-detenciones-apuntan-corrupcion-detras-asesinato-marielle-franco\/","url_meta":{"origin":66895,"position":1},"title":"Brasil: detenciones apuntan a la corrupci\u00f3n detr\u00e1s del asesinato de Marielle Franco","author":"Christopher Newton","date":"26 de marzo de 2024","format":false,"excerpt":"La detenci\u00f3n de funcionarios y exfuncionarios de la ciudad de R\u00edo de Janeiro por su implicaci\u00f3n en el asesinato de una concejala en 2018 se suma a las pruebas de que el homicidio buscaba proteger intereses criminales y corruptos.\u00a0","rel":"","context":"En \u00abNoticias\u00bb","block_context":{"text":"Noticias","link":"https:\/\/insightcrime.org\/es\/category\/noticias\/"},"img":{"alt_text":"Protestors march demanding justice for Marielle ","src":"https:\/\/i0.wp.com\/insightcrime.org\/wp-content\/uploads\/2024\/03\/marielle_protest.png?fit=350%2C250&quality=100&ssl=1&resize=350%2C200","width":350,"height":200},"classes":[]},{"id":83323,"url":"https:\/\/insightcrime.org\/es\/noticias-crimen-organizado-brasil\/comando-rojo\/","url_meta":{"origin":66895,"position":2},"title":"Comando Vermelho","author":"InSight Crime","date":"13 de agosto de 2026","format":false,"excerpt":"El Comando Rojo (Comando Vermelho, CV) es el grupo criminal m\u00e1s antiguo de Brasil, conformado en una prisi\u00f3n de R\u00edo de Janeiro en los a\u00f1os setenta como un grupo de autoprotecci\u00f3n de los prisioneros. Comenz\u00f3 con delitos menores, como asaltos y robos a bancos, pero en los a\u00f1os ochenta el\u2026","rel":"","context":"En \u00abBrasil\u00bb","block_context":{"text":"Brasil","link":"https:\/\/insightcrime.org\/es\/category\/noticias-crimen-organizado-brasil\/"},"img":{"alt_text":"Comando Vermelho (Comando Rojo).","src":"https:\/\/i0.wp.com\/insightcrime.org\/wp-content\/uploads\/2026\/05\/Grupo-Criminal-Comando-Vermelho.jpg?fit=1200%2C900&quality=100&ssl=1&resize=350%2C200","width":350,"height":200,"srcset":"https:\/\/i0.wp.com\/insightcrime.org\/wp-content\/uploads\/2026\/05\/Grupo-Criminal-Comando-Vermelho.jpg?fit=1200%2C900&quality=100&ssl=1&resize=350%2C200 1x, https:\/\/i0.wp.com\/insightcrime.org\/wp-content\/uploads\/2026\/05\/Grupo-Criminal-Comando-Vermelho.jpg?fit=1200%2C900&quality=100&ssl=1&resize=525%2C300 1.5x, https:\/\/i0.wp.com\/insightcrime.org\/wp-content\/uploads\/2026\/05\/Grupo-Criminal-Comando-Vermelho.jpg?fit=1200%2C900&quality=100&ssl=1&resize=700%2C400 2x, https:\/\/i0.wp.com\/insightcrime.org\/wp-content\/uploads\/2026\/05\/Grupo-Criminal-Comando-Vermelho.jpg?fit=1200%2C900&quality=100&ssl=1&resize=1050%2C600 3x"},"classes":[]},{"id":279260,"url":"https:\/\/insightcrime.org\/es\/noticias\/inundaciones-brasil-trajeron-mas-policia-mas-incautaciones-droga\/","url_meta":{"origin":66895,"position":3},"title":"Inundaciones en Brasil trajeron m\u00e1s polic\u00eda y m\u00e1s incautaciones de droga","author":"Juliana Manjarr\u00e9s","date":"14 de junio de 2024","format":false,"excerpt":"Las grandes inundaciones registradas en el estado de Rio Grande do Sul, en el sur de Brasil, dieron lugar a incautaciones r\u00e9cord de marihuana, ya que los grupos criminales que trataban de aprovechar el caos y aumentar sus actividades de tr\u00e1fico perdieron un producto valioso por el aumento de las\u2026","rel":"","context":"En \u00abNoticias\u00bb","block_context":{"text":"Noticias","link":"https:\/\/insightcrime.org\/es\/category\/noticias\/"},"img":{"alt_text":"","src":"https:\/\/i0.wp.com\/insightcrime.org\/wp-content\/uploads\/2024\/06\/image-4.png?fit=1200%2C690&quality=100&ssl=1&resize=350%2C200","width":350,"height":200,"srcset":"https:\/\/i0.wp.com\/insightcrime.org\/wp-content\/uploads\/2024\/06\/image-4.png?fit=1200%2C690&quality=100&ssl=1&resize=350%2C200 1x, https:\/\/i0.wp.com\/insightcrime.org\/wp-content\/uploads\/2024\/06\/image-4.png?fit=1200%2C690&quality=100&ssl=1&resize=525%2C300 1.5x, https:\/\/i0.wp.com\/insightcrime.org\/wp-content\/uploads\/2024\/06\/image-4.png?fit=1200%2C690&quality=100&ssl=1&resize=700%2C400 2x, https:\/\/i0.wp.com\/insightcrime.org\/wp-content\/uploads\/2024\/06\/image-4.png?fit=1200%2C690&quality=100&ssl=1&resize=1050%2C600 3x"},"classes":[]},{"id":246300,"url":"https:\/\/insightcrime.org\/es\/noticias\/policia-podria-obstaculo-eliminar-milicias-rio-brasil\/","url_meta":{"origin":66895,"position":4},"title":"Polic\u00eda podr\u00eda ser obst\u00e1culo para eliminar las milicias de R\u00edo, Brasil","author":"Chris Dalby","date":"9 de noviembre de 2023","format":false,"excerpt":"El gobierno de Brasil inici\u00f3 una ofensiva contra las milicias, pero la polic\u00eda estatal de R\u00edo de Janeiro podr\u00eda ser un obst\u00e1culo para este proceso.","rel":"","context":"En \u00abNoticias\u00bb","block_context":{"text":"Noticias","link":"https:\/\/insightcrime.org\/es\/category\/noticias\/"},"img":{"alt_text":"Autob\u00fas de R\u00edo de Janeiro que fue incendiado por milicias de Brasil","src":"https:\/\/i0.wp.com\/insightcrime.org\/wp-content\/uploads\/2023\/11\/image_doc-33yv6nw.jpg?fit=350%2C250&quality=100&ssl=1&resize=350%2C200","width":350,"height":200},"classes":[]},{"id":291785,"url":"https:\/\/insightcrime.org\/es\/noticias\/batalla-rio-de-janeiro-comando-rojo-contra-milicias\/","url_meta":{"origin":66895,"position":5},"title":"Batalla por R\u00edo de Janeiro: El Comando Rojo contra las milicias","author":"Lara Loaiza","date":"11 de septiembre de 2024","format":false,"excerpt":"En R\u00edo de Janeiro, Brasil, el balance de poder criminal podr\u00eda estar cambiando. Desde 2022, el Comando Rojo, un notorio grupo criminal con ra\u00edces en las c\u00e1rceles, ha aumentado sus esfuerzos por ganarle territorio a las milicias que han controlado muchos de los barrios m\u00e1s pobres de la ciudad durante\u2026","rel":"","context":"En \u00abNoticias\u00bb","block_context":{"text":"Noticias","link":"https:\/\/insightcrime.org\/es\/category\/noticias\/"},"img":{"alt_text":"Rio security force official stands next to a Red Command graffiti.","src":"https:\/\/i0.wp.com\/insightcrime.org\/wp-content\/uploads\/2024\/09\/rio-cv-resized.jpg?fit=350%2C250&quality=100&ssl=1&resize=350%2C200","width":350,"height":200},"classes":[]}],"jetpack_featured_media_url":"https:\/\/i0.wp.com\/insightcrime.org\/wp-content\/uploads\/2017\/08\/en-04-08-2017-Ivan-da-Silva-Martins-City-of-God.jpg?fit=350%2C250&quality=100&ssl=1","_links":{"self":[{"href":"https:\/\/insightcrime.org\/es\/wp-json\/wp\/v2\/posts\/66895","targetHints":{"allow":["GET"]}}],"collection":[{"href":"https:\/\/insightcrime.org\/es\/wp-json\/wp\/v2\/posts"}],"about":[{"href":"https:\/\/insightcrime.org\/es\/wp-json\/wp\/v2\/types\/post"}],"author":[{"embeddable":true,"href":"https:\/\/insightcrime.org\/es\/wp-json\/wp\/v2\/users\/148"}],"replies":[{"embeddable":true,"href":"https:\/\/insightcrime.org\/es\/wp-json\/wp\/v2\/comments?post=66895"}],"version-history":[{"count":1,"href":"https:\/\/insightcrime.org\/es\/wp-json\/wp\/v2\/posts\/66895\/revisions"}],"predecessor-version":[{"id":70428,"href":"https:\/\/insightcrime.org\/es\/wp-json\/wp\/v2\/posts\/66895\/revisions\/70428"}],"wp:featuredmedia":[{"embeddable":true,"href":"https:\/\/insightcrime.org\/es\/wp-json\/wp\/v2\/media\/66896"}],"wp:attachment":[{"href":"https:\/\/insightcrime.org\/es\/wp-json\/wp\/v2\/media?parent=66895"}],"wp:term":[{"taxonomy":"category","embeddable":true,"href":"https:\/\/insightcrime.org\/es\/wp-json\/wp\/v2\/categories?post=66895"},{"taxonomy":"post_tag","embeddable":true,"href":"https:\/\/insightcrime.org\/es\/wp-json\/wp\/v2\/tags?post=66895"},{"taxonomy":"newspack_spnsrs_tax","embeddable":true,"href":"https:\/\/insightcrime.org\/es\/wp-json\/wp\/v2\/newspack_spnsrs_tax?post=66895"},{"taxonomy":"author","embeddable":true,"href":"https:\/\/insightcrime.org\/es\/wp-json\/wp\/v2\/coauthors?post=66895"}],"curies":[{"name":"wp","href":"https:\/\/api.w.org\/{rel}","templated":true}]}}