{"id":66970,"date":"2017-08-27T20:32:19","date_gmt":"2017-08-28T01:32:19","guid":{"rendered":"https:\/\/insightcrime.org\/uncategorized\/presidente-guatemala-pone-trump-jaque-tras-arriesgada-movida-contra-cicig\/"},"modified":"2023-04-24T16:23:28","modified_gmt":"2023-04-24T21:23:28","slug":"presidente-guatemala-pone-trump-jaque-tras-arriesgada-movida-contra-cicig","status":"publish","type":"post","link":"https:\/\/insightcrime.org\/es\/noticias\/presidente-guatemala-pone-trump-jaque-tras-arriesgada-movida-contra-cicig\/","title":{"rendered":"Presidente de Guatemala pone a Trump en jaque tras arriesgada movida contra la CICIG"},"content":{"rendered":"\n<p class=\"wp-block-paragraph\">Tras haber declarado persona non grata al director de una comisi\u00f3n de las Naciones Unidas en su pa\u00eds, en medio de las investigaciones sobre donaciones de narcotraficantes a su campa\u00f1a, el presidente de Guatemala, Jimmy Morales, puede estar entrando en decadencia moral. \u00bfTiene la administraci\u00f3n Trump la autoridad moral, o la intenci\u00f3n, de oponerse a una medida desesperada para obstaculizar la justicia?<\/p>\n\n\n\n<p class=\"wp-block-paragraph\">A trav\u00e9s de un corto video (que se puede ver abajo) en la ma\u00f1ana del 27 de agosto, Morales<a href=\"https:\/\/www.prensalibre.com\/guatemala\/politica\/jimmy-morales-declara-non-grato-a-ivan-velasquez\" target=\"_blank\" rel=\"noopener\"> anunci\u00f3 <\/a>su decisi\u00f3n de destituir al comisionado Iv\u00e1n Vel\u00e1squez de la Comisi\u00f3n Internacional Contra la Impunidad en Guatemala (CICIG). Dijo que la decisi\u00f3n se tom\u00f3 para \u201cdefender el Estado de derecho\u201d. A\u00f1adi\u00f3 que el comisionado, quien es de nacionalidad colombiana, deber\u00eda abandonar el pa\u00eds inmediatamente.<\/p>\n\n\n\n<p class=\"wp-block-paragraph\"><iframe loading=\"lazy\" style=\"display: block; margin-left: auto; margin-right: auto;\" src=\"https:\/\/www.youtube.com\/embed\/lYfF_9yhe98\" width=\"560\" height=\"315\" frameborder=\"0\" allowfullscreen=\"allowfullscreen\"><\/iframe><\/p>\n\n\n\n<p class=\"has-text-align-center wp-block-paragraph\"><em>(Cortes\u00eda de Guatevisi\u00f3n)<\/em><\/p>\n\n\n\n<p class=\"wp-block-paragraph\">Decenas de guatemaltecos se <a href=\"https:\/\/www.prensalibre.com\/guatemala\/politica\/minuto-a-minuto-jimmy-morales-pide-expulsion-de-ivan-velaquez-y-todo-lo-que-ocurre-al-respecto\" target=\"_blank\" rel=\"noopener\">congregaron<\/a> frente al palacio presidencial para protestar por la decisi\u00f3n, y el presidente les ha ordenado a los polic\u00edas que suspendan sus licencias y vuelvan a sus trabajos.<\/p>\n\n\n\n<p class=\"wp-block-paragraph\">La medida extraordinaria del asediado presidente guatemalteco se produce s\u00f3lo dos d\u00edas despu\u00e9s de que Vel\u00e1squez y la fiscal general de Guatemala Thelma Aldana presentaran el<a href=\"https:\/\/www.cicig.org\/index.php?mact=News,cntnt01,detail,0&amp;cntnt01articleid=829&amp;cntnt01returnid=67\" target=\"_blank\" rel=\"noopener\"> esquema general <\/a>de una investigaci\u00f3n sobre contribuciones ilegales a la campa\u00f1a presidencial de Morales y pidieran que el Congreso removiera la inmunidad del presidente, de modo que pudieran continuar con sus intentos de enjuiciar a Morales y a otros pol\u00edticos. El d\u00eda anterior, ambos hab\u00edan anunciado que tambi\u00e9n estaban investigando a los pol\u00edticos de otros partidos importantes durante ese mismo per\u00edodo electoral.<\/p>\n\n\n\n<p class=\"wp-block-paragraph\">Y mientras eso suced\u00eda, Morales se reuni\u00f3 el 25 de agosto en Nueva York con el secretario general de las Naciones Unidas, Ant\u00f3nio Guterres, quien despu\u00e9s de esa reuni\u00f3n reiter\u00f3 su decidido apoyo a Vel\u00e1squez. La ONU es el respaldo oficial de Vel\u00e1squez y de la CICIG, organismo que, entre otras cosas, enjuicia casos de corrupci\u00f3n y crimen organizado, en conjunto con el Ministerio P\u00fablico de Guatemala.<\/p>\n\n\n\n<p class=\"wp-block-paragraph\">La CICIG es considerada un modelo en la lucha contra el crimen organizado y la corrupci\u00f3n, especialmente la que se presenta en el <a href=\"https:\/\/es.insightcrime.org\/investigaciones\/estado-mafioso-guatemala-caso-mauricio-lopez-bonilla\/\" target=\"_blank\" rel=\"noopener\">interior de un Estado<\/a> como el de Guatemala. Por ejemplo, la comisi\u00f3n promovi\u00f3 la investigaci\u00f3n que en el a\u00f1o 2015 llev\u00f3 a la <a href=\"https:\/\/es.insightcrime.org\/noticias\/analisis\/presidente-guatemala-prisionero-menos-un-dia\/\" target=\"_blank\" rel=\"noopener\">renuncia <\/a>del entonces presidente Otto P\u00e9rez Molina y la vicepresidenta Roxana Baldetti, quienes est\u00e1n actualmente en la c\u00e1rcel mientras su caso sigue su curso en el sistema judicial.<\/p>\n\n\n\n<p class=\"wp-block-paragraph\">El gobierno de Estados Unidos ha sido el principal soporte pol\u00edtico y financiero de la CICIG, contribuyendo casi la mitad de su presupuesto anual de US$12 millones desde que comenz\u00f3 en 2007. Y a pesar de los temores de que la administraci\u00f3n Trump aplacar\u00eda las fuerzas m\u00e1s oscuras del pa\u00eds, los funcionarios de Trump han se\u00f1alado claramente su <a href=\"https:\/\/elperiodico.com.gt\/nacion\/2017\/01\/23\/el-secretario-de-estado-designado-por-trump-muestra-apoyo-a-la-cicig\/\" target=\"_blank\" rel=\"noopener\">apoyo <\/a>a la comisi\u00f3n.<\/p>\n\n\n\n<p class=\"wp-block-paragraph\">La decisi\u00f3n de Morales cambia las reglas del juego, obligando a Estados Unidos a tomar una posici\u00f3n m\u00e1s fuerte o a retirarse ante un claro intento de obstruir la justicia. El presidente de Guatemala parece estar acorralado y est\u00e1 jugando su \u00faltima carta para salvar a su gobierno.<\/p>\n\n\n\n<p class=\"wp-block-paragraph\">Y ello se debe a que el caso contra Morales, que parece estar \u00edntimamente conectado con el crimen organizado, podr\u00eda ser nefasto para \u00e9l. El <a href=\"https:\/\/es.insightcrime.org\/noticias\/analisis\/esta-gestando-crisis-presidencial-guatemala\/\" target=\"_blank\" rel=\"noopener\">caso presuntamente involucra<\/a>&nbsp;a un exfuncionario de las fuerzas especiales del ej\u00e9rcito que ahora es narcotraficante, quien podr\u00eda haber financiado la campa\u00f1a de Morales, pues supon\u00eda que ello le dar\u00eda cierto nivel de protecci\u00f3n. Pero cuando no ocurri\u00f3 as\u00ed \u2014y cuando fue capturado y extraditado\u2014, \u00e9l entreg\u00f3 al presidente y a su partido pol\u00edtico, que de hecho fue creado por exfuncionarios del ej\u00e9rcito.<\/p>\n\n\n\n<p class=\"wp-block-paragraph\">El enojo de Morales con la CICIG surgi\u00f3 antes de que la comisi\u00f3n comenzara a investigar las contribuciones de las campa\u00f1as de \u00e9l y otros candidatos. La comisi\u00f3n y el Ministerio P\u00fablico tambi\u00e9n est\u00e1n investigando al hermano del presidente y a su hijo por malversaci\u00f3n y corrupci\u00f3n. Ambos fueron <a href=\"https:\/\/es.insightcrime.org\/noticias\/noticias-del-dia\/arresto-familiares-presidente-guatemala-no-regreso-estado-mafioso\/\" target=\"_blank\" rel=\"noopener\">arrestados <\/a>en el mes de enero.<\/p>\n\n\n\n<p class=\"wp-block-paragraph\">Estados Unidos ha respaldado siempre p\u00fablica y decididamente a la CICIG y a la fiscal general Aldana, pero nunca ha enfrentado un reto como este. (Aldana dijo que dimitir\u00eda si Morales obligaba a Vel\u00e1squez a retirarse, y si ella dimite, Morales estar\u00eda matando dos p\u00e1jaros de un solo tiro).<\/p>\n\n\n\n<p class=\"wp-block-paragraph\">La ONU ya ha expresado su posici\u00f3n, diciendo que el secretario general est\u00e1 \u201c<a href=\"https:\/\/www.cicig.org\/index.php?page=NOT_045_20170827\" target=\"_blank\" rel=\"noopener\">consternado<\/a>\u201c; en una declaraci\u00f3n conjunta, Estados Unidos y varias embajadas europeas que apoyan a la CICIG <a href=\"https:\/\/gt.usembassy.gov\/es\/comunicado-conjunto-de-la-misiones-internacionales-en-guatemala\/\" target=\"_blank\" rel=\"noopener\">repudiaron la medida<\/a>, y el representante ante el Congreso de Estados Unidos Eliot L. Engel (Dem\u00f3crata-NY), miembro de la Comisi\u00f3n de Asuntos Exteriores de la C\u00e1mara de Representantes, tambi\u00e9n critic\u00f3 la decisi\u00f3n, se\u00f1alando que Estados Unidos \u201cdebe examinar el futuro de nuestra ayuda externa\u201d con Guatemala, <a href=\"\/must%20examine%20the%20future%20of%20our%20foreign%20assistance\" target=\"_blank\" rel=\"noopener\">seg\u00fan ABC News<\/a>.<\/p>\n\n\n\n<p class=\"wp-block-paragraph\">Pero la voz que realmente importa es la de Trump, quien por supuesto est\u00e1 encarando las investigaciones en torno a su propia campa\u00f1a, por servidores p\u00fablicos y fiscales igualmente comprometidos, a uno de los cuales despidi\u00f3 de una manera similar a como Morales est\u00e1 actuando ahora. No hay dudas de que los funcionarios de la administraci\u00f3n Trump seguir\u00e1n se\u00f1alado las acciones de Morales de ir en contra de la democracia y el Estado de derecho, y de hecho as\u00ed deben hacerlo, pero estos se\u00f1alamientos tienen poco peso, pues su propio jefe est\u00e1 llevando a cabo una campa\u00f1a contra quienes ser\u00edan los fiscales que investigar\u00edan la intromisi\u00f3n de Rusia en las elecciones de Estados Unidos.<\/p>\n\n\n\n<p class=\"wp-block-paragraph\">Morales tiene mucho en com\u00fan con su hom\u00f3logo estadounidense, aparte de su victoria electoral aparentemente viciada y de sus esfuerzos por obstaculizar las investigaciones. Como excomediante de la televisi\u00f3n del pa\u00eds, aprovech\u00f3 su fama en las pantallas para hacer una r\u00e1pida carrera hacia la presidencia.<\/p>\n\n\n\n<p class=\"wp-block-paragraph\">Sustentado en su imagen de \u201cindependiente\u201d, y con una vasta experiencia ante las c\u00e1maras de televisi\u00f3n, Morales derroc\u00f3 f\u00e1cilmente en las urnas a la exprimera dama, quien, seg\u00fan muchos, continuar\u00eda las pr\u00e1cticas corruptas de los gobiernos anteriores. Si bien Morales no busc\u00f3 directamente el apoyo de elementos extremistas del electorado como lo hizo Trump, s\u00ed ten\u00eda su propia versi\u00f3n de \u201c<em>black face<\/em>\u201d (un tipo de comedia que se mofa de las personas de raza negra), que utiliz\u00f3 como parte de sus s\u00e1tiras en televisi\u00f3n. Guatemala no tiene movimientos de supremac\u00eda blanca, pero s\u00ed tiene una larga historia de racismo institucional, especialmente contra las comunidades ind\u00edgenas.<\/p>\n\n\n\n<p class=\"wp-block-paragraph\"><strong><span style=\"color: #800000;\">VEA TAMBI\u00c9N:<\/span><\/strong><a href=\"https:\/\/es.insightcrime.org\/investigaciones\/la-guerra-por-las-cortes-en-guatemala\/\" target=\"_blank\" rel=\"noopener\"> La guerra por las cortes en Guatemala<\/a><\/p>\n\n\n\n<p class=\"wp-block-paragraph\">Pero, aunque sean similares, es probable que Trump aseste un golpe a su vecino si considera que esto le permitir\u00eda avanzar en su agenda personal (v\u00e9ase las relaciones entre Estados Unidos y M\u00e9xico). Pero la pol\u00edtica exterior de Trump, \u201cEstados Unidos primero\u201d, no da suficientes indicios acerca de qu\u00e9 direcci\u00f3n va a tomar.<\/p>\n\n\n\n<p class=\"wp-block-paragraph\">Lo que hemos visto hasta ahora es que \u201cEstados Unidos primero\u201d significa muchas cosas. Puede significar sancionar a los gobiernos, como Estados Unidos lo ha hecho <a href=\"https:\/\/www.washingtonpost.com\/world\/national-security\/trump-administration-moves-to-restrict-venezuelan-access-to-us-financial-system\/2017\/08\/25\/18b22a5e-89ad-11e7-a50f-e0d4e6ec070a_story.html?deferJs=true&amp;outputType=default-article&amp;utm_term=.1d10de2a7c7a\" target=\"_blank\" rel=\"noopener\">con Venezuela<\/a>, tratando de presionar a ese gobierno para que revierta su decisi\u00f3n de acabar lo que quedaba de la democracia.<\/p>\n\n\n\n<p class=\"wp-block-paragraph\">Pero \u201cEstados Unidos primero\u201d tambi\u00e9n significa quedarse callado, o incluso proveer apoyo, mientras otros cometen atrocidades (v\u00e9ase Siria), violan los derechos humanos y cometen ejecuciones extrajudiciales (v\u00e9ase Filipinas), o sistem\u00e1ticamente socavan la democracia en su propio pa\u00eds o en otras naciones (v\u00e9ase Rusia).<\/p>\n\n\n\n<p class=\"wp-block-paragraph\">Como en el caso de Venezuela, Trump puede dejar este asunto en manos de sus subordinados y el Congreso, lo que probablemente significar\u00eda fuertes reproches y posibles sanciones econ\u00f3micas. En una <a href=\"https:\/\/elperiodico.com.gt\/mundo\/2017\/08\/27\/congreso-de-estados-unidos-advierte-cese-de-apoyo-financiero-a-guatemala\/\" target=\"_blank\" rel=\"noopener\">declaraci\u00f3n conjunta <\/a>el 23 de agosto, antes del anuncio de Morales de que revocar\u00eda el estatus diplom\u00e1tico de Vel\u00e1squez, el representante Engel, la representante Ileana Ros-Lehtinen (Republicana-FL), el presidente em\u00e9rito del Comit\u00e9 de Relaciones Exteriores de la C\u00e1mara, y el representante Albio Sires (Dem\u00f3crata-NJ), miembro del Subcomit\u00e9 para Asuntos Exteriores para el Hemisferio Occidental, le dijeron al Congreso que reconsiderar\u00edan su multimillonario paquete de ayuda a la regi\u00f3n, parte del cual estar\u00eda dirigido a Guatemala.<\/p>\n\n\n\n<p class=\"wp-block-paragraph\">\u201cLa destituci\u00f3n del comisionado Vel\u00e1squez obligar\u00e1 a los miembros del Congreso a tomar duras decisiones con respecto a la cantidad y naturaleza de la asistencia extranjera a Guatemala en el futuro\u201d, escribieron.<\/p>\n\n\n\n<p class=\"wp-block-paragraph\">Pero parece menos probable que se recurra a las duras medidas diplom\u00e1ticas, especialmente dado que el Departamento de Estado es una sombra de lo que sol\u00eda ser; el embajador Todd Robinson, activo partidario de la CICIG, est\u00e1 terminando su mandato; y, lo m\u00e1s importante, la administraci\u00f3n Trump no tiene una pol\u00edtica exterior coherente.<\/p>\n\n\n\n<p class=\"wp-block-paragraph\">Adem\u00e1s, formular una clara postura moral contra la corrupci\u00f3n y a favor del Estado de derecho va a parecer rid\u00edculo, especialmente dado que Trump est\u00e1 intentando socavar las investigaciones sobre su propia conducta, de la misma forma en que lo est\u00e1 haciendo Morales. De hecho, Morales parece estar pidiendo que la administraci\u00f3n Trump muestre sus cartas del juego, pero quiz\u00e1 Trump se est\u00e1 quedando sin cartas.<\/p>\n","protected":false},"excerpt":{"rendered":"<p>Tras haber declarado persona non grata al director de una comisi\u00f3n de las Naciones Unidas en su pa\u00eds, en medio de las investigaciones sobre donaciones de narcotraficantes a su campa\u00f1a, el presidente de Guatemala, Jimmy Morales, puede estar entrando en decadencia moral. \u00bfTiene la administraci\u00f3n Trump la autoridad moral, o la intenci\u00f3n, de oponerse a una medida desesperada para obstaculizar la justicia?<\/p>\n","protected":false},"author":3,"featured_media":66972,"comment_status":"closed","ping_status":"closed","sticky":false,"template":"","format":"standard","meta":{"newspack_ads_suppress_ads":false,"newspack_popups_has_disabled_popups":false,"newspack_sponsor_sponsorship_scope":"","newspack_sponsor_native_byline_display":"inherit","newspack_sponsor_native_category_display":"inherit","newspack_sponsor_underwriter_style":"inherit","newspack_sponsor_underwriter_placement":"inherit","_EventAllDay":false,"_EventTimezone":"","_EventStartDate":"","_EventEndDate":"","_EventStartDateUTC":"","_EventEndDateUTC":"","_EventShowMap":false,"_EventShowMapLink":false,"_EventURL":"","_EventCost":"","_EventCostDescription":"","_EventCurrencySymbol":"","_EventCurrencyCode":"","_EventCurrencyPosition":"","_EventDateTimeSeparator":"","_EventTimeRangeSeparator":"","_EventOrganizerID":[],"_EventVenueID":[],"_OrganizerEmail":"","_OrganizerPhone":"","_OrganizerWebsite":"","_VenueAddress":"","_VenueCity":"","_VenueCountry":"","_VenueProvince":"","_VenueState":"","_VenueZip":"","_VenuePhone":"","_VenueURL":"","_VenueStateProvince":"","_VenueLat":"","_VenueLng":"","_VenueShowMap":false,"_VenueShowMapLink":false,"_newspack_byline_active":false,"_newspack_byline":"","newspack_hide_updated_date":false,"newspack_show_updated_date":false,"newspack_featured_image_position":"","newspack_post_subtitle":"","newspack_article_summary_title":"Overview:","newspack_article_summary":"","_jetpack_memberships_contains_paid_content":false,"footnotes":""},"categories":[759],"tags":[447,374,454,3474],"newspack_spnsrs_tax":[],"coauthors":[3658],"class_list":["post-66970","post","type-post","status-publish","format-standard","has-post-thumbnail","hentry","category-noticias","tag-elites-y-crimen-organizado","tag-guatemala-pais","tag-reforma-judicial","tag-triangulo-del-norte","entry"],"parsely":{"version":"1.1.0","canonical_url":"https:\/\/insightcrime.org\/es\/noticias\/presidente-guatemala-pone-trump-jaque-tras-arriesgada-movida-contra-cicig\/","smart_links":{"inbound":0,"outbound":0},"traffic_boost_suggestions_count":0,"meta":{"@context":"https:\/\/schema.org","@type":"NewsArticle","headline":"Presidente de Guatemala pone a Trump en jaque tras arriesgada movida contra la CICIG","url":"http:\/\/insightcrime.org\/es\/noticias\/presidente-guatemala-pone-trump-jaque-tras-arriesgada-movida-contra-cicig\/","mainEntityOfPage":{"@type":"WebPage","@id":"http:\/\/insightcrime.org\/es\/noticias\/presidente-guatemala-pone-trump-jaque-tras-arriesgada-movida-contra-cicig\/"},"thumbnailUrl":"https:\/\/i0.wp.com\/insightcrime.org\/wp-content\/uploads\/2017\/08\/en-17-08-28-Guatemala-Morales.png?resize=150%2C150&quality=100&ssl=1","image":{"@type":"ImageObject","url":"https:\/\/i0.wp.com\/insightcrime.org\/wp-content\/uploads\/2017\/08\/en-17-08-28-Guatemala-Morales.png?fit=350%2C250&quality=100&ssl=1"},"articleSection":"Noticias","author":[{"@type":"Person","name":"Steven Dudley"}],"creator":["Steven Dudley"],"publisher":{"@type":"Organization","name":"InSight Crime","logo":"https:\/\/insightcrime.org\/wp-content\/uploads\/2023\/08\/logo.png"},"keywords":["\u00e9lites y crimen","guatemala","reforma judicial","tri\u00e1ngulo del norte"],"dateCreated":"2017-08-28T01:32:19Z","datePublished":"2017-08-28T01:32:19Z","dateModified":"2023-04-24T21:23:28Z"},"rendered":"<meta name=\"parsely-title\" content=\"Presidente de Guatemala pone a Trump en jaque tras arriesgada movida contra la CICIG\" \/>\n<meta name=\"parsely-link\" content=\"http:\/\/insightcrime.org\/es\/noticias\/presidente-guatemala-pone-trump-jaque-tras-arriesgada-movida-contra-cicig\/\" \/>\n<meta name=\"parsely-type\" content=\"post\" \/>\n<meta name=\"parsely-image-url\" content=\"https:\/\/i0.wp.com\/insightcrime.org\/wp-content\/uploads\/2017\/08\/en-17-08-28-Guatemala-Morales.png?resize=150%2C150&amp;quality=100&amp;ssl=1\" \/>\n<meta name=\"parsely-pub-date\" content=\"2017-08-28T01:32:19Z\" \/>\n<meta name=\"parsely-section\" content=\"Noticias\" \/>\n<meta name=\"parsely-tags\" content=\"\u00e9lites y crimen,guatemala,reforma judicial,tri\u00e1ngulo del norte\" \/>\n<meta name=\"parsely-author\" content=\"Steven Dudley\" \/>","tracker_url":"https:\/\/cdn.parsely.com\/keys\/insightcrime.org\/p.js"},"jetpack_sharing_enabled":true,"jetpack-related-posts":[{"id":141764,"url":"https:\/\/insightcrime.org\/es\/noticias\/batalla-guatemala-morales-cicig-no-ha-terminado\/","url_meta":{"origin":66970,"position":0},"title":"La batalla en Guatemala entre Morales y la CICIG a\u00fan no ha terminado","author":"Alex Papadovassilakis","date":"22 de abril de 2021","format":false,"excerpt":"El desmantelamiento de una comisi\u00f3n anticorrupci\u00f3n por parte del expresidente de Guatemala Jimmy Morales ha vuelto a irse contra \u00e9l, pues la fiscal\u00eda est\u00e1 pidiendo que se le despoje de inmunidad con el fin de decidir si cometi\u00f3 un acto ilegal al destituir al director de la comisi\u00f3n.","rel":"","context":"En \u00abNoticias\u00bb","block_context":{"text":"Noticias","link":"https:\/\/insightcrime.org\/es\/category\/noticias\/"},"img":{"alt_text":"","src":"https:\/\/i0.wp.com\/insightcrime.org\/wp-content\/uploads\/2021\/04\/86343158_gautap.jpg?fit=350%2C250&quality=100&ssl=1&resize=350%2C200","width":350,"height":200},"classes":[]},{"id":125830,"url":"https:\/\/insightcrime.org\/es\/noticias\/fiscales-de-guatemala-asocian-dinero-ilicito-con-exministro\/","url_meta":{"origin":66970,"position":1},"title":"Fiscales de Guatemala asocian dinero il\u00edcito con exministro","author":"Parker Asmann","date":"21 de octubre de 2020","format":false,"excerpt":"Varios fiscales guatemaltecos afirman que un multimillonario decomiso de dinero en efectivo tiene relaci\u00f3n con un ministro que sirvi\u00f3 durante el mandato del expresidente Jimmy Morales. Con este ya son dos\u00a0los funcionarios de esa administraci\u00f3n que enfrentan cargos por lavado de dinero este a\u00f1o, y el primero en Guatemala.\u00a0","rel":"","context":"En \u00abNoticias\u00bb","block_context":{"text":"Noticias","link":"https:\/\/insightcrime.org\/es\/category\/noticias\/"},"img":{"alt_text":"","src":"https:\/\/i0.wp.com\/insightcrime.org\/wp-content\/uploads\/2020\/10\/20-10-20-Guate-Lavado.jpg?fit=350%2C250&quality=100&ssl=1&resize=350%2C200","width":350,"height":200},"classes":[]},{"id":206597,"url":"https:\/\/insightcrime.org\/es\/noticias\/fallo-muestra-guatemala-conflicto-pasado\/","url_meta":{"origin":66970,"position":2},"title":"Hist\u00f3rico fallo muestra c\u00f3mo Guatemala sigue en conflicto con su pasado","author":"Steven Dudley","date":"12 de diciembre de 2022","format":false,"excerpt":"Con una hist\u00f3rica sentencia condenatoria para el expresidente y la ex vicepresidenta \u2014y una incre\u00edble diatriba que no qued\u00f3 registrada\u2014 tres magistrados de Guatemala ilustraron por qu\u00e9 el pa\u00eds sigue dividido por el caso m\u00e1s emblem\u00e1tico del esfuerzo librado en el pa\u00eds por reformar su sistema de justicia a lo\u2026","rel":"","context":"En \u00abNoticias\u00bb","block_context":{"text":"Noticias","link":"https:\/\/insightcrime.org\/es\/category\/noticias\/"},"img":{"alt_text":"","src":"https:\/\/i0.wp.com\/insightcrime.org\/wp-content\/uploads\/2022\/12\/Guatemala-corrupcion-President-Otto-Perez-Molina-and-Roxana-Baldetti-awaiting-trial-AP848802602229-1.jpg?fit=1200%2C600&quality=100&ssl=1&resize=350%2C200","width":350,"height":200,"srcset":"https:\/\/i0.wp.com\/insightcrime.org\/wp-content\/uploads\/2022\/12\/Guatemala-corrupcion-President-Otto-Perez-Molina-and-Roxana-Baldetti-awaiting-trial-AP848802602229-1.jpg?fit=1200%2C600&quality=100&ssl=1&resize=350%2C200 1x, https:\/\/i0.wp.com\/insightcrime.org\/wp-content\/uploads\/2022\/12\/Guatemala-corrupcion-President-Otto-Perez-Molina-and-Roxana-Baldetti-awaiting-trial-AP848802602229-1.jpg?fit=1200%2C600&quality=100&ssl=1&resize=525%2C300 1.5x, https:\/\/i0.wp.com\/insightcrime.org\/wp-content\/uploads\/2022\/12\/Guatemala-corrupcion-President-Otto-Perez-Molina-and-Roxana-Baldetti-awaiting-trial-AP848802602229-1.jpg?fit=1200%2C600&quality=100&ssl=1&resize=700%2C400 2x, https:\/\/i0.wp.com\/insightcrime.org\/wp-content\/uploads\/2022\/12\/Guatemala-corrupcion-President-Otto-Perez-Molina-and-Roxana-Baldetti-awaiting-trial-AP848802602229-1.jpg?fit=1200%2C600&quality=100&ssl=1&resize=1050%2C600 3x"},"classes":[]},{"id":126258,"url":"https:\/\/insightcrime.org\/es\/noticias\/ee-uu-corrupcion-guatemala\/","url_meta":{"origin":66970,"position":3},"title":"\u00bfVuelve EE. UU. a apoyar la lucha anticorrupci\u00f3n en Guatemala?","author":"H\u00e9ctor Silva \u00c1valos","date":"30 de octubre de 2020","format":false,"excerpt":"En lo que parece una vuelta al apoyo m\u00e1s decidido de Washington a la lucha anticorrupci\u00f3n en Guatemala, el Secretario de Estado de Donald Trump anunci\u00f3 la suspensi\u00f3n de visas a Felipe Alejos Lorenzana, vicepresidente del congreso guatemalteco y se\u00f1alado en casos de corrupci\u00f3n, a otra exdiputada y a los\u2026","rel":"","context":"En \u00abNoticias\u00bb","block_context":{"text":"Noticias","link":"https:\/\/insightcrime.org\/es\/category\/noticias\/"},"img":{"alt_text":"","src":"https:\/\/i0.wp.com\/insightcrime.org\/wp-content\/uploads\/2020\/10\/Felipe-Alejos-del-partido-Todos-primer-vicepresidente-del-Congreso-fotos-de-archivo-9-min-1.jpg?fit=350%2C250&quality=100&ssl=1&resize=350%2C200","width":350,"height":200},"classes":[]},{"id":300009,"url":"https:\/\/insightcrime.org\/es\/noticias\/como-podria-afectar-equipo-trump-lucha-crimen-latinoamerica\/","url_meta":{"origin":66970,"position":4},"title":"C\u00f3mo podr\u00eda afectar el equipo de Trump a la lucha contra el crimen en Am\u00e9rica Latina","author":"Mike LaSusa","date":"17 de enero de 2025","format":false,"excerpt":"Con la llegada al poder del nuevo gobierno de Trump, Am\u00e9rica Latina se prepara para los cambios en la pol\u00edtica estadounidense, con el crimen organizado como prioridad en la agenda.","rel":"","context":"En \u00abNoticias\u00bb","block_context":{"text":"Noticias","link":"https:\/\/insightcrime.org\/es\/category\/noticias\/"},"img":{"alt_text":"","src":"https:\/\/i0.wp.com\/insightcrime.org\/wp-content\/uploads\/2025\/01\/Republican-presidential-nominee-former-President-Donald-Trump-speaks-with-Sen-Marco-Rubio-Nov-2024-AP24309602905695-A2.jpg?fit=1200%2C690&quality=100&ssl=1&resize=350%2C200","width":350,"height":200,"srcset":"https:\/\/i0.wp.com\/insightcrime.org\/wp-content\/uploads\/2025\/01\/Republican-presidential-nominee-former-President-Donald-Trump-speaks-with-Sen-Marco-Rubio-Nov-2024-AP24309602905695-A2.jpg?fit=1200%2C690&quality=100&ssl=1&resize=350%2C200 1x, https:\/\/i0.wp.com\/insightcrime.org\/wp-content\/uploads\/2025\/01\/Republican-presidential-nominee-former-President-Donald-Trump-speaks-with-Sen-Marco-Rubio-Nov-2024-AP24309602905695-A2.jpg?fit=1200%2C690&quality=100&ssl=1&resize=525%2C300 1.5x, https:\/\/i0.wp.com\/insightcrime.org\/wp-content\/uploads\/2025\/01\/Republican-presidential-nominee-former-President-Donald-Trump-speaks-with-Sen-Marco-Rubio-Nov-2024-AP24309602905695-A2.jpg?fit=1200%2C690&quality=100&ssl=1&resize=700%2C400 2x, https:\/\/i0.wp.com\/insightcrime.org\/wp-content\/uploads\/2025\/01\/Republican-presidential-nominee-former-President-Donald-Trump-speaks-with-Sen-Marco-Rubio-Nov-2024-AP24309602905695-A2.jpg?fit=1200%2C690&quality=100&ssl=1&resize=1050%2C600 3x"},"classes":[]},{"id":146060,"url":"https:\/\/insightcrime.org\/es\/noticias\/guatemala-retira-cargos-expresidente-detiene-fiscales-anticorrupcion\/","url_meta":{"origin":66970,"position":5},"title":"Guatemala retira cargos contra expresidente y detiene a fiscales anticorrupci\u00f3n","author":"Parker Asmann","date":"21 de mayo de 2021","format":false,"excerpt":"Guatemala parece haber hecho caso omiso de la presi\u00f3n internacional para que se tomen medidas en\u00e9rgicas contra la corrupci\u00f3n arraigada en el gobierno, con el retiro de cargos contra un expresidente en problemas el mismo d\u00eda que detuvo a sus principales investigadores contra la corrupci\u00f3n.","rel":"","context":"En \u00abNoticias\u00bb","block_context":{"text":"Noticias","link":"https:\/\/insightcrime.org\/es\/category\/noticias\/"},"img":{"alt_text":"","src":"https:\/\/i0.wp.com\/insightcrime.org\/wp-content\/uploads\/2021\/05\/2021-05-20-Juan-Francisco-Solo%CC%81rzano-Foppa.jpg?fit=350%2C250&quality=100&ssl=1&resize=350%2C200","width":350,"height":200},"classes":[]}],"jetpack_featured_media_url":"https:\/\/i0.wp.com\/insightcrime.org\/wp-content\/uploads\/2017\/08\/en-17-08-28-Guatemala-Morales.png?fit=350%2C250&quality=100&ssl=1","_links":{"self":[{"href":"https:\/\/insightcrime.org\/es\/wp-json\/wp\/v2\/posts\/66970","targetHints":{"allow":["GET"]}}],"collection":[{"href":"https:\/\/insightcrime.org\/es\/wp-json\/wp\/v2\/posts"}],"about":[{"href":"https:\/\/insightcrime.org\/es\/wp-json\/wp\/v2\/types\/post"}],"author":[{"embeddable":true,"href":"https:\/\/insightcrime.org\/es\/wp-json\/wp\/v2\/users\/3"}],"replies":[{"embeddable":true,"href":"https:\/\/insightcrime.org\/es\/wp-json\/wp\/v2\/comments?post=66970"}],"version-history":[{"count":2,"href":"https:\/\/insightcrime.org\/es\/wp-json\/wp\/v2\/posts\/66970\/revisions"}],"predecessor-version":[{"id":75396,"href":"https:\/\/insightcrime.org\/es\/wp-json\/wp\/v2\/posts\/66970\/revisions\/75396"}],"wp:featuredmedia":[{"embeddable":true,"href":"https:\/\/insightcrime.org\/es\/wp-json\/wp\/v2\/media\/66972"}],"wp:attachment":[{"href":"https:\/\/insightcrime.org\/es\/wp-json\/wp\/v2\/media?parent=66970"}],"wp:term":[{"taxonomy":"category","embeddable":true,"href":"https:\/\/insightcrime.org\/es\/wp-json\/wp\/v2\/categories?post=66970"},{"taxonomy":"post_tag","embeddable":true,"href":"https:\/\/insightcrime.org\/es\/wp-json\/wp\/v2\/tags?post=66970"},{"taxonomy":"newspack_spnsrs_tax","embeddable":true,"href":"https:\/\/insightcrime.org\/es\/wp-json\/wp\/v2\/newspack_spnsrs_tax?post=66970"},{"taxonomy":"author","embeddable":true,"href":"https:\/\/insightcrime.org\/es\/wp-json\/wp\/v2\/coauthors?post=66970"}],"curies":[{"name":"wp","href":"https:\/\/api.w.org\/{rel}","templated":true}]}}