{"id":6708,"date":"2014-05-12T15:26:28","date_gmt":"2017-03-28T00:00:37","guid":{"rendered":"http:\/\/newwp.insightcrime.org?p=6708"},"modified":"2023-04-24T15:38:17","modified_gmt":"2023-04-24T20:38:17","slug":"pais-mata-a-sus-presos-parte-ii","status":"publish","type":"post","link":"https:\/\/insightcrime.org\/es\/noticias\/analisis\/pais-mata-a-sus-presos-parte-ii\/","title":{"rendered":"El pa\u00eds que mata a sus presos \u2013 Parte II"},"content":{"rendered":"\n<p class=\"wp-block-paragraph\">La masacre de 68 reclusos de una prisi\u00f3n en Honduras por parte de las fuerzas de seguridad en el 2003 conmocion\u00f3 incluso a un pa\u00eds acostumbrado a la violencia y los abusos de derechos humanos, pero fue la tentativa de encubrimiento que le sigui\u00f3 lo que realmente mostr\u00f3 lo que el pa\u00eds piensa de sus presos. La segunda parte de esta historia en dos partes examina la b\u00fasqueda de la justicia tras los homicidios de El Porvenir.<\/p>\n\n\n\n<p class=\"wp-block-paragraph\">10 a\u00f1os despu\u00e9s, sentada en el bar de la zona hotelera de Tegucigalpa, Arabeska S\u00e1nchez reflexiona sobre la masacre. Es evidente que le alegra que a alguien le importen aquellos muertos tanto tiempo despu\u00e9s y en un pa\u00eds que todav\u00eda aplaude sin pudor diversas formas de limpieza social.<\/p>\n\n\n\n<p class=\"wp-block-paragraph\">Lo que lleg\u00f3 a la mesa de Arabeska S\u00e1nchez no parec\u00eda una bala. Ese pedazo de metal deforme pod\u00eda ser cualquier cosa, y aun asumiendo que fuera un proyectil iba a ser imposible rastrear el arma del que sali\u00f3. Ella, corpulenta, bajita, arrug\u00f3 la cara, detr\u00e1s de sus lentes entrecerr\u00f3 aun m\u00e1s sus peque\u00f1os ojos e intent\u00f3 adivinar alguna pista en esa esquirla de plomo, pero termin\u00f3 por rendirse. Hab\u00eda visto en televisi\u00f3n las escenas de la masacre de la c\u00e1rcel de El Porvenir y la carcom\u00eda el deseo de ayudar a identificar a los perpetradores. Pero de los centenares de balas y casquillos recogidos por el Ministerio P\u00fablico despu\u00e9s de la matanza, su astilla era la m\u00e1s in\u00fatil. Inc\u00f3moda, la devolvi\u00f3 a la bolsa en la que ven\u00eda etiquetada como indicio y escribi\u00f3 en su dictamen: \u201cEl fragmento ha perdido masa y caracter\u00edsticas de clase e individualizantes. No tiene valor anal\u00edtico.\u201d<\/p>\n\n\n\n<p class=\"wp-block-paragraph\"><em><strong><span style=\"color: #808080\">Esta es la segunda parte de una historia de dos partes, lea la primera parte <a href=\"https:\/\/es.insightcrime.org\/noticias\/analisis\/pais-mata-sus-presos\/\" target=\"_blank\">aqu\u00ed<\/a>. Este art\u00edculo apareci\u00f3 originalmente en <a href=\"https:\/\/www.elfaro.net\/\" target=\"_blank\">El Faro<\/a> y fue publicado con permiso. Vea el art\u00edculo original <a href=\"https:\/\/www.salanegra.elfaro.net\/es\/201404\/cronicas\/15320\/\" target=\"_blank\">aqu\u00ed<\/a>.<\/span><\/strong><\/em><\/p>\n\n\n\n<p class=\"wp-block-paragraph\">Sentada en la parte menos ruidosa de un bar que pretende ser bohemio, en medio de la zona hotelera de Tegucigalpa, Arabeska S\u00e1nchez se aferra a un vaso con hielo y Seven Up mientras rememora su intento de descifrar los secretos de aquel pedacito de plomo. No he conseguido que acepte una cerveza o que me acompa\u00f1e con un trago de ginebra. Dice que ma\u00f1ana tiene que madrugar.<\/p>\n\n\n\n<p class=\"wp-block-paragraph\">\u201cNada de alcohol si hay que trabajar\u201d.<\/p>\n\n\n\n<p class=\"wp-block-paragraph\">Es, y lo demuestra en cada frase y cada gesto, una mujer serena. Dura, agresiva en sus opiniones, pero serena. Supongo que solo anclado en esa serenidad puede uno haber visto desfilar ante sus ojos toda la muerte que cabe en Honduras y continuar creyendo que se puede salvar a este pa\u00eds de s\u00ed mismo.<\/p>\n\n\n\n<p class=\"wp-block-paragraph\">Aquel abril de 2003, como si se apiadara de su frustraci\u00f3n, el azar quiso que el peritaje fallido le abriera a Arabeska S\u00e1nchez una puerta mayor en la investigaci\u00f3n de la masacre. Puesto que era la \u00fanica miembro del laboratorio que no presentar\u00eda prueba bal\u00edstica en el juicio, la fiscal del caso le asign\u00f3 una nueva tarea: reconstruir con la mayor precisi\u00f3n posible, usando los informes de sus compa\u00f1eros, la masacre de la granja penal de El Porvenir. Sin pedirlo, se convirti\u00f3 en una pieza clave para probar c\u00f3mo el Estado hondure\u00f1o, en complicidad con una banda de matones, asesin\u00f3 de manera salvaje en dos horas a seis decenas de seres humanos.<\/p>\n\n\n\n<p class=\"wp-block-paragraph\"><strong><span style=\"color: #800000\">VEA TAMBI\u00c9N:<\/span><\/strong> <a href=\"\/?tag=prisiones\" target=\"_blank\">Cobertura sobre prisiones<\/a><\/p>\n\n\n\n<p class=\"wp-block-paragraph\">Asegura que, m\u00e1s aun que la masacre en s\u00ed, y por despiadado que parezca, fue el largo y tenso juicio posterior el que retrat\u00f3 el nivel de desprecio del gobierno de Honduras por la vida de los prisioneros.<\/p>\n\n\n\n<p class=\"wp-block-paragraph\">\u201cSi quieres saber c\u00f3mo es, incluso 10 a\u00f1os despu\u00e9s, el sistema penitenciario de Honduras, busc\u00e1 y revis\u00e1 el expediente del caso de El Porvenir. Fue la primera vez que se desnudaron todas sus debilidades\u201d.<\/p>\n\n\n\n<p class=\"wp-block-paragraph\">Arabeska no lo dice, o lo dice con otras palabras: la de El Porvenir no es una historia del pasado. El pa\u00eds m\u00e1s violento del mundo mantiene a\u00fan hoy, como pol\u00edtica no oficial, el exterminio sistem\u00e1tico de sus presos.<\/p>\n\n\n\n<p class=\"wp-block-paragraph\">* * *<\/p>\n\n\n\n<p class=\"wp-block-paragraph\">El juicio por la masacre de El Porvenir inici\u00f3 en marzo de 2008 y fue un pulso del Estado hondure\u00f1o consigo mismo. Mientras el Ministerio P\u00fablico pujaba por el esclarecimiento de las 68 muertes, el Ejecutivo pon\u00eda todo su empe\u00f1o en el encubrimiento. Qued\u00f3 probado que la direcci\u00f3n del Sistema Penitenciario hab\u00eda alterado en su libro de incidencias la hora en que comenz\u00f3 la masacre. Qued\u00f3 probado que los informes de novedades de la Polic\u00eda Preventiva se hab\u00edan falseado para hacer ver que la voz de alarma se dio tarde y el operativo policial hab\u00eda durado una hora menos de lo que realmente dur\u00f3. Qued\u00f3 probado que el jefe policial a cargo del operativo minti\u00f3 en su informe y escribi\u00f3 que sus agentes hab\u00edan sido recibidos a balazos por los pandilleros y solo hab\u00edan disparado en defensa propia. La Secretar\u00eda de Seguridad pag\u00f3 los abogados de los custodios, contrat\u00f3 a peritos en bal\u00edstica e incluso reclut\u00f3 a investigadores del Ministerio P\u00fablico para que argumentaran en contra de las pruebas de la acusaci\u00f3n.<\/p>\n\n\n\n<p class=\"wp-block-paragraph\">Con la mirada endurecida detr\u00e1s de sus inseparables lentes, Arabeska S\u00e1nchez explica la sensaci\u00f3n de desventaja que tuvo el equipo fiscal durante todo el proceso que dur\u00f3 159 d\u00edas, algo m\u00e1s de cinco meses.<\/p>\n\n\n\n<p class=\"wp-block-paragraph\">\u201c\u00c9ramos cuatro personas: dos fiscales, un m\u00e9dico forense y yo, y delante ten\u00edamos un bur\u00f3 de 60 defensores, una barbaridad de gente. Sent\u00edamos una presi\u00f3n terrible\u201d.<\/p>\n\n\n\n<p class=\"wp-block-paragraph\">\u201c\u00bfRecibieron alguna amenaza?\u201d<\/p>\n\n\n\n<p class=\"wp-block-paragraph\">\u201cHubo veh\u00edculos sospechosos siguiendo el carro de la Fiscal\u00eda que us\u00e1bamos en La Ceiba, as\u00ed que pedimos un veh\u00edculo de refuerzo que nos acompa\u00f1ara cada vez que nos desplaz\u00e1bamos del hotel a la audiencia. Despu\u00e9s de cada sesi\u00f3n ten\u00edamos que encerrarnos. Balearon a un muchacho en el parqueo de mi hotel, y tambi\u00e9n hubo disparos frente al hotel en que se estaba quedando la fiscal\u201d.<\/p>\n\n\n\n<p class=\"wp-block-paragraph\">Las salas de audiencia de los tribunales en La Ceiba eran demasiado peque\u00f1as para un proceso de estas dimensiones, as\u00ed que el juicio se celebr\u00f3 en la sede local del colegio de abogados. Todos los d\u00edas se desplegaba un cord\u00f3n policial que rodeaba el edificio en el que se estaba juzgando, principalmente, a polic\u00edas por el asesinato de presos. Aunque se esgrim\u00eda razones de seguridad, para el equipo fiscal era una forma m\u00e1s de intimidaci\u00f3n. Durante las audiencias, los jueces pidieron a los acusadores que no se levantaran al ba\u00f1o en los recesos para no exponerse a recibir ataques. A los pocos d\u00edas de comenzar el juicio, una amenaza de bomba oblig\u00f3 a desalojar todo el edificio y suspender la audiencia durante horas.<\/p>\n\n\n\n<p class=\"wp-block-paragraph\"><strong><span style=\"color: #800000\">VEA TAMBI\u00c9N:<\/span><\/strong> <a href=\"\/noticias-sobre-crimen-organizado-en-honduras\" target=\"_blank\">Noticias y perfiles de Honduras<\/a><\/p>\n\n\n\n<p class=\"wp-block-paragraph\">Toda La Ceiba se convirti\u00f3 para Arabeska S\u00e1nchez y su gente en territorio hostil. Mientras los acusados y sus familiares celebraban barbacoas por la noche, los cuatro miembros del equipo fiscal com\u00edan aislados en su hotel. No hab\u00eda quien quisiera sentarse con ellos ni se pod\u00edan dar el lujo de caminar tranquilamente por la ciudad costera.<\/p>\n\n\n\n<p class=\"wp-block-paragraph\">Las pruebas y testimonios eran, en todo caso, aplastantes. Durante el juicio se mostraron im\u00e1genes de televisi\u00f3n en las que se ve\u00eda a agentes golpear a pandilleros moribundos de la mano de presos rondines -presos que, bajo el liderazgo de otro preso, imponen disciplina, operan como la verdadera autoridad de la c\u00e1rcel y deciden sobre la vida y la muerte del resto de internos.<\/p>\n\n\n\n<p class=\"wp-block-paragraph\">Los informes de bal\u00edstica confirmaron que la mayor\u00eda de v\u00edctimas hab\u00edan muerto por disparos de armas asignadas a polic\u00edas y soldados. Tambi\u00e9n pusieron en evidencia que algunas de las armas homicidas nunca llegaron a ser entregadas a la Fiscal\u00eda por parte de la Polic\u00eda. Simplemente desaparecieron.<\/p>\n\n\n\n<p class=\"wp-block-paragraph\">21 de los 33 acusados fueron declarados culpables y recibieron condenas que oscilaron entre los 3 y los 1.035 a\u00f1os de c\u00e1rcel. El comandante de la Polic\u00eda al frente del operativo, Carlos Esteban Henr\u00edquez, fue declarado culpable de omisi\u00f3n en 19 asesinatos y condenado a 17 a\u00f1os de prisi\u00f3n. El director del penal, Danny Alexander Rodr\u00edguez Valladares, no fue en cambio ni siquiera imputado porque el d\u00eda de la masacre, aunque no ten\u00eda permiso, no se present\u00f3 a trabajar. En el a\u00f1o siguiente a la masacre fue trasladado varias veces y dirigi\u00f3 los penales de Santa B\u00e1rbara y Danl\u00ed, y en 2012, como si en Honduras la burla fuera una pol\u00edtica de Estado, fue enviado de urgencia a sustituir al director del penal de Comayagua, fulminantemente suspendido tras el incendio en que murieron 361 personas.<\/p>\n\n\n\n<p class=\"wp-block-paragraph\">Desde junio de 2013, Rodr\u00edguez es el director del penal de San Pedro Sula, el segundo m\u00e1s grande del pa\u00eds. All\u00ed, como una d\u00e9cada antes en El Porvenir, <a href=\"https:\/\/www.salanegra.elfaro.net\/es\/201401\/cronicas\/14394\/\" target=\"_blank\">comparte el poder con un equipo de rondines armados<\/a>. Como si no hubiera huella del pasado y la muerte de 68 reos fuera un apunte marginal, anecd\u00f3tico, en la doctrina del sistema y la carrera de un funcionario.<\/p>\n\n\n\n<p class=\"wp-block-paragraph\"><em>*<em>Este art\u00edculo apareci\u00f3 originalmente en&nbsp;<a href=\"https:\/\/www.elfaro.net\/\" target=\"_blank\">El Faro<\/a>&nbsp;y fue publicado con permiso. Vea el art\u00edculo original&nbsp;<a href=\"https:\/\/www.salanegra.elfaro.net\/es\/201404\/cronicas\/15320\/\" target=\"_blank\">aqu\u00ed<\/a>.<\/em><\/em><\/p>\n","protected":false},"excerpt":{"rendered":"<p>La masacre de 68 reclusos de una prisi\u00f3n en Honduras por parte de las fuerzas de seguridad en el 2003 conmocion\u00f3 incluso a un pa\u00eds acostumbrado a la violencia y los abusos de derechos humanos, pero fue la tentativa de encubrimiento que le sigui\u00f3 lo que realmente mostr\u00f3 lo que el pa\u00eds piensa de sus presos. La segunda parte de esta historia en dos partes examina la b\u00fasqueda de la justicia tras los homicidios de El Porvenir.<\/p>\n","protected":false},"author":110,"featured_media":40201,"comment_status":"closed","ping_status":"closed","sticky":false,"template":"","format":"standard","meta":{"newspack_ads_suppress_ads":false,"newspack_popups_has_disabled_popups":false,"newspack_sponsor_sponsorship_scope":"","newspack_sponsor_native_byline_display":"inherit","newspack_sponsor_native_category_display":"inherit","newspack_sponsor_underwriter_style":"inherit","newspack_sponsor_underwriter_placement":"inherit","_EventAllDay":false,"_EventTimezone":"","_EventStartDate":"","_EventEndDate":"","_EventStartDateUTC":"","_EventEndDateUTC":"","_EventShowMap":false,"_EventShowMapLink":false,"_EventURL":"","_EventCost":"","_EventCostDescription":"","_EventCurrencySymbol":"","_EventCurrencyCode":"","_EventCurrencyPosition":"","_EventDateTimeSeparator":"","_EventTimeRangeSeparator":"","_EventOrganizerID":[],"_EventVenueID":[],"_OrganizerEmail":"","_OrganizerPhone":"","_OrganizerWebsite":"","_VenueAddress":"","_VenueCity":"","_VenueCountry":"","_VenueProvince":"","_VenueState":"","_VenueZip":"","_VenuePhone":"","_VenueURL":"","_VenueStateProvince":"","_VenueLat":"","_VenueLng":"","_VenueShowMap":false,"_VenueShowMapLink":false,"_newspack_byline_active":false,"_newspack_byline":"","newspack_hide_updated_date":false,"newspack_show_updated_date":false,"newspack_featured_image_position":"","newspack_post_subtitle":"","newspack_article_summary_title":"Overview:","newspack_article_summary":"","_jetpack_memberships_contains_paid_content":false,"footnotes":""},"categories":[340],"tags":[398,3021],"newspack_spnsrs_tax":[],"coauthors":[3737],"class_list":["post-6708","post","type-post","status-publish","format-standard","has-post-thumbnail","hentry","category-analisis","tag-honduras-pais","tag-prisiones-es","entry"],"parsely":{"version":"1.1.0","canonical_url":"https:\/\/insightcrime.org\/es\/noticias\/analisis\/pais-mata-a-sus-presos-parte-ii\/","smart_links":{"inbound":0,"outbound":0},"traffic_boost_suggestions_count":0,"meta":{"@context":"https:\/\/schema.org","@type":"NewsArticle","headline":"El pa\u00eds que mata a sus presos \u2013 Parte II","url":"http:\/\/insightcrime.org\/es\/noticias\/analisis\/pais-mata-a-sus-presos-parte-ii\/","mainEntityOfPage":{"@type":"WebPage","@id":"http:\/\/insightcrime.org\/es\/noticias\/analisis\/pais-mata-a-sus-presos-parte-ii\/"},"thumbnailUrl":"https:\/\/i0.wp.com\/insightcrime.org\/wp-content\/uploads\/2014\/05\/es-a1b656136702719c9b771ebb82ba1be9.jpg?resize=150%2C150&quality=100&ssl=1","image":{"@type":"ImageObject","url":"https:\/\/i0.wp.com\/insightcrime.org\/wp-content\/uploads\/2014\/05\/es-a1b656136702719c9b771ebb82ba1be9.jpg?fit=280%2C169&quality=100&ssl=1"},"articleSection":"An\u00e1lisis","author":[{"@type":"Person","name":"Jose Luis Sanz"}],"creator":["Jose Luis Sanz"],"publisher":{"@type":"Organization","name":"InSight Crime","logo":"https:\/\/insightcrime.org\/wp-content\/uploads\/2023\/08\/logo.png"},"keywords":["honduras","prisiones"],"dateCreated":"2017-03-28T00:00:37Z","datePublished":"2017-03-28T00:00:37Z","dateModified":"2023-04-24T20:38:17Z"},"rendered":"<meta name=\"parsely-title\" content=\"El pa\u00eds que mata a sus presos \u2013 Parte II\" \/>\n<meta name=\"parsely-link\" content=\"http:\/\/insightcrime.org\/es\/noticias\/analisis\/pais-mata-a-sus-presos-parte-ii\/\" \/>\n<meta name=\"parsely-type\" content=\"post\" \/>\n<meta name=\"parsely-image-url\" content=\"https:\/\/i0.wp.com\/insightcrime.org\/wp-content\/uploads\/2014\/05\/es-a1b656136702719c9b771ebb82ba1be9.jpg?resize=150%2C150&amp;quality=100&amp;ssl=1\" \/>\n<meta name=\"parsely-pub-date\" content=\"2017-03-28T00:00:37Z\" \/>\n<meta name=\"parsely-section\" content=\"An\u00e1lisis\" \/>\n<meta name=\"parsely-tags\" content=\"honduras,prisiones\" \/>\n<meta name=\"parsely-author\" content=\"Jose Luis Sanz\" \/>","tracker_url":"https:\/\/cdn.parsely.com\/keys\/insightcrime.org\/p.js"},"jetpack_sharing_enabled":true,"jetpack-related-posts":[{"id":296893,"url":"https:\/\/insightcrime.org\/es\/noticias\/masacre-carcel-ecuador-evidencia-rapida-evolucion-criminal\/","url_meta":{"origin":6708,"position":0},"title":"Masacre en c\u00e1rcel de Ecuador evidencia acelerada evoluci\u00f3n criminal","author":"Steven Dudley","date":"28 de noviembre de 2024","format":false,"excerpt":"Una reciente masacre al interior de la prisi\u00f3n m\u00e1s violenta y m\u00e1s grande de Ecuador es una se\u00f1al de que las m\u00faltiples organizaciones criminales del pa\u00eds se est\u00e1n atomizando a un ritmo acelerado a medida que se estanca la mano dura del gobierno en materia de seguridad.\u00a0\u00a0","rel":"","context":"En \u00abNoticias\u00bb","block_context":{"text":"Noticias","link":"https:\/\/insightcrime.org\/es\/category\/noticias\/"},"img":{"alt_text":"Polic\u00edas vigilan la c\u00e1rcel Litoral en Guayaquil, Ecuador luego de la masacre. Cr\u00e9dito: Jose Sanchez \/ Associated Press","src":"https:\/\/i0.wp.com\/insightcrime.org\/wp-content\/uploads\/2024\/11\/Policia-carcel-Ecuador-2024.jpg?fit=1200%2C675&quality=100&ssl=1&resize=350%2C200","width":350,"height":200,"srcset":"https:\/\/i0.wp.com\/insightcrime.org\/wp-content\/uploads\/2024\/11\/Policia-carcel-Ecuador-2024.jpg?fit=1200%2C675&quality=100&ssl=1&resize=350%2C200 1x, https:\/\/i0.wp.com\/insightcrime.org\/wp-content\/uploads\/2024\/11\/Policia-carcel-Ecuador-2024.jpg?fit=1200%2C675&quality=100&ssl=1&resize=525%2C300 1.5x, https:\/\/i0.wp.com\/insightcrime.org\/wp-content\/uploads\/2024\/11\/Policia-carcel-Ecuador-2024.jpg?fit=1200%2C675&quality=100&ssl=1&resize=700%2C400 2x, https:\/\/i0.wp.com\/insightcrime.org\/wp-content\/uploads\/2024\/11\/Policia-carcel-Ecuador-2024.jpg?fit=1200%2C675&quality=100&ssl=1&resize=1050%2C600 3x"},"classes":[]},{"id":232555,"url":"https:\/\/insightcrime.org\/es\/noticias\/detencion-preventiva-favorece-el-crimen-organizado-en-paraguay\/","url_meta":{"origin":6708,"position":1},"title":"\u00bfDetenci\u00f3n preventiva favorece el crimen organizado en Paraguay?","author":"Christopher Newton","date":"13 de julio de 2023","format":false,"excerpt":"La inseguridad est\u00e1 aumentando en Paraguay, y el gobierno les est\u00e1 facilitando a los grupos criminales el reclutamiento de nuevos miembros, al encarcelar a miles de personas acusadas de alg\u00fan delito junto con verdaderos criminales. Muchos pa\u00edses latinoamericanos emplean la pr\u00e1ctica conocida como prisi\u00f3n preventiva, mediante la cual se encarcela\u2026","rel":"","context":"En \u00abNoticias\u00bb","block_context":{"text":"Noticias","link":"https:\/\/insightcrime.org\/es\/category\/noticias\/"},"img":{"alt_text":"","src":"https:\/\/i0.wp.com\/insightcrime.org\/wp-content\/uploads\/2023\/07\/DataInSights-Are-Pretrial-Detentions-Fueling-Organized-Crime-in-Paraguay-July-2023-InSight-Crime.jpg?fit=1200%2C690&quality=100&ssl=1&resize=350%2C200","width":350,"height":200,"srcset":"https:\/\/i0.wp.com\/insightcrime.org\/wp-content\/uploads\/2023\/07\/DataInSights-Are-Pretrial-Detentions-Fueling-Organized-Crime-in-Paraguay-July-2023-InSight-Crime.jpg?fit=1200%2C690&quality=100&ssl=1&resize=350%2C200 1x, https:\/\/i0.wp.com\/insightcrime.org\/wp-content\/uploads\/2023\/07\/DataInSights-Are-Pretrial-Detentions-Fueling-Organized-Crime-in-Paraguay-July-2023-InSight-Crime.jpg?fit=1200%2C690&quality=100&ssl=1&resize=525%2C300 1.5x, https:\/\/i0.wp.com\/insightcrime.org\/wp-content\/uploads\/2023\/07\/DataInSights-Are-Pretrial-Detentions-Fueling-Organized-Crime-in-Paraguay-July-2023-InSight-Crime.jpg?fit=1200%2C690&quality=100&ssl=1&resize=700%2C400 2x, https:\/\/i0.wp.com\/insightcrime.org\/wp-content\/uploads\/2023\/07\/DataInSights-Are-Pretrial-Detentions-Fueling-Organized-Crime-in-Paraguay-July-2023-InSight-Crime.jpg?fit=1200%2C690&quality=100&ssl=1&resize=1050%2C600 3x"},"classes":[]},{"id":203481,"url":"https:\/\/insightcrime.org\/es\/noticias\/traslados-lideres-pandillas-detonan-violencia-carcelaria-ecuador\/","url_meta":{"origin":6708,"position":2},"title":"Traslados de l\u00edderes de pandillas son factores de violencia carcelaria en Ecuador","author":"Henry Shuldiner","date":"7 de noviembre de 2022","format":false,"excerpt":"Despu\u00e9s de otra serie de ataques contra las autoridades y la poblaci\u00f3n carcelaria de Ecuador, la estrategia \u00fanica del gobierno de trasladar los pandilleros de una prisi\u00f3n a otra parece ser el detonante de la violencia.","rel":"","context":"En \u00abNoticias\u00bb","block_context":{"text":"Noticias","link":"https:\/\/insightcrime.org\/es\/category\/noticias\/"},"img":{"alt_text":"Autom\u00f3vil incinerado en Guayaquil tras 24 horas de violencia carcelaria de las pandillas en Ecuador","src":"https:\/\/i0.wp.com\/insightcrime.org\/wp-content\/uploads\/2022\/11\/ZEUFGK75NJHX5KJZBY6YRD5UQA-1-1.jpg?fit=350%2C250&quality=100&ssl=1&resize=350%2C200","width":350,"height":200},"classes":[]},{"id":296997,"url":"https:\/\/insightcrime.org\/es\/investigations\/el-fortin-de-fito-la-prision-de-ecuador-convertida-en-un-comando-criminal\/","url_meta":{"origin":6708,"position":3},"title":"El fort\u00edn de Fito: la prisi\u00f3n de Ecuador convertida en un comando criminal","author":"James Bargent","date":"28 de noviembre de 2024","format":false,"excerpt":"Fito se hab\u00eda fugado de un pabell\u00f3n de m\u00e1xima seguridad por segunda vez en diez a\u00f1os. Pero a diferencia de 2013, cuando \u00e9l y 17 de los criminales m\u00e1s peligrosos de Ecuador protagonizaron una cinematogr\u00e1fica fuga, esta vez no dej\u00f3 rastro: ni guardias esposados, ni cercas cortadas, ni huellas ni\u2026","rel":"","context":"En \u00abAudio\u00bb","block_context":{"text":"Audio","link":"https:\/\/insightcrime.org\/category\/audio\/"},"img":{"alt_text":"","src":"https:\/\/i0.wp.com\/insightcrime.org\/wp-content\/uploads\/2024\/11\/Ecuador-Prisons-Cover-Caso-de-Estudio-2-InSight-Crime-Nov-2024.jpg?fit=1200%2C690&quality=100&ssl=1&resize=350%2C200","width":350,"height":200,"srcset":"https:\/\/i0.wp.com\/insightcrime.org\/wp-content\/uploads\/2024\/11\/Ecuador-Prisons-Cover-Caso-de-Estudio-2-InSight-Crime-Nov-2024.jpg?fit=1200%2C690&quality=100&ssl=1&resize=350%2C200 1x, https:\/\/i0.wp.com\/insightcrime.org\/wp-content\/uploads\/2024\/11\/Ecuador-Prisons-Cover-Caso-de-Estudio-2-InSight-Crime-Nov-2024.jpg?fit=1200%2C690&quality=100&ssl=1&resize=525%2C300 1.5x, https:\/\/i0.wp.com\/insightcrime.org\/wp-content\/uploads\/2024\/11\/Ecuador-Prisons-Cover-Caso-de-Estudio-2-InSight-Crime-Nov-2024.jpg?fit=1200%2C690&quality=100&ssl=1&resize=700%2C400 2x, https:\/\/i0.wp.com\/insightcrime.org\/wp-content\/uploads\/2024\/11\/Ecuador-Prisons-Cover-Caso-de-Estudio-2-InSight-Crime-Nov-2024.jpg?fit=1200%2C690&quality=100&ssl=1&resize=1050%2C600 3x"},"classes":[]},{"id":232580,"url":"https:\/\/insightcrime.org\/es\/noticias\/guerra-antipandillas-honduras-ataca-fuente-violencia\/","url_meta":{"origin":6708,"position":4},"title":"Guerra antipandillas en Honduras ataca solo una fuente de violencia","author":"Sean Doherty","date":"28 de junio de 2023","format":false,"excerpt":"El gobierno de Honduras ha intensificado su campa\u00f1a contra las pandillas tras los recientes estallidos de violencia criminal, pero su respuesta limitada pasa por alto las variadas din\u00e1micas de crimen organizado en juego.","rel":"","context":"En \u00abNoticias\u00bb","block_context":{"text":"Noticias","link":"https:\/\/insightcrime.org\/es\/category\/noticias\/"},"img":{"alt_text":"","src":"https:\/\/i0.wp.com\/insightcrime.org\/wp-content\/uploads\/2023\/09\/706048f0-1433-11ee-924b-8104a08ea010-e1687984610513-1.jpg?fit=349%2C249&quality=100&ssl=1&resize=350%2C200","width":350,"height":200},"classes":[]},{"id":204795,"url":"https:\/\/insightcrime.org\/es\/noticias\/que-pasa-megacarceles-america-latina\/","url_meta":{"origin":6708,"position":5},"title":"\u00bfQu\u00e9 pasa con las megac\u00e1rceles en Am\u00e9rica Latina?","author":"Chris Dalby","date":"25 de noviembre de 2022","format":false,"excerpt":"En las c\u00e1rceles de Latinoam\u00e9rica parece que ya no cabe un reo m\u00e1s, y los centros penitenciarios siguen constituy\u00e9ndose como lugares donde las econom\u00edas y los grupos criminales tienen suficiente espacio para proliferar.","rel":"","context":"En \u00abNoticias\u00bb","block_context":{"text":"Noticias","link":"https:\/\/insightcrime.org\/es\/category\/noticias\/"},"img":{"alt_text":"Police outside the Litoral prison in Guayaquil, Ecuador","src":"https:\/\/i0.wp.com\/insightcrime.org\/wp-content\/uploads\/2022\/11\/9938abe5d446b3688eeab1243f3dd710_XL-1.jpg?fit=350%2C250&quality=100&ssl=1&resize=350%2C200","width":350,"height":200},"classes":[]}],"jetpack_featured_media_url":"https:\/\/i0.wp.com\/insightcrime.org\/wp-content\/uploads\/2014\/05\/es-a1b656136702719c9b771ebb82ba1be9.jpg?fit=280%2C169&quality=100&ssl=1","_links":{"self":[{"href":"https:\/\/insightcrime.org\/es\/wp-json\/wp\/v2\/posts\/6708","targetHints":{"allow":["GET"]}}],"collection":[{"href":"https:\/\/insightcrime.org\/es\/wp-json\/wp\/v2\/posts"}],"about":[{"href":"https:\/\/insightcrime.org\/es\/wp-json\/wp\/v2\/types\/post"}],"author":[{"embeddable":true,"href":"https:\/\/insightcrime.org\/es\/wp-json\/wp\/v2\/users\/110"}],"replies":[{"embeddable":true,"href":"https:\/\/insightcrime.org\/es\/wp-json\/wp\/v2\/comments?post=6708"}],"version-history":[{"count":1,"href":"https:\/\/insightcrime.org\/es\/wp-json\/wp\/v2\/posts\/6708\/revisions"}],"predecessor-version":[{"id":22285,"href":"https:\/\/insightcrime.org\/es\/wp-json\/wp\/v2\/posts\/6708\/revisions\/22285"}],"wp:featuredmedia":[{"embeddable":true,"href":"https:\/\/insightcrime.org\/es\/wp-json\/wp\/v2\/media\/40201"}],"wp:attachment":[{"href":"https:\/\/insightcrime.org\/es\/wp-json\/wp\/v2\/media?parent=6708"}],"wp:term":[{"taxonomy":"category","embeddable":true,"href":"https:\/\/insightcrime.org\/es\/wp-json\/wp\/v2\/categories?post=6708"},{"taxonomy":"post_tag","embeddable":true,"href":"https:\/\/insightcrime.org\/es\/wp-json\/wp\/v2\/tags?post=6708"},{"taxonomy":"newspack_spnsrs_tax","embeddable":true,"href":"https:\/\/insightcrime.org\/es\/wp-json\/wp\/v2\/newspack_spnsrs_tax?post=6708"},{"taxonomy":"author","embeddable":true,"href":"https:\/\/insightcrime.org\/es\/wp-json\/wp\/v2\/coauthors?post=6708"}],"curies":[{"name":"wp","href":"https:\/\/api.w.org\/{rel}","templated":true}]}}