{"id":6716,"date":"2014-05-13T20:23:29","date_gmt":"2017-03-28T00:00:40","guid":{"rendered":"http:\/\/newwp.insightcrime.org?p=6716"},"modified":"2023-04-24T15:38:20","modified_gmt":"2023-04-24T20:38:20","slug":"mexico-lanza-unidad-oficial-autodefensa-inestable-proceso-legalizacion","status":"publish","type":"post","link":"https:\/\/insightcrime.org\/es\/noticias\/noticias-del-dia\/mexico-lanza-unidad-oficial-autodefensa-inestable-proceso-legalizacion\/","title":{"rendered":"M\u00e9xico lanza unidad oficial de autodefensa en medio de inestable proceso de legalizaci\u00f3n"},"content":{"rendered":"\n<p class=\"wp-block-paragraph\">Cientos de miembros de las autodefensas se han unido a la nueva \u201cFuerza Rural Estatal\u201d de M\u00e9xico como parte de un movimiento para legalizar a las milicias de autodefensa, creando una brecha potencialmente cr\u00edtica entre las milicias preparadas para ser absorbidas por el Estado y las muchas otras que quedan por fuera de la ley.<\/p>\n\n\n\n<p class=\"wp-block-paragraph\"><span style=\"background-color: transparent\">El 11 de mayo, el comisionado para la seguridad del estado de Michoac\u00e1n, Alfredo Castillo, lanz\u00f3 oficialmente el cuerpo de Defensa Rural Estatal con la creaci\u00f3n de una unidad de 450 personas, compuesto por miembros de las milicias de autodefensa del estado, <\/span><a style=\"background-color: transparent\" href=\"https:\/\/www.eluniversal.com.mx\/nacion-mexico\/2014\/impreso\/michoacan-oficializan-fuerza-rural-estatal-215451.html\" target=\"_blank\">inform\u00f3 El Universal<\/a><span style=\"background-color: transparent\">.<\/span><\/p>\n\n\n\n<p class=\"wp-block-paragraph\"><span style=\"background-color: transparent\">Entre los primeros oficiales de la nueva fuerza, que las autoridades presentaron con armas, uniformes y veh\u00edculos, estaba el nuevo vocero oficial del Consejo General de las Fuerzas de Autodefensas y Comunitarios de Michoac\u00e1n, Estanislao Beltr\u00e1n, alias \u201cPap\u00e1 Pitufo\u201d.<\/span><\/p>\n\n\n\n<p class=\"wp-block-paragraph\">Beltr\u00e1n dijo a los periodistas: \u201cEstamos en la legalidad y con ello ya tenemos un compromiso, somos parte del gobierno\u201d.<\/p>\n\n\n\n<p class=\"wp-block-paragraph\">La nueva fuerza comenzar\u00e1 a operar en los municipios de Tepalcatepec y Buena Vista Tomatl\u00e1n, y el esquema est\u00e1 programado para ser posteriormente lanzado en otros lugares del estado.<\/p>\n\n\n\n<p class=\"wp-block-paragraph\"><a style=\"background-color: transparent\" href=\"\/noticias\/noticias-del-dia\/autodefensas-mexico-destituyen-lider-mientras-legalizacion-pende-de-un-hilo\" target=\"_blank\">M\u00e1s de 3.000<\/a><span style=\"background-color: transparent\"> de los 20.000 miembros aproximados de las milicias de autodefensa aplicaron para unirse a la nueva fuerza antes de la fecha l\u00edmite de inscripci\u00f3n, aunque muchos no pasaron los ex\u00e1menes o el entrenamiento b\u00e1sico.<\/span><\/p>\n\n\n\n<p class=\"wp-block-paragraph\"><a style=\"background-color: transparent\" href=\"https:\/\/www.animalpolitico.com\/2014\/05\/varias-autodefensas-se-quedaron-con-las-ganas-de-pertenecer-las-fuerzas-rurales\/#axzz31cWOXu8f\" target=\"_blank\">Animal Pol\u00edtico inform\u00f3<\/a><span style=\"background-color: transparent\"> que entre los nuevos reclutas hab\u00eda incertidumbre sobre cu\u00e1l iba a ser su papel, y sobre otras cuestiones como el pago, las prestaciones, las horas de trabajo y las condiciones.<\/span><\/p>\n\n\n\n<h3 class=\"wp-block-heading\">An\u00e1lisis de InSight Crime<\/h3>\n\n\n\n<p class=\"wp-block-paragraph\">El lanzamiento de la primera Fuerza Rural Estatal&nbsp;marca la implementaci\u00f3n de un <a href=\"\/noticias\/noticias-del-dia\/legalizacion-de-autodefensas-en-mexico-aumenta-preocupaciones-sobre-paramilitares\" target=\"_blank\">acuerdo entre grupos de autodefensa y el gobierno<\/a>, firmado en enero de este a\u00f1o.<\/p>\n\n\n\n<p class=\"wp-block-paragraph\"><span style=\"background-color: transparent\">El pacto fue un intento del gobierno para obtener control sobre una situaci\u00f3n que se hab\u00eda salido de control r\u00e1pidamente, y para lograr un equilibrio entre ayudar a los ciudadanos a luchar contra el crimen organizado -que afirmaban estar haciendo como consecuencia de las fallas del Estado- y prevenir que las autodefensas se tomaran la justicia por su mano.<\/span><\/p>\n\n\n\n<p class=\"wp-block-paragraph\"><strong><span style=\"color: #800000\">VEA TAMBI\u00c9N:<\/span><\/strong> <a href=\"\/investigations\/mexico-michoacan-vigilantes\" target=\"_blank\">El dilema de seguridad de M\u00e9xico: Las milicias de Michoac\u00e1n<\/a><\/p>\n\n\n\n<p class=\"wp-block-paragraph\">Existen numerosos obst\u00e1culos a los que se enfrenta la estrategia de&nbsp;Fuerza Rural Estatal&nbsp;en este sentido, incluyendo la falta de claridad en cuanto a la definici\u00f3n de sus funciones y su relaci\u00f3n de los miembros con las fuerzas estatales, as\u00ed como su lugar a largo plazo en las estructuras regionales de seguridad.<\/p>\n\n\n\n<div class=\"easyshareit\"><span style=\"line-height: 20px;background-color: transparent\">Sin embargo, tal vez la mayor preocupaci\u00f3n son los miles de milicianos que se mantienen al margen del proceso. Algunos de ellos ya trabajan para milicias que se cree est\u00e1n vinculadas a grupos criminales, e incluso aquellos que no, podr\u00edan tener la tentaci\u00f3n de abusar o de beneficiarse de su poder, o de trabajar para los intereses criminales ahora que se encuentran en el lado equivocado de la l\u00ednea trazada por el gobierno.<\/span><\/div>\n","protected":false},"excerpt":{"rendered":"<p>Cientos de miembros de las autodefensas se han unido a la nueva \u00abFuerza Rural Estatal\u00bb de M\u00e9xico como parte de un movimiento para legalizar a las milicias de autodefensa, creando una brecha potencialmente cr\u00edtica entre las milicias preparadas para ser absorbidas por el Estado y las muchas otras que quedan por fuera de la ley.<\/p>\n","protected":false},"author":25,"featured_media":40218,"comment_status":"closed","ping_status":"closed","sticky":false,"template":"","format":"standard","meta":{"newspack_ads_suppress_ads":false,"newspack_popups_has_disabled_popups":false,"newspack_sponsor_sponsorship_scope":"","newspack_sponsor_native_byline_display":"inherit","newspack_sponsor_native_category_display":"inherit","newspack_sponsor_underwriter_style":"inherit","newspack_sponsor_underwriter_placement":"inherit","_EventAllDay":false,"_EventTimezone":"","_EventStartDate":"","_EventEndDate":"","_EventStartDateUTC":"","_EventEndDateUTC":"","_EventShowMap":false,"_EventShowMapLink":false,"_EventURL":"","_EventCost":"","_EventCostDescription":"","_EventCurrencySymbol":"","_EventCurrencyCode":"","_EventCurrencyPosition":"","_EventDateTimeSeparator":"","_EventTimeRangeSeparator":"","_EventOrganizerID":[],"_EventVenueID":[],"_OrganizerEmail":"","_OrganizerPhone":"","_OrganizerWebsite":"","_VenueAddress":"","_VenueCity":"","_VenueCountry":"","_VenueProvince":"","_VenueState":"","_VenueZip":"","_VenuePhone":"","_VenueURL":"","_VenueStateProvince":"","_VenueLat":"","_VenueLng":"","_VenueShowMap":false,"_VenueShowMapLink":false,"_newspack_byline_active":false,"_newspack_byline":"","newspack_hide_updated_date":false,"newspack_show_updated_date":false,"newspack_featured_image_position":"","newspack_post_subtitle":"","newspack_article_summary_title":"Overview:","newspack_article_summary":"","_jetpack_memberships_contains_paid_content":false,"footnotes":""},"categories":[334],"tags":[1522,406,438],"newspack_spnsrs_tax":[],"coauthors":[3872,3821],"class_list":["post-6716","post","type-post","status-publish","format-standard","has-post-thumbnail","hentry","category-noticias-del-dia","tag-vigilantes-es","tag-mexico-pais","tag-politicas-de-seguridad","entry"],"parsely":{"version":"1.1.0","canonical_url":"https:\/\/insightcrime.org\/es\/noticias\/noticias-del-dia\/mexico-lanza-unidad-oficial-autodefensa-inestable-proceso-legalizacion\/","smart_links":{"inbound":0,"outbound":0},"traffic_boost_suggestions_count":0,"meta":{"@context":"https:\/\/schema.org","@type":"NewsArticle","headline":"M\u00e9xico lanza unidad oficial de autodefensa en medio de inestable proceso de legalizaci\u00f3n","url":"http:\/\/insightcrime.org\/es\/noticias\/noticias-del-dia\/mexico-lanza-unidad-oficial-autodefensa-inestable-proceso-legalizacion\/","mainEntityOfPage":{"@type":"WebPage","@id":"http:\/\/insightcrime.org\/es\/noticias\/noticias-del-dia\/mexico-lanza-unidad-oficial-autodefensa-inestable-proceso-legalizacion\/"},"thumbnailUrl":"https:\/\/i0.wp.com\/insightcrime.org\/wp-content\/uploads\/2014\/05\/es-cd2fff87193d5eaa61cd20ab4228bf53.jpg?resize=150%2C150&quality=100&ssl=1","image":{"@type":"ImageObject","url":"https:\/\/i0.wp.com\/insightcrime.org\/wp-content\/uploads\/2014\/05\/es-cd2fff87193d5eaa61cd20ab4228bf53.jpg?fit=280%2C169&quality=100&ssl=1"},"articleSection":"Noticias del d\u00eda","author":[{"@type":"Person","name":"Michael Lohmuller"},{"@type":"Person","name":"James Bargent"}],"creator":["Michael Lohmuller","James Bargent"],"publisher":{"@type":"Organization","name":"InSight Crime","logo":"https:\/\/insightcrime.org\/wp-content\/uploads\/2023\/08\/logo.png"},"keywords":["autodefensas","m\u00e9xico","pol\u00edticas de seguridad"],"dateCreated":"2017-03-28T00:00:40Z","datePublished":"2017-03-28T00:00:40Z","dateModified":"2023-04-24T20:38:20Z"},"rendered":"<meta name=\"parsely-title\" content=\"M\u00e9xico lanza unidad oficial de autodefensa en medio de inestable proceso de legalizaci\u00f3n\" \/>\n<meta name=\"parsely-link\" content=\"http:\/\/insightcrime.org\/es\/noticias\/noticias-del-dia\/mexico-lanza-unidad-oficial-autodefensa-inestable-proceso-legalizacion\/\" \/>\n<meta name=\"parsely-type\" content=\"post\" \/>\n<meta name=\"parsely-image-url\" content=\"https:\/\/i0.wp.com\/insightcrime.org\/wp-content\/uploads\/2014\/05\/es-cd2fff87193d5eaa61cd20ab4228bf53.jpg?resize=150%2C150&amp;quality=100&amp;ssl=1\" \/>\n<meta name=\"parsely-pub-date\" content=\"2017-03-28T00:00:40Z\" \/>\n<meta name=\"parsely-section\" content=\"Noticias del d\u00eda\" \/>\n<meta name=\"parsely-tags\" content=\"autodefensas,m\u00e9xico,pol\u00edticas de seguridad\" \/>\n<meta name=\"parsely-author\" content=\"Michael Lohmuller\" \/>\n<meta name=\"parsely-author\" content=\"James Bargent\" \/>","tracker_url":"https:\/\/cdn.parsely.com\/keys\/insightcrime.org\/p.js"},"jetpack_sharing_enabled":true,"jetpack-related-posts":[{"id":232701,"url":"https:\/\/insightcrime.org\/es\/noticias\/movimiento-autodefensa-bwa-kale-enfrenta-pandillas-haiti\/","url_meta":{"origin":6716,"position":0},"title":"Movimiento de autodefensa &#8216;Bwa Kale&#8217; enfrenta a pandillas en Hait\u00ed","author":"Henry Shuldiner","date":"9 de mayo de 2023","format":false,"excerpt":"Los movimientos de autodefensa se est\u00e1 extendiendo y ganando apoyo p\u00fablico en medio de la creciente inseguridad en Hait\u00ed, lo que aumenta la posibilidad de que estos se fusionen en organizaciones criminales.","rel":"","context":"En \u00abNoticias\u00bb","block_context":{"text":"Noticias","link":"https:\/\/insightcrime.org\/es\/category\/noticias\/"},"img":{"alt_text":"Hombre armado con un machete en una calle de Puerto Pr\u00edncipe, capital de Hait\u00ed.","src":"https:\/\/i0.wp.com\/insightcrime.org\/wp-content\/uploads\/2023\/09\/HaitiKillings-1-1-1.jpg?fit=350%2C250&quality=100&ssl=1&resize=350%2C200","width":350,"height":200},"classes":[]},{"id":140108,"url":"https:\/\/insightcrime.org\/es\/noticias\/arresto-guatemala-imputacion-eeuu-ataque-mexico\/","url_meta":{"origin":6716,"position":1},"title":"Arresto en Guatemala, imputaci\u00f3n en EE.UU. y ataque en M\u00e9xico","author":"Alex Papadovassilakis","date":"2 de abril de 2021","format":false,"excerpt":"Tras la captura de un exalcalde mexicano en Guatemala, Estados Unidos hizo p\u00fablica una imputaci\u00f3n en su contra y rivales criminales presuntamente atacaron el pueblo que estuvo bajo su control.","rel":"","context":"En \u00abNoticias\u00bb","block_context":{"text":"Noticias","link":"https:\/\/insightcrime.org\/es\/category\/noticias\/"},"img":{"alt_text":"","src":"https:\/\/i0.wp.com\/insightcrime.org\/wp-content\/uploads\/2021\/04\/Alcalde-Mexicano-Capturado.png?fit=350%2C250&quality=100&ssl=1&resize=350%2C200","width":350,"height":200},"classes":[]},{"id":246300,"url":"https:\/\/insightcrime.org\/es\/noticias\/policia-podria-obstaculo-eliminar-milicias-rio-brasil\/","url_meta":{"origin":6716,"position":2},"title":"Polic\u00eda podr\u00eda ser obst\u00e1culo para eliminar las milicias de R\u00edo, Brasil","author":"Chris Dalby","date":"9 de noviembre de 2023","format":false,"excerpt":"El gobierno de Brasil inici\u00f3 una ofensiva contra las milicias, pero la polic\u00eda estatal de R\u00edo de Janeiro podr\u00eda ser un obst\u00e1culo para este proceso.","rel":"","context":"En \u00abNoticias\u00bb","block_context":{"text":"Noticias","link":"https:\/\/insightcrime.org\/es\/category\/noticias\/"},"img":{"alt_text":"Autob\u00fas de R\u00edo de Janeiro que fue incendiado por milicias de Brasil","src":"https:\/\/i0.wp.com\/insightcrime.org\/wp-content\/uploads\/2023\/11\/image_doc-33yv6nw.jpg?fit=350%2C250&quality=100&ssl=1&resize=350%2C200","width":350,"height":200},"classes":[]},{"id":249727,"url":"https:\/\/insightcrime.org\/es\/noticias\/regreso-narco-rebelde-podria-impactar-dinamicas-criminales-haiti\/","url_meta":{"origin":6716,"position":3},"title":"Regreso de narco-rebelde podr\u00eda impactar din\u00e1micas criminales de Hait\u00ed","author":"Juliana Manjarr\u00e9s","date":"11 de diciembre de 2023","format":false,"excerpt":"El regreso a Hait\u00ed de un exsenador condenado por lavado de dinero en Estados Unidos podr\u00eda desatar m\u00e1s agitaci\u00f3n en un pa\u00eds que ya se tambalea por la violencia de las pandillas y la inestabilidad pol\u00edtica.","rel":"","context":"En \u00abNoticias\u00bb","block_context":{"text":"Noticias","link":"https:\/\/insightcrime.org\/es\/category\/noticias\/"},"img":{"alt_text":"","src":"https:\/\/i0.wp.com\/insightcrime.org\/wp-content\/uploads\/2023\/12\/Haiti-GuyPhilippe-MiamiHerald.jpeg?fit=350%2C250&quality=100&ssl=1&resize=350%2C200","width":350,"height":200},"classes":[]},{"id":151116,"url":"https:\/\/insightcrime.org\/es\/noticias\/grupo-auntodefensa-conforma-ataque-criminal-chiapas-mexico\/","url_meta":{"origin":6716,"position":4},"title":"Grupo de autodefensa se conforma tras ataque criminal en Chiapas, M\u00e9xico","author":"Parker Asmann","date":"26 de julio de 2021","format":false,"excerpt":"En medio de la ausencia del gobierno, las comunidades ind\u00edgenas en las tierras altas del estado de Chiapas, en el sur de M\u00e9xico, est\u00e1n apoyando a un grupo de autodefensa que se form\u00f3 para defenderse de los ataques de grupos del crimen organizado contra sus comunidades.","rel":"","context":"En \u00abNoticias\u00bb","block_context":{"text":"Noticias","link":"https:\/\/insightcrime.org\/es\/category\/noticias\/"},"img":{"alt_text":"","src":"https:\/\/i0.wp.com\/insightcrime.org\/wp-content\/uploads\/2021\/07\/21-07-23-Chiapas-Autodefensas.jpg?fit=350%2C250&quality=100&ssl=1&resize=350%2C200","width":350,"height":200},"classes":[]},{"id":7015,"url":"https:\/\/insightcrime.org\/es\/noticias-crimen-organizado-colombia\/farc-perfil\/","url_meta":{"origin":6716,"position":5},"title":"FARC","author":"InSight Crime","date":"23 de noviembre de 2023","format":false,"excerpt":"Las Fuerzas Armadas Revolucionarias de Colombia (FARC) fueron el mayor ej\u00e9rcito irregular de Colombia. Operaron en varias regiones del pa\u00eds en busca de recursos para financiar su guerra de casi 50 a\u00f1os contra el Estado. Las FARC fueron el grupo guerrillero m\u00e1s antiguo e importante del hemisferio occidental y durante\u2026","rel":"","context":"En \u00abColombia\u00bb","block_context":{"text":"Colombia","link":"https:\/\/insightcrime.org\/es\/category\/noticias-crimen-organizado-colombia\/"},"img":{"alt_text":"","src":"","width":0,"height":0},"classes":[]}],"jetpack_featured_media_url":"https:\/\/i0.wp.com\/insightcrime.org\/wp-content\/uploads\/2014\/05\/es-cd2fff87193d5eaa61cd20ab4228bf53.jpg?fit=280%2C169&quality=100&ssl=1","_links":{"self":[{"href":"https:\/\/insightcrime.org\/es\/wp-json\/wp\/v2\/posts\/6716","targetHints":{"allow":["GET"]}}],"collection":[{"href":"https:\/\/insightcrime.org\/es\/wp-json\/wp\/v2\/posts"}],"about":[{"href":"https:\/\/insightcrime.org\/es\/wp-json\/wp\/v2\/types\/post"}],"author":[{"embeddable":true,"href":"https:\/\/insightcrime.org\/es\/wp-json\/wp\/v2\/users\/25"}],"replies":[{"embeddable":true,"href":"https:\/\/insightcrime.org\/es\/wp-json\/wp\/v2\/comments?post=6716"}],"version-history":[{"count":1,"href":"https:\/\/insightcrime.org\/es\/wp-json\/wp\/v2\/posts\/6716\/revisions"}],"predecessor-version":[{"id":22301,"href":"https:\/\/insightcrime.org\/es\/wp-json\/wp\/v2\/posts\/6716\/revisions\/22301"}],"wp:featuredmedia":[{"embeddable":true,"href":"https:\/\/insightcrime.org\/es\/wp-json\/wp\/v2\/media\/40218"}],"wp:attachment":[{"href":"https:\/\/insightcrime.org\/es\/wp-json\/wp\/v2\/media?parent=6716"}],"wp:term":[{"taxonomy":"category","embeddable":true,"href":"https:\/\/insightcrime.org\/es\/wp-json\/wp\/v2\/categories?post=6716"},{"taxonomy":"post_tag","embeddable":true,"href":"https:\/\/insightcrime.org\/es\/wp-json\/wp\/v2\/tags?post=6716"},{"taxonomy":"newspack_spnsrs_tax","embeddable":true,"href":"https:\/\/insightcrime.org\/es\/wp-json\/wp\/v2\/newspack_spnsrs_tax?post=6716"},{"taxonomy":"author","embeddable":true,"href":"https:\/\/insightcrime.org\/es\/wp-json\/wp\/v2\/coauthors?post=6716"}],"curies":[{"name":"wp","href":"https:\/\/api.w.org\/{rel}","templated":true}]}}