{"id":6779,"date":"2014-06-02T14:01:16","date_gmt":"2017-03-28T00:01:26","guid":{"rendered":"http:\/\/newwp.insightcrime.org?p=6779"},"modified":"2023-04-24T15:38:43","modified_gmt":"2023-04-24T20:38:43","slug":"corte-suprema-depura-justicia-y-paz-de-narcos-puros","status":"publish","type":"post","link":"https:\/\/insightcrime.org\/es\/noticias\/analisis\/corte-suprema-depura-justicia-y-paz-de-narcos-puros\/","title":{"rendered":"Corte Suprema depura Justicia y Paz de \u201cnarcos puros\u201d"},"content":{"rendered":"\n<p class=\"wp-block-paragraph\">El Alto Tribunal orden\u00f3 la exclusi\u00f3n de Miguel \u00c1ngel Mej\u00eda M\u00fanera, alias \u2018El Mellizo\u2019, a quien se\u00f1al\u00f3 de traficar por m\u00e1s de una d\u00e9cada. Es el segundo exparamilitar en salir del proceso bajo la Ley 975 de 2005. Asimismo, cuestion\u00f3 procedimientos de la Fiscal\u00eda.<\/p>\n\n\n\n<p class=\"wp-block-paragraph\">La Corte Suprema de Justicia contin\u00faa su labor de depurar de los llamados \u201cnarcotraficantes puros\u201d el proceso de justicia transicional regido por la Ley 975 de 2005, a trav\u00e9s de la cual se juzga a los exparamilitares de las Autodefensas Unidas de Colombia (Auc) y se les otorgan beneficios especiales, entre ellos una pena alternativa de ocho a\u00f1os de c\u00e1rcel.<\/p>\n\n\n\n<p class=\"wp-block-paragraph\"><em><strong>Este art\u00edculo apareci\u00f3 originalmente en <a href=\"https:\/\/www.verdadabierta.com\" target=\"_blank\">Verdad Abierta<\/a> y fue publicado con permiso. Vea el art\u00edculo original <a href=\"https:\/\/www.verdadabierta.com\/justicia-y-paz\/juicios\/628-bloque-vencedores-de-arauca\/5340-corte-suprema-depura-justicia-y-paz-de-narcos-puros\" target=\"_blank\">aqu\u00ed.<\/a>&nbsp;<\/strong><\/em><\/p>\n\n\n\n<p class=\"wp-block-paragraph\">Esta vez la decisi\u00f3n afect\u00f3 a Miguel \u00c1ngel Mej\u00eda M\u00fanera, alias \u2018El Mellizo\u2019 o \u2018Pablo Arauca\u2019, quien se desmoviliz\u00f3 como comandante del Bloque Vencedores de Arauca de las Auc y supuesto l\u00edder esa facci\u00f3n paramilitar entre los a\u00f1os 2000 y 2005. Para la Corte, esa \u201cjefatura\u201d fue una fachada que utiliz\u00f3 para continuar con sus actividades ligadas al tr\u00e1fico de clorhidrato de coca\u00edna a los mercados de Estados Unidos y Europa.<\/p>\n\n\n\n<p class=\"wp-block-paragraph\">Con ponencia de la magistrada Patricia Salazar Cuellar, fechada en Bogot\u00e1 el 21 de mayo pasado, la Corte resolvi\u00f3 los recursos de apelaci\u00f3n presentados tanto por la Fiscal\u00eda General de la Naci\u00f3n como por representantes de v\u00edctimas contra la decisi\u00f3n de la Sala de Justicia y Paz del Tribunal Superior de Bogot\u00e1 del 4 de septiembre de 2012 de no legalizar los cargos por concierto para delinquir agravado para el periodo 1996-2000, tr\u00e1fico de estupefacientes, enriquecimiento il\u00edcito y lavado de activos, tras considerar que alias \u2018El Mellizo\u2019 no \u201clos ejecut\u00f3 por virtud o con ocasi\u00f3n de la pertenencia del postulado a las Auc\u201d.<\/p>\n\n\n\n<p class=\"wp-block-paragraph\">Al abordar el caso y revisar la gran cantidad de pruebas y testimonios que reposan en su, el Alto Tribunal concluy\u00f3 que la finalidad del \u201cpostulado al vincularse como integrante del Bloque Vencedores de Arauca, fue principalmente encubrir y facilitar su negocio il\u00edcito de tr\u00e1fico de estupefacientes\u201d.<\/p>\n\n\n\n<h3 class=\"wp-block-heading\">Antecedentes<\/h3>\n\n\n\n<p class=\"wp-block-paragraph\">Alias \u2018El Mellizo\u2019 se desmoviliz\u00f3 con el Bloque Vencedores de Arauca el 23 de diciembre de 2005 en la vereda Puerto Gait\u00e1n, del municipio de Tame, en Arauca, pero nunca se present\u00f3 ante los fiscales de Justicia y Paz y continu\u00f3 delinquiendo, hasta su captura el 2 de mayo de 2008 en carreteras del Tolima.<\/p>\n\n\n\n<p class=\"wp-block-paragraph\">Si bien el gobierno nacional lo postul\u00f3 para acceder a los beneficios de la Ley de Justicia y Paz, fue extraditado a Estados Unidos el el 28 de febrero de 2009, donde era requerido por la Corte del Distrito de Columbia para que respondiera por delitos asociados al tr\u00e1fico de drogas. Actualmente est\u00e1 detenido en una c\u00e1rcel del estado de Virginia.<\/p>\n\n\n\n<p class=\"wp-block-paragraph\">De acuerdo con las pruebas recaudadas en su contra, Mej\u00eda M\u00fanera, <a href=\"https:\/\/www.verdadabierta.com\/la-historia\/676-perfil-de-miguel-angel-mejia-munera-y-victor-manuel-mejia-munera-alias-los-mellizos\" target=\"_blank\">junto con su hermano V\u00edctor<\/a>, abatido en una operaci\u00f3n antinarc\u00f3ticos en el Bajo Cauca antioque\u00f1o el 29 de abril de 2008, iniciaron sus actividades il\u00edcitas como narcotraficantes desde finales de la d\u00e9cada de los ochenta, cuando crearon una \u201corganizaci\u00f3n criminal reconocida nacional e internacionalmente como el \u2018Clan de los Mellizos\u2019, dedicada al tr\u00e1fico de coca\u00edna a gran escala entre Am\u00e9rica Latina, Estados Unidos y Europa, para lo cual contaban con los medios, infraestructura y colaboraci\u00f3n de otras redes u organizaciones dedicadas a esa actividad il\u00edcita\u201d.<\/p>\n\n\n\n<p class=\"wp-block-paragraph\">La magnitud e importancia de la organizaci\u00f3n liderada por los Mej\u00eda M\u00fanera qued\u00f3 registrada en un expediente de la justicia espa\u00f1ola que, tras procesar a uno de los integrantes de esta empresa criminal en febrero de 2005, determin\u00f3 que entre 1994 y 2000 hab\u00edan enviado a diversos mercados internacionales por lo menos 56 mil kilos de clorhidrato de coca\u00edna, comprada en Colombia a confesos narcotraficantes y jefes paramilitares como Miguel Arroyave y Ramiro Vanoy Murillo.<\/p>\n\n\n\n<p class=\"wp-block-paragraph\">Las evidencias de la dimensi\u00f3n de ese negocio le permitieron concluir a la Corte que Mej\u00eda M\u00fanera \u201cedific\u00f3 una empresa criminal a gran escala, nacional e internacional, dedicada al tr\u00e1fico de estupefacientes, la que se robusteci\u00f3 a\u00fan m\u00e1s con el ingreso del desmovilizado como integrante del Bloque Vencedores de Arauca de las Autodefensas, raz\u00f3n suficiente para afirmar que dicha actividad il\u00edcita no puede estar cobijada por los beneficios de la Ley de Justicia y Paz\u201d.<\/p>\n\n\n\n<p class=\"wp-block-paragraph\">El Bloque Vencedores de Arauca fue creado a instancias del Estado Mayor de las Auc entre los a\u00f1os 1999 y 2000 y fue ofrecido a diversos jefes paramilitares de otras zonas del pa\u00eds, quienes se negaron a asumir esa responsabilidad. Ante ello, aparecieron los hermanos Mej\u00eda M\u00fanera y asumieron la supuesta comandancia. El objetivo de esa nueva facci\u00f3n, seg\u00fan confesiones hechas ante fiscales de Justicia y Paz por Salvatore Mancuso y Edwar Cobos T\u00e9llez, era \u201cconfrontar a la guerrilla, combatirla y establecer el orden en la regi\u00f3n\u201d.<\/p>\n\n\n\n<p class=\"wp-block-paragraph\"><strong><span style=\"color: #800000\">VEA TAMBI\u00c9N:<\/span><\/strong> <a href=\"https:\/\/es.insightcrime.org\/sin-categorizar\/auc\/\" target=\"_blank\">Perfil de las AUC<\/a><\/p>\n\n\n\n<p class=\"wp-block-paragraph\">Si bien la Corte asever\u00f3 que ese Bloque de las Auc \u201cno se estableci\u00f3 exclusivamente para traficar con estupefacientes, sino con evidentes fines antisubversivos\u201d, la finalidad de la comandancia dada a alias \u2018El Mellizo\u2019 no \u201cfue la presunta lucha antisubversiva, sino hacer florecer su actividad de narcotr\u00e1fico, bajo el ropaje del paramilitarismo\u201d.<\/p>\n\n\n\n<p class=\"wp-block-paragraph\">De hecho el mismo Mej\u00eda M\u00fanera, en versi\u00f3n entregada a fiscales de Justicia y Paz el 27 de octubre de 2009 asever\u00f3 que solo hizo presencia en tres oportunidades en el departamento de Arauca, donde supuestamente comandaba la facci\u00f3n de las Auc. Seg\u00fan sus cuentas estuvo en el a\u00f1o 2003 dos veces y una m\u00e1s en el 2005, ya para desmovilizarse. De acuerdo con la Corte, \u201cestuvo ausente del Bloque y s\u00f3lo en tres oportunidades hizo presencia en la zona, para facilitar e intensificar su actividad de tr\u00e1fico de estupefacientes\u201d.<\/p>\n\n\n\n<h3 class=\"wp-block-heading\">Cuestionan a la Fiscal\u00eda<\/h3>\n\n\n\n<p class=\"wp-block-paragraph\">La Corte cuestion\u00f3 los procedimientos de la Fiscal\u00eda General de la Naci\u00f3n durante el proceso seguido a alias \u2018El Mellizo\u2019. Para el Alto Tribunal es claro que el Ente acusador se equivoc\u00f3 al solicitar ante la Sala de Justicia y Paz del Tribunal Superior de Bogot\u00e1 la legalizaci\u00f3n de los delitos relacionados con el narcotr\u00e1fico, pues ellos no fueron cometidos en raz\u00f3n de su pertenencia a las Auc.<\/p>\n\n\n\n<p class=\"wp-block-paragraph\">\u201cLa Fiscal\u00eda pas\u00f3 por alto su deber primordial de analizar de forma contextualizada los elementos de juicio obrantes en el tr\u00e1mite y por consecuencia de ello, en lugar de adelantar lo concerniente a la demostraci\u00f3n de que Mej\u00eda M\u00fanera no cumple con los requisitos de elegibilidad, decidi\u00f3 solicitar la audiencia de legalizaci\u00f3n de cargos, con las consecuencias que ahora se advierten en este prove\u00eddo\u201d, conceptu\u00f3 la Corte.<\/p>\n\n\n\n<p class=\"wp-block-paragraph\">Al hacer una revisi\u00f3n de los pasos que se deben cumplir para presentar ante los jueces a un ex paramilitar postulado a los beneficios de la Ley de Justicia y Paz, el Alto Tribunal consider\u00f3 que tanto las confesiones como los an\u00e1lisis de contexto deben llevar a la Fiscal\u00eda a determinar si un postulado puede ser responsabilizado de los delitos cometidos cuando integr\u00f3 las Auc.<\/p>\n\n\n\n<p class=\"wp-block-paragraph\">En este caso, la Corte advirti\u00f3 que analizadas en su conjunto las pruebas, los testimonios y documentos recogidos por la Fiscal\u00eda, \u201cse concluye que Mej\u00eda M\u00fanera no cumple con un requisito b\u00e1sico de elegibilidad para acceder al proceso transicional\u201d, y agreg\u00f3: \u201cSi ello es as\u00ed, est\u00e1 claro que con las mismas pruebas, la Fiscal\u00eda no pod\u00eda solicitar, ni mucho menos adelantar el tr\u00e1mite propio de la legalizaci\u00f3n de cargos, ni el Tribunal pudo haber accedido a legalizar algunos de los delitos atribuidos a Mej\u00eda M\u00fanera\u201d.<\/p>\n\n\n\n<p class=\"wp-block-paragraph\">El Alto Tribunal reiter\u00f3 en su decisi\u00f3n que alias \u2018El Mellizo\u2019 nunca \u201cintervino o actu\u00f3 dentro de las autodefensas con la finalidad propia del accionar de estas, y ni siquiera comparti\u00f3 su ideario\u201d; sus acciones, dijo, estuvieron dirigidas a \u201csoportar y fomentar el negocio del narcotr\u00e1fico, en cuanto l\u00edder de una organizaci\u00f3n dedicada exclusivamente a ese fin\u201d.<\/p>\n\n\n\n<p class=\"wp-block-paragraph\">Por tales razones, este confeso narcotraficante y supuesto jefe paramilitar qued\u00f3 excluido del proceso de Justicia y Paz, no tendr\u00e1 acceso a los beneficios de pena alternativa de ocho a\u00f1os de c\u00e1rcel y su proceso deber\u00e1 asumirlo la justicia ordinaria.<\/p>\n\n\n\n<p class=\"wp-block-paragraph\">Sobre los bienes entregados por Mej\u00eda M\u00fanera e incautados por las autoridades, la Corte consider\u00f3 que seguir\u00e1n afectados por los tr\u00e1mites de la Ley de Justicia y Paz para \u201catender a las leg\u00edtimas aspiraciones de las v\u00edctimas del accionar criminal de las autodefensas y, particularmente, del Bloque Vencedores\u201d.<\/p>\n\n\n\n<h3 class=\"wp-block-heading\">Unos s\u00ed y otros no<\/h3>\n\n\n\n<p class=\"wp-block-paragraph\">La decisi\u00f3n contra alias \u2018El Mellizo\u2019 se da dos semanas despu\u00e9s de que la misma Corte estableciera que ex jefes paramilitares como Rodrigo P\u00e9rez Alzate, alias \u2018Juli\u00e1n Bol\u00edvar\u2019, comandante del Frente Sur de Bol\u00edvar del Bloque Central Bol\u00edvar, continuaran siendo juzgados por delitos relacionados con narcotr\u00e1fico sin ser excluidos del proceso de Justicia y Paz.<\/p>\n\n\n\n<p class=\"wp-block-paragraph\">Ante ese caso, el Alto Tribunal estableci\u00f3 que los <a href=\"https:\/\/www.verdadabierta.com\/justicia-y-paz\/juicios\/633-bloque-central-bolivar-bloque-sur-de-bolivar\/5329-exparamilitares-podran-ser-juzgados-por-delitos-de-narcotrafico\" target=\"_blank\">delitos asociados al tr\u00e1fico de sustancias ilegales<\/a> s\u00ed podr\u00edan ser juzgados en los distintos tribunales de Justicia y Paz siempre y cuando tuvieran conexi\u00f3n con la lucha contrainsurgente adelantada, en ese caso, por las Autodefensas Unidas de Colombia (Auc), organizaci\u00f3n a la que perteneci\u00f3 el Bloque Central Bol\u00edvar y de la cual hizo parte alias \u2018Juli\u00e1n Bol\u00edvar\u2019.<\/p>\n\n\n\n<p class=\"wp-block-paragraph\"><span style=\"color: #800000\"><strong>VEA TAMBI\u00c9N: <\/strong><a href=\"\/noticias-sobre-crimen-organizado-en-colombia\" target=\"_blank\"><span style=\"color: #000000\">Noticias y perfiles de Colombia<\/span><\/a><\/span><\/p>\n\n\n\n<p class=\"wp-block-paragraph\">En el proceso seguido a alias \u2018Juli\u00e1n Bol\u00edvar\u2019, la Corte determin\u00f3 que los delitos asociados al tr\u00e1fico de sustancias ilegales s\u00ed podr\u00edan ser juzgados en los distintos tribunales de Justicia y Paz siempre y cuando tuvieran conexi\u00f3n con la lucha contrainsurgente adelantada, en ese caso, por las Autodefensas Unidas de Colombia (Auc), organizaci\u00f3n a la que perteneci\u00f3 el Bloque Central Bol\u00edvar. Con ponencia de la magistrada Mar\u00eda del Rosario Gonz\u00e1lez Mu\u00f1oz, el Alto Tribunal estableci\u00f3 que de acuerdo con algunos art\u00edculos de las leyes transicionales a trav\u00e9s de las cuales se juzga y procesa a los exmiembros de las Auc, \u201cen Justicia y Paz es posible abordar cualquier conducta punible, siempre que haya sido cometida durante y en ocasi\u00f3n de la pertenencia al grupo\u201d.<\/p>\n\n\n\n<p class=\"wp-block-paragraph\">En ese sentido, y seg\u00fan pruebas y testimonios, en el caso de alias \u2018Juli\u00e1n Bolivar\u2019 qued\u00f3 demostrado que las actividades il\u00edcitas relacionadas con el tr\u00e1fico de estupefacientes se dio como parte de la financiaci\u00f3n de su facci\u00f3n armada y no c\u00f3mo fin \u00faltimo de su acci\u00f3n criminal ni favorecimiento personal.<\/p>\n\n\n\n<p class=\"wp-block-paragraph\">Contrario a lo conceptuado en los casos de Mej\u00eda M\u00fanera y de Francisco Javier Zuluaga Lindo, alias \u2018Gordolindo\u2019, quien fue excluido del proceso de justicia transicional en fallo proferido el pasado 12 febrero, tras confirmar una decisi\u00f3n de la Sala de Justicia y Paz del Tribunal Superior de Medell\u00edn.<\/p>\n\n\n\n<p class=\"wp-block-paragraph\">En el proceso contra alias \u2018Gordo Lindo\u2019 se advirti\u00f3 su pretensi\u00f3n de camuflarse en uno de los bloques paramilitares de las Auc <a href=\"https:\/\/www.verdadabierta.com\/justicia-y-paz\/extraditados\/5260-a-alias-gordo-lindo-le-crearon-un-bloque-para-desmovilizarlo\" target=\"_blank\">para ocultar sus labores <\/a>de \u201cnarcotraficante puro\u201d y evitar, de esa manera, el pedido de extradici\u00f3n que hab\u00eda hecho la justicia de Estados Unidos.<\/p>\n\n\n\n<p class=\"wp-block-paragraph\">Poco a poco la Corte va depurando el proceso de Justicia y Paz, separando a grupos y personas que se dedicaron exclusivamente al narcotr\u00e1fico de los que lideraron una confrontaci\u00f3n contrainsurgente, con el fin de evitar que aquellos que nunca hicieron parte de los grupos armados organizados al margen de la ley se camuflen para \u201clavar\u201d sus actividades ilegales y obtengan los beneficios de la justicia transicional.<\/p>\n\n\n\n<p class=\"wp-block-paragraph\"><em>*Este art\u00edculo apareci\u00f3 originalmente en&nbsp;<a href=\"https:\/\/www.verdadabierta.com\" target=\"_blank\">Verdad Abierta<\/a>&nbsp;y fue publicado con permiso. Vea el art\u00edculo original&nbsp;<a href=\"https:\/\/www.verdadabierta.com\/justicia-y-paz\/juicios\/628-bloque-vencedores-de-arauca\/5340-corte-suprema-depura-justicia-y-paz-de-narcos-puros\" target=\"_blank\">aqu\u00ed.<\/a><\/em><\/p>\n","protected":false},"excerpt":{"rendered":"<p>El Alto Tribunal orden\u00f3 la exclusi\u00f3n de Miguel \u00c1ngel Mej\u00eda M\u00fanera, alias \u0091El Mellizo\u0092, a quien se\u00f1al\u00f3 de traficar por m\u00e1s de una d\u00e9cada. Es el segundo exparamilitar en salir del proceso bajo la Ley 975 de 2005. Asimismo, cuestion\u00f3 procedimientos de la Fiscal\u00eda.<\/p>\n","protected":false},"author":14,"featured_media":40353,"comment_status":"closed","ping_status":"closed","sticky":false,"template":"","format":"standard","meta":{"newspack_ads_suppress_ads":false,"newspack_popups_has_disabled_popups":false,"newspack_sponsor_sponsorship_scope":"","newspack_sponsor_native_byline_display":"inherit","newspack_sponsor_native_category_display":"inherit","newspack_sponsor_underwriter_style":"inherit","newspack_sponsor_underwriter_placement":"inherit","_EventAllDay":false,"_EventTimezone":"","_EventStartDate":"","_EventEndDate":"","_EventStartDateUTC":"","_EventEndDateUTC":"","_EventShowMap":false,"_EventShowMapLink":false,"_EventURL":"","_EventCost":"","_EventCostDescription":"","_EventCurrencySymbol":"","_EventCurrencyCode":"","_EventCurrencyPosition":"","_EventDateTimeSeparator":"","_EventTimeRangeSeparator":"","_EventOrganizerID":[],"_EventVenueID":[],"_OrganizerEmail":"","_OrganizerPhone":"","_OrganizerWebsite":"","_VenueAddress":"","_VenueCity":"","_VenueCountry":"","_VenueProvince":"","_VenueState":"","_VenueZip":"","_VenuePhone":"","_VenueURL":"","_VenueStateProvince":"","_VenueLat":"","_VenueLng":"","_VenueShowMap":false,"_VenueShowMapLink":false,"_newspack_byline_active":false,"_newspack_byline":"","newspack_hide_updated_date":false,"newspack_show_updated_date":false,"newspack_featured_image_position":"","newspack_post_subtitle":"","newspack_article_summary_title":"Overview:","newspack_article_summary":"","_jetpack_memberships_contains_paid_content":false,"footnotes":""},"categories":[340],"tags":[390,368],"newspack_spnsrs_tax":[],"coauthors":[3915],"class_list":["post-6779","post","type-post","status-publish","format-standard","has-post-thumbnail","hentry","category-analisis","tag-las-auc","tag-colombia-pais","entry"],"parsely":{"version":"1.1.0","canonical_url":"https:\/\/insightcrime.org\/es\/noticias\/analisis\/corte-suprema-depura-justicia-y-paz-de-narcos-puros\/","smart_links":{"inbound":0,"outbound":0},"traffic_boost_suggestions_count":0,"meta":{"@context":"https:\/\/schema.org","@type":"NewsArticle","headline":"Corte Suprema depura Justicia y Paz de \u201cnarcos puros\u201d","url":"http:\/\/insightcrime.org\/es\/noticias\/analisis\/corte-suprema-depura-justicia-y-paz-de-narcos-puros\/","mainEntityOfPage":{"@type":"WebPage","@id":"http:\/\/insightcrime.org\/es\/noticias\/analisis\/corte-suprema-depura-justicia-y-paz-de-narcos-puros\/"},"thumbnailUrl":"https:\/\/i0.wp.com\/insightcrime.org\/wp-content\/uploads\/2014\/06\/es-b7640dd0146f168584786cf66c3855b3.jpg?resize=150%2C150&quality=100&ssl=1","image":{"@type":"ImageObject","url":"https:\/\/i0.wp.com\/insightcrime.org\/wp-content\/uploads\/2014\/06\/es-b7640dd0146f168584786cf66c3855b3.jpg?fit=280%2C169&quality=100&ssl=1"},"articleSection":"An\u00e1lisis","author":[{"@type":"Person","name":"Verdad Abierta"}],"creator":["Verdad Abierta"],"publisher":{"@type":"Organization","name":"InSight Crime","logo":"https:\/\/insightcrime.org\/wp-content\/uploads\/2023\/08\/logo.png"},"keywords":["auc","colombia"],"dateCreated":"2017-03-28T00:01:26Z","datePublished":"2017-03-28T00:01:26Z","dateModified":"2023-04-24T20:38:43Z"},"rendered":"<meta name=\"parsely-title\" content=\"Corte Suprema depura Justicia y Paz de \u201cnarcos puros\u201d\" \/>\n<meta name=\"parsely-link\" content=\"http:\/\/insightcrime.org\/es\/noticias\/analisis\/corte-suprema-depura-justicia-y-paz-de-narcos-puros\/\" \/>\n<meta name=\"parsely-type\" content=\"post\" \/>\n<meta name=\"parsely-image-url\" content=\"https:\/\/i0.wp.com\/insightcrime.org\/wp-content\/uploads\/2014\/06\/es-b7640dd0146f168584786cf66c3855b3.jpg?resize=150%2C150&amp;quality=100&amp;ssl=1\" \/>\n<meta name=\"parsely-pub-date\" content=\"2017-03-28T00:01:26Z\" \/>\n<meta name=\"parsely-section\" content=\"An\u00e1lisis\" \/>\n<meta name=\"parsely-tags\" content=\"auc,colombia\" \/>\n<meta name=\"parsely-author\" content=\"Verdad Abierta\" \/>","tracker_url":"https:\/\/cdn.parsely.com\/keys\/insightcrime.org\/p.js"},"jetpack_sharing_enabled":true,"jetpack-related-posts":[{"id":147081,"url":"https:\/\/insightcrime.org\/es\/noticias\/desmovilizados-paramilitares-siguen-extorsionando\/","url_meta":{"origin":6779,"position":0},"title":"Desmovilizados pero no desarmados: paramilitares en Colombia siguen extorsionando","author":"Gabrielle Gorder","date":"31 de mayo de 2021","format":false,"excerpt":"Varios desmovilizados de un conocido grupo paramilitar de derecha en Colombia se hicieron pasar como un nuevo grupo de autodefensas y comenzaron a extorsionar.","rel":"","context":"En \u00abNoticias\u00bb","block_context":{"text":"Noticias","link":"https:\/\/insightcrime.org\/es\/category\/noticias\/"},"img":{"alt_text":"","src":"https:\/\/i0.wp.com\/insightcrime.org\/wp-content\/uploads\/2021\/05\/AUC-Caldas-Fiscalia-mayo2021.jpg?fit=1200%2C898&quality=100&ssl=1&resize=350%2C200","width":350,"height":200,"srcset":"https:\/\/i0.wp.com\/insightcrime.org\/wp-content\/uploads\/2021\/05\/AUC-Caldas-Fiscalia-mayo2021.jpg?fit=1200%2C898&quality=100&ssl=1&resize=350%2C200 1x, https:\/\/i0.wp.com\/insightcrime.org\/wp-content\/uploads\/2021\/05\/AUC-Caldas-Fiscalia-mayo2021.jpg?fit=1200%2C898&quality=100&ssl=1&resize=525%2C300 1.5x, https:\/\/i0.wp.com\/insightcrime.org\/wp-content\/uploads\/2021\/05\/AUC-Caldas-Fiscalia-mayo2021.jpg?fit=1200%2C898&quality=100&ssl=1&resize=700%2C400 2x, https:\/\/i0.wp.com\/insightcrime.org\/wp-content\/uploads\/2021\/05\/AUC-Caldas-Fiscalia-mayo2021.jpg?fit=1200%2C898&quality=100&ssl=1&resize=1050%2C600 3x"},"classes":[]},{"id":272086,"url":"https:\/\/insightcrime.org\/es\/noticias-crimen-organizado-colombia\/salvatore-mancuso\/","url_meta":{"origin":6779,"position":1},"title":"Salvatore Mancuso","author":"InSight Crime","date":"12 de julio de 2024","format":false,"excerpt":"Salvatore Mancuso, alias \u201cEl Mono\u201d o \u201cSantander Lozada\u201d, es un excomandante paramilitar colombiano que hizo parte de las Autodefensas Campesinas de C\u00f3rdoba y Urab\u00e1 (ACCU) y de las Autodefensas Unidas de Colombia (AUC).","rel":"","context":"En \u00abColombia\u00bb","block_context":{"text":"Colombia","link":"https:\/\/insightcrime.org\/es\/category\/noticias-crimen-organizado-colombia\/"},"img":{"alt_text":"Salvatore Mancuso","src":"https:\/\/i0.wp.com\/insightcrime.org\/wp-content\/uploads\/2026\/06\/Perfil-Criminal-Salvatore-Mancuso.jpg?fit=1200%2C900&quality=100&ssl=1&resize=350%2C200","width":350,"height":200,"srcset":"https:\/\/i0.wp.com\/insightcrime.org\/wp-content\/uploads\/2026\/06\/Perfil-Criminal-Salvatore-Mancuso.jpg?fit=1200%2C900&quality=100&ssl=1&resize=350%2C200 1x, https:\/\/i0.wp.com\/insightcrime.org\/wp-content\/uploads\/2026\/06\/Perfil-Criminal-Salvatore-Mancuso.jpg?fit=1200%2C900&quality=100&ssl=1&resize=525%2C300 1.5x, https:\/\/i0.wp.com\/insightcrime.org\/wp-content\/uploads\/2026\/06\/Perfil-Criminal-Salvatore-Mancuso.jpg?fit=1200%2C900&quality=100&ssl=1&resize=700%2C400 2x, https:\/\/i0.wp.com\/insightcrime.org\/wp-content\/uploads\/2026\/06\/Perfil-Criminal-Salvatore-Mancuso.jpg?fit=1200%2C900&quality=100&ssl=1&resize=1050%2C600 3x"},"classes":[]},{"id":168358,"url":"https:\/\/insightcrime.org\/es\/noticias\/memo-fantasma-pretende-salir-prision-colombia\/","url_meta":{"origin":6779,"position":2},"title":"Memo Fantasma pretende salir de prisi\u00f3n en Colombia","author":"Jeremy McDermott","date":"29 de septiembre de 2021","format":false,"excerpt":"El acusado narcotraficante paramilitar \u201cMemo Fantasma\u201d le ha solicitado a un juez que le permita salir de prisi\u00f3n mientras se encuentra a la espera de un juicio. Con millones de d\u00f3lares y contactos en todo el mundo, Memo Fantasma es la clara definici\u00f3n de un riesgo de fuga.","rel":"","context":"En \u00abNoticias\u00bb","block_context":{"text":"Noticias","link":"https:\/\/insightcrime.org\/es\/category\/noticias\/"},"img":{"alt_text":"","src":"https:\/\/i0.wp.com\/insightcrime.org\/wp-content\/uploads\/2021\/09\/Memo-fantasma-captured-will-the-ghost-Guillermo-leon-acevedo-insight-crime.jpg?fit=600%2C429&quality=100&ssl=1&resize=350%2C200","width":350,"height":200,"srcset":"https:\/\/i0.wp.com\/insightcrime.org\/wp-content\/uploads\/2021\/09\/Memo-fantasma-captured-will-the-ghost-Guillermo-leon-acevedo-insight-crime.jpg?fit=600%2C429&quality=100&ssl=1&resize=350%2C200 1x, https:\/\/i0.wp.com\/insightcrime.org\/wp-content\/uploads\/2021\/09\/Memo-fantasma-captured-will-the-ghost-Guillermo-leon-acevedo-insight-crime.jpg?fit=600%2C429&quality=100&ssl=1&resize=525%2C300 1.5x"},"classes":[]},{"id":204865,"url":"https:\/\/insightcrime.org\/es\/investigaciones\/conexion-ndrangheta-paramilitares-colombia\/","url_meta":{"origin":6779,"position":3},"title":"La conexi\u00f3n de la &#8216;Ndrangheta con paramilitares en Colombia","author":"Douwe den Held","date":"23 de noviembre de 2022","format":false,"excerpt":"Salvatore Mancuso, uno de los comandantes paramilitares m\u00e1s poderosos de Colombia, y Giorgio Sale, empresario italiano con buenas conexiones, se unieron para trabajar en su mutuo enriquecimiento.","rel":"","context":"En \u00abInvestigaciones\u00bb","block_context":{"text":"Investigaciones","link":"https:\/\/insightcrime.org\/es\/category\/investigaciones\/"},"img":{"alt_text":"","src":"https:\/\/i0.wp.com\/insightcrime.org\/wp-content\/uploads\/2022\/11\/Ngrangheta-Cover-Chapter-2.png?fit=1200%2C438&quality=100&ssl=1&resize=350%2C200","width":350,"height":200,"srcset":"https:\/\/i0.wp.com\/insightcrime.org\/wp-content\/uploads\/2022\/11\/Ngrangheta-Cover-Chapter-2.png?fit=1200%2C438&quality=100&ssl=1&resize=350%2C200 1x, https:\/\/i0.wp.com\/insightcrime.org\/wp-content\/uploads\/2022\/11\/Ngrangheta-Cover-Chapter-2.png?fit=1200%2C438&quality=100&ssl=1&resize=525%2C300 1.5x, https:\/\/i0.wp.com\/insightcrime.org\/wp-content\/uploads\/2022\/11\/Ngrangheta-Cover-Chapter-2.png?fit=1200%2C438&quality=100&ssl=1&resize=700%2C400 2x, https:\/\/i0.wp.com\/insightcrime.org\/wp-content\/uploads\/2022\/11\/Ngrangheta-Cover-Chapter-2.png?fit=1200%2C438&quality=100&ssl=1&resize=1050%2C600 3x"},"classes":[]},{"id":150342,"url":"https:\/\/insightcrime.org\/es\/noticias\/mas-cerca-justicia-berta-caceres-honduras\/","url_meta":{"origin":6779,"position":4},"title":"Un paso m\u00e1s cerca de la justicia para Berta C\u00e1ceres en Honduras","author":"Parker Asmann","date":"6 de julio de 2021","format":false,"excerpt":"Un alto tribunal de Honduras declar\u00f3 culpable a uno de los autores intelectuales del asesinato de la reconocida activista Berta C\u00e1ceres, un fallo que se suma a las condenas a los autores materiales del hecho, pero se queda corto en hacer rendir cuentas a todos los sospechosos.","rel":"","context":"En \u00abNoticias\u00bb","block_context":{"text":"Noticias","link":"https:\/\/insightcrime.org\/es\/category\/noticias\/"},"img":{"alt_text":"","src":"https:\/\/i0.wp.com\/insightcrime.org\/wp-content\/uploads\/2021\/07\/21-07-05-Roberto-David-Castillo-Meji%CC%81a-Guilty-Verdict.jpg?fit=350%2C250&quality=100&ssl=1&resize=350%2C200","width":350,"height":200},"classes":[]},{"id":180771,"url":"https:\/\/insightcrime.org\/es\/investigaciones\/rehacer-la-vida-mientras-las-balas-siguen-sonando\/","url_meta":{"origin":6779,"position":5},"title":"Rehacer la vida mientras las balas siguen sonando\u00a0\u00a0","author":"Sara Garcia","date":"13 de abril de 2022","format":false,"excerpt":"Despu\u00e9s de haber corrido por varias horas, Carolina, de 21 a\u00f1os, y su familia llegaron a la ciudad de Santa Marta en 2000. Ten\u00edan los pies llenos de ampollas y no ten\u00edan nada m\u00e1s sino la ropa que tra\u00edan puesta.\u00a0","rel":"","context":"En \u00abInvestigaciones\u00bb","block_context":{"text":"Investigaciones","link":"https:\/\/insightcrime.org\/es\/category\/investigaciones\/"},"img":{"alt_text":"Ilustraci\u00f3n mujeres y ni\u00f1as","src":"https:\/\/i0.wp.com\/insightcrime.org\/wp-content\/uploads\/2022\/04\/Sida-Herna-Giraldo-Capitulo-2-InSight-Crime-Marzo-2022.jpg?fit=1200%2C438&quality=100&ssl=1&resize=350%2C200","width":350,"height":200,"srcset":"https:\/\/i0.wp.com\/insightcrime.org\/wp-content\/uploads\/2022\/04\/Sida-Herna-Giraldo-Capitulo-2-InSight-Crime-Marzo-2022.jpg?fit=1200%2C438&quality=100&ssl=1&resize=350%2C200 1x, https:\/\/i0.wp.com\/insightcrime.org\/wp-content\/uploads\/2022\/04\/Sida-Herna-Giraldo-Capitulo-2-InSight-Crime-Marzo-2022.jpg?fit=1200%2C438&quality=100&ssl=1&resize=525%2C300 1.5x, https:\/\/i0.wp.com\/insightcrime.org\/wp-content\/uploads\/2022\/04\/Sida-Herna-Giraldo-Capitulo-2-InSight-Crime-Marzo-2022.jpg?fit=1200%2C438&quality=100&ssl=1&resize=700%2C400 2x, https:\/\/i0.wp.com\/insightcrime.org\/wp-content\/uploads\/2022\/04\/Sida-Herna-Giraldo-Capitulo-2-InSight-Crime-Marzo-2022.jpg?fit=1200%2C438&quality=100&ssl=1&resize=1050%2C600 3x"},"classes":[]}],"jetpack_featured_media_url":"https:\/\/i0.wp.com\/insightcrime.org\/wp-content\/uploads\/2014\/06\/es-b7640dd0146f168584786cf66c3855b3.jpg?fit=280%2C169&quality=100&ssl=1","_links":{"self":[{"href":"https:\/\/insightcrime.org\/es\/wp-json\/wp\/v2\/posts\/6779","targetHints":{"allow":["GET"]}}],"collection":[{"href":"https:\/\/insightcrime.org\/es\/wp-json\/wp\/v2\/posts"}],"about":[{"href":"https:\/\/insightcrime.org\/es\/wp-json\/wp\/v2\/types\/post"}],"author":[{"embeddable":true,"href":"https:\/\/insightcrime.org\/es\/wp-json\/wp\/v2\/users\/14"}],"replies":[{"embeddable":true,"href":"https:\/\/insightcrime.org\/es\/wp-json\/wp\/v2\/comments?post=6779"}],"version-history":[{"count":1,"href":"https:\/\/insightcrime.org\/es\/wp-json\/wp\/v2\/posts\/6779\/revisions"}],"predecessor-version":[{"id":22433,"href":"https:\/\/insightcrime.org\/es\/wp-json\/wp\/v2\/posts\/6779\/revisions\/22433"}],"wp:featuredmedia":[{"embeddable":true,"href":"https:\/\/insightcrime.org\/es\/wp-json\/wp\/v2\/media\/40353"}],"wp:attachment":[{"href":"https:\/\/insightcrime.org\/es\/wp-json\/wp\/v2\/media?parent=6779"}],"wp:term":[{"taxonomy":"category","embeddable":true,"href":"https:\/\/insightcrime.org\/es\/wp-json\/wp\/v2\/categories?post=6779"},{"taxonomy":"post_tag","embeddable":true,"href":"https:\/\/insightcrime.org\/es\/wp-json\/wp\/v2\/tags?post=6779"},{"taxonomy":"newspack_spnsrs_tax","embeddable":true,"href":"https:\/\/insightcrime.org\/es\/wp-json\/wp\/v2\/newspack_spnsrs_tax?post=6779"},{"taxonomy":"author","embeddable":true,"href":"https:\/\/insightcrime.org\/es\/wp-json\/wp\/v2\/coauthors?post=6779"}],"curies":[{"name":"wp","href":"https:\/\/api.w.org\/{rel}","templated":true}]}}