{"id":6787,"date":"2014-06-03T19:45:44","date_gmt":"2017-03-28T00:01:31","guid":{"rendered":"http:\/\/newwp.insightcrime.org?p=6787"},"modified":"2023-04-24T15:38:45","modified_gmt":"2023-04-24T20:38:45","slug":"lider-farc-admite-guerrilla-corrompida-por-comercio-de-drogas-colombia","status":"publish","type":"post","link":"https:\/\/insightcrime.org\/es\/noticias\/noticias-del-dia\/lider-farc-admite-guerrilla-corrompida-por-comercio-de-drogas-colombia\/","title":{"rendered":"L\u00edder de las FARC admite que la guerrilla ha sido corrompida por el comercio de drogas de Colombia"},"content":{"rendered":"\n<p class=\"wp-block-paragraph\">El jefe de la guerrilla colombiana de las FARC ha admitido que los guerrilleros han perdido l\u00edderes y combatientes debido a las tentaciones del tr\u00e1fico de drogas, pero sigue insistiendo en que ellos ven a los grupos de narcotraficantes como enemigos.<\/p>\n\n\n\n<p class=\"wp-block-paragraph\">Hablando en un video difundido por los guerrilleros (vea m\u00e1s adelante), Rodrigo Londo\u00f1o Echeverri, alias \u201cTimochenko\u201d, dijo que las Fuerzas Armadas Revolucionarias de Colombia (FARC) hab\u00edan \u201cconocido\u201d narcotraficantes, pero que los consideraban como enemigos ideol\u00f3gicos.<\/p>\n\n\n\n<p class=\"wp-block-paragraph\">Sin embargo, reconoci\u00f3 que el narcotr\u00e1fico hab\u00eda corrompido a algunos miembros de la insurgencia.<\/p>\n\n\n\n<p class=\"wp-block-paragraph\">\u201cLa lucha interna que nosotros tenemos que librar en las zonas del narcotr\u00e1fico, desde el punto de vista ideol\u00f3gico, para que nuestros guerrilleros no se vayan a dejar absorber por los valores que promueve, que promociona el narcotr\u00e1fico, es muy grande, y con algunos cuadros nuestros y algunos guerrilleros la perdemos [la lucha]\u201d.<\/p>\n\n\n\n<p class=\"wp-block-paragraph\">En el video -que se produjo en respuesta al reciente acuerdo que las FARC y el gobierno alcanzaron sobre el comercio de drogas- Timochenko tambi\u00e9n hizo hincapi\u00e9 en que los esfuerzos para retratar a las guerrillas como un grupo de tr\u00e1fico de drogas segu\u00edan siendo un obst\u00e1culo para las conversaciones de paz en curso en La Habana, Cuba.<\/p>\n\n\n\n<p class=\"wp-block-paragraph\">\u201cEl que se nos quiera igualar a los narcotraficantes entraba el desarrollo de cualquier acuerdo\u201d, dijo.<\/p>\n\n\n\n<p class=\"wp-block-paragraph\">Las negociaciones en La Habana ahora tratar\u00e1n el siguiente punto de la agenda: c\u00f3mo ocuparse de las v\u00edctimas del conflicto.<\/p>\n\n\n\n<h3 class=\"wp-block-heading\">An\u00e1lisis de InSight Crime<\/h3>\n\n\n\n<p class=\"wp-block-paragraph\">Los comentarios de Timochenko reflejan una preocupaci\u00f3n genuina entre los l\u00edderes de las FARC acerca de la influencia corruptora del narcotr\u00e1fico, que <a href=\"\/investigaciones\/las-farc-y-narcotrafico-gemelos-siameses\" target=\"_blank\">financia la lucha armada de los guerrilleros,<\/a> pero tambi\u00e9n ha dado lugar a la <a href=\"\/series-especiales\/paz-farc\" target=\"_blank\">criminalizaci\u00f3n de muchas de sus unidades.<\/a><\/p>\n\n\n\n<p class=\"wp-block-paragraph\">La direcci\u00f3n de las FARC ha afirmado durante mucho tiempo que el \u00fanico papel del grupo en el tr\u00e1fico de drogas es gravar la producci\u00f3n de coca. Sin embargo, hay una serie de pruebas que sugieren que muchas de sus unidades tambi\u00e9n est\u00e1n involucradas en el procesamiento de coca\u00edna, mientras que algunas tambi\u00e9n mueven el producto.<\/p>\n\n\n\n<p class=\"wp-block-paragraph\">La admisi\u00f3n de Timochenko de que algunos guerrilleros han sido seducidos por el mundo del tr\u00e1fico de drogas podr\u00eda representar un peque\u00f1o paso hacia el reconocimiento de una mayor participaci\u00f3n de las FARC en el comercio. Sus comentarios tambi\u00e9n indican la conciencia del peligro de que las facciones de la guerrilla, que ya est\u00e1n profundamente involucradas en el tr\u00e1fico de drogas, puedan criminalizarse en un escenario de postconflicto.<\/p>\n\n\n\n<p class=\"wp-block-paragraph\"><span style=\"color: #800000\"><strong>VEA TAMBI\u00c9N:<\/strong><\/span> <a href=\"\/investigaciones\/farc-50-aniversario\" target=\"_blank\">50 a\u00f1os de las FARC: Guerra, drogas y revoluci\u00f3n<\/a><\/p>\n\n\n\n<p class=\"wp-block-paragraph\">Sin embargo, su insistencia en que los traficantes siguen siendo enemigos de las FARC es contraria a la evidencia de una estrecha colaboraci\u00f3n entre las dos partes en muchos lugares del pa\u00eds, y sus declaraciones siguen siendo de alguna manera una confesi\u00f3n del verdadero alcance de la participaci\u00f3n del grupo en el comercio de las drogas.<\/p>\n","protected":false},"excerpt":{"rendered":"<p>El jefe de la guerrilla colombiana de las FARC ha admitido que los guerrilleros han perdido l\u00edderes y combatientes debido a las tentaciones del tr\u00e1fico de drogas, pero sigue insistiendo en que ellos ven a los grupos de narcotraficantes como enemigos.<\/p>\n","protected":false},"author":16,"featured_media":40369,"comment_status":"closed","ping_status":"closed","sticky":false,"template":"","format":"standard","meta":{"newspack_ads_suppress_ads":false,"newspack_popups_has_disabled_popups":false,"newspack_sponsor_sponsorship_scope":"","newspack_sponsor_native_byline_display":"inherit","newspack_sponsor_native_category_display":"inherit","newspack_sponsor_underwriter_style":"inherit","newspack_sponsor_underwriter_placement":"inherit","_EventAllDay":false,"_EventTimezone":"","_EventStartDate":"","_EventEndDate":"","_EventStartDateUTC":"","_EventEndDateUTC":"","_EventShowMap":false,"_EventShowMapLink":false,"_EventURL":"","_EventCost":"","_EventCostDescription":"","_EventCurrencySymbol":"","_EventCurrencyCode":"","_EventCurrencyPosition":"","_EventDateTimeSeparator":"","_EventTimeRangeSeparator":"","_EventOrganizerID":[],"_EventVenueID":[],"_OrganizerEmail":"","_OrganizerPhone":"","_OrganizerWebsite":"","_VenueAddress":"","_VenueCity":"","_VenueCountry":"","_VenueProvince":"","_VenueState":"","_VenueZip":"","_VenuePhone":"","_VenueURL":"","_VenueStateProvince":"","_VenueLat":"","_VenueLng":"","_VenueShowMap":false,"_VenueShowMapLink":false,"_newspack_byline_active":false,"_newspack_byline":"","newspack_hide_updated_date":false,"newspack_show_updated_date":false,"newspack_featured_image_position":"","newspack_post_subtitle":"","newspack_article_summary_title":"Overview:","newspack_article_summary":"","_jetpack_memberships_contains_paid_content":false,"footnotes":""},"categories":[334],"tags":[368,1542,475],"newspack_spnsrs_tax":[],"coauthors":[3821,3914],"class_list":["post-6787","post","type-post","status-publish","format-standard","has-post-thumbnail","hentry","category-noticias-del-dia","tag-colombia-pais","tag-farc-ep","tag-paz-con-las-farc","entry"],"parsely":{"version":"1.1.0","canonical_url":"https:\/\/insightcrime.org\/es\/noticias\/noticias-del-dia\/lider-farc-admite-guerrilla-corrompida-por-comercio-de-drogas-colombia\/","smart_links":{"inbound":0,"outbound":0},"traffic_boost_suggestions_count":0,"meta":{"@context":"https:\/\/schema.org","@type":"NewsArticle","headline":"L\u00edder de las FARC admite que la guerrilla ha sido corrompida por el comercio de drogas de Colombia","url":"http:\/\/insightcrime.org\/es\/noticias\/noticias-del-dia\/lider-farc-admite-guerrilla-corrompida-por-comercio-de-drogas-colombia\/","mainEntityOfPage":{"@type":"WebPage","@id":"http:\/\/insightcrime.org\/es\/noticias\/noticias-del-dia\/lider-farc-admite-guerrilla-corrompida-por-comercio-de-drogas-colombia\/"},"thumbnailUrl":"https:\/\/i0.wp.com\/insightcrime.org\/wp-content\/uploads\/2014\/06\/es-195f5a2835f325a2eef863c28f7cb14c.jpg?resize=150%2C150&quality=100&ssl=1","image":{"@type":"ImageObject","url":"https:\/\/i0.wp.com\/insightcrime.org\/wp-content\/uploads\/2014\/06\/es-195f5a2835f325a2eef863c28f7cb14c.jpg?fit=280%2C169&quality=100&ssl=1"},"articleSection":"Noticias del d\u00eda","author":[{"@type":"Person","name":"James Bargent"},{"@type":"Person","name":"Camilo Mej\u00eda"}],"creator":["James Bargent","Camilo Mej\u00eda"],"publisher":{"@type":"Organization","name":"InSight Crime","logo":"https:\/\/insightcrime.org\/wp-content\/uploads\/2023\/08\/logo.png"},"keywords":["colombia","farc","paz farc"],"dateCreated":"2017-03-28T00:01:31Z","datePublished":"2017-03-28T00:01:31Z","dateModified":"2023-04-24T20:38:45Z"},"rendered":"<meta name=\"parsely-title\" content=\"L\u00edder de las FARC admite que la guerrilla ha sido corrompida por el comercio de drogas de Colombia\" \/>\n<meta name=\"parsely-link\" content=\"http:\/\/insightcrime.org\/es\/noticias\/noticias-del-dia\/lider-farc-admite-guerrilla-corrompida-por-comercio-de-drogas-colombia\/\" \/>\n<meta name=\"parsely-type\" content=\"post\" \/>\n<meta name=\"parsely-image-url\" content=\"https:\/\/i0.wp.com\/insightcrime.org\/wp-content\/uploads\/2014\/06\/es-195f5a2835f325a2eef863c28f7cb14c.jpg?resize=150%2C150&amp;quality=100&amp;ssl=1\" \/>\n<meta name=\"parsely-pub-date\" content=\"2017-03-28T00:01:31Z\" \/>\n<meta name=\"parsely-section\" content=\"Noticias del d\u00eda\" \/>\n<meta name=\"parsely-tags\" content=\"colombia,farc,paz farc\" \/>\n<meta name=\"parsely-author\" content=\"James Bargent\" \/>\n<meta name=\"parsely-author\" content=\"Camilo Mej\u00eda\" \/>","tracker_url":"https:\/\/cdn.parsely.com\/keys\/insightcrime.org\/p.js"},"jetpack_sharing_enabled":true,"jetpack-related-posts":[{"id":7015,"url":"https:\/\/insightcrime.org\/es\/noticias-crimen-organizado-colombia\/farc-perfil\/","url_meta":{"origin":6787,"position":0},"title":"FARC","author":"InSight Crime","date":"23 de noviembre de 2023","format":false,"excerpt":"Las Fuerzas Armadas Revolucionarias de Colombia (FARC) fueron el mayor ej\u00e9rcito irregular de Colombia. Operaron en varias regiones del pa\u00eds en busca de recursos para financiar su guerra de casi 50 a\u00f1os contra el Estado. Las FARC fueron el grupo guerrillero m\u00e1s antiguo e importante del hemisferio occidental y durante\u2026","rel":"","context":"En \u00abColombia\u00bb","block_context":{"text":"Colombia","link":"https:\/\/insightcrime.org\/es\/category\/noticias-crimen-organizado-colombia\/"},"img":{"alt_text":"","src":"","width":0,"height":0},"classes":[]},{"id":199205,"url":"https:\/\/insightcrime.org\/es\/investigaciones\/rebeldes-paramilitares-guerrilla-colombiana-venezuela\/","url_meta":{"origin":6787,"position":1},"title":"Rebeldes y paramilitares: la guerrilla colombiana en Venezuela","author":"Unidad Investigativa de Venezuela","date":"3 de octubre de 2022","format":false,"excerpt":"Los estados venezolanos fronterizos con Colombia han sufrido destrucci\u00f3n de una guerra que pasaron medio siglo observando desde lejos.","rel":"","context":"En \u00abInvestigaciones\u00bb","block_context":{"text":"Investigaciones","link":"https:\/\/insightcrime.org\/es\/category\/investigaciones\/"},"img":{"alt_text":"The ELN and other Colombian guerrilla groups have found a new home in Venezuela, making them binational groups.","src":"https:\/\/i0.wp.com\/insightcrime.org\/wp-content\/uploads\/2022\/10\/Venezuela-Guerrillas-Cover-Capitulo-1.png?fit=1200%2C438&quality=100&ssl=1&resize=350%2C200","width":350,"height":200,"srcset":"https:\/\/i0.wp.com\/insightcrime.org\/wp-content\/uploads\/2022\/10\/Venezuela-Guerrillas-Cover-Capitulo-1.png?fit=1200%2C438&quality=100&ssl=1&resize=350%2C200 1x, https:\/\/i0.wp.com\/insightcrime.org\/wp-content\/uploads\/2022\/10\/Venezuela-Guerrillas-Cover-Capitulo-1.png?fit=1200%2C438&quality=100&ssl=1&resize=525%2C300 1.5x, https:\/\/i0.wp.com\/insightcrime.org\/wp-content\/uploads\/2022\/10\/Venezuela-Guerrillas-Cover-Capitulo-1.png?fit=1200%2C438&quality=100&ssl=1&resize=700%2C400 2x, https:\/\/i0.wp.com\/insightcrime.org\/wp-content\/uploads\/2022\/10\/Venezuela-Guerrillas-Cover-Capitulo-1.png?fit=1200%2C438&quality=100&ssl=1&resize=1050%2C600 3x"},"classes":[]},{"id":79860,"url":"https:\/\/insightcrime.org\/es\/noticias-crimen-organizado-colombia\/gener-garcia-molina-alias-jhon-40\/","url_meta":{"origin":6787,"position":2},"title":"Ge\u0301ner Garci\u0301a Molina, alias &#8216;John 40&#8217;","author":"InSight Crime","date":"20 de enero de 2023","format":false,"excerpt":"G\u00e9ner Garc\u00eda Molina, alias \u201cJohn 40\u201d, fue uno de los comandantes m\u00e1s criminalizados de las Fuerzas Armadas Revolucionarias de Colombia (FARC). Seducido por los recursos provenientes del narcotr\u00e1fico nunca se acogi\u00f3 al Proceso de Paz entre la guerrilla y el gobierno de Colombia firmado en 2016.","rel":"","context":"En \u00abColombia\u00bb","block_context":{"text":"Colombia","link":"https:\/\/insightcrime.org\/es\/category\/noticias-crimen-organizado-colombia\/"},"img":{"alt_text":"Perfil criminal - G\u00e9ner Garc\u00eda Molina, alias \u2018John 40\u2019 - Colombia.","src":"https:\/\/i0.wp.com\/insightcrime.org\/wp-content\/uploads\/2026\/08\/Perfil-Criminal-Alias-John-40-Colombia.jpg?fit=1200%2C900&quality=100&ssl=1&resize=350%2C200","width":350,"height":200,"srcset":"https:\/\/i0.wp.com\/insightcrime.org\/wp-content\/uploads\/2026\/08\/Perfil-Criminal-Alias-John-40-Colombia.jpg?fit=1200%2C900&quality=100&ssl=1&resize=350%2C200 1x, https:\/\/i0.wp.com\/insightcrime.org\/wp-content\/uploads\/2026\/08\/Perfil-Criminal-Alias-John-40-Colombia.jpg?fit=1200%2C900&quality=100&ssl=1&resize=525%2C300 1.5x, https:\/\/i0.wp.com\/insightcrime.org\/wp-content\/uploads\/2026\/08\/Perfil-Criminal-Alias-John-40-Colombia.jpg?fit=1200%2C900&quality=100&ssl=1&resize=700%2C400 2x, https:\/\/i0.wp.com\/insightcrime.org\/wp-content\/uploads\/2026\/08\/Perfil-Criminal-Alias-John-40-Colombia.jpg?fit=1200%2C900&quality=100&ssl=1&resize=1050%2C600 3x"},"classes":[]},{"id":79836,"url":"https:\/\/insightcrime.org\/es\/noticias-crimen-organizado-colombia\/miguel-botache-santillana-alias-gentil-duarte\/","url_meta":{"origin":6787,"position":3},"title":"Miguel Botache Santillana, alias \u2018Gentil Duarte\u2019","author":"InSight Crime","date":"27 de mayo de 2022","format":false,"excerpt":"Miguel Botache Santillana, ma\u0301s conocido como \u2018Gentil Duarte\u2019, es en la actualidad el delincuente ma\u0301s buscado por las autoridades en Colombia. Hasta 2016 fue un importante li\u0301der dentro de las FARC-EP, pero a finales de ese an\u0303o se convirtio\u0301 en uno de los disidentes del proceso de paz que mantuvo\u2026","rel":"","context":"En \u00abColombia\u00bb","block_context":{"text":"Colombia","link":"https:\/\/insightcrime.org\/es\/category\/noticias-crimen-organizado-colombia\/"},"img":{"alt_text":"Perfil criminal - Miguel Botache Santillana, alias \u2018Gentil Duarte\u2019 - Colombia","src":"https:\/\/i0.wp.com\/insightcrime.org\/wp-content\/uploads\/2026\/08\/Perfil-Criminal-Gentil-Duarte-Colombia-1.jpg?fit=1200%2C900&quality=100&ssl=1&resize=350%2C200","width":350,"height":200,"srcset":"https:\/\/i0.wp.com\/insightcrime.org\/wp-content\/uploads\/2026\/08\/Perfil-Criminal-Gentil-Duarte-Colombia-1.jpg?fit=1200%2C900&quality=100&ssl=1&resize=350%2C200 1x, https:\/\/i0.wp.com\/insightcrime.org\/wp-content\/uploads\/2026\/08\/Perfil-Criminal-Gentil-Duarte-Colombia-1.jpg?fit=1200%2C900&quality=100&ssl=1&resize=525%2C300 1.5x, https:\/\/i0.wp.com\/insightcrime.org\/wp-content\/uploads\/2026\/08\/Perfil-Criminal-Gentil-Duarte-Colombia-1.jpg?fit=1200%2C900&quality=100&ssl=1&resize=700%2C400 2x, https:\/\/i0.wp.com\/insightcrime.org\/wp-content\/uploads\/2026\/08\/Perfil-Criminal-Gentil-Duarte-Colombia-1.jpg?fit=1200%2C900&quality=100&ssl=1&resize=1050%2C600 3x"},"classes":[]},{"id":166079,"url":"https:\/\/insightcrime.org\/es\/noticias\/rey-muerto-rey-puesto-muerte-alias-borojo-colombia\/","url_meta":{"origin":6787,"position":4},"title":"A rey muerto, rey puesto: muerte de alias &#8216;Boroj\u00f3&#8217; en Colombia","author":"Juan Diego Posada","date":"23 de agosto de 2021","format":false,"excerpt":"La muerte de un importante comandante guerrillero en el sur de Colombia ha revelado una situaci\u00f3n demasiado familiar: los l\u00edderes de grupos criminales pueden ser reemplazados, pero esto rara vez conduce a un cambio significativo en la situaci\u00f3n de seguridad.","rel":"","context":"En \u00abNoticias\u00bb","block_context":{"text":"Noticias","link":"https:\/\/insightcrime.org\/es\/category\/noticias\/"},"img":{"alt_text":"","src":"https:\/\/i0.wp.com\/insightcrime.org\/wp-content\/uploads\/2021\/08\/4RRCDTKIW5F7HHCZT7M6LPSKEM.jpg?fit=350%2C250&quality=100&ssl=1&resize=350%2C200","width":350,"height":200},"classes":[]},{"id":199194,"url":"https:\/\/insightcrime.org\/es\/investigaciones\/venezuela-cementerio-exfarc-mafia\/","url_meta":{"origin":6787,"position":5},"title":"C\u00f3mo Venezuela se convirti\u00f3 en el cementerio de la c\u00fapula de las ex-FARC Mafia","author":"Unidad Investigativa de Venezuela","date":"3 de octubre de 2022","format":false,"excerpt":"La noche del 4 de mayo de 2022, una explosi\u00f3n se abri\u00f3 paso en un campamento guerrillero en el estado fronterizo de Zulia, en Venezuela. La bomba, instalada por manos desconocidas, cobr\u00f3 la vida de uno de los hombres m\u00e1s buscados en Colombia: Miguel Botache Santanilla, alias \u201cGentil Duarte\u201d, comandante\u2026","rel":"","context":"En \u00abInvestigaciones\u00bb","block_context":{"text":"Investigaciones","link":"https:\/\/insightcrime.org\/es\/category\/investigaciones\/"},"img":{"alt_text":"Gentil Duarte, El Paisa, Jesus Santrich and Romana are just some of the ex-FARC commanders to have been killed in Venezuela","src":"https:\/\/i0.wp.com\/insightcrime.org\/wp-content\/uploads\/2022\/10\/Venezuela-Guerrillas-Cover-Capitulo-2.png?fit=1200%2C438&quality=100&ssl=1&resize=350%2C200","width":350,"height":200,"srcset":"https:\/\/i0.wp.com\/insightcrime.org\/wp-content\/uploads\/2022\/10\/Venezuela-Guerrillas-Cover-Capitulo-2.png?fit=1200%2C438&quality=100&ssl=1&resize=350%2C200 1x, https:\/\/i0.wp.com\/insightcrime.org\/wp-content\/uploads\/2022\/10\/Venezuela-Guerrillas-Cover-Capitulo-2.png?fit=1200%2C438&quality=100&ssl=1&resize=525%2C300 1.5x, https:\/\/i0.wp.com\/insightcrime.org\/wp-content\/uploads\/2022\/10\/Venezuela-Guerrillas-Cover-Capitulo-2.png?fit=1200%2C438&quality=100&ssl=1&resize=700%2C400 2x, https:\/\/i0.wp.com\/insightcrime.org\/wp-content\/uploads\/2022\/10\/Venezuela-Guerrillas-Cover-Capitulo-2.png?fit=1200%2C438&quality=100&ssl=1&resize=1050%2C600 3x"},"classes":[]}],"jetpack_featured_media_url":"https:\/\/i0.wp.com\/insightcrime.org\/wp-content\/uploads\/2014\/06\/es-195f5a2835f325a2eef863c28f7cb14c.jpg?fit=280%2C169&quality=100&ssl=1","_links":{"self":[{"href":"https:\/\/insightcrime.org\/es\/wp-json\/wp\/v2\/posts\/6787","targetHints":{"allow":["GET"]}}],"collection":[{"href":"https:\/\/insightcrime.org\/es\/wp-json\/wp\/v2\/posts"}],"about":[{"href":"https:\/\/insightcrime.org\/es\/wp-json\/wp\/v2\/types\/post"}],"author":[{"embeddable":true,"href":"https:\/\/insightcrime.org\/es\/wp-json\/wp\/v2\/users\/16"}],"replies":[{"embeddable":true,"href":"https:\/\/insightcrime.org\/es\/wp-json\/wp\/v2\/comments?post=6787"}],"version-history":[{"count":1,"href":"https:\/\/insightcrime.org\/es\/wp-json\/wp\/v2\/posts\/6787\/revisions"}],"predecessor-version":[{"id":22449,"href":"https:\/\/insightcrime.org\/es\/wp-json\/wp\/v2\/posts\/6787\/revisions\/22449"}],"wp:featuredmedia":[{"embeddable":true,"href":"https:\/\/insightcrime.org\/es\/wp-json\/wp\/v2\/media\/40369"}],"wp:attachment":[{"href":"https:\/\/insightcrime.org\/es\/wp-json\/wp\/v2\/media?parent=6787"}],"wp:term":[{"taxonomy":"category","embeddable":true,"href":"https:\/\/insightcrime.org\/es\/wp-json\/wp\/v2\/categories?post=6787"},{"taxonomy":"post_tag","embeddable":true,"href":"https:\/\/insightcrime.org\/es\/wp-json\/wp\/v2\/tags?post=6787"},{"taxonomy":"newspack_spnsrs_tax","embeddable":true,"href":"https:\/\/insightcrime.org\/es\/wp-json\/wp\/v2\/newspack_spnsrs_tax?post=6787"},{"taxonomy":"author","embeddable":true,"href":"https:\/\/insightcrime.org\/es\/wp-json\/wp\/v2\/coauthors?post=6787"}],"curies":[{"name":"wp","href":"https:\/\/api.w.org\/{rel}","templated":true}]}}