{"id":6876,"date":"2014-07-01T17:50:57","date_gmt":"2017-03-28T00:02:18","guid":{"rendered":"http:\/\/newwp.insightcrime.org?p=6876"},"modified":"2023-04-24T15:39:17","modified_gmt":"2023-04-24T20:39:17","slug":"ataques-recientes-eln-colombia-contraproducentes-grupo-guerrillero","status":"publish","type":"post","link":"https:\/\/insightcrime.org\/es\/noticias\/noticias-del-dia\/ataques-recientes-eln-colombia-contraproducentes-grupo-guerrillero\/","title":{"rendered":"Recientes ataques del ELN de Colombia podr\u00edan ser contraproducentes para el grupo guerrillero"},"content":{"rendered":"\n<p class=\"wp-block-paragraph\">La guerrilla del ELN de Colombia ha perpetrado varios ataques desde el anuncio de su participaci\u00f3n en las conversaciones preliminares de paz con el gobierno; un cl\u00e1sico medio para tratar de fortalecer su posici\u00f3n en la mesa de negociaci\u00f3n que podr\u00eda resultar contraproducente.<\/p>\n\n\n\n<p class=\"wp-block-paragraph\">El 30 de junio, el Ej\u00e9rcito de Liberaci\u00f3n Nacional (ELN) se responsabiliz\u00f3 por una bomba detonada afuera de una peque\u00f1a estaci\u00f3n de polic\u00eda en Bogot\u00e1, <a href=\"https:\/\/www.elespectador.com\/noticias\/judicial\/eln-dice-son-autores-del-atentado-terrorista-contra-est-articulo-501490\" target=\"_blank\">inform\u00f3 El Espectador<\/a>. El ataque, perpetrado el 20 de junio, dej\u00f3 dos polic\u00edas y un civil heridos, y afect\u00f3 varios edificios cercanos. En un comunicado en su p\u00e1gina de Internet, el ELN dijo que el ataque fue perpetrado por guerrilleros del Frente de Guerra Oriental, que opera en el departamento de Arauca, ubicado a m\u00e1s de 600 kil\u00f3metros de Bogot\u00e1.<\/p>\n\n\n\n<p class=\"wp-block-paragraph\">El ELN tambi\u00e9n <a href=\"https:\/\/www.elespectador.com\/noticias\/nacional\/eln-anuncia-un-paro-armado-sus-50-anos-articulo-501539\" target=\"_blank\">ha anunciado un paro armado<\/a> para celebrar su aniversario n\u00famero 50. El grupo dijo que el paro se realizar\u00e1 entre el 3 y el 6 de julio, y que afectar\u00e1 a los negocios y carreteras en los departamentos de Arauca, Boyac\u00e1, Casanare, Santander y Norte de Santander, todos cercanos a la frontera con Venezuela.<\/p>\n\n\n\n<p class=\"wp-block-paragraph\"><strong><span style=\"color: #800000\">VEA TAMBI\u00c9N:<\/span><\/strong> <a href=\"\/grupos-colombia\/eln\" target=\"_blank\">Perfil del ELN<\/a><\/p>\n\n\n\n<p class=\"wp-block-paragraph\">El paro fue anunciado un d\u00eda despu\u00e9s de que el ELN <a href=\"https:\/\/m.eltiempo.com\/colombia\/otras-ciudades\/trece-civiles-heridos-en-atentado-a-cano-limon-en-arauca\/14186337\/1\" target=\"_blank\">detonara explosivos en un complejo de una compa\u00f1\u00eda petrolera en Arauca<\/a>, hiriendo de gravedad al menos a 13 personas. En respuesta, el ministro de Defensa Juan Carlos Pinz\u00f3n, <a href=\"https:\/\/www.wradio.com.co\/noticias\/actualidad\/con-actos-como-el-de-cano-limon-covenas-el-eln-no-va-a-presionar-al-gobierno-mindefensa\/20140630\/nota\/2299599.aspx\" target=\"_blank\">llam\u00f3 al bombardeo<\/a> \u201cun acto de absoluta cobard\u00eda\u201d y afirm\u00f3 que el ELN no tendr\u00e1 \u00e9xito en presionar al gobierno.<\/p>\n\n\n\n<h3 class=\"wp-block-heading\">An\u00e1lisis de InSight Crime<\/h3>\n\n\n\n<p class=\"wp-block-paragraph\">Los recientes atentados del ELN representan un cambio en las t\u00e1cticas habituales de la organizaci\u00f3n. Con su base de operaciones en el oriente de Colombia, cerca de la frontera con Venezuela, la organizaci\u00f3n se ha caracterizado por sus ataques a la infraestructura econ\u00f3mica, y por el uso del secuestro y la extorsi\u00f3n como fuentes de ingresos.<\/p>\n\n\n\n<p class=\"wp-block-paragraph\">Aunque el ELN ataca frecuentemente los oleoductos y pozos de petr\u00f3leo, el enfoque en los empleados de las compa\u00f1\u00edas petroleras no es tan com\u00fan. Explotar una bomba en Bogot\u00e1 tambi\u00e9n es bastante inusual, y probablemente fue una estrategia dise\u00f1ada para llamar la atenci\u00f3n, con la esperanza de obtener m\u00e1s poder de negociaci\u00f3n en <a href=\"\/noticias\/noticias-del-dia\/colombia-anuncia-conversaciones-de-paz-con-guerrilla-eln\" target=\"_blank\">las conversaciones preliminares de paz<\/a> con el gobierno colombiano.<\/p>\n\n\n\n<p class=\"wp-block-paragraph\"><strong><span style=\"color: #800000\">VEA TAMBI\u00c9N:<\/span><\/strong> <a href=\"\/noticias-sobre-crimen-organizado-en-colombia\" target=\"_blank\">Noticias y perfiles de Colombia<\/a><\/p>\n\n\n\n<p class=\"wp-block-paragraph\">Sin embargo, este enfoque puede ser contraproducente pues la administraci\u00f3n del presidente Juan Manuel Santos ha prometido continuar con las operaciones militares contra el ELN y las Fuerzas Armadas Revolucionarias de Colombia (FARC), otra organizaci\u00f3n guerrillera, hasta que se hayan alcanzado acuerdos de paz con cada uno de los grupos.<\/p>\n\n\n\n<p class=\"wp-block-paragraph\">Tambi\u00e9n es probable que el gobierno presente cualquier eventual acuerdo de paz con el ELN a un refer\u00e9ndum. Las <a href=\"\/noticias\/noticias-del-dia\/colombia-vota-a-favor-proceso-de-paz-pero-persisten-numerosos-obstaculos\" target=\"_blank\">elecciones presidenciales m\u00e1s recientes<\/a> indicaron que el pa\u00eds est\u00e1 profundamente dividido sobre la cuesti\u00f3n de la paz, y los ataques contra civiles desarmados y los bombardeos en Bogot\u00e1 no van a generar apoyo p\u00fablico para un acuerdo.<\/p>\n","protected":false},"excerpt":{"rendered":"<p>La guerrilla del ELN de Colombia ha perpetrado varios ataques desde el anuncio de su participaci\u00f3n en las conversaciones preliminares de paz con el gobierno; un cl\u00e1sico medio para tratar de fortalecer su posici\u00f3n en la mesa de negociaci\u00f3n que podr\u00eda resultar contraproducente.<\/p>\n","protected":false},"author":35,"featured_media":40542,"comment_status":"closed","ping_status":"closed","sticky":false,"template":"","format":"standard","meta":{"newspack_ads_suppress_ads":false,"newspack_popups_has_disabled_popups":false,"newspack_sponsor_sponsorship_scope":"","newspack_sponsor_native_byline_display":"inherit","newspack_sponsor_native_category_display":"inherit","newspack_sponsor_underwriter_style":"inherit","newspack_sponsor_underwriter_placement":"inherit","_EventAllDay":false,"_EventTimezone":"","_EventStartDate":"","_EventEndDate":"","_EventStartDateUTC":"","_EventEndDateUTC":"","_EventShowMap":false,"_EventShowMapLink":false,"_EventURL":"","_EventCost":"","_EventCostDescription":"","_EventCurrencySymbol":"","_EventCurrencyCode":"","_EventCurrencyPosition":"","_EventDateTimeSeparator":"","_EventTimeRangeSeparator":"","_EventOrganizerID":[],"_EventVenueID":[],"_OrganizerEmail":"","_OrganizerPhone":"","_OrganizerWebsite":"","_VenueAddress":"","_VenueCity":"","_VenueCountry":"","_VenueProvince":"","_VenueState":"","_VenueZip":"","_VenuePhone":"","_VenueURL":"","_VenueStateProvince":"","_VenueLat":"","_VenueLng":"","_VenueShowMap":false,"_VenueShowMapLink":false,"_newspack_byline_active":false,"_newspack_byline":"","newspack_hide_updated_date":false,"newspack_show_updated_date":false,"newspack_featured_image_position":"","newspack_post_subtitle":"","newspack_article_summary_title":"Overview:","newspack_article_summary":"","_jetpack_memberships_contains_paid_content":false,"footnotes":""},"categories":[334],"tags":[547,627,710],"newspack_spnsrs_tax":[],"coauthors":[3902],"class_list":["post-6876","post","type-post","status-publish","format-standard","has-post-thumbnail","hentry","category-noticias-del-dia","tag-colombia","tag-eln","tag-eln-peace","entry"],"parsely":{"version":"1.1.0","canonical_url":"https:\/\/insightcrime.org\/es\/noticias\/noticias-del-dia\/ataques-recientes-eln-colombia-contraproducentes-grupo-guerrillero\/","smart_links":{"inbound":0,"outbound":0},"traffic_boost_suggestions_count":0,"meta":{"@context":"https:\/\/schema.org","@type":"NewsArticle","headline":"Recientes ataques del ELN de Colombia podr\u00edan ser contraproducentes para el grupo guerrillero","url":"http:\/\/insightcrime.org\/es\/noticias\/noticias-del-dia\/ataques-recientes-eln-colombia-contraproducentes-grupo-guerrillero\/","mainEntityOfPage":{"@type":"WebPage","@id":"http:\/\/insightcrime.org\/es\/noticias\/noticias-del-dia\/ataques-recientes-eln-colombia-contraproducentes-grupo-guerrillero\/"},"thumbnailUrl":"https:\/\/i0.wp.com\/insightcrime.org\/wp-content\/uploads\/2014\/07\/es-13405c45037f8d55f83a47b8d153c0df.jpg?resize=150%2C150&quality=100&ssl=1","image":{"@type":"ImageObject","url":"https:\/\/i0.wp.com\/insightcrime.org\/wp-content\/uploads\/2014\/07\/es-13405c45037f8d55f83a47b8d153c0df.jpg?fit=280%2C169&quality=100&ssl=1"},"articleSection":"Noticias del d\u00eda","author":[{"@type":"Person","name":"Kyra Gurney"}],"creator":["Kyra Gurney"],"publisher":{"@type":"Organization","name":"InSight Crime","logo":"https:\/\/insightcrime.org\/wp-content\/uploads\/2023\/08\/logo.png"},"keywords":["colombia","eln","paz eln"],"dateCreated":"2017-03-28T00:02:18Z","datePublished":"2017-03-28T00:02:18Z","dateModified":"2023-04-24T20:39:17Z"},"rendered":"<meta name=\"parsely-title\" content=\"Recientes ataques del ELN de Colombia podr\u00edan ser contraproducentes para el grupo guerrillero\" \/>\n<meta name=\"parsely-link\" content=\"http:\/\/insightcrime.org\/es\/noticias\/noticias-del-dia\/ataques-recientes-eln-colombia-contraproducentes-grupo-guerrillero\/\" \/>\n<meta name=\"parsely-type\" content=\"post\" \/>\n<meta name=\"parsely-image-url\" content=\"https:\/\/i0.wp.com\/insightcrime.org\/wp-content\/uploads\/2014\/07\/es-13405c45037f8d55f83a47b8d153c0df.jpg?resize=150%2C150&amp;quality=100&amp;ssl=1\" \/>\n<meta name=\"parsely-pub-date\" content=\"2017-03-28T00:02:18Z\" \/>\n<meta name=\"parsely-section\" content=\"Noticias del d\u00eda\" \/>\n<meta name=\"parsely-tags\" content=\"colombia,eln,paz eln\" \/>\n<meta name=\"parsely-author\" content=\"Kyra Gurney\" \/>","tracker_url":"https:\/\/cdn.parsely.com\/keys\/insightcrime.org\/p.js"},"jetpack_sharing_enabled":true,"jetpack-related-posts":[{"id":292387,"url":"https:\/\/insightcrime.org\/es\/noticias\/atentado-eln-destruye-posibilidades-paz-mientras-guerrilla-fortalece\/","url_meta":{"origin":6876,"position":0},"title":"Atentado del ELN destruye las posibilidades de paz mientras la guerrilla se fortalece","author":"Henry Shuldiner","date":"18 de septiembre de 2024","format":false,"excerpt":"El gobierno de Colombia ha puesto fin a las conversaciones de paz con el principal grupo guerrillero del pa\u00eds, tras un ataque contra una base militar, extinguiendo las perspectivas de llegar a un acuerdo con el grupo y dej\u00e1ndolo m\u00e1s fuerte que cuando se iniciaron las negociaciones.","rel":"","context":"En \u00abNoticias\u00bb","block_context":{"text":"Noticias","link":"https:\/\/insightcrime.org\/es\/category\/noticias\/"},"img":{"alt_text":"ELN Guerrillas attacked a military base in Puerto Jord\u00e1n, Arauca, launching explosives from a dump truck.","src":"https:\/\/i0.wp.com\/insightcrime.org\/wp-content\/uploads\/2024\/09\/24-09-18-Colombia-ELN-Arauca-Ejercito-11.jpg?fit=350%2C250&quality=100&ssl=1&resize=350%2C200","width":350,"height":200},"classes":[]},{"id":232681,"url":"https:\/\/insightcrime.org\/es\/noticias\/seis-meses-dialogo-gobierno-colombia-eln\/","url_meta":{"origin":6876,"position":1},"title":"Los seis espinosos meses de di\u00e1logos entre el gobierno de Colombia y el ELN","author":"Juan Diego Posada","date":"19 de mayo de 2023","format":false,"excerpt":"Tras seis meses de negociaciones con el ELN, la \"Paz Total\" de Colombia se enfrenta a un futuro incierto. Se han producido algunos avances, pero los continuos ataques contra la fuerzas de seguridad colombianas, el reclutamiento de menores y la incapacidad para alcanzar un alto el fuego amenazan el ambicioso\u2026","rel":"","context":"En \u00abNoticias\u00bb","block_context":{"text":"Noticias","link":"https:\/\/insightcrime.org\/es\/category\/noticias\/"},"img":{"alt_text":"","src":"https:\/\/i0.wp.com\/insightcrime.org\/wp-content\/uploads\/2023\/09\/Jose-Otty-Patino-Nicolas-Rodriguez-Gabino-Pablo-Beltran-Negotiations-between-the-ELN-and-the-Colombian-government-May-2023-23122598966924-A2-1.jpg?fit=1200%2C690&quality=100&ssl=1&resize=350%2C200","width":350,"height":200,"srcset":"https:\/\/i0.wp.com\/insightcrime.org\/wp-content\/uploads\/2023\/09\/Jose-Otty-Patino-Nicolas-Rodriguez-Gabino-Pablo-Beltran-Negotiations-between-the-ELN-and-the-Colombian-government-May-2023-23122598966924-A2-1.jpg?fit=1200%2C690&quality=100&ssl=1&resize=350%2C200 1x, https:\/\/i0.wp.com\/insightcrime.org\/wp-content\/uploads\/2023\/09\/Jose-Otty-Patino-Nicolas-Rodriguez-Gabino-Pablo-Beltran-Negotiations-between-the-ELN-and-the-Colombian-government-May-2023-23122598966924-A2-1.jpg?fit=1200%2C690&quality=100&ssl=1&resize=525%2C300 1.5x, https:\/\/i0.wp.com\/insightcrime.org\/wp-content\/uploads\/2023\/09\/Jose-Otty-Patino-Nicolas-Rodriguez-Gabino-Pablo-Beltran-Negotiations-between-the-ELN-and-the-Colombian-government-May-2023-23122598966924-A2-1.jpg?fit=1200%2C690&quality=100&ssl=1&resize=700%2C400 2x, https:\/\/i0.wp.com\/insightcrime.org\/wp-content\/uploads\/2023\/09\/Jose-Otty-Patino-Nicolas-Rodriguez-Gabino-Pablo-Beltran-Negotiations-between-the-ELN-and-the-Colombian-government-May-2023-23122598966924-A2-1.jpg?fit=1200%2C690&quality=100&ssl=1&resize=1050%2C600 3x"},"classes":[]},{"id":232552,"url":"https:\/\/insightcrime.org\/es\/noticias\/aumentan-secuestros-colomnia-conversaciones-paz-eln\/","url_meta":{"origin":6876,"position":2},"title":"Aumentan secuestros en Colombia en medio de conversaciones de paz con el ELN","author":"Henry Shuldiner","date":"18 de julio de 2023","format":false,"excerpt":"Los secuestros aumentan en toda Colombia, mientras que la administraci\u00f3n del presidente Gustavo Petro se prepara para entablar negociaciones de paz con el mayor grupo armado que queda en el pa\u00eds, el Ej\u00e9rcito de Liberaci\u00f3n Nacional.","rel":"","context":"En \u00abNoticias\u00bb","block_context":{"text":"Noticias","link":"https:\/\/insightcrime.org\/es\/category\/noticias\/"},"img":{"alt_text":"a Colombian army sergeant and her two children in Arauca on July 3 with members of the ELN after the guerilla group kidnapped them in previous days","src":"https:\/\/i0.wp.com\/insightcrime.org\/wp-content\/uploads\/2023\/09\/Colombia-ELN-Kindapping-Infobae-170623-1.png?fit=350%2C250&quality=100&ssl=1&resize=350%2C200","width":350,"height":200},"classes":[]},{"id":4986,"url":"https:\/\/insightcrime.org\/es\/noticias-crimen-organizado-venezuela\/eln-en-venezuela\/","url_meta":{"origin":6876,"position":3},"title":"Ej\u00e9rcito de Liberaci\u00f3n Nacional (ELN) en Venezuela","author":"InSight Crime","date":"13 de enero de 2026","format":false,"excerpt":"El ELN es hoy una guerrilla binacional y uno de los grupos m\u00e1s poderosos en Suram\u00e9rica","rel":"","context":"En \u00abVenezuela\u00bb","block_context":{"text":"Venezuela","link":"https:\/\/insightcrime.org\/es\/category\/noticias-crimen-organizado-venezuela\/"},"img":{"alt_text":"Ej\u00e9rcito de Liberaci\u00f3n Nacional (ELN) en Venezuela","src":"https:\/\/i0.wp.com\/insightcrime.org\/wp-content\/uploads\/2026\/07\/Grupo-Criminal-ELN-en-Venezuela-1.jpg?fit=1200%2C900&quality=100&ssl=1&resize=350%2C200","width":350,"height":200,"srcset":"https:\/\/i0.wp.com\/insightcrime.org\/wp-content\/uploads\/2026\/07\/Grupo-Criminal-ELN-en-Venezuela-1.jpg?fit=1200%2C900&quality=100&ssl=1&resize=350%2C200 1x, https:\/\/i0.wp.com\/insightcrime.org\/wp-content\/uploads\/2026\/07\/Grupo-Criminal-ELN-en-Venezuela-1.jpg?fit=1200%2C900&quality=100&ssl=1&resize=525%2C300 1.5x, https:\/\/i0.wp.com\/insightcrime.org\/wp-content\/uploads\/2026\/07\/Grupo-Criminal-ELN-en-Venezuela-1.jpg?fit=1200%2C900&quality=100&ssl=1&resize=700%2C400 2x, https:\/\/i0.wp.com\/insightcrime.org\/wp-content\/uploads\/2026\/07\/Grupo-Criminal-ELN-en-Venezuela-1.jpg?fit=1200%2C900&quality=100&ssl=1&resize=1050%2C600 3x"},"classes":[]},{"id":4859,"url":"https:\/\/insightcrime.org\/es\/noticias-crimen-organizado-colombia\/eliecer-erlinto-chamorro-antonio-garcia\/","url_meta":{"origin":6876,"position":4},"title":"Eli\u00e9cer Erlinto Chamorro, alias &#8216;Antonio Garc\u00eda&#8217;","author":"InSight Crime","date":"24 de junio de 2021","format":false,"excerpt":"Eli\u00e9cer Erlinto Chamorro, alias \u201cAntonio Garc\u00eda\u201d, es el primer comandante del grupo guerrillero colombiano ELN.","rel":"","context":"En \u00abColombia\u00bb","block_context":{"text":"Colombia","link":"https:\/\/insightcrime.org\/es\/category\/noticias-crimen-organizado-colombia\/"},"img":{"alt_text":"Perfil criminal - Eliecer Erlinto Chamorro, alias \u2018Antonio Garcia\u2019 - Colombia.","src":"https:\/\/i0.wp.com\/insightcrime.org\/wp-content\/uploads\/2026\/08\/Perfil-Criminal-Alias-Antonio-Garcia-Colombia.jpg?fit=1200%2C900&quality=100&ssl=1&resize=350%2C200","width":350,"height":200,"srcset":"https:\/\/i0.wp.com\/insightcrime.org\/wp-content\/uploads\/2026\/08\/Perfil-Criminal-Alias-Antonio-Garcia-Colombia.jpg?fit=1200%2C900&quality=100&ssl=1&resize=350%2C200 1x, https:\/\/i0.wp.com\/insightcrime.org\/wp-content\/uploads\/2026\/08\/Perfil-Criminal-Alias-Antonio-Garcia-Colombia.jpg?fit=1200%2C900&quality=100&ssl=1&resize=525%2C300 1.5x, https:\/\/i0.wp.com\/insightcrime.org\/wp-content\/uploads\/2026\/08\/Perfil-Criminal-Alias-Antonio-Garcia-Colombia.jpg?fit=1200%2C900&quality=100&ssl=1&resize=700%2C400 2x, https:\/\/i0.wp.com\/insightcrime.org\/wp-content\/uploads\/2026\/08\/Perfil-Criminal-Alias-Antonio-Garcia-Colombia.jpg?fit=1200%2C900&quality=100&ssl=1&resize=1050%2C600 3x"},"classes":[]},{"id":286545,"url":"https:\/\/insightcrime.org\/es\/noticias\/cese-fuego-eln-expira-amenaza-paz-total-colombia\/","url_meta":{"origin":6876,"position":5},"title":"Cese al fuego con ELN expira y amenaza Paz Total en Colombia","author":"Lara Loaiza","date":"5 de agosto de 2024","format":false,"excerpt":"Las negociaciones de paz con la \u00faltima guerrilla de Colombia est\u00e1n a punto de fracasar tras la expiraci\u00f3n del cese al fuego entre el gobierno y el ELN el 3 de agosto.","rel":"","context":"En \u00abNoticias\u00bb","block_context":{"text":"Noticias","link":"https:\/\/insightcrime.org\/es\/category\/noticias\/"},"img":{"alt_text":"Pablo Beltran during a joint declaration on the progress of the peace process between the Colombian government and ELN Pablo Beltr\u00e1n durante una declaraci\u00f3n conjunta sobre los avances del proceso de paz entre el Gobierno colombiano y el ELN","src":"https:\/\/i0.wp.com\/insightcrime.org\/wp-content\/uploads\/2024\/08\/Feature-Image-Pablo-Beltran-Proceso-de-paz-Colombia.jpg?fit=1200%2C690&quality=100&ssl=1&resize=350%2C200","width":350,"height":200,"srcset":"https:\/\/i0.wp.com\/insightcrime.org\/wp-content\/uploads\/2024\/08\/Feature-Image-Pablo-Beltran-Proceso-de-paz-Colombia.jpg?fit=1200%2C690&quality=100&ssl=1&resize=350%2C200 1x, https:\/\/i0.wp.com\/insightcrime.org\/wp-content\/uploads\/2024\/08\/Feature-Image-Pablo-Beltran-Proceso-de-paz-Colombia.jpg?fit=1200%2C690&quality=100&ssl=1&resize=525%2C300 1.5x, https:\/\/i0.wp.com\/insightcrime.org\/wp-content\/uploads\/2024\/08\/Feature-Image-Pablo-Beltran-Proceso-de-paz-Colombia.jpg?fit=1200%2C690&quality=100&ssl=1&resize=700%2C400 2x, https:\/\/i0.wp.com\/insightcrime.org\/wp-content\/uploads\/2024\/08\/Feature-Image-Pablo-Beltran-Proceso-de-paz-Colombia.jpg?fit=1200%2C690&quality=100&ssl=1&resize=1050%2C600 3x"},"classes":[]}],"jetpack_featured_media_url":"https:\/\/i0.wp.com\/insightcrime.org\/wp-content\/uploads\/2014\/07\/es-13405c45037f8d55f83a47b8d153c0df.jpg?fit=280%2C169&quality=100&ssl=1","_links":{"self":[{"href":"https:\/\/insightcrime.org\/es\/wp-json\/wp\/v2\/posts\/6876","targetHints":{"allow":["GET"]}}],"collection":[{"href":"https:\/\/insightcrime.org\/es\/wp-json\/wp\/v2\/posts"}],"about":[{"href":"https:\/\/insightcrime.org\/es\/wp-json\/wp\/v2\/types\/post"}],"author":[{"embeddable":true,"href":"https:\/\/insightcrime.org\/es\/wp-json\/wp\/v2\/users\/35"}],"replies":[{"embeddable":true,"href":"https:\/\/insightcrime.org\/es\/wp-json\/wp\/v2\/comments?post=6876"}],"version-history":[{"count":1,"href":"https:\/\/insightcrime.org\/es\/wp-json\/wp\/v2\/posts\/6876\/revisions"}],"predecessor-version":[{"id":22625,"href":"https:\/\/insightcrime.org\/es\/wp-json\/wp\/v2\/posts\/6876\/revisions\/22625"}],"wp:featuredmedia":[{"embeddable":true,"href":"https:\/\/insightcrime.org\/es\/wp-json\/wp\/v2\/media\/40542"}],"wp:attachment":[{"href":"https:\/\/insightcrime.org\/es\/wp-json\/wp\/v2\/media?parent=6876"}],"wp:term":[{"taxonomy":"category","embeddable":true,"href":"https:\/\/insightcrime.org\/es\/wp-json\/wp\/v2\/categories?post=6876"},{"taxonomy":"post_tag","embeddable":true,"href":"https:\/\/insightcrime.org\/es\/wp-json\/wp\/v2\/tags?post=6876"},{"taxonomy":"newspack_spnsrs_tax","embeddable":true,"href":"https:\/\/insightcrime.org\/es\/wp-json\/wp\/v2\/newspack_spnsrs_tax?post=6876"},{"taxonomy":"author","embeddable":true,"href":"https:\/\/insightcrime.org\/es\/wp-json\/wp\/v2\/coauthors?post=6876"}],"curies":[{"name":"wp","href":"https:\/\/api.w.org\/{rel}","templated":true}]}}