{"id":6906,"date":"2014-07-10T19:15:12","date_gmt":"2017-03-28T00:02:32","guid":{"rendered":"http:\/\/newwp.insightcrime.org?p=6906"},"modified":"2023-04-24T15:39:27","modified_gmt":"2023-04-24T20:39:27","slug":"ataques-son-senal-de-la-creciente-fuerza-del-epp-en-paraguay-pese-a-medidas-severas-de-seguridad","status":"publish","type":"post","link":"https:\/\/insightcrime.org\/es\/noticias\/noticias-del-dia\/ataques-son-senal-de-la-creciente-fuerza-del-epp-en-paraguay-pese-a-medidas-severas-de-seguridad\/","title":{"rendered":"Ataques son se\u00f1al de la creciente fuerza del EPP en Paraguay pese a medidas severas de seguridad"},"content":{"rendered":"\n<p class=\"wp-block-paragraph\">Una serie de atentados de alto nivel perpetrados por la guerrilla de Paraguay EPP,&nbsp;ha generado preocupaciones de que la organizaci\u00f3n est\u00e9 ganando fuerza a pesar de un asalto de las fuerzas de seguridad, aunque centrarse en esta insurgencia relativamente peque\u00f1a podr\u00eda distraer la atenci\u00f3n frente a las amenazas de seguridad m\u00e1s serias.<\/p>\n\n\n\n<p class=\"wp-block-paragraph\">El 4 de julio miembros del Ej\u00e9rcito del Pueblo Paraguayo (EPP) presuntamente volaron una torre de electricidad en el norte del pa\u00eds, afectando a cientos de miles de personas y causando perdidas que han sido estimadas <a href=\"https:\/\/www.lanacion.com.py\/articulo\/170167-atentado-contra-la-ande-causo-perdida-por-us-1-millon-al-comercio-de-pedro-juan.html\" target=\"_blank\">en un mill\u00f3n de d\u00f3lares<\/a>.<\/p>\n\n\n\n<p class=\"wp-block-paragraph\">El d\u00eda siguiente, miembros del EPP presuntamente <a href=\"https:\/\/www.elcomercial.com.ar\/index.php?option=com_telam&amp;view=deauno&amp;idnota=469878&amp;Itemid=116\" target=\"_blank\">secuestraron a un agente de la polic\u00eda<\/a> tambi\u00e9n en el norte de Paraguay.<\/p>\n\n\n\n<p class=\"wp-block-paragraph\">Ambos ataques ocurrieron pocos d\u00edas antes de que la victima de secuestro de 16 a\u00f1os, Arlan Fick, quien fue tomado como reh\u00e9n en abril de este a\u00f1o, cumpliera <a href=\"https:\/\/www.abc.com.py\/nacionales\/arlan-cumple-dias-99-secuestrado-1264636.html\" target=\"_blank\">100 d\u00edas en cautiverio<\/a>.<\/p>\n\n\n\n<p class=\"wp-block-paragraph\">Seg\u00fan un <a href=\"https:\/\/www.abc.com.py\/edicion-impresa\/editorial\/el-epp-esta-cada-vez-mas-peligroso-1264232.html\" target=\"_blank\">editorial reciente de ABC Color<\/a>, el EPP ha perpetrado m\u00e1s de 85 actos de destrucci\u00f3n de bienes y causado la muerte de cerca de 50 personas desde que el presidente Horacio Cartes asumi\u00f3 el cargo en agosto de 2013. Seg\u00fan los informes, la organizaci\u00f3n ha aumentado en tama\u00f1o, formado nuevas c\u00e9lulas operativas y se ha vuelto m\u00e1s agresiva, adoptando nuevas t\u00e1cticas pol\u00edticas y de intimidaci\u00f3n.<\/p>\n\n\n\n<figure class=\"wp-block-image is-resized\"><img data-recalc-dims=\"1\" loading=\"lazy\" decoding=\"async\" src=\"https:\/\/i0.wp.com\/es.insightcrime.org\/images\/eppattacks.jpg?resize=590%2C354&#038;quality=100&#038;ssl=1\" alt=\"eppattacks\" height=\"354\" width=\"590\"\/><\/figure>\n\n\n\n<h3 class=\"wp-block-heading\">An\u00e1lisis de InSight Crime<\/h3>\n\n\n\n<p class=\"wp-block-paragraph\">Durante los \u00faltimos a\u00f1os las autoridades paraguayas han expresado preocupaci\u00f3n acerca de que <a href=\"https:\/\/www.abc.com.py\/nacionales\/epp-se-ha-vuelto-a-fortalecer-asegura-ex-viceministro-del-interior-310934.html\" target=\"_blank\">el EPP est\u00e9 ganando poder<\/a>, y el presidente Cartes ha convertido la lucha contra el EPP en una parte clave <a href=\"\/noticias\/noticias-del-dia\/100-dias-la-guerra-contra-el-epp-del-presidente-de-paraguay-ve-poco-progreso\" target=\"_blank\">de su pol\u00edtica de seguridad<\/a>, e incluso cre\u00f3 una nueva <a href=\"https:\/\/www.abc.com.py\/edicion-impresa\/politica\/fuerzas-de-seguridad-no-pueden-contener-al-epp-1255037.html\" target=\"_blank\">Fuerza de Tarea Conjunta<\/a> (FTC) de seguridad para luchar contra la insurgencia. Actualmente hay planes en marcha para aumentar la presencia militar en el norte de Paraguay hasta <a href=\"https:\/\/www.abc.com.py\/nacionales\/cartes-envia-mas-militares-1264635.html\" target=\"_blank\">en un 50 por ciento<\/a>.<\/p>\n\n\n\n<p class=\"wp-block-paragraph\"><strong><span style=\"color: #800000\">VEA TAMBI\u00c9N:<\/span><\/strong> <a href=\"\/tag\/epp\" target=\"_blank\">Cobertura sobre el EPP<\/a><\/p>\n\n\n\n<p class=\"wp-block-paragraph\">A pesar de estos esfuerzos, durante la actual administraci\u00f3n el EPP ha llevado a cabo <a href=\"https:\/\/www.abc.com.py\/edicion-impresa\/suplementos\/judicial\/epp-mucho-mas-violento-desde-que-gano-horacio-cartes-1213277.html\" target=\"_blank\">una cantidad r\u00e9cord de ataques<\/a>. El uso reciente de explosivos y el secuestro de un oficial de polic\u00eda sin demandar dinero por su rescate -probablemente como un acto de intimidaci\u00f3n- constituyen nuevos indicios de que el grupo est\u00e1 evolucionando.<\/p>\n\n\n\n<p class=\"wp-block-paragraph\">Sin embargo, aunque <a href=\"https:\/\/www.abc.com.py\/nacionales\/juicio-zavala-el-epp-se-fortalecio-con-los-anos-1262649.html\" target=\"_blank\">el grupo ha crecido en tama\u00f1o<\/a> desde que se estableci\u00f3 formalmente en 2008, sigue siendo peque\u00f1o y se cree que s\u00f3lo cuenta con menos de 100 miembros. A pesar de su creciente fuerza, tanto su capacidad militar como su papel en el hampa son m\u00ednimos en comparaci\u00f3n con otros grupos insurgentes de la regi\u00f3n, como las Fuerzas Armadas Revolucionarias de Colombia&nbsp;(FARC).<\/p>\n\n\n\n<p class=\"wp-block-paragraph\">El enfoque actual del gobierno en el EPP ha generado preocupaciones de que las fuerzas de seguridad no est\u00e9n dedicando suficiente atenci\u00f3n a la amenaza <a href=\"\/news\/analysis\/the-politics-behind-the-hunt-for-paraguays-guerrillas\" target=\"_blank\">posiblemente m\u00e1s grande<\/a> que plantean los grupos <a href=\"\/noticias\/noticias-del-dia\/alijo-de-cocaina-en-paraguay-muestra-evolucion-del-crimen-organizado-local\" target=\"_blank\">narcotraficantes locales <\/a>y la <a href=\"\/noticias\/noticias-del-dia\/arresto-operario-clave-senala-creciente-presencia-pcc-paraguay\" target=\"_blank\">presencia de organizaciones criminales de Brasil<\/a>, a medida que el pa\u00eds se vuelve cada vez m\u00e1s <a href=\"\/noticias\/noticias-del-dia\/paraguay-descubre-grupo-multinacional-vinculado-al-procesamiento-interno-de-cocaina\" target=\"_blank\">importante en el tr\u00e1fico de drogas de la regi\u00f3n<\/a>.<\/p>\n","protected":false},"excerpt":{"rendered":"<p>Una serie de atentados de alto nivel perpetrados por la guerrilla de Paraguay EPP,\u00a0ha generado preocupaciones de que la organizaci\u00f3n est\u00e9 ganando fuerza a pesar de un asalto de las fuerzas de seguridad, aunque centrarse en esta insurgencia relativamente peque\u00f1a podr\u00eda distraer la atenci\u00f3n frente a las amenazas de seguridad m\u00e1s serias.<\/p>\n","protected":false},"author":52,"featured_media":40597,"comment_status":"closed","ping_status":"closed","sticky":false,"template":"","format":"standard","meta":{"newspack_ads_suppress_ads":false,"newspack_popups_has_disabled_popups":false,"newspack_sponsor_sponsorship_scope":"","newspack_sponsor_native_byline_display":"inherit","newspack_sponsor_native_category_display":"inherit","newspack_sponsor_underwriter_style":"inherit","newspack_sponsor_underwriter_placement":"inherit","_EventAllDay":false,"_EventTimezone":"","_EventStartDate":"","_EventEndDate":"","_EventStartDateUTC":"","_EventEndDateUTC":"","_EventShowMap":false,"_EventShowMapLink":false,"_EventURL":"","_EventCost":"","_EventCostDescription":"","_EventCurrencySymbol":"","_EventCurrencyCode":"","_EventCurrencyPosition":"","_EventDateTimeSeparator":"","_EventTimeRangeSeparator":"","_EventOrganizerID":[],"_EventVenueID":[],"_OrganizerEmail":"","_OrganizerPhone":"","_OrganizerWebsite":"","_VenueAddress":"","_VenueCity":"","_VenueCountry":"","_VenueProvince":"","_VenueState":"","_VenueZip":"","_VenuePhone":"","_VenueURL":"","_VenueStateProvince":"","_VenueLat":"","_VenueLng":"","_VenueShowMap":false,"_VenueShowMapLink":false,"_newspack_byline_active":false,"_newspack_byline":"","newspack_hide_updated_date":false,"newspack_show_updated_date":false,"newspack_featured_image_position":"","newspack_post_subtitle":"","newspack_article_summary_title":"Overview:","newspack_article_summary":"","_jetpack_memberships_contains_paid_content":false,"footnotes":""},"categories":[334],"tags":[488,465,438],"newspack_spnsrs_tax":[],"coauthors":[3887],"class_list":["post-6906","post","type-post","status-publish","format-standard","has-post-thumbnail","hentry","category-noticias-del-dia","tag-el-epp","tag-paraguay-pais","tag-politicas-de-seguridad","entry"],"parsely":{"version":"1.1.0","canonical_url":"https:\/\/insightcrime.org\/es\/noticias\/noticias-del-dia\/ataques-son-senal-de-la-creciente-fuerza-del-epp-en-paraguay-pese-a-medidas-severas-de-seguridad\/","smart_links":{"inbound":0,"outbound":0},"traffic_boost_suggestions_count":0,"meta":{"@context":"https:\/\/schema.org","@type":"NewsArticle","headline":"Ataques son se\u00f1al de la creciente fuerza del EPP en Paraguay pese a medidas severas de seguridad","url":"http:\/\/insightcrime.org\/es\/noticias\/noticias-del-dia\/ataques-son-senal-de-la-creciente-fuerza-del-epp-en-paraguay-pese-a-medidas-severas-de-seguridad\/","mainEntityOfPage":{"@type":"WebPage","@id":"http:\/\/insightcrime.org\/es\/noticias\/noticias-del-dia\/ataques-son-senal-de-la-creciente-fuerza-del-epp-en-paraguay-pese-a-medidas-severas-de-seguridad\/"},"thumbnailUrl":"https:\/\/i0.wp.com\/insightcrime.org\/wp-content\/uploads\/2014\/07\/es-e27e14fd9c82b81b8c84d177d8865305.jpg?resize=150%2C150&quality=100&ssl=1","image":{"@type":"ImageObject","url":"https:\/\/i0.wp.com\/insightcrime.org\/wp-content\/uploads\/2014\/07\/es-e27e14fd9c82b81b8c84d177d8865305.jpg?fit=280%2C169&quality=100&ssl=1"},"articleSection":"Noticias del d\u00eda","author":[{"@type":"Person","name":"Mimi Yagoub"}],"creator":["Mimi Yagoub"],"publisher":{"@type":"Organization","name":"InSight Crime","logo":"https:\/\/insightcrime.org\/wp-content\/uploads\/2023\/08\/logo.png"},"keywords":["epp","paraguay","pol\u00edticas de seguridad"],"dateCreated":"2017-03-28T00:02:32Z","datePublished":"2017-03-28T00:02:32Z","dateModified":"2023-04-24T20:39:27Z"},"rendered":"<meta name=\"parsely-title\" content=\"Ataques son se\u00f1al de la creciente fuerza del EPP en Paraguay pese a medidas severas de seguridad\" \/>\n<meta name=\"parsely-link\" content=\"http:\/\/insightcrime.org\/es\/noticias\/noticias-del-dia\/ataques-son-senal-de-la-creciente-fuerza-del-epp-en-paraguay-pese-a-medidas-severas-de-seguridad\/\" \/>\n<meta name=\"parsely-type\" content=\"post\" \/>\n<meta name=\"parsely-image-url\" content=\"https:\/\/i0.wp.com\/insightcrime.org\/wp-content\/uploads\/2014\/07\/es-e27e14fd9c82b81b8c84d177d8865305.jpg?resize=150%2C150&amp;quality=100&amp;ssl=1\" \/>\n<meta name=\"parsely-pub-date\" content=\"2017-03-28T00:02:32Z\" \/>\n<meta name=\"parsely-section\" content=\"Noticias del d\u00eda\" \/>\n<meta name=\"parsely-tags\" content=\"epp,paraguay,pol\u00edticas de seguridad\" \/>\n<meta name=\"parsely-author\" content=\"Mimi Yagoub\" \/>","tracker_url":"https:\/\/cdn.parsely.com\/keys\/insightcrime.org\/p.js"},"jetpack_sharing_enabled":true,"jetpack-related-posts":[{"id":124334,"url":"https:\/\/insightcrime.org\/es\/noticias\/paraguay-retorno-amenaza-criminal\/","url_meta":{"origin":6906,"position":0},"title":"Paraguay lidia con ostentoso retorno de una vieja amenaza criminal","author":"Sergio Saffon","date":"22 de septiembre de 2020","format":false,"excerpt":"A una semana del secuestro de un exvicepresidente de Paraguay por parte de la guerrilla del EPP, parece cada vez m\u00e1s probable que este antiguo enemigo de las autoridades del pa\u00eds haya regresado, aunque en circunstancias muy diferentes.","rel":"","context":"En \u00abNoticias\u00bb","block_context":{"text":"Noticias","link":"https:\/\/insightcrime.org\/es\/category\/noticias\/"},"img":{"alt_text":"","src":"https:\/\/i0.wp.com\/insightcrime.org\/wp-content\/uploads\/2020\/09\/secuestraron-al-ex-vicepresidente-de-paraguay-oscar-denis-sanchez.jpg?fit=350%2C250&quality=100&ssl=1&resize=350%2C200","width":350,"height":200},"classes":[]},{"id":135295,"url":"https:\/\/insightcrime.org\/es\/noticias-crimen-organizado-paraguay\/concepcion-paraguay\/","url_meta":{"origin":6906,"position":1},"title":"Concepci\u00f3n, Paraguay","author":"InSight Crime","date":"25 de febrero de 2021","format":false,"excerpt":"En Concepci\u00f3n, poderosos narcotraficantes han penetrado en la pol\u00edtica local. Dada la corrupci\u00f3n generalizada, algunos municipios han comenzado a parecer enclaves criminales.","rel":"","context":"En \u00abParaguay\u00bb","block_context":{"text":"Paraguay","link":"https:\/\/insightcrime.org\/es\/category\/noticias-crimen-organizado-paraguay\/"},"img":{"alt_text":"","src":"https:\/\/i0.wp.com\/insightcrime.org\/wp-content\/uploads\/2021\/02\/Concepcion-Paraguay.jpg?fit=350%2C250&quality=100&ssl=1&resize=350%2C200","width":350,"height":200},"classes":[]},{"id":135309,"url":"https:\/\/insightcrime.org\/es\/noticias-crimen-organizado-paraguay\/amambay-paraguay\/","url_meta":{"origin":6906,"position":2},"title":"Amambay, Paraguay","author":"InSight Crime","date":"25 de febrero de 2021","format":false,"excerpt":"Amambay est\u00e1 en el centro de algunas de las actividades del crimen organizado m\u00e1s preocupantes de Paraguay: el tr\u00e1fico de coca\u00edna, la producci\u00f3n de marihuana y el auge de violentos grupos criminales.","rel":"","context":"En \u00abParaguay\u00bb","block_context":{"text":"Paraguay","link":"https:\/\/insightcrime.org\/es\/category\/noticias-crimen-organizado-paraguay\/"},"img":{"alt_text":"","src":"https:\/\/i0.wp.com\/insightcrime.org\/wp-content\/uploads\/2021\/02\/Paraguay-PedroJuanCaballero-Cannabis-PCC-14-01-2021-Perfil.jpg?fit=350%2C250&quality=100&ssl=1&resize=350%2C200","width":350,"height":200},"classes":[]},{"id":300716,"url":"https:\/\/insightcrime.org\/es\/noticias\/paraguay-el-alcance-mortifero-de-la-delincuencia-transnacional\/","url_meta":{"origin":6906,"position":3},"title":"De Paraguay a Colombia: El alcance mort\u00edfero de la delincuencia transnacional","author":"Christopher Newton","date":"29 de enero de 2025","format":false,"excerpt":"El hallazgo de nuevas pruebas asociadas a un difunto testigo en el caso de Marcelo Pecci expone detalles sobre el alcance transnacional de quienes orquestaron el magnicidio del fiscal paraguayo.","rel":"","context":"En \u00abNoticias\u00bb","block_context":{"text":"Noticias","link":"https:\/\/insightcrime.org\/es\/category\/noticias\/"},"img":{"alt_text":"","src":"https:\/\/i0.wp.com\/insightcrime.org\/wp-content\/uploads\/2025\/01\/correagaleano.jpg?fit=350%2C250&quality=100&ssl=1&resize=350%2C200","width":350,"height":200},"classes":[]},{"id":232735,"url":"https:\/\/insightcrime.org\/es\/noticias\/corrupcion-protagonista-elecciones-presidenciales-paraguay\/","url_meta":{"origin":6906,"position":4},"title":"La corrupci\u00f3n es protagonista en las elecciones presidenciales de Paraguay","author":"Christopher Newton","date":"26 de abril de 2023","format":false,"excerpt":"La larga lucha de Paraguay contra la corrupci\u00f3n se ha convertido en uno de los temas principales de las elecciones presidenciales previstas para el 30 de abril, en las que los principales candidatos proponen enfoques muy diferentes sobre c\u00f3mo afrontarla.","rel":"","context":"En \u00abNoticias\u00bb","block_context":{"text":"Noticias","link":"https:\/\/insightcrime.org\/es\/category\/noticias\/"},"img":{"alt_text":"Una fila de personas frente a los puestos de votaci\u00f3n de las elecciones en Paraguay de 208","src":"https:\/\/i0.wp.com\/insightcrime.org\/wp-content\/uploads\/2023\/09\/Paraguay-Elections-Paraguays-citizens-stand-in-line-to-cast-their-vote-AP18112492418020-A2-1.jpg?fit=1200%2C690&quality=100&ssl=1&resize=350%2C200","width":350,"height":200,"srcset":"https:\/\/i0.wp.com\/insightcrime.org\/wp-content\/uploads\/2023\/09\/Paraguay-Elections-Paraguays-citizens-stand-in-line-to-cast-their-vote-AP18112492418020-A2-1.jpg?fit=1200%2C690&quality=100&ssl=1&resize=350%2C200 1x, https:\/\/i0.wp.com\/insightcrime.org\/wp-content\/uploads\/2023\/09\/Paraguay-Elections-Paraguays-citizens-stand-in-line-to-cast-their-vote-AP18112492418020-A2-1.jpg?fit=1200%2C690&quality=100&ssl=1&resize=525%2C300 1.5x, https:\/\/i0.wp.com\/insightcrime.org\/wp-content\/uploads\/2023\/09\/Paraguay-Elections-Paraguays-citizens-stand-in-line-to-cast-their-vote-AP18112492418020-A2-1.jpg?fit=1200%2C690&quality=100&ssl=1&resize=700%2C400 2x, https:\/\/i0.wp.com\/insightcrime.org\/wp-content\/uploads\/2023\/09\/Paraguay-Elections-Paraguays-citizens-stand-in-line-to-cast-their-vote-AP18112492418020-A2-1.jpg?fit=1200%2C690&quality=100&ssl=1&resize=1050%2C600 3x"},"classes":[]},{"id":99869,"url":"https:\/\/insightcrime.org\/es\/noticias-crimen-organizado-paraguay\/jarvis-chimenes-pavao-alias-el-baron-de-la-droga\/","url_meta":{"origin":6906,"position":5},"title":"Jarvis Chimenes Pav\u00e3o, alias &#8216;El bar\u00f3n de la droga&#8217;","author":"InSight Crime","date":"9 de mayo de 2025","format":false,"excerpt":"El brasile\u00f1o Jarvis Chimenes Pav\u00e3o lleg\u00f3 a convertirse en uno de los principales narcotraficantes de Suram\u00e9rica, sucesor de una serie de capos en la estrat\u00e9gica frontera entre Paraguay y Brasil.","rel":"","context":"En \u00abParaguay\u00bb","block_context":{"text":"Paraguay","link":"https:\/\/insightcrime.org\/es\/category\/noticias-crimen-organizado-paraguay\/"},"img":{"alt_text":"El Baron de la droga Paraguay","src":"https:\/\/i0.wp.com\/insightcrime.org\/wp-content\/uploads\/2026\/06\/Perfil-Criminal-Alias-El-baron-de-la-droga.jpg?fit=1200%2C900&quality=100&ssl=1&resize=350%2C200","width":350,"height":200,"srcset":"https:\/\/i0.wp.com\/insightcrime.org\/wp-content\/uploads\/2026\/06\/Perfil-Criminal-Alias-El-baron-de-la-droga.jpg?fit=1200%2C900&quality=100&ssl=1&resize=350%2C200 1x, https:\/\/i0.wp.com\/insightcrime.org\/wp-content\/uploads\/2026\/06\/Perfil-Criminal-Alias-El-baron-de-la-droga.jpg?fit=1200%2C900&quality=100&ssl=1&resize=525%2C300 1.5x, https:\/\/i0.wp.com\/insightcrime.org\/wp-content\/uploads\/2026\/06\/Perfil-Criminal-Alias-El-baron-de-la-droga.jpg?fit=1200%2C900&quality=100&ssl=1&resize=700%2C400 2x, https:\/\/i0.wp.com\/insightcrime.org\/wp-content\/uploads\/2026\/06\/Perfil-Criminal-Alias-El-baron-de-la-droga.jpg?fit=1200%2C900&quality=100&ssl=1&resize=1050%2C600 3x"},"classes":[]}],"jetpack_featured_media_url":"https:\/\/i0.wp.com\/insightcrime.org\/wp-content\/uploads\/2014\/07\/es-e27e14fd9c82b81b8c84d177d8865305.jpg?fit=280%2C169&quality=100&ssl=1","_links":{"self":[{"href":"https:\/\/insightcrime.org\/es\/wp-json\/wp\/v2\/posts\/6906","targetHints":{"allow":["GET"]}}],"collection":[{"href":"https:\/\/insightcrime.org\/es\/wp-json\/wp\/v2\/posts"}],"about":[{"href":"https:\/\/insightcrime.org\/es\/wp-json\/wp\/v2\/types\/post"}],"author":[{"embeddable":true,"href":"https:\/\/insightcrime.org\/es\/wp-json\/wp\/v2\/users\/52"}],"replies":[{"embeddable":true,"href":"https:\/\/insightcrime.org\/es\/wp-json\/wp\/v2\/comments?post=6906"}],"version-history":[{"count":2,"href":"https:\/\/insightcrime.org\/es\/wp-json\/wp\/v2\/posts\/6906\/revisions"}],"predecessor-version":[{"id":66585,"href":"https:\/\/insightcrime.org\/es\/wp-json\/wp\/v2\/posts\/6906\/revisions\/66585"}],"wp:featuredmedia":[{"embeddable":true,"href":"https:\/\/insightcrime.org\/es\/wp-json\/wp\/v2\/media\/40597"}],"wp:attachment":[{"href":"https:\/\/insightcrime.org\/es\/wp-json\/wp\/v2\/media?parent=6906"}],"wp:term":[{"taxonomy":"category","embeddable":true,"href":"https:\/\/insightcrime.org\/es\/wp-json\/wp\/v2\/categories?post=6906"},{"taxonomy":"post_tag","embeddable":true,"href":"https:\/\/insightcrime.org\/es\/wp-json\/wp\/v2\/tags?post=6906"},{"taxonomy":"newspack_spnsrs_tax","embeddable":true,"href":"https:\/\/insightcrime.org\/es\/wp-json\/wp\/v2\/newspack_spnsrs_tax?post=6906"},{"taxonomy":"author","embeddable":true,"href":"https:\/\/insightcrime.org\/es\/wp-json\/wp\/v2\/coauthors?post=6906"}],"curies":[{"name":"wp","href":"https:\/\/api.w.org\/{rel}","templated":true}]}}