{"id":6913,"date":"2014-07-14T14:35:21","date_gmt":"2017-03-28T00:02:35","guid":{"rendered":"http:\/\/newwp.insightcrime.org?p=6913"},"modified":"2023-04-24T15:39:30","modified_gmt":"2023-04-24T20:39:30","slug":"congreso-de-paraguay-aprueba-agencia-nacional-de-inteligencia-tras-ataques-del-epp","status":"publish","type":"post","link":"https:\/\/insightcrime.org\/es\/noticias\/noticias-del-dia\/congreso-de-paraguay-aprueba-agencia-nacional-de-inteligencia-tras-ataques-del-epp\/","title":{"rendered":"Congreso de Paraguay aprueba agencia nacional de inteligencia tras ataques del EPP"},"content":{"rendered":"\n<p class=\"wp-block-paragraph\">A ra\u00edz de las acciones guerrilleras recientes, la legislatura de Paraguay ha aprobado la creaci\u00f3n de un sistema nacional de inteligencia, pero queda por ver si este organismo prestar\u00e1 la debida atenci\u00f3n a los problemas de crimen organizado y si conseguir\u00e1 neutralizar la amenaza insurgente.<\/p>\n\n\n\n<p class=\"wp-block-paragraph\">La creaci\u00f3n de la agencia fue aprobada por unanimidad por la C\u00e1mara de Diputados de Paraguay el 10 de julio, <a href=\"https:\/\/www.puranoticia.cl\/front\/contenido\/2014\/07\/10\/104970\/congreso-de-paraguay-aprueba-crear-agencia-nacional-de-inteligencia.php\" target=\"_blank\">inform\u00f3 EFE<\/a>. El proyecto de ley, que ya hab\u00eda sido aprobado por el Senado, ahora est\u00e1 a la espera de la consideraci\u00f3n del presidente Horacio Cartes.<\/p>\n\n\n\n<p class=\"wp-block-paragraph\">De ser aprobado por el presidente, el organismo propuesto ser\u00eda responsable de recopilar y analizar informaci\u00f3n para facilitar la coordinaci\u00f3n en temas de seguridad nacional. Adem\u00e1s, el cuerpo procesar\u00e1 informaci\u00f3n sobre agricultura, salud, educaci\u00f3n y otros sectores,<a href=\"https:\/\/www.abc.com.py\/nacionales\/sancionan-ley-del-sistema-nacional-de-inteligencia-1264763.html\" target=\"_blank\"> inform\u00f3 ABC Color<\/a>. El director de la agencia ser\u00e1 nombrado por el presidente.<\/p>\n\n\n\n<p class=\"wp-block-paragraph\">Seg\u00fan los informes, el legislador Hugo Rubin, promotor del proyecto, se\u00f1al\u00f3 a la legislatura que dada la situaci\u00f3n de seguridad actual del pa\u00eds,<a href=\"https:\/\/www.infobae.com\/2014\/07\/11\/1579859-paraguay-crea-una-agencia-nacional-inteligencia\" target=\"_blank\">&nbsp;la creaci\u00f3n de un sistema nacional de inteligencia<\/a> es un tema urgente.<\/p>\n\n\n\n<p class=\"wp-block-paragraph\">La aprobaci\u00f3n de la ley se presenta a ra\u00edz de dos recientes secuestros de alto perfil presuntamente perpetrados por el grupo guerrillero Ej\u00e9rcito del Pueblo Paraguayo (EPP), adem\u00e1s de <a href=\"https:\/\/www.lanacion.com.py\/articulo\/170167-atentado-contra-la-ande-causo-perdida-por-us-1-millon-al-comercio-de-pedro-juan.html\" target=\"_blank\">un ataque a una torre de electricidad<\/a> que fue atribuido al grupo y que dej\u00f3 a miles de personas sin electricidad. El hijo de 16 a\u00f1os de unos ganaderos <a href=\"https:\/\/www.abc.com.py\/nacionales\/arlan-cumple-dias-99-secuestrado-1264636.html\" target=\"_blank\">fue secuestrado por el EPP en abril<\/a> de este a\u00f1o, y tambi\u00e9n se cree que un polic\u00eda secuestrado <a href=\"https:\/\/www.elcomercial.com.ar\/index.php?option=com_telam&amp;view=deauno&amp;idnota=469878&amp;Itemid=116\" target=\"_blank\">el 5 de julio<\/a> actualmente es reh\u00e9n de la guerrilla.<\/p>\n\n\n\n<h3 class=\"wp-block-heading\">An\u00e1lisis de InSight Crime<\/h3>\n\n\n\n<p class=\"wp-block-paragraph\">Aunque el sistema nacional&nbsp;de inteligencia recoger\u00e1 informaci\u00f3n sobre una variedad de temas y fue <a href=\"https:\/\/www.ultimahora.com\/lugo-plantea-la-creacion-una-secretaria-inteligencia-n336566.html\" target=\"_blank\">promovido por el anterior presidente<\/a>, Fernando Lugo, la aprobaci\u00f3n de la ley tambi\u00e9n podr\u00eda estar relacionada con los \u00faltimos ataques de la guerrilla y con la percepci\u00f3n del <a href=\"\/noticias\/noticias-del-dia\/ataques-son-senal-de-la-creciente-fuerza-del-epp-en-paraguay-pese-a-medidas-severas-de-seguridad\" target=\"_blank\">EPP como una amenaza creciente<\/a>.<\/p>\n\n\n\n<p class=\"wp-block-paragraph\">La falta de un sistema de inteligencia centralizado en el pa\u00eds probablemente ha socavado la campa\u00f1a del gobierno contra el EPP, un grupo que se piensa que tiene menos de cien miembros. Actualmente hay miles de militares <a href=\"https:\/\/www.prensa-latina.cu\/index.php?option=com_content&amp;task=view&amp;idioma=1&amp;id=2871281&amp;Itemid=1\" target=\"_blank\">estacionados en los departamentos<\/a> (provincias) orientales de San Pedro, Amambay y Concepci\u00f3n, donde opera el EPP, pero los ataques recientes indican que han tenido poco \u00e9xito en la lucha contra la guerrilla.<\/p>\n\n\n\n<p class=\"wp-block-paragraph\"><strong><span style=\"color: #800000\">VEA TAMBI\u00c9N:<\/span><\/strong> <a href=\"\/tag\/paraguay\" target=\"_blank\">Cobertura sobre Paraguay<\/a><\/p>\n\n\n\n<p class=\"wp-block-paragraph\">A pesar del enfoque del gobierno sobre el EPP, el grupo sin duda alguna no es la amenaza m\u00e1s grande de Paraguay; cualquier agencia de inteligencia nacional tambi\u00e9n tendr\u00e1 que dar una atenci\u00f3n significativa al tr\u00e1fico de drogas. Adem\u00e1s de ser el mayor productor de marihuana de Suram\u00e9rica, Paraguay tambi\u00e9n es un punto de transbordo para la coca\u00edna con destino a Brasil y al mercado europeo. <a href=\"\/noticias\/noticias-del-dia\/paraguay-admite-que-el-crimen-organizado-de-brasil-ha-echado-raices\" target=\"_blank\">Se sabe que en Paraguay operan los grupos criminales brasile\u00f1os<\/a> Primer Comando Capital (PCC) y Comando Vermelho (CV), y tambi\u00e9n ha habido indicios del <a href=\"\/noticias\/noticias-del-dia\/alijo-de-cocaina-en-paraguay-muestra-evolucion-del-crimen-organizado-local\" target=\"_blank\">surgimiento de grupos de narcotraficantes<\/a> locales cada vez m\u00e1s sofisticados.<\/p>\n","protected":false},"excerpt":{"rendered":"<p>A ra\u00edz de las acciones guerrilleras recientes, la legislatura de Paraguay ha aprobado la creaci\u00f3n de un sistema nacional de inteligencia, pero queda por ver si este organismo prestar\u00e1 la debida atenci\u00f3n a los problemas de crimen organizado y si conseguir\u00e1 neutralizar la amenaza insurgente.<\/p>\n","protected":false},"author":35,"featured_media":40609,"comment_status":"closed","ping_status":"closed","sticky":false,"template":"","format":"standard","meta":{"newspack_ads_suppress_ads":false,"newspack_popups_has_disabled_popups":false,"newspack_sponsor_sponsorship_scope":"","newspack_sponsor_native_byline_display":"inherit","newspack_sponsor_native_category_display":"inherit","newspack_sponsor_underwriter_style":"inherit","newspack_sponsor_underwriter_placement":"inherit","_EventAllDay":false,"_EventTimezone":"","_EventStartDate":"","_EventEndDate":"","_EventStartDateUTC":"","_EventEndDateUTC":"","_EventShowMap":false,"_EventShowMapLink":false,"_EventURL":"","_EventCost":"","_EventCostDescription":"","_EventCurrencySymbol":"","_EventCurrencyCode":"","_EventCurrencyPosition":"","_EventDateTimeSeparator":"","_EventTimeRangeSeparator":"","_EventOrganizerID":[],"_EventVenueID":[],"_OrganizerEmail":"","_OrganizerPhone":"","_OrganizerWebsite":"","_VenueAddress":"","_VenueCity":"","_VenueCountry":"","_VenueProvince":"","_VenueState":"","_VenueZip":"","_VenuePhone":"","_VenueURL":"","_VenueStateProvince":"","_VenueLat":"","_VenueLng":"","_VenueShowMap":false,"_VenueShowMapLink":false,"_newspack_byline_active":false,"_newspack_byline":"","newspack_hide_updated_date":false,"newspack_show_updated_date":false,"newspack_featured_image_position":"","newspack_post_subtitle":"","newspack_article_summary_title":"Overview:","newspack_article_summary":"","_jetpack_memberships_contains_paid_content":false,"footnotes":""},"categories":[334],"tags":[488,465],"newspack_spnsrs_tax":[],"coauthors":[3902],"class_list":["post-6913","post","type-post","status-publish","format-standard","has-post-thumbnail","hentry","category-noticias-del-dia","tag-el-epp","tag-paraguay-pais","entry"],"parsely":{"version":"1.1.0","canonical_url":"https:\/\/insightcrime.org\/es\/noticias\/noticias-del-dia\/congreso-de-paraguay-aprueba-agencia-nacional-de-inteligencia-tras-ataques-del-epp\/","smart_links":{"inbound":0,"outbound":0},"traffic_boost_suggestions_count":0,"meta":{"@context":"https:\/\/schema.org","@type":"NewsArticle","headline":"Congreso de Paraguay aprueba agencia nacional de inteligencia tras ataques del EPP","url":"http:\/\/insightcrime.org\/es\/noticias\/noticias-del-dia\/congreso-de-paraguay-aprueba-agencia-nacional-de-inteligencia-tras-ataques-del-epp\/","mainEntityOfPage":{"@type":"WebPage","@id":"http:\/\/insightcrime.org\/es\/noticias\/noticias-del-dia\/congreso-de-paraguay-aprueba-agencia-nacional-de-inteligencia-tras-ataques-del-epp\/"},"thumbnailUrl":"https:\/\/i0.wp.com\/insightcrime.org\/wp-content\/uploads\/2014\/07\/es-c1e21b05a381c806381286f711913568.jpg?resize=150%2C150&quality=100&ssl=1","image":{"@type":"ImageObject","url":"https:\/\/i0.wp.com\/insightcrime.org\/wp-content\/uploads\/2014\/07\/es-c1e21b05a381c806381286f711913568.jpg?fit=280%2C169&quality=100&ssl=1"},"articleSection":"Noticias del d\u00eda","author":[{"@type":"Person","name":"Kyra Gurney"}],"creator":["Kyra Gurney"],"publisher":{"@type":"Organization","name":"InSight Crime","logo":"https:\/\/insightcrime.org\/wp-content\/uploads\/2023\/08\/logo.png"},"keywords":["epp","paraguay"],"dateCreated":"2017-03-28T00:02:35Z","datePublished":"2017-03-28T00:02:35Z","dateModified":"2023-04-24T20:39:30Z"},"rendered":"<meta name=\"parsely-title\" content=\"Congreso de Paraguay aprueba agencia nacional de inteligencia tras ataques del EPP\" \/>\n<meta name=\"parsely-link\" content=\"http:\/\/insightcrime.org\/es\/noticias\/noticias-del-dia\/congreso-de-paraguay-aprueba-agencia-nacional-de-inteligencia-tras-ataques-del-epp\/\" \/>\n<meta name=\"parsely-type\" content=\"post\" \/>\n<meta name=\"parsely-image-url\" content=\"https:\/\/i0.wp.com\/insightcrime.org\/wp-content\/uploads\/2014\/07\/es-c1e21b05a381c806381286f711913568.jpg?resize=150%2C150&amp;quality=100&amp;ssl=1\" \/>\n<meta name=\"parsely-pub-date\" content=\"2017-03-28T00:02:35Z\" \/>\n<meta name=\"parsely-section\" content=\"Noticias del d\u00eda\" \/>\n<meta name=\"parsely-tags\" content=\"epp,paraguay\" \/>\n<meta name=\"parsely-author\" content=\"Kyra Gurney\" \/>","tracker_url":"https:\/\/cdn.parsely.com\/keys\/insightcrime.org\/p.js"},"jetpack_sharing_enabled":true,"jetpack-related-posts":[{"id":124334,"url":"https:\/\/insightcrime.org\/es\/noticias\/paraguay-retorno-amenaza-criminal\/","url_meta":{"origin":6913,"position":0},"title":"Paraguay lidia con ostentoso retorno de una vieja amenaza criminal","author":"Sergio Saffon","date":"22 de septiembre de 2020","format":false,"excerpt":"A una semana del secuestro de un exvicepresidente de Paraguay por parte de la guerrilla del EPP, parece cada vez m\u00e1s probable que este antiguo enemigo de las autoridades del pa\u00eds haya regresado, aunque en circunstancias muy diferentes.","rel":"","context":"En \u00abNoticias\u00bb","block_context":{"text":"Noticias","link":"https:\/\/insightcrime.org\/es\/category\/noticias\/"},"img":{"alt_text":"","src":"https:\/\/i0.wp.com\/insightcrime.org\/wp-content\/uploads\/2020\/09\/secuestraron-al-ex-vicepresidente-de-paraguay-oscar-denis-sanchez.jpg?fit=350%2C250&quality=100&ssl=1&resize=350%2C200","width":350,"height":200},"classes":[]},{"id":135309,"url":"https:\/\/insightcrime.org\/es\/noticias-crimen-organizado-paraguay\/amambay-paraguay\/","url_meta":{"origin":6913,"position":1},"title":"Amambay, Paraguay","author":"InSight Crime","date":"25 de febrero de 2021","format":false,"excerpt":"Amambay est\u00e1 en el centro de algunas de las actividades del crimen organizado m\u00e1s preocupantes de Paraguay: el tr\u00e1fico de coca\u00edna, la producci\u00f3n de marihuana y el auge de violentos grupos criminales.","rel":"","context":"En \u00abParaguay\u00bb","block_context":{"text":"Paraguay","link":"https:\/\/insightcrime.org\/es\/category\/noticias-crimen-organizado-paraguay\/"},"img":{"alt_text":"","src":"https:\/\/i0.wp.com\/insightcrime.org\/wp-content\/uploads\/2021\/02\/Paraguay-PedroJuanCaballero-Cannabis-PCC-14-01-2021-Perfil.jpg?fit=350%2C250&quality=100&ssl=1&resize=350%2C200","width":350,"height":200},"classes":[]},{"id":326796,"url":"https:\/\/insightcrime.org\/es\/noticias\/corrupcion-ensombrece-incautacion-record-marihuana-paraguay\/","url_meta":{"origin":6913,"position":2},"title":"La corrupci\u00f3n ensombrece una incautaci\u00f3n r\u00e9cord de marihuana en Paraguay","author":"Christopher Newton","date":"12 de diciembre de 2025","format":false,"excerpt":"Cuarenta polic\u00edas est\u00e1n bajo investigaci\u00f3n despu\u00e9s de que la unidad antinarc\u00f3ticos de Paraguay realizara una incautaci\u00f3n hist\u00f3rica de marihuana, en un caso que muestra c\u00f3mo la corrupci\u00f3n end\u00e9mica ha frustrado durante a\u00f1os las operaciones contra el narcotr\u00e1fico y ha sembrado desconfianza entre las autoridades.","rel":"","context":"En \u00abNoticias\u00bb","block_context":{"text":"Noticias","link":"https:\/\/insightcrime.org\/es\/category\/noticias\/"},"img":{"alt_text":"2025-12-11 Paraguay Marijuana Seizure Corruption","src":"https:\/\/i0.wp.com\/insightcrime.org\/wp-content\/uploads\/2025\/12\/2025-12-11-Paraguay-Marijuana-Seizure-Corruption.jpeg?fit=350%2C250&quality=100&ssl=1&resize=350%2C200","width":350,"height":200},"classes":[]},{"id":147749,"url":"https:\/\/insightcrime.org\/es\/noticias\/porque-masiva-falta-cualificacion-guardia-nacional-mexico\/","url_meta":{"origin":6913,"position":3},"title":"Por qu\u00e9 la masiva falta de cualificaci\u00f3n de la Guardia Nacional de M\u00e9xico","author":"Alessandro Ford","date":"9 de junio de 2021","format":false,"excerpt":"M\u00e1s del 90 por ciento del personal activo en la Guardia Nacional de M\u00e9xico sigue sin certificar dos a\u00f1os despu\u00e9s de la creaci\u00f3n de ese organismo de seguridad, lo que se\u00f1ala el fracaso de una meta bandera del presidente mexicano Andr\u00e9s Manuel L\u00f3pez Obrador, quien defendi\u00f3 la creaci\u00f3n del nuevo\u2026","rel":"","context":"En \u00abNoticias\u00bb","block_context":{"text":"Noticias","link":"https:\/\/insightcrime.org\/es\/category\/noticias\/"},"img":{"alt_text":"","src":"https:\/\/i0.wp.com\/insightcrime.org\/wp-content\/uploads\/2021\/06\/7cbcc2b8c3e1d858abc349949f15547084cdf078-copy.jpeg?fit=350%2C250&quality=100&ssl=1&resize=350%2C200","width":350,"height":200},"classes":[]},{"id":135295,"url":"https:\/\/insightcrime.org\/es\/noticias-crimen-organizado-paraguay\/concepcion-paraguay\/","url_meta":{"origin":6913,"position":4},"title":"Concepci\u00f3n, Paraguay","author":"InSight Crime","date":"25 de febrero de 2021","format":false,"excerpt":"En Concepci\u00f3n, poderosos narcotraficantes han penetrado en la pol\u00edtica local. Dada la corrupci\u00f3n generalizada, algunos municipios han comenzado a parecer enclaves criminales.","rel":"","context":"En \u00abParaguay\u00bb","block_context":{"text":"Paraguay","link":"https:\/\/insightcrime.org\/es\/category\/noticias-crimen-organizado-paraguay\/"},"img":{"alt_text":"","src":"https:\/\/i0.wp.com\/insightcrime.org\/wp-content\/uploads\/2021\/02\/Concepcion-Paraguay.jpg?fit=350%2C250&quality=100&ssl=1&resize=350%2C200","width":350,"height":200},"classes":[]},{"id":214070,"url":"https:\/\/insightcrime.org\/es\/noticias\/paraguay-eslabon-esencial-ruta-cocaina-bolivia-europa\/","url_meta":{"origin":6913,"position":5},"title":"Paraguay, el eslab\u00f3n esencial en la ruta de la coca\u00edna Bolivia-Europa","author":"Gavin Voss","date":"11 de abril de 2023","format":false,"excerpt":"Un golpe asestado por autoridades de Suram\u00e9rica y Europa a una red narcotraficante que operaba a ambos lados del Atl\u00e1ntico pone de relieve la importancia de Paraguay para el tr\u00e1fico internacional de coca\u00edna.","rel":"","context":"En \u00abNoticias\u00bb","block_context":{"text":"Noticias","link":"https:\/\/insightcrime.org\/es\/category\/noticias\/"},"img":{"alt_text":"Rodrigo Alvarenga, presunto l\u00edder del grupo objetivo de la Operaci\u00f3n Hinterland, en medio de agentes paraguayos tras su captura.","src":"https:\/\/i0.wp.com\/insightcrime.org\/wp-content\/uploads\/2023\/04\/Fsd2vmMWAAEH15J-1.jpg?fit=350%2C250&quality=100&ssl=1&resize=350%2C200","width":350,"height":200},"classes":[]}],"jetpack_featured_media_url":"https:\/\/i0.wp.com\/insightcrime.org\/wp-content\/uploads\/2014\/07\/es-c1e21b05a381c806381286f711913568.jpg?fit=280%2C169&quality=100&ssl=1","_links":{"self":[{"href":"https:\/\/insightcrime.org\/es\/wp-json\/wp\/v2\/posts\/6913","targetHints":{"allow":["GET"]}}],"collection":[{"href":"https:\/\/insightcrime.org\/es\/wp-json\/wp\/v2\/posts"}],"about":[{"href":"https:\/\/insightcrime.org\/es\/wp-json\/wp\/v2\/types\/post"}],"author":[{"embeddable":true,"href":"https:\/\/insightcrime.org\/es\/wp-json\/wp\/v2\/users\/35"}],"replies":[{"embeddable":true,"href":"https:\/\/insightcrime.org\/es\/wp-json\/wp\/v2\/comments?post=6913"}],"version-history":[{"count":1,"href":"https:\/\/insightcrime.org\/es\/wp-json\/wp\/v2\/posts\/6913\/revisions"}],"predecessor-version":[{"id":22691,"href":"https:\/\/insightcrime.org\/es\/wp-json\/wp\/v2\/posts\/6913\/revisions\/22691"}],"wp:featuredmedia":[{"embeddable":true,"href":"https:\/\/insightcrime.org\/es\/wp-json\/wp\/v2\/media\/40609"}],"wp:attachment":[{"href":"https:\/\/insightcrime.org\/es\/wp-json\/wp\/v2\/media?parent=6913"}],"wp:term":[{"taxonomy":"category","embeddable":true,"href":"https:\/\/insightcrime.org\/es\/wp-json\/wp\/v2\/categories?post=6913"},{"taxonomy":"post_tag","embeddable":true,"href":"https:\/\/insightcrime.org\/es\/wp-json\/wp\/v2\/tags?post=6913"},{"taxonomy":"newspack_spnsrs_tax","embeddable":true,"href":"https:\/\/insightcrime.org\/es\/wp-json\/wp\/v2\/newspack_spnsrs_tax?post=6913"},{"taxonomy":"author","embeddable":true,"href":"https:\/\/insightcrime.org\/es\/wp-json\/wp\/v2\/coauthors?post=6913"}],"curies":[{"name":"wp","href":"https:\/\/api.w.org\/{rel}","templated":true}]}}