{"id":6921,"date":"2014-07-15T19:55:16","date_gmt":"2017-03-28T00:02:38","guid":{"rendered":"http:\/\/newwp.insightcrime.org?p=6921"},"modified":"2023-04-24T15:39:33","modified_gmt":"2023-04-24T20:39:33","slug":"enfrentamiento-policia-panama-farc-colombia-corredor-transfronterizo-drogas","status":"publish","type":"post","link":"https:\/\/insightcrime.org\/es\/noticias\/noticias-del-dia\/enfrentamiento-policia-panama-farc-colombia-corredor-transfronterizo-drogas\/","title":{"rendered":"Enfrentamiento entre polic\u00eda de Panam\u00e1 y las FARC de Colombia en corredor transfronterizo de drogas"},"content":{"rendered":"\n<p class=\"wp-block-paragraph\">La polic\u00eda de fronteras de Panam\u00e1 ha abatido a dos presuntos miembros de la guerrilla de las FARC durante un combate cerca de la frontera con Colombia, una densa regi\u00f3n selv\u00e1tica donde las fuerzas de seguridad de ambos pa\u00edses se han coordinado para combatir al Frente 57 de la guerrilla y al tr\u00e1fico de drogas.<\/p>\n\n\n\n<p class=\"wp-block-paragraph\">Frank \u00c1brego, director del Servicio Nacional de Fronteras (Senafront) de Panam\u00e1 anunci\u00f3 que partir de las 9 de la ma\u00f1ana del 13 de julio se presentaron dos intercambios de disparos entre una patrulla del Senafront y seis hombres armados en la regi\u00f3n selv\u00e1tica de Guna Yala, <a href=\"https:\/\/www.critica.com.pa\/notas\/1747440-fronterizos-matan-supuestos-guerrilleros-guna-yala-\" target=\"_blank\">inform\u00f3 Cr\u00edtica<\/a>. Dos de los hombres armados murieron en el primer enfrentamiento y dos fueron arrestados durante el segundo.<\/p>\n\n\n\n<p class=\"wp-block-paragraph\">Durante la operaci\u00f3n, las fuerzas de seguridad incautaron un fusil M-16 y un rifle de asalto AK-47, as\u00ed como una escopeta y una pistola.<\/p>\n\n\n\n<p class=\"wp-block-paragraph\">Ese mismo d\u00eda, Senafront envi\u00f3 un gran contingente armado para proporcionar refuerzos en la zona.<\/p>\n\n\n\n<p class=\"wp-block-paragraph\">Seg\u00fan los informes, esta es la cuarta confrontaci\u00f3n que se presenta en lo que va del a\u00f1o en la regi\u00f3n fronteriza con Colombia.<\/p>\n\n\n\n<h3 class=\"wp-block-heading\">An\u00e1lisis de InSight Crime<\/h3>\n\n\n\n<p class=\"wp-block-paragraph\">El Frente 57 de las Fuerzas Armadas Revolucionarias de Colombia (FARC) ha tenido durante alg\u00fan tiempo presencia en ambos lados de la frontera entre Colombia y Panam\u00e1, en una boscosa e inh\u00f3spita regi\u00f3n conocida como el Tap\u00f3n del Dari\u00e9n. En los \u00faltimos a\u00f1os, los patrones de las incautaciones han indicado que Panam\u00e1 se est\u00e1 convirtiendo, cada vez m\u00e1s, en <a href=\"\/noticias\/noticias-del-dia\/aumentan-incautaciones-de-droga-en-panama-mientras-cambian-las-rutas-de-la-droga\" target=\"_blank\">un importante pa\u00eds para el tr\u00e1nsito de drogas<\/a>, y el Frente 57 sirve como un <a href=\"\/news\/analysis\/panama-a-battlefield-for-drug-traffickers\" target=\"_blank\">eslab\u00f3n vital en esta cadena<\/a>. El grupo es conocido por <a href=\"\/news\/briefs\/colombias-urabenos-expand-presence-in-panama\" target=\"_blank\">colaborar con los Urabe\u00f1os de Colombia<\/a> y con <a href=\"\/noticias\/noticias-del-dia\/colombia-incauta-cocaina-de-las-farc-destinada-para-el-cartel-de-sinaloa-ejercito\" target=\"_blank\">los carteles mexicanos<\/a> en el contrabando de drogas y armas a trav\u00e9s de la frontera.<\/p>\n\n\n\n<p class=\"wp-block-paragraph\"><strong><span style=\"color: #800000\">VEA TAMBI\u00c9N:<\/span><\/strong> <a href=\"\/series-especiales\/paz-farc\" target=\"_blank\">FARC, paz y posible criminalizaci\u00f3n<\/a><\/p>\n\n\n\n<p class=\"wp-block-paragraph\">Los desaf\u00edos planteados por el Frente 57 y la naturaleza del territorio <a href=\"\/news\/briefs\/panama-farc-camps-highlight-need-for-joint-security-work-with-colombia\" target=\"_blank\">han llevado a que las fuerzas de seguridad paname\u00f1as<\/a> y colombianas lleven a cabo operaciones coordinadas, y en junio de 2013 se acord\u00f3 <a href=\"https:\/\/www.elcolombiano.com\/BancoConocimiento\/A\/alianza_contra_las_farc_en_el_darien\/alianza_contra_las_farc_en_el_darien.asp\" target=\"_blank\">establecer una base conjunta<\/a> para \u00e9stas en la regi\u00f3n fronteriza.<\/p>\n\n\n\n<p class=\"wp-block-paragraph\">El incidente m\u00e1s reciente, adem\u00e1s&nbsp;<a href=\"https:\/\/www.elespectador.com\/noticias\/judicial\/abatido-presunto-guerrillero-de-farc-frontera-panama-articulo-481773\" target=\"_blank\">del uso de fuerza letal en otro caso este a\u00f1o<\/a>, sugiere que el pa\u00eds podr\u00eda estar adoptando el enfoque m\u00e1s agresivo de sus colegas colombianos.<\/p>\n\n\n\n<p class=\"wp-block-paragraph\">A ra\u00edz de los esfuerzos de las fuerzas de seguridad, el Frente 57 ha sufrido fuertes golpes, con el entonces l\u00edder <a href=\"https:\/\/www.elcolombiano.com\/BancoConocimiento\/C\/cayo_alias_silver_cabecilla_del_frente_57_de_las_farc\/cayo_alias_silver_cabecilla_del_frente_57_de_las_farc.asp\" target=\"_blank\">Virgilio Antonio Vidal Mora, alias \u201cSilver\u201d<\/a>, abatido por un ataque de la Fuerza A\u00e9rea de Colombia en agosto de 2013, y con otros dos presuntos comandantes <a href=\"https:\/\/www.vanguardia.com\/judicial\/239620-mueren-dos-cabecillas-del-frente-57-de-las-farc-en-uraba\" target=\"_blank\">aparentemente abatidos en diciembre<\/a>. Sin embargo, el gobierno de Panam\u00e1 todav\u00eda est\u00e1 lejos de liberar por completo al pa\u00eds de la presencia de las FARC, como el expresidente Ricardo Martinelli <a href=\"\/noticias\/noticias-del-dia\/no-mas-farc-en-panama-presidente\" target=\"_blank\">afirm\u00f3 haber hecho<\/a>.<\/p>\n\n\n\n<p class=\"wp-block-paragraph\">A pesar de que es probable que los esfuerzos de las fuerzas de seguridad hayan impactado las operaciones del grupo en la regi\u00f3n, y puedan haber dificultado el tr\u00e1fico de drogas a trav\u00e9s de ella, ser\u00eda pr\u00e1cticamente imposible acabar por completo con las rutas o sacar al grupo de una regi\u00f3n tan geogr\u00e1ficamente complicada<a href=\"https:\/\/www.reuters.com\/article\/2010\/05\/26\/us-panama-drugs-idUSTRE64P01720100526\" target=\"_blank\"> como lo es el Dari\u00e9n<\/a>.<\/p>\n","protected":false},"excerpt":{"rendered":"<p>La polic\u00eda de fronteras de Panam\u00e1 ha abatido a dos presuntos miembros de la guerrilla de las FARC durante un combate cerca de la frontera con Colombia, una densa regi\u00f3n selv\u00e1tica donde las fuerzas de seguridad de ambos pa\u00edses se han coordinado para combatir al Frente 57 de la guerrilla y al tr\u00e1fico de drogas.<\/p>\n","protected":false},"author":52,"featured_media":40627,"comment_status":"closed","ping_status":"closed","sticky":false,"template":"","format":"standard","meta":{"newspack_ads_suppress_ads":false,"newspack_popups_has_disabled_popups":false,"newspack_sponsor_sponsorship_scope":"","newspack_sponsor_native_byline_display":"inherit","newspack_sponsor_native_category_display":"inherit","newspack_sponsor_underwriter_style":"inherit","newspack_sponsor_underwriter_placement":"inherit","_EventAllDay":false,"_EventTimezone":"","_EventStartDate":"","_EventEndDate":"","_EventStartDateUTC":"","_EventEndDateUTC":"","_EventShowMap":false,"_EventShowMapLink":false,"_EventURL":"","_EventCost":"","_EventCostDescription":"","_EventCurrencySymbol":"","_EventCurrencyCode":"","_EventCurrencyPosition":"","_EventDateTimeSeparator":"","_EventTimeRangeSeparator":"","_EventOrganizerID":[],"_EventVenueID":[],"_OrganizerEmail":"","_OrganizerPhone":"","_OrganizerWebsite":"","_VenueAddress":"","_VenueCity":"","_VenueCountry":"","_VenueProvince":"","_VenueState":"","_VenueZip":"","_VenuePhone":"","_VenueURL":"","_VenueStateProvince":"","_VenueLat":"","_VenueLng":"","_VenueShowMap":false,"_VenueShowMapLink":false,"_newspack_byline_active":false,"_newspack_byline":"","newspack_hide_updated_date":false,"newspack_show_updated_date":false,"newspack_featured_image_position":"","newspack_post_subtitle":"","newspack_article_summary_title":"Overview:","newspack_article_summary":"","_jetpack_memberships_contains_paid_content":false,"footnotes":""},"categories":[334],"tags":[368,1542,463],"newspack_spnsrs_tax":[],"coauthors":[3887],"class_list":["post-6921","post","type-post","status-publish","format-standard","has-post-thumbnail","hentry","category-noticias-del-dia","tag-colombia-pais","tag-farc-ep","tag-panama-pais","entry"],"parsely":{"version":"1.1.0","canonical_url":"https:\/\/insightcrime.org\/es\/noticias\/noticias-del-dia\/enfrentamiento-policia-panama-farc-colombia-corredor-transfronterizo-drogas\/","smart_links":{"inbound":0,"outbound":0},"traffic_boost_suggestions_count":0,"meta":{"@context":"https:\/\/schema.org","@type":"NewsArticle","headline":"Enfrentamiento entre polic\u00eda de Panam\u00e1 y las FARC de Colombia en corredor transfronterizo de drogas","url":"http:\/\/insightcrime.org\/es\/noticias\/noticias-del-dia\/enfrentamiento-policia-panama-farc-colombia-corredor-transfronterizo-drogas\/","mainEntityOfPage":{"@type":"WebPage","@id":"http:\/\/insightcrime.org\/es\/noticias\/noticias-del-dia\/enfrentamiento-policia-panama-farc-colombia-corredor-transfronterizo-drogas\/"},"thumbnailUrl":"https:\/\/i0.wp.com\/insightcrime.org\/wp-content\/uploads\/2014\/07\/es-87041a234c7829fd87f908d48c0e44ec.jpg?resize=150%2C150&quality=100&ssl=1","image":{"@type":"ImageObject","url":"https:\/\/i0.wp.com\/insightcrime.org\/wp-content\/uploads\/2014\/07\/es-87041a234c7829fd87f908d48c0e44ec.jpg?fit=280%2C169&quality=100&ssl=1"},"articleSection":"Noticias del d\u00eda","author":[{"@type":"Person","name":"Mimi Yagoub"}],"creator":["Mimi Yagoub"],"publisher":{"@type":"Organization","name":"InSight Crime","logo":"https:\/\/insightcrime.org\/wp-content\/uploads\/2023\/08\/logo.png"},"keywords":["colombia","farc","panam\u00e1"],"dateCreated":"2017-03-28T00:02:38Z","datePublished":"2017-03-28T00:02:38Z","dateModified":"2023-04-24T20:39:33Z"},"rendered":"<meta name=\"parsely-title\" content=\"Enfrentamiento entre polic\u00eda de Panam\u00e1 y las FARC de Colombia en corredor transfronterizo de drogas\" \/>\n<meta name=\"parsely-link\" content=\"http:\/\/insightcrime.org\/es\/noticias\/noticias-del-dia\/enfrentamiento-policia-panama-farc-colombia-corredor-transfronterizo-drogas\/\" \/>\n<meta name=\"parsely-type\" content=\"post\" \/>\n<meta name=\"parsely-image-url\" content=\"https:\/\/i0.wp.com\/insightcrime.org\/wp-content\/uploads\/2014\/07\/es-87041a234c7829fd87f908d48c0e44ec.jpg?resize=150%2C150&amp;quality=100&amp;ssl=1\" \/>\n<meta name=\"parsely-pub-date\" content=\"2017-03-28T00:02:38Z\" \/>\n<meta name=\"parsely-section\" content=\"Noticias del d\u00eda\" \/>\n<meta name=\"parsely-tags\" content=\"colombia,farc,panam\u00e1\" \/>\n<meta name=\"parsely-author\" content=\"Mimi Yagoub\" \/>","tracker_url":"https:\/\/cdn.parsely.com\/keys\/insightcrime.org\/p.js"},"jetpack_sharing_enabled":true,"jetpack-related-posts":[{"id":9082,"url":"https:\/\/insightcrime.org\/es\/noticias-crimen-organizado-panama\/panama\/","url_meta":{"origin":6921,"position":0},"title":"Perfil de Panam\u00e1","author":"InSight Crime","date":"10 de julio de 2026","format":false,"excerpt":"La ubicaci\u00f3n de Panam\u00e1 que conecta a Centro y Suram\u00e9rica ha convertido al pa\u00eds en punto de tr\u00e1nsito clave para las rutas de tr\u00e1fico ilegal, como tambi\u00e9n un refugio y un \u00e1rea de negociaci\u00f3n para organizaciones criminales a lo largo de la historia. Su pr\u00f3spera econom\u00eda y el auge del\u2026","rel":"","context":"En \u00abPanam\u00e1\u00bb","block_context":{"text":"Panam\u00e1","link":"https:\/\/insightcrime.org\/es\/category\/noticias-crimen-organizado-panama\/"},"img":{"alt_text":"","src":"","width":0,"height":0},"classes":[]},{"id":247387,"url":"https:\/\/insightcrime.org\/es\/noticias\/gaitanistas-concesionan-trafico-migrantes-darien\/","url_meta":{"origin":6921,"position":1},"title":"Gaitanistas concesionan el tr\u00e1fico de migrantes en el Dari\u00e9n colombiano: informe","author":"Juan Diego C\u00e1rdenas","date":"24 de noviembre de 2023","format":false,"excerpt":"Un informe reciente vuelve a poner sobre la mesa la situaci\u00f3n de miles de migrantes que atraviesan el Tap\u00f3n del Dari\u00e9n, una de las rutas migratorias m\u00e1s peligrosas del mundo, ahora bajo el control de un grupo criminal colombiano.","rel":"","context":"En \u00abNoticias\u00bb","block_context":{"text":"Noticias","link":"https:\/\/insightcrime.org\/es\/category\/noticias\/"},"img":{"alt_text":"Migrantes atraviesan el Tap\u00f3n del Dari\u00e9n","src":"https:\/\/i0.wp.com\/insightcrime.org\/wp-content\/uploads\/2023\/11\/descarga-1.jpg?fit=350%2C250&quality=100&ssl=1&resize=350%2C200","width":350,"height":200},"classes":[]},{"id":206951,"url":"https:\/\/insightcrime.org\/es\/noticias\/ejercito-venezuela-enfrenta-ardua-batalla-frontera-colombia\/","url_meta":{"origin":6921,"position":2},"title":"Ej\u00e9rcito de Venezuela enfrenta ardua batalla en la frontera con Colombia","author":"Unidad Investigativa de Venezuela","date":"19 de diciembre de 2022","format":false,"excerpt":"En una muestra de los avances en el restablecimiento de las relaciones entre Colombia y Venezuela, las Fuerzas Armadas Venezolanas iniciaron una serie de operaciones orientadas a garantizar la seguridad de la frontera entre ambos pa\u00edses. Sin embargo, los retos que presenta la criminalidad en la frontera requerir\u00e1n de m\u00e1s\u2026","rel":"","context":"En \u00abNoticias\u00bb","block_context":{"text":"Noticias","link":"https:\/\/insightcrime.org\/es\/category\/noticias\/"},"img":{"alt_text":"","src":"https:\/\/i0.wp.com\/insightcrime.org\/wp-content\/uploads\/2022\/12\/Colombia-Venezuela-Border-Drugs-Counter-narcotics-police-officer-cocaine-seized-Mar-2016-AP846690406914-A2-1.jpg?fit=1200%2C690&quality=100&ssl=1&resize=350%2C200","width":350,"height":200,"srcset":"https:\/\/i0.wp.com\/insightcrime.org\/wp-content\/uploads\/2022\/12\/Colombia-Venezuela-Border-Drugs-Counter-narcotics-police-officer-cocaine-seized-Mar-2016-AP846690406914-A2-1.jpg?fit=1200%2C690&quality=100&ssl=1&resize=350%2C200 1x, https:\/\/i0.wp.com\/insightcrime.org\/wp-content\/uploads\/2022\/12\/Colombia-Venezuela-Border-Drugs-Counter-narcotics-police-officer-cocaine-seized-Mar-2016-AP846690406914-A2-1.jpg?fit=1200%2C690&quality=100&ssl=1&resize=525%2C300 1.5x, https:\/\/i0.wp.com\/insightcrime.org\/wp-content\/uploads\/2022\/12\/Colombia-Venezuela-Border-Drugs-Counter-narcotics-police-officer-cocaine-seized-Mar-2016-AP846690406914-A2-1.jpg?fit=1200%2C690&quality=100&ssl=1&resize=700%2C400 2x, https:\/\/i0.wp.com\/insightcrime.org\/wp-content\/uploads\/2022\/12\/Colombia-Venezuela-Border-Drugs-Counter-narcotics-police-officer-cocaine-seized-Mar-2016-AP846690406914-A2-1.jpg?fit=1200%2C690&quality=100&ssl=1&resize=1050%2C600 3x"},"classes":[]},{"id":201587,"url":"https:\/\/insightcrime.org\/es\/noticias\/granadas-minas-antipersonales-ecuador-sigue-siendo-arsenal-exfarc-mafia\/","url_meta":{"origin":6921,"position":3},"title":"Granadas y minas antipersona: Ecuador sigue siendo el arsenal de las Ex-FARC Mafia","author":"Chris Dalby","date":"14 de octubre de 2022","format":false,"excerpt":"En el norte de Ecuador siguen encontr\u00e1ndose alijos de armas de tipo militar, incluidas granadas y minas antipersona, un indicio de que los grupos armados colombianos siguen usando el pa\u00eds como puesto de avanzada estrat\u00e9gico.","rel":"","context":"En \u00abNoticias\u00bb","block_context":{"text":"Noticias","link":"https:\/\/insightcrime.org\/es\/category\/noticias\/"},"img":{"alt_text":"Soldado ecuatoriano examina minas antipersona cerca de la frontera con Colombia","src":"https:\/\/i0.wp.com\/insightcrime.org\/wp-content\/uploads\/2022\/10\/ezgif-1-0a4a37207d-1-1.jpeg?fit=350%2C250&quality=100&ssl=1&resize=350%2C200","width":350,"height":200},"classes":[]},{"id":233192,"url":"https:\/\/insightcrime.org\/es\/noticias\/gobierno-colombia-incauta-record-cocaina-negocia-con-narcotraficantes\/","url_meta":{"origin":6921,"position":4},"title":"Gobierno de Colombia incauta r\u00e9cord de coca\u00edna mientras negocia con narcotraficantes","author":"Juan Diego Posada","date":"3 de febrero de 2023","format":false,"excerpt":"Colombia incaut\u00f3 671 toneladas de coca\u00edna en 2022, por valor de m\u00e1s de 16.000 millones de d\u00f3lares a precios al por mayor en Estados Unidos. El bot\u00edn para 2023 puede ser a\u00fan mayor, ya que se prev\u00e9n niveles r\u00e9cord de producci\u00f3n.","rel":"","context":"En \u00abNoticias\u00bb","block_context":{"text":"Noticias","link":"https:\/\/insightcrime.org\/es\/category\/noticias\/"},"img":{"alt_text":"Coca\u00edna incautada por la Fuerza P\u00fablica de Colombia durante el 2022","src":"https:\/\/i0.wp.com\/insightcrime.org\/wp-content\/uploads\/2023\/02\/Fuerzas-Militares-Incautaciones-record.jpg?fit=350%2C250&quality=100&ssl=1&resize=350%2C200","width":350,"height":200},"classes":[]},{"id":201527,"url":"https:\/\/insightcrime.org\/es\/noticias\/arauca-obstaculo-en-el-camino-para-la-paz-del-eln-con-colombia\/","url_meta":{"origin":6921,"position":5},"title":"Arauca: \u00bfun obst\u00e1culo en el camino para la paz del ELN con Colombia?","author":"Javier Lizcano Villalba","date":"14 de octubre de 2022","format":false,"excerpt":"Arauca podr\u00eda convertirse en el mayor problema para la paz entre Colombia y el ELN","rel":"","context":"En \u00abNoticias\u00bb","block_context":{"text":"Noticias","link":"https:\/\/insightcrime.org\/es\/category\/noticias\/"},"img":{"alt_text":"Dos miembros uniformados del ELN en medio de la selva","src":"https:\/\/i0.wp.com\/insightcrime.org\/wp-content\/uploads\/2022\/10\/ELN-Arauca-Nuestro-Llano-TV-2020.jpg?fit=350%2C250&quality=100&ssl=1&resize=350%2C200","width":350,"height":200},"classes":[]}],"jetpack_featured_media_url":"https:\/\/i0.wp.com\/insightcrime.org\/wp-content\/uploads\/2014\/07\/es-87041a234c7829fd87f908d48c0e44ec.jpg?fit=280%2C169&quality=100&ssl=1","_links":{"self":[{"href":"https:\/\/insightcrime.org\/es\/wp-json\/wp\/v2\/posts\/6921","targetHints":{"allow":["GET"]}}],"collection":[{"href":"https:\/\/insightcrime.org\/es\/wp-json\/wp\/v2\/posts"}],"about":[{"href":"https:\/\/insightcrime.org\/es\/wp-json\/wp\/v2\/types\/post"}],"author":[{"embeddable":true,"href":"https:\/\/insightcrime.org\/es\/wp-json\/wp\/v2\/users\/52"}],"replies":[{"embeddable":true,"href":"https:\/\/insightcrime.org\/es\/wp-json\/wp\/v2\/comments?post=6921"}],"version-history":[{"count":1,"href":"https:\/\/insightcrime.org\/es\/wp-json\/wp\/v2\/posts\/6921\/revisions"}],"predecessor-version":[{"id":22710,"href":"https:\/\/insightcrime.org\/es\/wp-json\/wp\/v2\/posts\/6921\/revisions\/22710"}],"wp:featuredmedia":[{"embeddable":true,"href":"https:\/\/insightcrime.org\/es\/wp-json\/wp\/v2\/media\/40627"}],"wp:attachment":[{"href":"https:\/\/insightcrime.org\/es\/wp-json\/wp\/v2\/media?parent=6921"}],"wp:term":[{"taxonomy":"category","embeddable":true,"href":"https:\/\/insightcrime.org\/es\/wp-json\/wp\/v2\/categories?post=6921"},{"taxonomy":"post_tag","embeddable":true,"href":"https:\/\/insightcrime.org\/es\/wp-json\/wp\/v2\/tags?post=6921"},{"taxonomy":"newspack_spnsrs_tax","embeddable":true,"href":"https:\/\/insightcrime.org\/es\/wp-json\/wp\/v2\/newspack_spnsrs_tax?post=6921"},{"taxonomy":"author","embeddable":true,"href":"https:\/\/insightcrime.org\/es\/wp-json\/wp\/v2\/coauthors?post=6921"}],"curies":[{"name":"wp","href":"https:\/\/api.w.org\/{rel}","templated":true}]}}