{"id":6932,"date":"2014-07-17T20:33:00","date_gmt":"2017-03-28T00:02:41","guid":{"rendered":"http:\/\/newwp.insightcrime.org?p=6932"},"modified":"2023-04-24T15:39:37","modified_gmt":"2023-04-24T20:39:37","slug":"incautacion-record-speed-espana-refleja-expansion-nuevos-mercados-drogas","status":"publish","type":"post","link":"https:\/\/insightcrime.org\/es\/noticias\/noticias-del-dia\/incautacion-record-speed-espana-refleja-expansion-nuevos-mercados-drogas\/","title":{"rendered":"Incautaci\u00f3n r\u00e9cord de \u2018speed\u2019 en Espa\u00f1a refleja expansi\u00f3n hacia nuevos mercados de drogas"},"content":{"rendered":"\n<p class=\"wp-block-paragraph\">Las autoridades de Espa\u00f1a han incautado 144 kilos de anfetaminas a un grupo criminal transnacional que buscaba explotar las rutas previamente establecidas para el tr\u00e1fico de coca\u00edna, destacando la expansi\u00f3n de las organizaciones criminales hacia nuevos mercados de drogas.<\/p>\n\n\n\n<p class=\"wp-block-paragraph\">La polic\u00eda espa\u00f1ola detuvo a ocho colombianos y tres europeos en una operaci\u00f3n que dio lugar a la incautaci\u00f3n de un tipo de anfetamina conocida como \u201c<em>speed<\/em>\u201c, <a href=\"https:\/\/www.20minutos.es\/noticia\/2194636\/0\/alijo\/speed\/madrid\/\" target=\"_blank\">inform\u00f3 20 Minutos<\/a>. Seg\u00fan <a href=\"https:\/\/www.policia.es\/prensa\/20140716_1.html\" target=\"_blank\">un comunicado de prensa de la polic\u00eda<\/a>, la droga era transportada en su forma liquida en el tanque de gasolina de un autom\u00f3vil desde los Pa\u00edses Bajos.<\/p>\n\n\n\n<p class=\"wp-block-paragraph\">Como parte de la operaci\u00f3n, la polic\u00eda desmantel\u00f3 un laboratorio y una instalaci\u00f3n de almacenamiento en la provincia espa\u00f1ola de Guadalajara, donde descubrieron 120 kilos de <em>speed<\/em>. Las autoridades espa\u00f1olas registraron un total de siete propiedades a lo largo del pa\u00eds que aparentemente eran utilizadas por la organizaci\u00f3n.<\/p>\n\n\n\n<p class=\"wp-block-paragraph\">Seg\u00fan el comunicado de prensa de la polic\u00eda, un colombiano que viv\u00eda en Valencia fue identificado como el jefe del grupo criminal, que buscaba utilizar las rutas de tr\u00e1fico de coca\u00edna ya establecidas para expandirse hacia el mercado de anfetaminas de Europa.<\/p>\n\n\n\n<p class=\"wp-block-paragraph\"><a href=\"https:\/\/www.elcolombiano.com\/BancoConocimiento\/O\/ocho_colombianos_entre_los_capturados_por_gran_cargamento_de_droga_en_espana\/ocho_colombianos_entre_los_capturados_por_gran_cargamento_de_droga_en_espana.asp\" target=\"_blank\">Seg\u00fan EFE<\/a>, la incautaci\u00f3n es la m\u00e1s grande de su tipo en lo que va del a\u00f1o en Europa y la m\u00e1s grande jam\u00e1s registrada en Espa\u00f1a.<\/p>\n\n\n\n<h3 class=\"wp-block-heading\">An\u00e1lisis de Insight Crime<\/h3>\n\n\n\n<p class=\"wp-block-paragraph\">La detenci\u00f3n de ocho colombianos durante la operaci\u00f3n apunta a posibles v\u00ednculos con grupos de de tr\u00e1fico de droga de ese pa\u00eds. Varias organizaciones criminales de Colombia <a href=\"\/noticias\/noticias-del-dia\/redada-espana-muestra-alcance-internacional-urabenos-colombia\" target=\"_blank\">son conocidas por tener \u201cOficinas de Cobro<\/a>\u201d -estructuras criminales utilizadas para llevar a cabo secuestros, cobrar deudas y lavar de dinero- en Espa\u00f1a, y hay indicios de que los Urabe\u00f1os, el grupo criminal m\u00e1s poderoso de Colombia, est\u00e1 ampliando su presencia en el pa\u00eds.<\/p>\n\n\n\n<p class=\"wp-block-paragraph\">Una fuente de la polic\u00eda espa\u00f1ola dijo a InSight Crime que varias oficinas de cobro colombianas que participan en el comercio de coca\u00edna y en el microtr\u00e1fico en Espa\u00f1a tienen v\u00ednculos con los Pa\u00edses Bajos. A principios de este a\u00f1o, las autoridades colombianas <a href=\"\/noticias\/noticias-del-dia\/colombia-incauta-historica-carga-de-7-toneladas-de-cocaina-con-destino-a-europa\" target=\"_blank\">incautaron un cargamento de 7 toneladas de coca\u00edna<\/a> en la ciudad portuaria de Cartagena, en Colombia, en un buque que ten\u00eda como destino los Pa\u00edses Bajos.<\/p>\n\n\n\n<p class=\"wp-block-paragraph\"><strong><span style=\"color: #800000\">VEA TAMBI\u00c9N:<\/span><\/strong> <a href=\"\/tag\/crimen-organizado-europeo\" target=\"_blank\">Cobertura sobre el crimen organizado europeo<\/a><\/p>\n\n\n\n<p class=\"wp-block-paragraph\">El caso del reci\u00e9n desmantelado grupo de tr\u00e1fico de <em>speed<\/em> destaca la diversificaci\u00f3n de las fuentes de ingresos de las organizaciones criminales, a medida que utilizan rutas de tr\u00e1fico ya establecidas para expandirse hacia otros mercados de drogas. Este fen\u00f3meno fue puesto de relieve en un reciente informe (<a href=\"https:\/\/www.emcdda.europa.eu\/publications\/edr\/trends-developments\/2014\" target=\"_blank\">pdf<\/a>) del Observatorio Europeo de las Drogas y las Toxicoman\u00edas (OEDT), que se\u00f1al\u00f3 que los grupos criminales anteriormente dedicados al tr\u00e1fico de un solo tipo de drogas est\u00e1n utilizando las mismas rutas para el transporte de otras sustancias ilegales.<\/p>\n","protected":false},"excerpt":{"rendered":"<p>Las autoridades de Espa\u00f1a han incautado 144 kilos de anfetaminas a un grupo criminal transnacional que buscaba explotar las rutas previamente establecidas para el tr\u00e1fico de coca\u00edna, destacando la expansi\u00f3n de las organizaciones criminales hacia nuevos mercados de drogas.<\/p>\n","protected":false},"author":13,"featured_media":40646,"comment_status":"closed","ping_status":"closed","sticky":false,"template":"","format":"standard","meta":{"newspack_ads_suppress_ads":false,"newspack_popups_has_disabled_popups":false,"newspack_sponsor_sponsorship_scope":"","newspack_sponsor_native_byline_display":"inherit","newspack_sponsor_native_category_display":"inherit","newspack_sponsor_underwriter_style":"inherit","newspack_sponsor_underwriter_placement":"inherit","_EventAllDay":false,"_EventTimezone":"","_EventStartDate":"","_EventEndDate":"","_EventStartDateUTC":"","_EventEndDateUTC":"","_EventShowMap":false,"_EventShowMapLink":false,"_EventURL":"","_EventCost":"","_EventCostDescription":"","_EventCurrencySymbol":"","_EventCurrencyCode":"","_EventCurrencyPosition":"","_EventDateTimeSeparator":"","_EventTimeRangeSeparator":"","_EventOrganizerID":[],"_EventVenueID":[],"_OrganizerEmail":"","_OrganizerPhone":"","_OrganizerWebsite":"","_VenueAddress":"","_VenueCity":"","_VenueCountry":"","_VenueProvince":"","_VenueState":"","_VenueZip":"","_VenuePhone":"","_VenueURL":"","_VenueStateProvince":"","_VenueLat":"","_VenueLng":"","_VenueShowMap":false,"_VenueShowMapLink":false,"_newspack_byline_active":false,"_newspack_byline":"","newspack_hide_updated_date":false,"newspack_show_updated_date":false,"newspack_featured_image_position":"","newspack_post_subtitle":"","newspack_article_summary_title":"Overview:","newspack_article_summary":"","_jetpack_memberships_contains_paid_content":false,"footnotes":""},"categories":[334],"tags":[449,368],"newspack_spnsrs_tax":[],"coauthors":[3914],"class_list":["post-6932","post","type-post","status-publish","format-standard","has-post-thumbnail","hentry","category-noticias-del-dia","tag-cocaina-europa-crimen-organizado","tag-colombia-pais","entry"],"parsely":{"version":"1.1.0","canonical_url":"https:\/\/insightcrime.org\/es\/noticias\/noticias-del-dia\/incautacion-record-speed-espana-refleja-expansion-nuevos-mercados-drogas\/","smart_links":{"inbound":0,"outbound":0},"traffic_boost_suggestions_count":0,"meta":{"@context":"https:\/\/schema.org","@type":"NewsArticle","headline":"Incautaci\u00f3n r\u00e9cord de \u2018speed\u2019 en Espa\u00f1a refleja expansi\u00f3n hacia nuevos mercados de drogas","url":"http:\/\/insightcrime.org\/es\/noticias\/noticias-del-dia\/incautacion-record-speed-espana-refleja-expansion-nuevos-mercados-drogas\/","mainEntityOfPage":{"@type":"WebPage","@id":"http:\/\/insightcrime.org\/es\/noticias\/noticias-del-dia\/incautacion-record-speed-espana-refleja-expansion-nuevos-mercados-drogas\/"},"thumbnailUrl":"https:\/\/i0.wp.com\/insightcrime.org\/wp-content\/uploads\/2014\/07\/es-cbb9229ceeb530ae66f61f4da430b680.jpg?resize=150%2C150&quality=100&ssl=1","image":{"@type":"ImageObject","url":"https:\/\/i0.wp.com\/insightcrime.org\/wp-content\/uploads\/2014\/07\/es-cbb9229ceeb530ae66f61f4da430b680.jpg?fit=280%2C169&quality=100&ssl=1"},"articleSection":"Noticias del d\u00eda","author":[{"@type":"Person","name":"Camilo Mej\u00eda"}],"creator":["Camilo Mej\u00eda"],"publisher":{"@type":"Organization","name":"InSight Crime","logo":"https:\/\/insightcrime.org\/wp-content\/uploads\/2023\/08\/logo.png"},"keywords":["coca\u00edna europa","colombia"],"dateCreated":"2017-03-28T00:02:41Z","datePublished":"2017-03-28T00:02:41Z","dateModified":"2023-04-24T20:39:37Z"},"rendered":"<meta name=\"parsely-title\" content=\"Incautaci\u00f3n r\u00e9cord de \u2018speed\u2019 en Espa\u00f1a refleja expansi\u00f3n hacia nuevos mercados de drogas\" \/>\n<meta name=\"parsely-link\" content=\"http:\/\/insightcrime.org\/es\/noticias\/noticias-del-dia\/incautacion-record-speed-espana-refleja-expansion-nuevos-mercados-drogas\/\" \/>\n<meta name=\"parsely-type\" content=\"post\" \/>\n<meta name=\"parsely-image-url\" content=\"https:\/\/i0.wp.com\/insightcrime.org\/wp-content\/uploads\/2014\/07\/es-cbb9229ceeb530ae66f61f4da430b680.jpg?resize=150%2C150&amp;quality=100&amp;ssl=1\" \/>\n<meta name=\"parsely-pub-date\" content=\"2017-03-28T00:02:41Z\" \/>\n<meta name=\"parsely-section\" content=\"Noticias del d\u00eda\" \/>\n<meta name=\"parsely-tags\" content=\"coca\u00edna europa,colombia\" \/>\n<meta name=\"parsely-author\" content=\"Camilo Mej\u00eda\" \/>","tracker_url":"https:\/\/cdn.parsely.com\/keys\/insightcrime.org\/p.js"},"jetpack_sharing_enabled":true,"jetpack-related-posts":[{"id":276202,"url":"https:\/\/insightcrime.org\/es\/noticias\/metanfetamina-mexicana-aumenta-su-paso-por-europa\/","url_meta":{"origin":6932,"position":0},"title":"Metanfetamina mexicana aumenta su paso por Europa","author":"Beatriz Vicent Fern\u00e1ndez","date":"22 de mayo de 2024","format":false,"excerpt":"Incautaciones de metanfetamina en Europa exponen el modus operandi de organizaciones criminales mexicanas en mercados incipientes.","rel":"","context":"En \u00abNoticias\u00bb","block_context":{"text":"Noticias","link":"https:\/\/insightcrime.org\/es\/category\/noticias\/"},"img":{"alt_text":"Spanish National Police displays part of 1,800 kilograms of methamphetamine seized on May 16. La Polic\u00eda Nacional espa\u00f1ola exhibe parte de los 1.800 kilogramos de metanfetamina decomisados el 16 de mayo","src":"https:\/\/i0.wp.com\/insightcrime.org\/wp-content\/uploads\/2024\/05\/24-05-22-Meth-seizure-Spain.jpg?fit=350%2C251&quality=100&ssl=1&resize=350%2C200","width":350,"height":200},"classes":[]},{"id":275135,"url":"https:\/\/insightcrime.org\/es\/noticias\/sur-espana-vive-ola-narcotrafico\/","url_meta":{"origin":6932,"position":1},"title":"El sur de Espa\u00f1a vive una ola de narcotr\u00e1fico","author":"Beatriz Vicent Fern\u00e1ndez","date":"7 de mayo de 2024","format":false,"excerpt":"Varias operaciones contra redes de narcotransportistas en Andaluc\u00eda, Espa\u00f1a, y un aumento en las incautaciones de coca\u00edna en la zona confirman el creciente rol del sur del pa\u00eds como puerta de entrada de la coca\u00edna latinoamericana a Europa.","rel":"","context":"En \u00abNoticias\u00bb","block_context":{"text":"Noticias","link":"https:\/\/insightcrime.org\/es\/category\/noticias\/"},"img":{"alt_text":"La Guardia Civil persigue a una narcolancha que transportaba coca\u00edna en la costa de Huelva a principios de abril","src":"https:\/\/i0.wp.com\/insightcrime.org\/wp-content\/uploads\/2024\/05\/Spain-narcolancha-arrojo-droga-mar-Matalascanas-cocaina.jpg?fit=350%2C250&quality=100&ssl=1&resize=350%2C200","width":350,"height":200},"classes":[]},{"id":235046,"url":"https:\/\/insightcrime.org\/es\/noticias\/capturas-clan-farruku-conexion-albanesa-cocaina-latinoamerica\/","url_meta":{"origin":6932,"position":2},"title":"Capturas de \u2018Clan Farruku\u2019 evidencian conexiones albanesas con coca\u00edna en Latinoam\u00e9rica","author":"Vera Sistermans","date":"20 de abril de 2023","format":false,"excerpt":"Polic\u00eda espa\u00f1ola desarticul\u00f3 el clan Farruku, grupo criminal alban\u00e9s que traficaba coca\u00edna entre Latinoam\u00e9rica y Europa.","rel":"","context":"En \u00abNoticias\u00bb","block_context":{"text":"Noticias","link":"https:\/\/insightcrime.org\/es\/category\/noticias\/"},"img":{"alt_text":"Polic\u00eda espa\u00f1ola a las puertas de una propiedad conectada con el grupo criminal alban\u00e9s, clan Farruku.","src":"https:\/\/i0.wp.com\/insightcrime.org\/wp-content\/uploads\/2023\/04\/Entrada-registros-operacion_1783933082_182074223_667x375-1.jpg?fit=350%2C250&quality=100&ssl=1&resize=350%2C200","width":350,"height":200},"classes":[]},{"id":233231,"url":"https:\/\/insightcrime.org\/es\/investigaciones\/espana-base-crimen-organizado-latinoamericano-europa\/","url_meta":{"origin":6932,"position":3},"title":"Espa\u00f1a: La base del crimen organizado latinoamericano en Europa","author":"Douwe den Held","date":"9 de febrero de 2021","format":false,"excerpt":"El 30 de abril de 1984, el Mercedes en que el ministro de Justicia de Colombia, Rodrigo Lara Bonilla, se dirig\u00eda a casa despu\u00e9s del trabajo, fue ametrallado por los temidos sicarios del narcotraficante Pablo Escobar.","rel":"","context":"En \u00abInvestigaciones\u00bb","block_context":{"text":"Investigaciones","link":"https:\/\/insightcrime.org\/es\/category\/investigaciones\/"},"img":{"alt_text":"","src":"https:\/\/i0.wp.com\/insightcrime.org\/wp-content\/uploads\/2021\/02\/Cocaine-pipeline-drug-smuggling-europe-Chapter-4.jpg?fit=1200%2C450&quality=100&ssl=1&resize=350%2C200","width":350,"height":200,"srcset":"https:\/\/i0.wp.com\/insightcrime.org\/wp-content\/uploads\/2021\/02\/Cocaine-pipeline-drug-smuggling-europe-Chapter-4.jpg?fit=1200%2C450&quality=100&ssl=1&resize=350%2C200 1x, https:\/\/i0.wp.com\/insightcrime.org\/wp-content\/uploads\/2021\/02\/Cocaine-pipeline-drug-smuggling-europe-Chapter-4.jpg?fit=1200%2C450&quality=100&ssl=1&resize=525%2C300 1.5x, https:\/\/i0.wp.com\/insightcrime.org\/wp-content\/uploads\/2021\/02\/Cocaine-pipeline-drug-smuggling-europe-Chapter-4.jpg?fit=1200%2C450&quality=100&ssl=1&resize=700%2C400 2x, https:\/\/i0.wp.com\/insightcrime.org\/wp-content\/uploads\/2021\/02\/Cocaine-pipeline-drug-smuggling-europe-Chapter-4.jpg?fit=1200%2C450&quality=100&ssl=1&resize=1050%2C600 3x"},"classes":[]},{"id":295271,"url":"https:\/\/insightcrime.org\/es\/noticias\/espana-reclama-posicion-puerta-entrada-cocaina-europa\/","url_meta":{"origin":6932,"position":4},"title":"Espa\u00f1a reclama su posici\u00f3n como la puerta de entrada de la coca\u00edna a Europa","author":"Beatriz Vicent Fern\u00e1ndez","date":"30 de octubre de 2024","format":false,"excerpt":"Las autoridades espa\u00f1olas realizaron una incautaci\u00f3n r\u00e9cord de 13 toneladas de coca\u00edna a mediados de octubre, un indicio m\u00e1s de la reconversi\u00f3n del pa\u00eds en principal punto de entrada de esta droga a Europa despu\u00e9s de que B\u00e9lgica y Pa\u00edses Bajos mejoraran notablemente la seguridad en sus puertos.","rel":"","context":"En \u00abNoticias\u00bb","block_context":{"text":"Noticias","link":"https:\/\/insightcrime.org\/es\/category\/noticias\/"},"img":{"alt_text":"","src":"https:\/\/i0.wp.com\/insightcrime.org\/wp-content\/uploads\/2024\/10\/espana-incautacion-13-toneladas-2024.png?fit=350%2C250&quality=100&ssl=1&resize=350%2C200","width":350,"height":200},"classes":[]},{"id":212996,"url":"https:\/\/insightcrime.org\/es\/news\/narcosubmarino-europa-refleja-tendencia-crecimiento\/","url_meta":{"origin":6932,"position":5},"title":"Narcosubmarino en Europa refleja una tendencia en crecimiento","author":"Gavin Voss","date":"22 de marzo de 2023","format":false,"excerpt":"El hallazgo de un segundo \"narcosubmarino\" en costas europeas indica que puede haber otros en camino.","rel":"","context":"En \u00abNews\u00bb","block_context":{"text":"News","link":"https:\/\/insightcrime.org\/category\/news\/"},"img":{"alt_text":"Autoridades espa\u00f1olas inspeccionan el narcosubmarino sospechoso de haber llevado coca\u00edna a Europa","src":"https:\/\/i0.wp.com\/insightcrime.org\/wp-content\/uploads\/2023\/03\/Screen-Shot-2023-03-21-at-9.17.28-AM-1-1.png?fit=350%2C250&quality=100&ssl=1&resize=350%2C200","width":350,"height":200},"classes":[]}],"jetpack_featured_media_url":"https:\/\/i0.wp.com\/insightcrime.org\/wp-content\/uploads\/2014\/07\/es-cbb9229ceeb530ae66f61f4da430b680.jpg?fit=280%2C169&quality=100&ssl=1","_links":{"self":[{"href":"https:\/\/insightcrime.org\/es\/wp-json\/wp\/v2\/posts\/6932","targetHints":{"allow":["GET"]}}],"collection":[{"href":"https:\/\/insightcrime.org\/es\/wp-json\/wp\/v2\/posts"}],"about":[{"href":"https:\/\/insightcrime.org\/es\/wp-json\/wp\/v2\/types\/post"}],"author":[{"embeddable":true,"href":"https:\/\/insightcrime.org\/es\/wp-json\/wp\/v2\/users\/13"}],"replies":[{"embeddable":true,"href":"https:\/\/insightcrime.org\/es\/wp-json\/wp\/v2\/comments?post=6932"}],"version-history":[{"count":1,"href":"https:\/\/insightcrime.org\/es\/wp-json\/wp\/v2\/posts\/6932\/revisions"}],"predecessor-version":[{"id":22730,"href":"https:\/\/insightcrime.org\/es\/wp-json\/wp\/v2\/posts\/6932\/revisions\/22730"}],"wp:featuredmedia":[{"embeddable":true,"href":"https:\/\/insightcrime.org\/es\/wp-json\/wp\/v2\/media\/40646"}],"wp:attachment":[{"href":"https:\/\/insightcrime.org\/es\/wp-json\/wp\/v2\/media?parent=6932"}],"wp:term":[{"taxonomy":"category","embeddable":true,"href":"https:\/\/insightcrime.org\/es\/wp-json\/wp\/v2\/categories?post=6932"},{"taxonomy":"post_tag","embeddable":true,"href":"https:\/\/insightcrime.org\/es\/wp-json\/wp\/v2\/tags?post=6932"},{"taxonomy":"newspack_spnsrs_tax","embeddable":true,"href":"https:\/\/insightcrime.org\/es\/wp-json\/wp\/v2\/newspack_spnsrs_tax?post=6932"},{"taxonomy":"author","embeddable":true,"href":"https:\/\/insightcrime.org\/es\/wp-json\/wp\/v2\/coauthors?post=6932"}],"curies":[{"name":"wp","href":"https:\/\/api.w.org\/{rel}","templated":true}]}}