{"id":6953,"date":"2014-07-24T14:52:32","date_gmt":"2017-03-28T00:02:49","guid":{"rendered":"http:\/\/newwp.insightcrime.org?p=6953"},"modified":"2023-04-24T15:39:45","modified_gmt":"2023-04-24T20:39:45","slug":"el-mayo-asciende-liderar-cartel-de-sinaloa-cuyo-futuro-es-incierto","status":"publish","type":"post","link":"https:\/\/insightcrime.org\/es\/noticias\/analisis\/el-mayo-asciende-liderar-cartel-de-sinaloa-cuyo-futuro-es-incierto\/","title":{"rendered":"&#8216;El Mayo&#8217; asciende para liderar el Cartel de Sinaloa cuyo futuro es incierto"},"content":{"rendered":"\n<p class=\"wp-block-paragraph\">El pr\u00f3ximo juicio en California, de un operario de alto rango del Cartel de Sinaloa de M\u00e9xico, plantea preguntas sobre el estado de la organizaci\u00f3n narcotraficante mexicana, y sobre si el capo que queda podr\u00e1 mantener el poder de la organizaci\u00f3n criminal tras una serie de fuertes golpes.<\/p>\n\n\n\n<p class=\"wp-block-paragraph\">El 11 de julio, en un tribunal de San Diego, <a href=\"https:\/\/www.excelsior.com.mx\/nacional\/2014\/07\/12\/970398\" target=\"_blank\">Jos\u00e9 Rodrigo Arechiga Gamboa, alias \u201cEl Chino \u00c1ntrax\u201d<\/a> se declar\u00f3 no culpable de los cargos federales de conspiraci\u00f3n para el tr\u00e1fico de coca\u00edna y otras drogas hacia Estados Unidos. Fue extraditado a Estados Unidos despu\u00e9s de haber sido detenido en Amsterdam en diciembre de 2013.<\/p>\n\n\n\n<p class=\"wp-block-paragraph\">El Chino \u00c1ntrax fue al parecer el jefe de sicarios del Cartel de Sinaloa y un hombre con estrechos v\u00ednculos personales con el l\u00edder, Joaqu\u00edn \u201cEl Chapo\u201d Guzm\u00e1n, por lo que su detenci\u00f3n fue un fuerte golpe a la organizaci\u00f3n, as\u00ed como un paso en el esfuerzo por atrapar al propio Guzm\u00e1n, quien fue <a href=\"https:\/\/es.insightcrime.org\/noticias\/analisis\/de-los-mas-buscados-en-el-mundo-chapo-guzman-capturado-en-mexico\/\" target=\"_blank\">detenido en febrero <\/a>en Mazatl\u00e1n. La detenci\u00f3n de El Chino \u00c1ntrax y otros subalternos clave en la maquinaria de Sinaloa provoc\u00f3 cambios repentinos en los sistemas de comunicaci\u00f3n del grupo, exponi\u00e9ndolos a la infiltraci\u00f3n por parte de las autoridades.<\/p>\n\n\n\n<p class=\"wp-block-paragraph\"><strong><span style=\"color: #800000\">VEA TAMBI\u00c9N:<\/span><\/strong> <a href=\"https:\/\/insightcrime.org\/es\/tag\/cartel-de-sinaloa\/\" target=\"_blank\">Noticias y perfil del Cartel de Sinaloa<\/a><\/p>\n\n\n\n<p class=\"wp-block-paragraph\">El Chino \u00c1ntrax fue al parecer un fundador y l\u00edder de una c\u00e9lula de Sinaloa llamada \u201c<a href=\"https:\/\/www.excelsior.com.mx\/nacional\/2014\/06\/01\/962568\" target=\"_blank\">Virus \u00c1ntrax<\/a>\u201c, y represent\u00f3 a una nueva generaci\u00f3n de l\u00edderes de Sinaloa. A diferencia de muchos de sus antepasados criminales, \u00e9l no ten\u00eda experiencia en cuerpos de seguridad, ni era un ranchero proclamado. Seg\u00fan una reciente <a href=\"https:\/\/www.newyorker.com\/magazine\/2014\/05\/05\/the-hunt-for-el-chapo?currentPage=all\" target=\"_blank\">cr\u00f3nica del New Yorker<\/a> sobre la detenci\u00f3n de Guzm\u00e1n, El Chino \u00c1ntrax fue un tecn\u00f3filo cosmopolita: estaba en Amsterdam, en una de sus vacaciones europeas peri\u00f3dicas cuando fue detenido y pas\u00f3 una gran cantidad de tiempo en l\u00ednea bromeando y discutiendo con otras figuras del crimen organizado. Algunos informes especularon despu\u00e9s de su detenci\u00f3n que la informaci\u00f3n publicada en su cuenta de Instagram <a href=\"https:\/\/www.dailymail.co.uk\/news\/article-2535666\/Did-El-Chino-Anthraxs-Instagram-feed-lead-arrest.html\" target=\"_blank\">podr\u00eda haber contribuido a su detenci\u00f3n<\/a>.<\/p>\n\n\n\n<p class=\"wp-block-paragraph\">La espera de juicio de El Chino \u00c1ntrax y la ca\u00edda de otros miembros clave del grupo -entre ellos el mismo Guzm\u00e1n- plantea interrogantes sobre el futuro del Cartel de Sinaloa. El arresto de Guzm\u00e1n fue seguido en junio por informes de que Juan Jos\u00e9 \u201cEl Azul\u201d Esparragoza, otro del triunvirato de los principales jefes de Sinaloa,<a href=\"https:\/\/es.insightcrime.org\/noticias\/noticias-del-dia\/esta-muerto-azul-lider-cartel-sinaloa-tiene-mayo-control\/\" target=\"_blank\"> hab\u00eda sufrido un ataque card\u00edaco<\/a>. Otros de los l\u00edderes de Sinaloa de anta\u00f1o, como Arturo Beltr\u00e1n Leyva, quien fue dado de baja en diciembre de 2009 despu\u00e9s de una ruptura con Guzm\u00e1n, e Ignacio Coronel, quien fue dado de baja en 2010, tambi\u00e9n han desaparecido de la escena.<\/p>\n\n\n\n<h3 class=\"wp-block-heading\">An\u00e1lisis de InSight Crime<\/h3>\n\n\n\n<p class=\"wp-block-paragraph\">Estos avances en el \u00faltimo a\u00f1o parecen haber elevado a Ismael \u201cEl Mayo\u201d Zambada, el \u00fanico capo de Sinaloa que queda, a una posici\u00f3n de poder sin precedentes dentro del cartel, pero no est\u00e1 claro hasta qu\u00e9 punto la organizaci\u00f3n que \u00e9l controla se asemeja a la que ha dominado el paisaje criminal del pa\u00eds durante la \u00faltima d\u00e9cada.<\/p>\n\n\n\n<p class=\"wp-block-paragraph\"><strong><span style=\"color: #800000\">VEA TAMBI\u00c9N:<\/span> <\/strong><a href=\"https:\/\/es.insightcrime.org\/noticias-crimen-organizado-mexico\/ismael-zambada-garcia-el-mayo\/\" target=\"_blank\">Perfil de El Mayo<\/a><\/p>\n\n\n\n<p class=\"wp-block-paragraph\">Con la desaparici\u00f3n de sus contempor\u00e1neos, tanto en Sinaloa como en otras regiones, Zambada puede ser ahora&nbsp;el capo de la droga m\u00e1s poderoso del pa\u00eds, aunque est\u00e1 qued\u00e1ndose a cargo de una organizaci\u00f3n que est\u00e1 en constante cambio.<\/p>\n\n\n\n<p class=\"wp-block-paragraph\">Aunque fueron aliados durante d\u00e9cadas, no se sabe cu\u00e1nto solapamiento hubo entre las redes dentro de Sinaloa que estaban controladas por Zambada y aquellas controladas por sus colegas. Podr\u00eda ser que Guzm\u00e1n y Esparragoza ten\u00edan una red de subordinados dispuestos a responder s\u00f3lo a ellos, por lo que su salida podr\u00eda significar la fractura del cartel.<\/p>\n\n\n\n<p class=\"wp-block-paragraph\">El Cartel de Sinaloa ha estado plagado de reportes de luchas internas durante a\u00f1os, y los rumores parecen haberse intensificado en los \u00faltimos meses. Los cientos de cad\u00e1veres descubiertos en fosas clandestinas en 2011 en Durango, por ejemplo, fueron <a href=\"https:\/\/insightcrime.org\/news\/analysis\/mexico-mass-graves-evidence-of-sinaloa-cartel-split\/\" target=\"_blank\">atribuidos a las batallas <\/a>entre una filial de Sinaloa con sede en Chihuahua y sus antiguos jefes. M\u00e1s recientemente, la detenci\u00f3n de varios lugartenientes de Zambada, entre ellos su hijo Seraf\u00edn Zambada, <a href=\"\/noticias\/analisis\/\u00bfpodria-el-chapo-guzman-estar-planeando-una-movida-en-contra-de-su-socio-del-cartel-de-sinaloa\" target=\"_blank\">dio lugar a informes<\/a> sobre el conflicto abierto entre Guzm\u00e1n y Zambada.<\/p>\n\n\n\n<p class=\"wp-block-paragraph\">No est\u00e1 claro cu\u00e1nto hay de verdad en los rumores, pero son una se\u00f1al de la tensi\u00f3n y tal vez incluso del deterioro dentro de la organizaci\u00f3n. Por otra parte, el ascenso de Zambada, que se produce meses despu\u00e9s de la detenci\u00f3n de El Chino \u00c1ntrax y el hijo de Zambada, tambi\u00e9n plantea preguntas sobre su dependencia en las c\u00e9lulas de subalternos m\u00e1s j\u00f3venes, que son en gran parte responsables de las operaciones del d\u00eda a d\u00eda de la organizaci\u00f3n.<\/p>\n\n\n\n<p class=\"wp-block-paragraph\">Los informes indican que la organizaci\u00f3n en general, y Zambada en particular, eran muy dependientes de El Chino \u00c1ntrax, Seraf\u00edn Zambada, y Gonzalo Inzunza Inzunza (asesinado por las tropas mexicanas en diciembre). La sustituci\u00f3n de tres lugartenientes y dos capos en un per\u00edodo de seis meses es una tarea dif\u00edcil, lo que con seguridad probar\u00e1 la fuerza de cualquier organizaci\u00f3n.<\/p>\n","protected":false},"excerpt":{"rendered":"<p>El pr\u00f3ximo juicio en California, de un operario de alto rango del Cartel de Sinaloa de M\u00e9xico, plantea preguntas sobre el estado de la organizaci\u00f3n narcotraficante mexicana, y sobre si el capo que queda podr\u00e1 mantener el poder de la organizaci\u00f3n criminal tras una serie de fuertes golpes.<\/p>\n","protected":false},"author":8,"featured_media":40656,"comment_status":"closed","ping_status":"closed","sticky":false,"template":"","format":"standard","meta":{"newspack_ads_suppress_ads":false,"newspack_popups_has_disabled_popups":false,"newspack_sponsor_sponsorship_scope":"","newspack_sponsor_native_byline_display":"inherit","newspack_sponsor_native_category_display":"inherit","newspack_sponsor_underwriter_style":"inherit","newspack_sponsor_underwriter_placement":"inherit","_EventAllDay":false,"_EventTimezone":"","_EventStartDate":"","_EventEndDate":"","_EventStartDateUTC":"","_EventEndDateUTC":"","_EventShowMap":false,"_EventShowMapLink":false,"_EventURL":"","_EventCost":"","_EventCostDescription":"","_EventCurrencySymbol":"","_EventCurrencyCode":"","_EventCurrencyPosition":"","_EventDateTimeSeparator":"","_EventTimeRangeSeparator":"","_EventOrganizerID":[],"_EventVenueID":[],"_OrganizerEmail":"","_OrganizerPhone":"","_OrganizerWebsite":"","_VenueAddress":"","_VenueCity":"","_VenueCountry":"","_VenueProvince":"","_VenueState":"","_VenueZip":"","_VenuePhone":"","_VenueURL":"","_VenueStateProvince":"","_VenueLat":"","_VenueLng":"","_VenueShowMap":false,"_VenueShowMapLink":false,"_newspack_byline_active":false,"_newspack_byline":"","newspack_hide_updated_date":false,"newspack_show_updated_date":false,"newspack_featured_image_position":"","newspack_post_subtitle":"","newspack_article_summary_title":"Overview:","newspack_article_summary":"","_jetpack_memberships_contains_paid_content":false,"footnotes":""},"categories":[340],"tags":[396,1539,406],"newspack_spnsrs_tax":[],"coauthors":[3675],"class_list":["post-6953","post","type-post","status-publish","format-standard","has-post-thumbnail","hentry","category-analisis","tag-cartel-de-sinaloa","tag-el-mayo-es","tag-mexico-pais","entry"],"parsely":{"version":"1.1.0","canonical_url":"https:\/\/insightcrime.org\/es\/noticias\/analisis\/el-mayo-asciende-liderar-cartel-de-sinaloa-cuyo-futuro-es-incierto\/","smart_links":{"inbound":0,"outbound":0},"traffic_boost_suggestions_count":0,"meta":{"@context":"https:\/\/schema.org","@type":"NewsArticle","headline":"&#8216;El Mayo&#8217; asciende para liderar el Cartel de Sinaloa cuyo futuro es incierto","url":"http:\/\/insightcrime.org\/es\/noticias\/analisis\/el-mayo-asciende-liderar-cartel-de-sinaloa-cuyo-futuro-es-incierto\/","mainEntityOfPage":{"@type":"WebPage","@id":"http:\/\/insightcrime.org\/es\/noticias\/analisis\/el-mayo-asciende-liderar-cartel-de-sinaloa-cuyo-futuro-es-incierto\/"},"thumbnailUrl":"https:\/\/i0.wp.com\/insightcrime.org\/wp-content\/uploads\/2014\/07\/es-cdf9e95677635b4a94339f6494346cc2.jpg?resize=150%2C150&quality=100&ssl=1","image":{"@type":"ImageObject","url":"https:\/\/i0.wp.com\/insightcrime.org\/wp-content\/uploads\/2014\/07\/es-cdf9e95677635b4a94339f6494346cc2.jpg?fit=280%2C169&quality=100&ssl=1"},"articleSection":"An\u00e1lisis","author":[{"@type":"Person","name":"Patrick Corcoran"}],"creator":["Patrick Corcoran"],"publisher":{"@type":"Organization","name":"InSight Crime","logo":"https:\/\/insightcrime.org\/wp-content\/uploads\/2023\/08\/logo.png"},"keywords":["cartel de sinaloa","el mayo","m\u00e9xico"],"dateCreated":"2017-03-28T00:02:49Z","datePublished":"2017-03-28T00:02:49Z","dateModified":"2023-04-24T20:39:45Z"},"rendered":"<meta name=\"parsely-title\" content=\"&#8216;El Mayo&#8217; asciende para liderar el Cartel de Sinaloa cuyo futuro es incierto\" \/>\n<meta name=\"parsely-link\" content=\"http:\/\/insightcrime.org\/es\/noticias\/analisis\/el-mayo-asciende-liderar-cartel-de-sinaloa-cuyo-futuro-es-incierto\/\" \/>\n<meta name=\"parsely-type\" content=\"post\" \/>\n<meta name=\"parsely-image-url\" content=\"https:\/\/i0.wp.com\/insightcrime.org\/wp-content\/uploads\/2014\/07\/es-cdf9e95677635b4a94339f6494346cc2.jpg?resize=150%2C150&amp;quality=100&amp;ssl=1\" \/>\n<meta name=\"parsely-pub-date\" content=\"2017-03-28T00:02:49Z\" \/>\n<meta name=\"parsely-section\" content=\"An\u00e1lisis\" \/>\n<meta name=\"parsely-tags\" content=\"cartel de sinaloa,el mayo,m\u00e9xico\" \/>\n<meta name=\"parsely-author\" content=\"Patrick Corcoran\" \/>","tracker_url":"https:\/\/cdn.parsely.com\/keys\/insightcrime.org\/p.js"},"jetpack_sharing_enabled":true,"jetpack-related-posts":[{"id":4865,"url":"https:\/\/insightcrime.org\/es\/noticias-crimen-organizado-mexico\/ismael-zambada-garcia-el-mayo\/","url_meta":{"origin":6953,"position":0},"title":"Ismael Zambada Garc\u00eda, alias &#8216;El Mayo&#8217;","author":"InSight Crime","date":"5 de agosto de 2026","format":false,"excerpt":"Ismael \u201cEl Mayo\u201d Zambada fue condenado a cadena perpetua en Estados Unidos. Su historia, su papel en el Cartel de Sinaloa, todo en nuestro perfil completo actualizado de 2026.","rel":"","context":"En \u00abM\u00e9xico\u00bb","block_context":{"text":"M\u00e9xico","link":"https:\/\/insightcrime.org\/es\/category\/noticias-crimen-organizado-mexico\/"},"img":{"alt_text":"Ismael \"El Mayo\" Zambada - La Mayiza - Cartel de M\u00e9xico","src":"https:\/\/i0.wp.com\/insightcrime.org\/wp-content\/uploads\/2026\/06\/Perfil-Criminal-Alias-El-Mayo-Zambada.jpg?fit=1200%2C900&quality=100&ssl=1&resize=350%2C200","width":350,"height":200,"srcset":"https:\/\/i0.wp.com\/insightcrime.org\/wp-content\/uploads\/2026\/06\/Perfil-Criminal-Alias-El-Mayo-Zambada.jpg?fit=1200%2C900&quality=100&ssl=1&resize=350%2C200 1x, https:\/\/i0.wp.com\/insightcrime.org\/wp-content\/uploads\/2026\/06\/Perfil-Criminal-Alias-El-Mayo-Zambada.jpg?fit=1200%2C900&quality=100&ssl=1&resize=525%2C300 1.5x, https:\/\/i0.wp.com\/insightcrime.org\/wp-content\/uploads\/2026\/06\/Perfil-Criminal-Alias-El-Mayo-Zambada.jpg?fit=1200%2C900&quality=100&ssl=1&resize=700%2C400 2x, https:\/\/i0.wp.com\/insightcrime.org\/wp-content\/uploads\/2026\/06\/Perfil-Criminal-Alias-El-Mayo-Zambada.jpg?fit=1200%2C900&quality=100&ssl=1&resize=1050%2C600 3x"},"classes":[]},{"id":277892,"url":"https:\/\/insightcrime.org\/es\/noticias\/asesinato-cheyo-antrax-evidencia-hampa-mexicana-pocos-irremplazables\/","url_meta":{"origin":6953,"position":1},"title":"El asesinato de Cheyo \u00c1ntrax evidencia que en el hampa mexicana pocos son irremplazables","author":"Sara Garcia","date":"5 de junio de 2024","format":false,"excerpt":"El reciente asesinato de un miembro del Cartel de Sinaloa puede significar el final de uno de sus brazos armados, pero poco afecta a las din\u00e1micas il\u00edcitas de uno de los grupos criminales m\u00e1s poderosos de M\u00e9xico.","rel":"","context":"En \u00abNoticias\u00bb","block_context":{"text":"Noticias","link":"https:\/\/insightcrime.org\/es\/category\/noticias\/"},"img":{"alt_text":"Eliseo Imperial Castro, alias Cheyo Antrax","src":"https:\/\/i0.wp.com\/insightcrime.org\/wp-content\/uploads\/2024\/06\/Eliseo-Imperial-Castro-alias-Cheyo-Antrax-Milenio-.jpg?fit=350%2C250&quality=100&ssl=1&resize=350%2C200","width":350,"height":200},"classes":[]},{"id":7030,"url":"https:\/\/insightcrime.org\/es\/noticias-crimen-organizado-mexico\/sinaloa-cartel-perfil\/","url_meta":{"origin":6953,"position":2},"title":"Cartel de Sinaloa","author":"InSight Crime","date":"19 de mayo de 2025","format":false,"excerpt":"Cartel de Sinaloa: cu\u00e1l es su historia, qui\u00e9nes son sus l\u00edderes, d\u00f3nde opera en M\u00e9xico y las \u00faltimas noticias sobre Los Chapitos y La Mayiza. Todo en este perfil.","rel":"","context":"En \u00abM\u00e9xico\u00bb","block_context":{"text":"M\u00e9xico","link":"https:\/\/insightcrime.org\/es\/category\/noticias-crimen-organizado-mexico\/"},"img":{"alt_text":"Grupo Criminal Cartel de Sinaloa, M\u00e9xico.","src":"https:\/\/i0.wp.com\/insightcrime.org\/wp-content\/uploads\/2026\/07\/Grupo-Criminal-Cartel-de-Sinaloa-Mexico.jpg?fit=1200%2C900&quality=100&ssl=1&resize=350%2C200","width":350,"height":200,"srcset":"https:\/\/i0.wp.com\/insightcrime.org\/wp-content\/uploads\/2026\/07\/Grupo-Criminal-Cartel-de-Sinaloa-Mexico.jpg?fit=1200%2C900&quality=100&ssl=1&resize=350%2C200 1x, https:\/\/i0.wp.com\/insightcrime.org\/wp-content\/uploads\/2026\/07\/Grupo-Criminal-Cartel-de-Sinaloa-Mexico.jpg?fit=1200%2C900&quality=100&ssl=1&resize=525%2C300 1.5x, https:\/\/i0.wp.com\/insightcrime.org\/wp-content\/uploads\/2026\/07\/Grupo-Criminal-Cartel-de-Sinaloa-Mexico.jpg?fit=1200%2C900&quality=100&ssl=1&resize=700%2C400 2x, https:\/\/i0.wp.com\/insightcrime.org\/wp-content\/uploads\/2026\/07\/Grupo-Criminal-Cartel-de-Sinaloa-Mexico.jpg?fit=1200%2C900&quality=100&ssl=1&resize=1050%2C600 3x"},"classes":[]},{"id":6999,"url":"https:\/\/insightcrime.org\/es\/noticias-crimen-organizado-mexico\/chapo-isidro\/","url_meta":{"origin":6953,"position":3},"title":"Fausto Isidro Meza, alias \u2018Chapo Isidro\u2019","author":"InSight Crime","date":"7 de febrero de 2025","format":false,"excerpt":"Fausto Isidro Meza Flores, alias \u201cChapo\u201d Isidro, es el presunto l\u00edder de la organizaci\u00f3n Meza Flores, tambi\u00e9n llamada el Cartel de Guasave.","rel":"","context":"En \u00abM\u00e9xico\u00bb","block_context":{"text":"M\u00e9xico","link":"https:\/\/insightcrime.org\/es\/category\/noticias-crimen-organizado-mexico\/"},"img":{"alt_text":"","src":"","width":0,"height":0},"classes":[]},{"id":285645,"url":"https:\/\/insightcrime.org\/es\/noticias\/detencion-lideres-cartel-sinaloa-victoria-simbolica-insuficiente-ee-uu\/","url_meta":{"origin":6953,"position":4},"title":"Detenci\u00f3n de l\u00edderes del Cartel de Sinaloa es una victoria simb\u00f3lica pero insuficiente para EE.UU.","author":"Victoria Dittmar","date":"26 de julio de 2024","format":false,"excerpt":"Dos de los narcotraficantes m\u00e1s buscados del Cartel de Sinaloa se entregaron a las autoridades de Estados Unidos, lo que representa un momento sin precedentes y pone en duda el futuro de unas de las organizaciones criminales m\u00e1s poderosas de M\u00e9xico.","rel":"","context":"En \u00abNoticias\u00bb","block_context":{"text":"Noticias","link":"https:\/\/insightcrime.org\/es\/category\/noticias\/"},"img":{"alt_text":"Ismael Zambada Garc\u00eda, alias \u201cEl Mayo\u201d, and Joaqu\u00edn Guzm\u00e1n L\u00f3pez, son of the now incarcerated Joaqu\u00edn Guzm\u00e1n, alias \u201cEl Chapo\u201d-Ismael Zambada Garc\u00eda, alias \u201cEl Mayo\u201d, y Joaqu\u00edn Guzm\u00e1n L\u00f3pez, hijo del ahora encarcelado , Joaqu\u00edn Guzm\u00e1n alias \u201cEl Chapo\u201d.","src":"https:\/\/i0.wp.com\/insightcrime.org\/wp-content\/uploads\/2024\/07\/Joaquin-Guzman-Lopez-Ismael-Zamada-Detencion-Noroeste.jpg?fit=350%2C250&quality=100&ssl=1&resize=350%2C200","width":350,"height":200},"classes":[]},{"id":233260,"url":"https:\/\/insightcrime.org\/es\/noticias-crimen-organizado-mexico\/los-chapitos\/","url_meta":{"origin":6953,"position":5},"title":"Los Chapitos","author":"InSight Crime","date":"19 de mayo de 2025","format":false,"excerpt":"Los Chapitos, qui\u00e9nes son, d\u00f3nde operan y cu\u00e1l es la situaci\u00f3n de los cuatro hijos de El Chapo Guzm\u00e1n dentro del Cartel de Sinaloa en 2026.","rel":"","context":"En \u00abM\u00e9xico\u00bb","block_context":{"text":"M\u00e9xico","link":"https:\/\/insightcrime.org\/es\/category\/noticias-crimen-organizado-mexico\/"},"img":{"alt_text":"","src":"","width":0,"height":0},"classes":[]}],"jetpack_featured_media_url":"https:\/\/i0.wp.com\/insightcrime.org\/wp-content\/uploads\/2014\/07\/es-cdf9e95677635b4a94339f6494346cc2.jpg?fit=280%2C169&quality=100&ssl=1","_links":{"self":[{"href":"https:\/\/insightcrime.org\/es\/wp-json\/wp\/v2\/posts\/6953","targetHints":{"allow":["GET"]}}],"collection":[{"href":"https:\/\/insightcrime.org\/es\/wp-json\/wp\/v2\/posts"}],"about":[{"href":"https:\/\/insightcrime.org\/es\/wp-json\/wp\/v2\/types\/post"}],"author":[{"embeddable":true,"href":"https:\/\/insightcrime.org\/es\/wp-json\/wp\/v2\/users\/8"}],"replies":[{"embeddable":true,"href":"https:\/\/insightcrime.org\/es\/wp-json\/wp\/v2\/comments?post=6953"}],"version-history":[{"count":1,"href":"https:\/\/insightcrime.org\/es\/wp-json\/wp\/v2\/posts\/6953\/revisions"}],"predecessor-version":[{"id":22740,"href":"https:\/\/insightcrime.org\/es\/wp-json\/wp\/v2\/posts\/6953\/revisions\/22740"}],"wp:featuredmedia":[{"embeddable":true,"href":"https:\/\/insightcrime.org\/es\/wp-json\/wp\/v2\/media\/40656"}],"wp:attachment":[{"href":"https:\/\/insightcrime.org\/es\/wp-json\/wp\/v2\/media?parent=6953"}],"wp:term":[{"taxonomy":"category","embeddable":true,"href":"https:\/\/insightcrime.org\/es\/wp-json\/wp\/v2\/categories?post=6953"},{"taxonomy":"post_tag","embeddable":true,"href":"https:\/\/insightcrime.org\/es\/wp-json\/wp\/v2\/tags?post=6953"},{"taxonomy":"newspack_spnsrs_tax","embeddable":true,"href":"https:\/\/insightcrime.org\/es\/wp-json\/wp\/v2\/newspack_spnsrs_tax?post=6953"},{"taxonomy":"author","embeddable":true,"href":"https:\/\/insightcrime.org\/es\/wp-json\/wp\/v2\/coauthors?post=6953"}],"curies":[{"name":"wp","href":"https:\/\/api.w.org\/{rel}","templated":true}]}}