{"id":6955,"date":"2014-07-24T18:50:14","date_gmt":"2017-03-28T00:02:49","guid":{"rendered":"http:\/\/newwp.insightcrime.org?p=6955"},"modified":"2023-04-24T15:39:46","modified_gmt":"2023-04-24T20:39:46","slug":"origenes-prisioneros-mexico-insuficientes-asignar-programas-contra-violencia","status":"publish","type":"post","link":"https:\/\/insightcrime.org\/es\/noticias\/noticias-del-dia\/origenes-prisioneros-mexico-insuficientes-asignar-programas-contra-violencia\/","title":{"rendered":"Or\u00edgenes de prisioneros de M\u00e9xico son insuficientes para asignar programas contra la violencia"},"content":{"rendered":"\n<p class=\"wp-block-paragraph\">La Secretar\u00eda de Gobernaci\u00f3n de M\u00e9xico ha identificado los barrios de origen de la mayor parte de los criminales del pa\u00eds, una estrategia orientada a determinar en qu\u00e9 lugares asignar la financiaci\u00f3n contra la violencia del gobierno, pero que tiene algunas fallas inherentes.<\/p>\n\n\n\n<p class=\"wp-block-paragraph\">En un documento enviado al Senado de M\u00e9xico, la Secretar\u00eda de Gobernaci\u00f3n (Segob) identific\u00f3 3.234 barrios -concentrados en 95 de los 2.440 municipios del pa\u00eds- en los que se origina la mayor parte de la violencia del pa\u00eds, <a href=\"https:\/\/www.excelsior.com.mx\/nacional\/2014\/07\/24\/972574#imagen-1\" target=\"_blank\">inform\u00f3 Excelsior<\/a>. La Segob obtuvo esta informaci\u00f3n determinando el lugar de origen de la mayor parte de los presos.<\/p>\n\n\n\n<p class=\"wp-block-paragraph\">En el informe se resaltan barrios ubicados en todas las zonas del pa\u00eds (vea mapa Excelsior). Michoac\u00e1n, en la costa del Pac\u00edfico, es el estado que mayor cantidad registr\u00f3, con 412 barrios, seguido por Chihuahua con 229 y por Jalisco con 207. Otros estados con un gran n\u00famero de barrios identificados en el informe incluyen a Oaxaca, Nuevo Le\u00f3n, Veracruz y Guerrero.<\/p>\n\n\n\n<p class=\"wp-block-paragraph\">Seg\u00fan Roberto Campa Cifri\u00e1n, el subsecretario de Prevenci\u00f3n y Participaci\u00f3n Ciudadana de la Segob, la identificaci\u00f3n de estos barrios ayuda al gobierno a determinar d\u00f3nde implementar programas de prevenci\u00f3n de la violencia. Campa se\u00f1al\u00f3 que la secretar\u00eda tambi\u00e9n considera varios factores al momento de decidir d\u00f3nde asignar estos recursos, incluyendo el n\u00famero de hogares monoparentales, las tasas de deserci\u00f3n escolar y las estad\u00edsticas de crimen.<\/p>\n\n\n\n<figure class=\"wp-block-image is-resized\"><img data-recalc-dims=\"1\" loading=\"lazy\" decoding=\"async\" src=\"https:\/\/i0.wp.com\/es.insightcrime.org\/images\/1004107.jpg?resize=590%2C489&#038;quality=100&#038;ssl=1\" alt=\"1004107\" height=\"489\" width=\"590\"\/><\/figure>\n\n\n\n<h3 class=\"wp-block-heading\">An\u00e1lisis de InSight Crime<\/h3>\n\n\n\n<p class=\"wp-block-paragraph\">Es importante que el gobierno mexicano tenga una base de datos de indicadores socioecon\u00f3micos que ayudan a determinar d\u00f3nde concentrar las iniciativas de prevenci\u00f3n de la violencia. Sin embargo, basar en el informe actual la ubicaci\u00f3n de este tipo de programas podr\u00eda llevar a una mala asignaci\u00f3n de los recursos. El informe no parece distinguir a los presos seg\u00fan el tipo de crimen por los que fueron condenados, lo que significa que algunos de los barrios que m\u00e1s se destacan en el informe podr\u00edan tener altas tasas de consumo de drogas u otros crimenes no violentos, pero poca presencia de carteles o de grupos violentos.<\/p>\n\n\n\n<p class=\"wp-block-paragraph\">La idea de que el informe no cuenta toda la historia parece estar respaldada por el hecho de que mientras algunos de los estados resaltados en el informe -como Michoac\u00e1n,<a href=\"\/noticias\/noticias-del-dia\/guerrero-y-chihuahua-son-puntos-calientes-de-mexico-en-2012\" target=\"_blank\"> Chihuahua, Guerrero <\/a>y Nuevo Le\u00f3n- son lugares en los que hay una significativa violencia de las drogas, otros -como Oaxaca y Veracruz- tradicionalmente han sido menos asociadas con este tipo de violencia. Sin embargo, recientemente en Veracruz se ha presentado una <a href=\"\/noticias\/noticias-del-dia\/zetas-alimentan-crisis-seguridad-veracruz-sureste-mexico\" target=\"_blank\">racha de violencia.<\/a>.<\/p>\n\n\n\n<p class=\"wp-block-paragraph\"><strong><span style=\"color: #800000\">VEA TAMBI\u00c9N:<\/span><\/strong> <a href=\"\/grupos-mexico\/caballeros-templarios\" target=\"_blank\">Perfil de los Caballeros Templario<\/a>s<\/p>\n\n\n\n<p class=\"wp-block-paragraph\">Para el presidente Enrique Pe\u00f1a Nieto, que ha tratado de hacer de la lucha contra la violencia del crimen organizado con programas de prevenci\u00f3n <a href=\"\/noticias\/noticias-del-dia\/mexico-presenta-programa-de-prevencion-de-la-violencia\" target=\"_blank\">un elemento clave de su estrategia de seguridad<\/a>, \u00e9ste es un primer paso para elegir los indicadores adecuados y enfocarse en los lugares de mayor riesgo.<\/p>\n\n\n\n<p class=\"wp-block-paragraph\">Otro problema que plantea este informe y otros como \u00e9l, es que si bien pueden ayudar a determinar d\u00f3nde asignar los recursos, tambi\u00e9n pueden tener el efecto negativo de estigmatizar ciertos lugares como puntos calientes para la producci\u00f3n de violencia y de criminales.<\/p>\n","protected":false},"excerpt":{"rendered":"<p>La Secretar\u00eda de Gobernaci\u00f3n de M\u00e9xico ha identificado los barrios de origen de la mayor parte de los criminales del pa\u00eds, una estrategia orientada a determinar en qu\u00e9 lugares asignar la financiaci\u00f3n contra la violencia del gobierno, pero que tiene algunas fallas inherentes.<\/p>\n","protected":false},"author":35,"featured_media":40689,"comment_status":"closed","ping_status":"closed","sticky":false,"template":"","format":"standard","meta":{"newspack_ads_suppress_ads":false,"newspack_popups_has_disabled_popups":false,"newspack_sponsor_sponsorship_scope":"","newspack_sponsor_native_byline_display":"inherit","newspack_sponsor_native_category_display":"inherit","newspack_sponsor_underwriter_style":"inherit","newspack_sponsor_underwriter_placement":"inherit","_EventAllDay":false,"_EventTimezone":"","_EventStartDate":"","_EventEndDate":"","_EventStartDateUTC":"","_EventEndDateUTC":"","_EventShowMap":false,"_EventShowMapLink":false,"_EventURL":"","_EventCost":"","_EventCostDescription":"","_EventCurrencySymbol":"","_EventCurrencyCode":"","_EventCurrencyPosition":"","_EventDateTimeSeparator":"","_EventTimeRangeSeparator":"","_EventOrganizerID":[],"_EventVenueID":[],"_OrganizerEmail":"","_OrganizerPhone":"","_OrganizerWebsite":"","_VenueAddress":"","_VenueCity":"","_VenueCountry":"","_VenueProvince":"","_VenueState":"","_VenueZip":"","_VenuePhone":"","_VenueURL":"","_VenueStateProvince":"","_VenueLat":"","_VenueLng":"","_VenueShowMap":false,"_VenueShowMapLink":false,"_newspack_byline_active":false,"_newspack_byline":"","newspack_hide_updated_date":false,"newspack_show_updated_date":false,"newspack_featured_image_position":"","newspack_post_subtitle":"","newspack_article_summary_title":"Overview:","newspack_article_summary":"","_jetpack_memberships_contains_paid_content":false,"footnotes":""},"categories":[334],"tags":[406,438],"newspack_spnsrs_tax":[],"coauthors":[3902],"class_list":["post-6955","post","type-post","status-publish","format-standard","has-post-thumbnail","hentry","category-noticias-del-dia","tag-mexico-pais","tag-politicas-de-seguridad","entry"],"parsely":{"version":"1.1.0","canonical_url":"https:\/\/insightcrime.org\/es\/noticias\/noticias-del-dia\/origenes-prisioneros-mexico-insuficientes-asignar-programas-contra-violencia\/","smart_links":{"inbound":0,"outbound":0},"traffic_boost_suggestions_count":0,"meta":{"@context":"https:\/\/schema.org","@type":"NewsArticle","headline":"Or\u00edgenes de prisioneros de M\u00e9xico son insuficientes para asignar programas contra la violencia","url":"http:\/\/insightcrime.org\/es\/noticias\/noticias-del-dia\/origenes-prisioneros-mexico-insuficientes-asignar-programas-contra-violencia\/","mainEntityOfPage":{"@type":"WebPage","@id":"http:\/\/insightcrime.org\/es\/noticias\/noticias-del-dia\/origenes-prisioneros-mexico-insuficientes-asignar-programas-contra-violencia\/"},"thumbnailUrl":"https:\/\/i0.wp.com\/insightcrime.org\/wp-content\/uploads\/2014\/07\/es-48e3e562fc488555ca60e6ad7b3cfbe9.jpg?resize=150%2C150&quality=100&ssl=1","image":{"@type":"ImageObject","url":"https:\/\/i0.wp.com\/insightcrime.org\/wp-content\/uploads\/2014\/07\/es-48e3e562fc488555ca60e6ad7b3cfbe9.jpg?fit=280%2C169&quality=100&ssl=1"},"articleSection":"Noticias del d\u00eda","author":[{"@type":"Person","name":"Kyra Gurney"}],"creator":["Kyra Gurney"],"publisher":{"@type":"Organization","name":"InSight Crime","logo":"https:\/\/insightcrime.org\/wp-content\/uploads\/2023\/08\/logo.png"},"keywords":["m\u00e9xico","pol\u00edticas de seguridad"],"dateCreated":"2017-03-28T00:02:49Z","datePublished":"2017-03-28T00:02:49Z","dateModified":"2023-04-24T20:39:46Z"},"rendered":"<meta name=\"parsely-title\" content=\"Or\u00edgenes de prisioneros de M\u00e9xico son insuficientes para asignar programas contra la violencia\" \/>\n<meta name=\"parsely-link\" content=\"http:\/\/insightcrime.org\/es\/noticias\/noticias-del-dia\/origenes-prisioneros-mexico-insuficientes-asignar-programas-contra-violencia\/\" \/>\n<meta name=\"parsely-type\" content=\"post\" \/>\n<meta name=\"parsely-image-url\" content=\"https:\/\/i0.wp.com\/insightcrime.org\/wp-content\/uploads\/2014\/07\/es-48e3e562fc488555ca60e6ad7b3cfbe9.jpg?resize=150%2C150&amp;quality=100&amp;ssl=1\" \/>\n<meta name=\"parsely-pub-date\" content=\"2017-03-28T00:02:49Z\" \/>\n<meta name=\"parsely-section\" content=\"Noticias del d\u00eda\" \/>\n<meta name=\"parsely-tags\" content=\"m\u00e9xico,pol\u00edticas de seguridad\" \/>\n<meta name=\"parsely-author\" content=\"Kyra Gurney\" \/>","tracker_url":"https:\/\/cdn.parsely.com\/keys\/insightcrime.org\/p.js"},"jetpack_sharing_enabled":true,"jetpack-related-posts":[{"id":232579,"url":"https:\/\/insightcrime.org\/es\/noticias\/criminales-violencia-electoral-mexico-brasil\/","url_meta":{"origin":6955,"position":0},"title":"Grupos criminales usan violencia electoral en M\u00e9xico y Brasil, seg\u00fan estudio","author":"Christopher Newton","date":"29 de junio de 2023","format":false,"excerpt":"Los actos de violencia dirigidos directamente contra representantes de gobierno son m\u00e1s comunes en M\u00e9xico y Brasil que en otros lugares el mundo.","rel":"","context":"En \u00abNoticias\u00bb","block_context":{"text":"Noticias","link":"https:\/\/insightcrime.org\/es\/category\/noticias\/"},"img":{"alt_text":"Un polic\u00eda armado en uno de los barrios de Brasil, conocidos como favelas","src":"https:\/\/i0.wp.com\/insightcrime.org\/wp-content\/uploads\/2023\/09\/18-04-17-Brazil-Militias.jpeg?fit=350%2C250&quality=100&ssl=1&resize=350%2C200","width":350,"height":200},"classes":[]},{"id":6313,"url":"https:\/\/insightcrime.org\/es\/noticias-crimen-organizado-el-salvador\/barrio-18-perfil-2\/","url_meta":{"origin":6955,"position":1},"title":"Barrio 18","author":"InSight Crime","date":"14 de noviembre de 2023","format":false,"excerpt":"La pandilla 18, tambi\u00e9n conocida como Barrio 18, es una de las maras m\u00e1s numerosas del hemisferio occidental, equiparable en muchos aspectos a su rival m\u00e1s conocido, la Mara Salvatrucha (MS13). Aunque la pandilla tiene c\u00e9lulas en operaci\u00f3n desde Centroam\u00e9rica hasta Canad\u00e1, se ha debilitado mucho en El Salvador despu\u00e9s\u2026","rel":"","context":"En \u00abEl Salvador\u00bb","block_context":{"text":"El Salvador","link":"https:\/\/insightcrime.org\/es\/category\/noticias-crimen-organizado-el-salvador\/"},"img":{"alt_text":"","src":"https:\/\/i0.wp.com\/insightcrime.org\/wp-content\/uploads\/2023\/11\/Grupo-Criminal-Barrio-18.jpg?fit=1200%2C900&quality=100&ssl=1&resize=350%2C200","width":350,"height":200,"srcset":"https:\/\/i0.wp.com\/insightcrime.org\/wp-content\/uploads\/2023\/11\/Grupo-Criminal-Barrio-18.jpg?fit=1200%2C900&quality=100&ssl=1&resize=350%2C200 1x, https:\/\/i0.wp.com\/insightcrime.org\/wp-content\/uploads\/2023\/11\/Grupo-Criminal-Barrio-18.jpg?fit=1200%2C900&quality=100&ssl=1&resize=525%2C300 1.5x, https:\/\/i0.wp.com\/insightcrime.org\/wp-content\/uploads\/2023\/11\/Grupo-Criminal-Barrio-18.jpg?fit=1200%2C900&quality=100&ssl=1&resize=700%2C400 2x, https:\/\/i0.wp.com\/insightcrime.org\/wp-content\/uploads\/2023\/11\/Grupo-Criminal-Barrio-18.jpg?fit=1200%2C900&quality=100&ssl=1&resize=1050%2C600 3x"},"classes":[]},{"id":206431,"url":"https:\/\/insightcrime.org\/es\/noticias\/autoridades-de-zacatecas-mexico-en-linea-de-fuego-por-choques-entre-cjng-y-cartel-de-sinaloa\/","url_meta":{"origin":6955,"position":2},"title":"Autoridades de Zacatecas, M\u00e9xico, en l\u00ednea de fuego por choques entre CJNG y Cartel de Sinaloa","author":"Peter Appleby","date":"7 de diciembre de 2022","format":false,"excerpt":"Los asesinatos de varios funcionarios estatales en Zacatecas, y el asedio de esa estrat\u00e9gica regi\u00f3n para los carteles m\u00e1s poderosos de M\u00e9xico, representan una preocupante escalada de los intentos de estos grupos por controlar el estado.","rel":"","context":"En \u00abNoticias\u00bb","block_context":{"text":"Noticias","link":"https:\/\/insightcrime.org\/es\/category\/noticias\/"},"img":{"alt_text":"","src":"https:\/\/i0.wp.com\/insightcrime.org\/wp-content\/uploads\/2022\/12\/BB599A2F-8336-4A67-9F7D-2195D569B339.jpeg?fit=1200%2C600&quality=100&ssl=1&resize=350%2C200","width":350,"height":200,"srcset":"https:\/\/i0.wp.com\/insightcrime.org\/wp-content\/uploads\/2022\/12\/BB599A2F-8336-4A67-9F7D-2195D569B339.jpeg?fit=1200%2C600&quality=100&ssl=1&resize=350%2C200 1x, https:\/\/i0.wp.com\/insightcrime.org\/wp-content\/uploads\/2022\/12\/BB599A2F-8336-4A67-9F7D-2195D569B339.jpeg?fit=1200%2C600&quality=100&ssl=1&resize=525%2C300 1.5x, https:\/\/i0.wp.com\/insightcrime.org\/wp-content\/uploads\/2022\/12\/BB599A2F-8336-4A67-9F7D-2195D569B339.jpeg?fit=1200%2C600&quality=100&ssl=1&resize=700%2C400 2x, https:\/\/i0.wp.com\/insightcrime.org\/wp-content\/uploads\/2022\/12\/BB599A2F-8336-4A67-9F7D-2195D569B339.jpeg?fit=1200%2C600&quality=100&ssl=1&resize=1050%2C600 3x"},"classes":[]},{"id":232664,"url":"https:\/\/insightcrime.org\/es\/noticias\/3-conclusiones-indice-paz-mexico-2023\/","url_meta":{"origin":6955,"position":3},"title":"Las 3 conclusiones del \u00cdndice de Paz M\u00e9xico de 2023","author":"Sean Doherty","date":"31 de mayo de 2023","format":false,"excerpt":"Las organizaciones criminales son uno de los principales responsables de la violencia en las zonas m\u00e1s afectadas por ese flagelo en M\u00e9xico, como revel\u00f3 un nuevo informe.","rel":"","context":"En \u00abNoticias\u00bb","block_context":{"text":"Noticias","link":"https:\/\/insightcrime.org\/es\/category\/noticias\/"},"img":{"alt_text":"CJNG ostenta su poder de fuego","src":"https:\/\/i0.wp.com\/insightcrime.org\/wp-content\/uploads\/2023\/09\/cjng-2-1.jpg?fit=350%2C250&quality=100&ssl=1&resize=350%2C200","width":350,"height":200},"classes":[]},{"id":268355,"url":"https:\/\/insightcrime.org\/es\/noticias\/violencia-criminal-paraliza-estado-guerrero-mexico\/","url_meta":{"origin":6955,"position":4},"title":"Violencia criminal paraliza al estado de Guerrero, M\u00e9xico","author":"Sara Garcia","date":"13 de febrero de 2024","format":false,"excerpt":"La reciente ola de violencia en Guerrero, M\u00e9xico, pone de relieve la disputa entre varios grupos criminales por el control de la extorsi\u00f3n en el estado sure\u00f1o, al tiempo que resalta m\u00faltiples factores de inseguridad en la regi\u00f3n.","rel":"","context":"En \u00abNoticias\u00bb","block_context":{"text":"Noticias","link":"https:\/\/insightcrime.org\/es\/category\/noticias\/"},"img":{"alt_text":"","src":"https:\/\/i0.wp.com\/insightcrime.org\/wp-content\/uploads\/2024\/02\/2024-02-08-Violencia-Guerrero-Mex.jpeg?fit=350%2C250&quality=100&ssl=1&resize=350%2C200","width":350,"height":200},"classes":[]},{"id":232649,"url":"https:\/\/insightcrime.org\/es\/noticias\/causa-ola-homicidios-ciudad-juarez-mexico\/","url_meta":{"origin":6955,"position":5},"title":"\u00bfCu\u00e1l es la causa de la ola de homicidios en Ciudad Ju\u00e1rez, M\u00e9xico?","author":"Parker Asmann","date":"12 de junio de 2023","format":false,"excerpt":"El creciente tr\u00e1fico de migrantes y de drogas sint\u00e9ticas podr\u00eda ser la explicaci\u00f3n del reciente aumento de los homicidios en Ciudad Ju\u00e1rez, un lugar que no ha logrado salir del ciclo de violencia que comenz\u00f3 tras el inicio de la guerra contra las drogas en M\u00e9xico.","rel":"","context":"En \u00abNoticias\u00bb","block_context":{"text":"Noticias","link":"https:\/\/insightcrime.org\/es\/category\/noticias\/"},"img":{"alt_text":"Mexico's military patrols the streets of Ciudad Ju\u00e1rez","src":"https:\/\/i0.wp.com\/insightcrime.org\/wp-content\/uploads\/2023\/09\/2023-06-08-Ciudad-Juarez-Military-Patrol-Violence-1.jpg?fit=350%2C250&quality=100&ssl=1&resize=350%2C200","width":350,"height":200},"classes":[]}],"jetpack_featured_media_url":"https:\/\/i0.wp.com\/insightcrime.org\/wp-content\/uploads\/2014\/07\/es-48e3e562fc488555ca60e6ad7b3cfbe9.jpg?fit=280%2C169&quality=100&ssl=1","_links":{"self":[{"href":"https:\/\/insightcrime.org\/es\/wp-json\/wp\/v2\/posts\/6955","targetHints":{"allow":["GET"]}}],"collection":[{"href":"https:\/\/insightcrime.org\/es\/wp-json\/wp\/v2\/posts"}],"about":[{"href":"https:\/\/insightcrime.org\/es\/wp-json\/wp\/v2\/types\/post"}],"author":[{"embeddable":true,"href":"https:\/\/insightcrime.org\/es\/wp-json\/wp\/v2\/users\/35"}],"replies":[{"embeddable":true,"href":"https:\/\/insightcrime.org\/es\/wp-json\/wp\/v2\/comments?post=6955"}],"version-history":[{"count":2,"href":"https:\/\/insightcrime.org\/es\/wp-json\/wp\/v2\/posts\/6955\/revisions"}],"predecessor-version":[{"id":66589,"href":"https:\/\/insightcrime.org\/es\/wp-json\/wp\/v2\/posts\/6955\/revisions\/66589"}],"wp:featuredmedia":[{"embeddable":true,"href":"https:\/\/insightcrime.org\/es\/wp-json\/wp\/v2\/media\/40689"}],"wp:attachment":[{"href":"https:\/\/insightcrime.org\/es\/wp-json\/wp\/v2\/media?parent=6955"}],"wp:term":[{"taxonomy":"category","embeddable":true,"href":"https:\/\/insightcrime.org\/es\/wp-json\/wp\/v2\/categories?post=6955"},{"taxonomy":"post_tag","embeddable":true,"href":"https:\/\/insightcrime.org\/es\/wp-json\/wp\/v2\/tags?post=6955"},{"taxonomy":"newspack_spnsrs_tax","embeddable":true,"href":"https:\/\/insightcrime.org\/es\/wp-json\/wp\/v2\/newspack_spnsrs_tax?post=6955"},{"taxonomy":"author","embeddable":true,"href":"https:\/\/insightcrime.org\/es\/wp-json\/wp\/v2\/coauthors?post=6955"}],"curies":[{"name":"wp","href":"https:\/\/api.w.org\/{rel}","templated":true}]}}