{"id":6962,"date":"2014-07-25T21:19:19","date_gmt":"2017-03-28T00:02:52","guid":{"rendered":"http:\/\/newwp.insightcrime.org?p=6962"},"modified":"2023-04-24T15:39:48","modified_gmt":"2023-04-24T20:39:48","slug":"desestimacion-caso-chiquita-gran-golpe-para-victimas-colombia","status":"publish","type":"post","link":"https:\/\/insightcrime.org\/es\/noticias\/noticias-del-dia\/desestimacion-caso-chiquita-gran-golpe-para-victimas-colombia\/","title":{"rendered":"Desestimaci\u00f3n de caso de Chiquita es un gran golpe para las v\u00edctimas de Colombia"},"content":{"rendered":"\n<p class=\"wp-block-paragraph\">Un tribunal de apelaciones de Estados Unidos desestim\u00f3 una demanda presentada por las familias colombianas contra la gigante bananera Chiquita por supuestamente colaborar con grupos paramilitares, asestando un duro golpe a los intentos de las v\u00edctimas del conflicto de Colombia por responsabilizar a las compa\u00f1\u00edas por sus v\u00ednculos con grupos armados ilegales.<\/p>\n\n\n\n<p class=\"wp-block-paragraph\">En una decisi\u00f3n de 2 a 1, el 24 de julio, un tribunal de apelaciones de Miami dictamin\u00f3 que los tribunales estadounidenses no tienen jurisdicci\u00f3n para ocuparse del caso, ya que las actividades en cuesti\u00f3n ocurrieron fuera del pa\u00eds,<a href=\"https:\/\/www.bbc.com\/news\/world-latin-america-28469357\" target=\"_blank\"> inform\u00f3 la BBC.<\/a> La decisi\u00f3n se bas\u00f3 en una sentencia de la Corte Suprema que limit\u00f3 los intentos de extranjeros de recurrir a los tribunales estadounidenses para reclamar una compensaci\u00f3n a las corporaciones.<\/p>\n\n\n\n<p class=\"wp-block-paragraph\">La demanda masiva de 2011 incluy\u00f3 unos 4.000 reclamos de los familiares de las v\u00edctimas de que la subsidiaria de Chiquita, Banadex, hab\u00eda financiado a los paramilitares de las Autodefensa Unidas de Colombia (AUC) que operaban en el noroeste de Colombia, y que fueron responsables de muertes y desapariciones de sus seres queridos.<\/p>\n\n\n\n<p class=\"wp-block-paragraph\">En 2007, el productor de banano de Estados Unidos <a href=\"https:\/\/america.aljazeera.com\/articles\/2013\/9\/22\/chiquita-seeks-toblocklawsuitsfiledbythousandsofcolombians.html\" target=\"_blank\">admiti\u00f3 haber pagado<\/a> US$1,7 millones a las AUC entre 1997 y 2004, y fue multado con US$25 millones. Sin embargo, la empresa aleg\u00f3 que s\u00f3lo pag\u00f3 el dinero por extorsi\u00f3n y que no recibi\u00f3 beneficios del intercambio.<\/p>\n\n\n\n<p class=\"wp-block-paragraph\">Chiquita ha negado cualquier responsabilidad, argumentando que las demandas no lograron establecer conexiones directas entre la empresa y la violencia perpetrada por los paramilitares.<\/p>\n\n\n\n<h3 class=\"wp-block-heading\">An\u00e1lisis de InSight Crime<\/h3>\n\n\n\n<p class=\"wp-block-paragraph\">El gran n\u00famero de demandantes y la fuerte cobertura de prensa internacional del caso Chiquita le han dado una importancia simb\u00f3lica al proceso de buscar la reparaci\u00f3n de las v\u00edctimas del conflicto colombiano. La decisi\u00f3n de Estados Unidos no s\u00f3lo es una gran decepci\u00f3n para las miles de v\u00edctimas que vieron en el caso una oportunidad para ganar reconocimiento y compensaci\u00f3n por parte de la compa\u00f1\u00eda, sino que tambi\u00e9n establece un precedente para otros casos en los que las empresas presuntamente actuaron en connivencia con los grupos armados ilegales.<\/p>\n\n\n\n<p class=\"wp-block-paragraph\">A pesar de los intentos de Chiquita para distanciarse de las actividades de las AUC, la evidencia apunta a lo contrario. En 2011,<a href=\"\/news\/analysis\/chiquitas-paramilitary-payoffs-detailed-in-trove-of-declassified-documents\" target=\"_blank\">&nbsp;documentos internos de la compa\u00f1\u00eda <\/a>revelaron intentos por disfrazar los pagos, e indicaban que Chiquita recibi\u00f3 seguridad en sus plantaciones a cambio de los pagos. Testimonios recogidos para el pleito contra la compa\u00f1\u00eda afirman que esta \u201cseguridad\u201d incluy\u00f3 el hecho de que gerentes locales proporcionaban listas de muerte a los paramilitares&nbsp;de los sindicalistas problem\u00e1ticos. Mientras tanto, unas facturas de 2001 revelaron que Chiquita <a href=\"https:\/\/www.cbsnews.com\/news\/chiquita-accused-of-funding-colombia-terrorists\/\" target=\"_blank\">recibi\u00f3 un cargamento de 3.000 rifles de asalto AK-47<\/a>, supuestamente para las AUC.<\/p>\n\n\n\n<p class=\"wp-block-paragraph\"><strong><span style=\"color: #800000\">VEA TAMBI\u00c9N:<\/span><\/strong> <a href=\"\/grupos-colombia\/auc\" target=\"_blank\">Perfil de las AUC<\/a><\/p>\n\n\n\n<p class=\"wp-block-paragraph\">Los resultados del caso ponen de manifiesto la impunidad de la que gozaron las empresas extranjeras que operaron en Colombia. A pesar de los procesos en su contra, Chiquita ha seguido haciendo negocios por debajo de cuerda en Colombia, <a href=\"https:\/\/inthesetimes.com\/article\/14294\/chiquita_republic\" target=\"_blank\">primero a trav\u00e9s de Banacol<\/a> -que hasta hace poco fue el mayor proveedor de Chiquita- y ahora a trav\u00e9s de Fyffes, <a href=\"https:\/\/www.theguardian.com\/business\/2014\/mar\/10\/fyffes-merge-chiquita-banana-co-chiquitafyffes\" target=\"_blank\">que se fusion\u00f3 con Chiquita <\/a>este a\u00f1o y <a href=\"https:\/\/www.asociaciondezamoranos.org\/project\/chiquitafyffes-una-oportunidad-para-la-industria-de-banano-de-colombia\/\" target=\"_blank\">opera en Colombia<\/a>. Varias otras empresas acusadas de v\u00ednculos con los paramilitares -incluyendo el <a href=\"https:\/\/www.elcolombiano.com\/BancoConocimiento\/D\/drummond_niega_relacion_con_grupos_paramilitares\/drummond_niega_relacion_con_grupos_paramilitares.asp\" target=\"_blank\">gigante de carb\u00f3n Drummond<\/a>, <a href=\"https:\/\/www.theguardian.com\/media\/2003\/jul\/24\/marketingandpr.colombia\" target=\"_blank\">Coca Cola<\/a> y <a href=\"https:\/\/www.alternet.org\/world\/nestle-involved-murder-colombian-union-leader\" target=\"_blank\">Nestl\u00e9<\/a>\u2013 siguen haciendo negocios en Colombia.<\/p>\n","protected":false},"excerpt":{"rendered":"<p>Un tribunal de apelaciones de Estados Unidos desestim\u00f3 una demanda presentada por las familias colombianas contra la gigante bananera Chiquita por supuestamente colaborar con grupos paramilitares, asestando un duro golpe a los intentos de las v\u00edctimas del conflicto de Colombia por responsabilizar a las compa\u00f1\u00edas por sus v\u00ednculos con grupos armados ilegales.<\/p>\n","protected":false},"author":19,"featured_media":40701,"comment_status":"closed","ping_status":"closed","sticky":false,"template":"","format":"standard","meta":{"newspack_ads_suppress_ads":false,"newspack_popups_has_disabled_popups":false,"newspack_sponsor_sponsorship_scope":"","newspack_sponsor_native_byline_display":"inherit","newspack_sponsor_native_category_display":"inherit","newspack_sponsor_underwriter_style":"inherit","newspack_sponsor_underwriter_placement":"inherit","_EventAllDay":false,"_EventTimezone":"","_EventStartDate":"","_EventEndDate":"","_EventStartDateUTC":"","_EventEndDateUTC":"","_EventShowMap":false,"_EventShowMapLink":false,"_EventURL":"","_EventCost":"","_EventCostDescription":"","_EventCurrencySymbol":"","_EventCurrencyCode":"","_EventCurrencyPosition":"","_EventDateTimeSeparator":"","_EventTimeRangeSeparator":"","_EventOrganizerID":[],"_EventVenueID":[],"_OrganizerEmail":"","_OrganizerPhone":"","_OrganizerWebsite":"","_VenueAddress":"","_VenueCity":"","_VenueCountry":"","_VenueProvince":"","_VenueState":"","_VenueZip":"","_VenuePhone":"","_VenueURL":"","_VenueStateProvince":"","_VenueLat":"","_VenueLng":"","_VenueShowMap":false,"_VenueShowMapLink":false,"_newspack_byline_active":false,"_newspack_byline":"","newspack_hide_updated_date":false,"newspack_show_updated_date":false,"newspack_featured_image_position":"","newspack_post_subtitle":"","newspack_article_summary_title":"Overview:","newspack_article_summary":"","_jetpack_memberships_contains_paid_content":false,"footnotes":""},"categories":[334],"tags":[390,368],"newspack_spnsrs_tax":[],"coauthors":[3820],"class_list":["post-6962","post","type-post","status-publish","format-standard","has-post-thumbnail","hentry","category-noticias-del-dia","tag-las-auc","tag-colombia-pais","entry"],"parsely":{"version":"1.1.0","canonical_url":"https:\/\/insightcrime.org\/es\/noticias\/noticias-del-dia\/desestimacion-caso-chiquita-gran-golpe-para-victimas-colombia\/","smart_links":{"inbound":0,"outbound":0},"traffic_boost_suggestions_count":0,"meta":{"@context":"https:\/\/schema.org","@type":"NewsArticle","headline":"Desestimaci\u00f3n de caso de Chiquita es un gran golpe para las v\u00edctimas de Colombia","url":"http:\/\/insightcrime.org\/es\/noticias\/noticias-del-dia\/desestimacion-caso-chiquita-gran-golpe-para-victimas-colombia\/","mainEntityOfPage":{"@type":"WebPage","@id":"http:\/\/insightcrime.org\/es\/noticias\/noticias-del-dia\/desestimacion-caso-chiquita-gran-golpe-para-victimas-colombia\/"},"thumbnailUrl":"https:\/\/i0.wp.com\/insightcrime.org\/wp-content\/uploads\/2014\/07\/es-560b0cba8b285496d70a30bdd3928e9e.jpg?resize=150%2C150&quality=100&ssl=1","image":{"@type":"ImageObject","url":"https:\/\/i0.wp.com\/insightcrime.org\/wp-content\/uploads\/2014\/07\/es-560b0cba8b285496d70a30bdd3928e9e.jpg?fit=280%2C169&quality=100&ssl=1"},"articleSection":"Noticias del d\u00eda","author":[{"@type":"Person","name":"Marguerite Cawley"}],"creator":["Marguerite Cawley"],"publisher":{"@type":"Organization","name":"InSight Crime","logo":"https:\/\/insightcrime.org\/wp-content\/uploads\/2023\/08\/logo.png"},"keywords":["auc","colombia"],"dateCreated":"2017-03-28T00:02:52Z","datePublished":"2017-03-28T00:02:52Z","dateModified":"2023-04-24T20:39:48Z"},"rendered":"<meta name=\"parsely-title\" content=\"Desestimaci\u00f3n de caso de Chiquita es un gran golpe para las v\u00edctimas de Colombia\" \/>\n<meta name=\"parsely-link\" content=\"http:\/\/insightcrime.org\/es\/noticias\/noticias-del-dia\/desestimacion-caso-chiquita-gran-golpe-para-victimas-colombia\/\" \/>\n<meta name=\"parsely-type\" content=\"post\" \/>\n<meta name=\"parsely-image-url\" content=\"https:\/\/i0.wp.com\/insightcrime.org\/wp-content\/uploads\/2014\/07\/es-560b0cba8b285496d70a30bdd3928e9e.jpg?resize=150%2C150&amp;quality=100&amp;ssl=1\" \/>\n<meta name=\"parsely-pub-date\" content=\"2017-03-28T00:02:52Z\" \/>\n<meta name=\"parsely-section\" content=\"Noticias del d\u00eda\" \/>\n<meta name=\"parsely-tags\" content=\"auc,colombia\" \/>\n<meta name=\"parsely-author\" content=\"Marguerite Cawley\" \/>","tracker_url":"https:\/\/cdn.parsely.com\/keys\/insightcrime.org\/p.js"},"jetpack_sharing_enabled":true,"jetpack-related-posts":[{"id":134852,"url":"https:\/\/insightcrime.org\/es\/noticias\/victimas-farc-compensacion-petrolera-venezuela\/","url_meta":{"origin":6962,"position":0},"title":"V\u00edctimas de las FARC piden compensaci\u00f3n de petrolera estatal de Venezuela","author":"Unidad Investigativa de Venezuela","date":"18 de febrero de 2021","format":false,"excerpt":"Un caso judicial en Estados Unidos busca compensar a las v\u00edctimas de las FARC con activos incautados a la petrolera estatal de Venezuela, PDVSA.","rel":"","context":"En \u00abNoticias\u00bb","block_context":{"text":"Noticias","link":"https:\/\/insightcrime.org\/es\/category\/noticias\/"},"img":{"alt_text":"","src":"https:\/\/i0.wp.com\/insightcrime.org\/wp-content\/uploads\/2021\/02\/aa0e38828627a8aea68a7a5e1cf04867.jpg?fit=350%2C250&quality=100&ssl=1&resize=350%2C200","width":350,"height":200},"classes":[]},{"id":172340,"url":"https:\/\/insightcrime.org\/es\/investigations\/impunidad-para-todos\/","url_meta":{"origin":6962,"position":1},"title":"E impunidad para todos","author":"Alex Papadovassilakis","date":"1 de diciembre de 2021","format":false,"excerpt":"El 5 de julio de 2019, uno de los casos de corrupci\u00f3n m\u00e1s infames de Guatemala cay\u00f3 en el espinoso terreno de la corte de apelaciones del pa\u00eds.","rel":"","context":"En \u00abInvestigations\u00bb","block_context":{"text":"Investigations","link":"https:\/\/insightcrime.org\/category\/investigations\/"},"img":{"alt_text":"Ilustraci\u00f3n caso PISA","src":"https:\/\/i0.wp.com\/insightcrime.org\/wp-content\/uploads\/2021\/11\/Pisa-Chapter-3-InSight-Crime.jpg?fit=1200%2C450&quality=100&ssl=1&resize=350%2C200","width":350,"height":200,"srcset":"https:\/\/i0.wp.com\/insightcrime.org\/wp-content\/uploads\/2021\/11\/Pisa-Chapter-3-InSight-Crime.jpg?fit=1200%2C450&quality=100&ssl=1&resize=350%2C200 1x, https:\/\/i0.wp.com\/insightcrime.org\/wp-content\/uploads\/2021\/11\/Pisa-Chapter-3-InSight-Crime.jpg?fit=1200%2C450&quality=100&ssl=1&resize=525%2C300 1.5x, https:\/\/i0.wp.com\/insightcrime.org\/wp-content\/uploads\/2021\/11\/Pisa-Chapter-3-InSight-Crime.jpg?fit=1200%2C450&quality=100&ssl=1&resize=700%2C400 2x, https:\/\/i0.wp.com\/insightcrime.org\/wp-content\/uploads\/2021\/11\/Pisa-Chapter-3-InSight-Crime.jpg?fit=1200%2C450&quality=100&ssl=1&resize=1050%2C600 3x"},"classes":[]},{"id":135173,"url":"https:\/\/insightcrime.org\/es\/noticias\/triplican-victimas-falsos-positivos-colombia\/","url_meta":{"origin":6962,"position":2},"title":"N\u00famero de v\u00edctimas por falsos positivos en Colombia triplica lo reportado","author":"Parker Asmann","date":"19 de febrero de 2021","format":false,"excerpt":"Un tribunal especial ha anunciado que el n\u00famero de v\u00edctimas conectadas al esc\u00e1ndalo de los falsos positivos en Colombia es casi tres veces mayor de lo que se se hab\u00eda informado.","rel":"","context":"En \u00abNoticias\u00bb","block_context":{"text":"Noticias","link":"https:\/\/insightcrime.org\/es\/category\/noticias\/"},"img":{"alt_text":"","src":"https:\/\/i0.wp.com\/insightcrime.org\/wp-content\/uploads\/2021\/02\/21-02-18-Colombia-Falsos-Positivos.jpg?fit=350%2C250&quality=100&ssl=1&resize=350%2C200","width":350,"height":200},"classes":[]},{"id":184577,"url":"https:\/\/insightcrime.org\/es\/noticias\/extradicion-otoniel-anuncia-fin-generacion-traficantes-colombianos\/","url_meta":{"origin":6962,"position":3},"title":"Extradici\u00f3n de Otoniel anuncia el fin de una generaci\u00f3n de traficantes colombianos","author":"Seth Robbins","date":"5 de mayo de 2022","format":false,"excerpt":"La extradici\u00f3n del imputado jefe narco colombiano Dairo Antonio \u00dasuga, alias \u201cOtoniel\u201d, a Estados Unidos, pone fin a una era de traficantes forjados en el fragor del conflicto civil del pa\u00eds.","rel":"","context":"En \u00abNoticias\u00bb","block_context":{"text":"Noticias","link":"https:\/\/insightcrime.org\/es\/category\/noticias\/"},"img":{"alt_text":"","src":"https:\/\/i0.wp.com\/insightcrime.org\/wp-content\/uploads\/2022\/05\/Otoniel-Extradition-US-Court-NY.png?fit=350%2C250&quality=100&ssl=1&resize=350%2C200","width":350,"height":200},"classes":[]},{"id":304747,"url":"https:\/\/insightcrime.org\/es\/noticias\/multiples-vidas-de-carrera-criminal-de-caro-quintero-en-mexico\/","url_meta":{"origin":6962,"position":4},"title":"Las m\u00faltiples vidas de la carrera criminal de Caro Quintero en M\u00e9xico","author":"Alejandra Rodriguez","date":"28 de febrero de 2025","format":false,"excerpt":"Tras cuatro d\u00e9cadas de maniobras exitosas para evitar la extradici\u00f3n a Estados Unidos, las autoridades mexicanas finalmente pusieron fin a la notoria carrera criminal de Rafael Caro Quintero al enviarlo esta semana a enfrentar cargos de tr\u00e1fico de drogas y homicidio.","rel":"","context":"En \u00abNoticias\u00bb","block_context":{"text":"Noticias","link":"https:\/\/insightcrime.org\/es\/category\/noticias\/"},"img":{"alt_text":"","src":"https:\/\/i0.wp.com\/insightcrime.org\/wp-content\/uploads\/2025\/02\/Cover-1336x768-Rafael-Caro-Quintero-Collage-InSightCrime-Feb-2025.jpg?fit=1200%2C690&quality=100&ssl=1&resize=350%2C200","width":350,"height":200,"srcset":"https:\/\/i0.wp.com\/insightcrime.org\/wp-content\/uploads\/2025\/02\/Cover-1336x768-Rafael-Caro-Quintero-Collage-InSightCrime-Feb-2025.jpg?fit=1200%2C690&quality=100&ssl=1&resize=350%2C200 1x, https:\/\/i0.wp.com\/insightcrime.org\/wp-content\/uploads\/2025\/02\/Cover-1336x768-Rafael-Caro-Quintero-Collage-InSightCrime-Feb-2025.jpg?fit=1200%2C690&quality=100&ssl=1&resize=525%2C300 1.5x, https:\/\/i0.wp.com\/insightcrime.org\/wp-content\/uploads\/2025\/02\/Cover-1336x768-Rafael-Caro-Quintero-Collage-InSightCrime-Feb-2025.jpg?fit=1200%2C690&quality=100&ssl=1&resize=700%2C400 2x, https:\/\/i0.wp.com\/insightcrime.org\/wp-content\/uploads\/2025\/02\/Cover-1336x768-Rafael-Caro-Quintero-Collage-InSightCrime-Feb-2025.jpg?fit=1200%2C690&quality=100&ssl=1&resize=1050%2C600 3x"},"classes":[]},{"id":236191,"url":"https:\/\/insightcrime.org\/es\/noticias\/colombia-examinara-el-rol-de-la-violencia-de-genero-en-el-conflicto-armado\/","url_meta":{"origin":6962,"position":5},"title":"Colombia examinar\u00e1 el rol de la violencia de g\u00e9nero en el conflicto armado","author":"Lara Loaiza","date":"29 de septiembre de 2023","format":false,"excerpt":"La Jurisdicci\u00f3n Especial para la Paz en Colombia abre la puerta para examinar a fondo el uso de la violencia sexual y de g\u00e9nero como estrategia de guerra por parte de grupos armados en el pa\u00eds. La apertura del caso es una esperanza para las v\u00edctimas que llevan a\u00f1os reclamando\u2026","rel":"","context":"En \u00abNoticias\u00bb","block_context":{"text":"Noticias","link":"https:\/\/insightcrime.org\/es\/category\/noticias\/"},"img":{"alt_text":"","src":"https:\/\/i0.wp.com\/insightcrime.org\/wp-content\/uploads\/2023\/09\/JEP-Magistrados-Caso-VBG-350x250-c-default.jpeg?fit=350%2C250&quality=100&ssl=1&resize=350%2C200","width":350,"height":200},"classes":[]}],"jetpack_featured_media_url":"https:\/\/i0.wp.com\/insightcrime.org\/wp-content\/uploads\/2014\/07\/es-560b0cba8b285496d70a30bdd3928e9e.jpg?fit=280%2C169&quality=100&ssl=1","_links":{"self":[{"href":"https:\/\/insightcrime.org\/es\/wp-json\/wp\/v2\/posts\/6962","targetHints":{"allow":["GET"]}}],"collection":[{"href":"https:\/\/insightcrime.org\/es\/wp-json\/wp\/v2\/posts"}],"about":[{"href":"https:\/\/insightcrime.org\/es\/wp-json\/wp\/v2\/types\/post"}],"author":[{"embeddable":true,"href":"https:\/\/insightcrime.org\/es\/wp-json\/wp\/v2\/users\/19"}],"replies":[{"embeddable":true,"href":"https:\/\/insightcrime.org\/es\/wp-json\/wp\/v2\/comments?post=6962"}],"version-history":[{"count":1,"href":"https:\/\/insightcrime.org\/es\/wp-json\/wp\/v2\/posts\/6962\/revisions"}],"predecessor-version":[{"id":22787,"href":"https:\/\/insightcrime.org\/es\/wp-json\/wp\/v2\/posts\/6962\/revisions\/22787"}],"wp:featuredmedia":[{"embeddable":true,"href":"https:\/\/insightcrime.org\/es\/wp-json\/wp\/v2\/media\/40701"}],"wp:attachment":[{"href":"https:\/\/insightcrime.org\/es\/wp-json\/wp\/v2\/media?parent=6962"}],"wp:term":[{"taxonomy":"category","embeddable":true,"href":"https:\/\/insightcrime.org\/es\/wp-json\/wp\/v2\/categories?post=6962"},{"taxonomy":"post_tag","embeddable":true,"href":"https:\/\/insightcrime.org\/es\/wp-json\/wp\/v2\/tags?post=6962"},{"taxonomy":"newspack_spnsrs_tax","embeddable":true,"href":"https:\/\/insightcrime.org\/es\/wp-json\/wp\/v2\/newspack_spnsrs_tax?post=6962"},{"taxonomy":"author","embeddable":true,"href":"https:\/\/insightcrime.org\/es\/wp-json\/wp\/v2\/coauthors?post=6962"}],"curies":[{"name":"wp","href":"https:\/\/api.w.org\/{rel}","templated":true}]}}