{"id":7047,"date":"2014-08-12T21:49:17","date_gmt":"2017-03-28T00:03:22","guid":{"rendered":"http:\/\/newwp.insightcrime.org?p=7047"},"modified":"2023-04-24T15:40:17","modified_gmt":"2023-04-24T20:40:17","slug":"policia-comunitaria-el-salvador-senal-que-esta-por-venir","status":"publish","type":"post","link":"https:\/\/insightcrime.org\/es\/noticias\/noticias-del-dia\/policia-comunitaria-el-salvador-senal-que-esta-por-venir\/","title":{"rendered":"Polic\u00eda Comunitaria en El Salvador: \u00bfUna se\u00f1al de lo que est\u00e1 por venir?"},"content":{"rendered":"\n<p class=\"wp-block-paragraph\">El presidente de El Salvador ha puesto en marcha una fuerza de Polic\u00eda Comunitaria en San Salvador, la capital del pa\u00eds, una medida que est\u00e1 en l\u00ednea con los llamados regionales para implementar medidas alternativas de seguridad ciudadana, en lo que podr\u00eda ser un indicio de c\u00f3mo ser\u00e1 la todav\u00eda vaga estrategia de seguridad del nuevo gobierno.<\/p>\n\n\n\n<p class=\"wp-block-paragraph\">El presidente Salvador S\u00e1nchez Cer\u00e9n, el director de la Polic\u00eda Nacional Civil Mauricio Ram\u00edrez Landaverde, y el ministro de Seguridad Benito Lara, anunciaron el despliegue de la nueva fuerza el 11 de agosto. <a href=\"https:\/\/www.seguridad.gob.sv\/index.php?option=com_content&amp;view=article&amp;id=4157:inicia-despliegue-territorial-de-policia-comunitaria&amp;catid=1:noticias-ciudadano\" target=\"_blank\">Seg\u00fan el Ministerio de Seguridad de El Salvador<\/a>, las patrullas ser\u00e1n desplegadas en las siete zonas y 42 sectores que conforman San Salvador.<\/p>\n\n\n\n<p class=\"wp-block-paragraph\">La fuerza se coordinar\u00e1 con las comunidades locales con el fin de identificar los problemas de seguridad y los factores de riesgo, para as\u00ed determinar las medidas adecuadas para abordarlos. <a href=\"https:\/\/www.caracol.com.co\/noticias\/internacionales\/el-salvador-retoma-modelo-de-policia-comunitaria-para-combatir-la-violencia\/20140811\/nota\/2362955.aspx\" target=\"_blank\">Seg\u00fan EFE<\/a>, hasta el momento 21.000 polic\u00edas han sido entrenados para participar en este esquema.<\/p>\n\n\n\n<p class=\"wp-block-paragraph\">La Polic\u00eda Comunitaria ser\u00e1 desplegada progresivamente en el \u00e1rea metropolitana de San Salvador antes de ser lanzada en el resto del pa\u00eds, <a href=\"https:\/\/www.elnuevoherald.com\/2014\/08\/11\/1818905\/el-salvador-despliegan-policia.html\" target=\"_blank\">inform\u00f3 AP<\/a>.<\/p>\n\n\n\n<p class=\"wp-block-paragraph\">La pol\u00edtica no es nueva, sino que forma parte de un programa puesto en marcha en la anterior administraci\u00f3n de Mauricio Funes. Se espera que en los pr\u00f3ximos d\u00edas el gobierno presente su propia estrategia de seguridad en el marco de la \u201cPol\u00edtica Nacional de Justicia,&nbsp;Seguridad P\u00fablica&nbsp;y Convivencia&nbsp;2014-2019\u201d, destinada a abordar cuestiones de crimen y seguridad, con un enfoque particular en los homicidios y la extorsi\u00f3n.<\/p>\n\n\n\n<h3 class=\"wp-block-heading\">An\u00e1lisis de InSight Crime<\/h3>\n\n\n\n<p class=\"wp-block-paragraph\">El Salvador es uno de los pa\u00edses m\u00e1s violentos del mundo, con las pandillas maras del pa\u00eds -la Mara Salvatrucha (MS13) y el Barrio 18- siendo los actores clave de la inseguridad ciudadana. A pesar de que una tregua firmada entre las dos pandillas en marzo de 2012 inicialmente condujo a una fuerte ca\u00edda en los homicidios, ahora, a medida que la iniciativa se desmorona lentamente, <a href=\"\/noticias\/noticias-del-dia\/que-hacer-nuevo-gobierno-el-salvador-aumento-homicidios\" target=\"_blank\">estos han vuelto a aumentar a los niveles previos a la tregua<\/a>. La extorsi\u00f3n, el desplazamiento y las desapariciones contin\u00faan siendo problemas importantes.<\/p>\n\n\n\n<p class=\"wp-block-paragraph\"><strong><span style=\"color: #800000\">VEA TAMBI\u00c9N:<\/span><\/strong> <a href=\"\/noticias-sobre-crimen-organizado-en-el-salvador\/mara-salvatrucha-ms-13-perfil\" target=\"_blank\">Perfil de la MS13<\/a><\/p>\n\n\n\n<p class=\"wp-block-paragraph\">La implementaci\u00f3n de un modelo de polic\u00eda comunitaria podr\u00eda ser un paso positivo hacia la b\u00fasqueda de un compromiso a largo plazo, una soluci\u00f3n integral al problema de las pandillas. \u00c9ste contrasta con las pol\u00edticas de seguridad de \u201c<a href=\"\/investigations\/how-mano-dura-is-strengthening-gangs\" target=\"_blank\">mano dura<\/a>\u201d implementadas en el pasado para abordar el problema&nbsp; de las pandillas en El Salvador, Guatemala y Honduras, que han demostrado ser ineficaces e incluso perjudiciales, proporcionando a las pandillas j\u00f3venes encarcelados listos para ser reclutados.<\/p>\n\n\n\n<p class=\"wp-block-paragraph\">La polic\u00eda comunitaria ha tenido \u00e9xito en otras partes de Latinoam\u00e9rica. Nicaragua es quiz\u00e1s el ejemplo m\u00e1s conocido, con el gobierno <a href=\"\/news\/analysis\/exporting-nicaraguas-security-model\" target=\"_blank\">atribuy\u00e9ndole los bajos niveles de cr\u00edmenes violentos<\/a> y la ausencia de poderosas pandillas callejeras a su modelo de seguridad. Honduras tambi\u00e9n vio una disminuci\u00f3n de la violencia <a href=\"\/news\/analysis\/honduras-community-police-problems\" target=\"_blank\">en ciertos barrios de Tegucigalpa<\/a> despu\u00e9s de implementar un programa similar.<\/p>\n\n\n\n<p class=\"wp-block-paragraph\">Esta nueva fuerza en El Salvador podr\u00eda ser una indicio de que el nuevo gobierno planea centrarse en medidas alternativas de seguridad ciudadana. Sin embargo, fuentes dijeron a InSight Crime que la estrategia de seguridad global del gobierno S\u00e1nchez Cer\u00e9n sigue siendo poco clara.<\/p>\n","protected":false},"excerpt":{"rendered":"<p>El presidente de El Salvador ha puesto en marcha una fuerza de Polic\u00eda Comunitaria en San Salvador, la capital del pa\u00eds, una medida que est\u00e1 en l\u00ednea con los llamados regionales para implementar medidas alternativas de seguridad ciudadana, en lo que podr\u00eda ser un indicio de c\u00f3mo ser\u00e1 la todav\u00eda vaga estrategia de seguridad del nuevo gobierno.<\/p>\n","protected":false},"author":13,"featured_media":40818,"comment_status":"closed","ping_status":"closed","sticky":false,"template":"","format":"standard","meta":{"newspack_ads_suppress_ads":false,"newspack_popups_has_disabled_popups":false,"newspack_sponsor_sponsorship_scope":"","newspack_sponsor_native_byline_display":"inherit","newspack_sponsor_native_category_display":"inherit","newspack_sponsor_underwriter_style":"inherit","newspack_sponsor_underwriter_placement":"inherit","_EventAllDay":false,"_EventTimezone":"","_EventStartDate":"","_EventEndDate":"","_EventStartDateUTC":"","_EventEndDateUTC":"","_EventShowMap":false,"_EventShowMapLink":false,"_EventURL":"","_EventCost":"","_EventCostDescription":"","_EventCurrencySymbol":"","_EventCurrencyCode":"","_EventCurrencyPosition":"","_EventDateTimeSeparator":"","_EventTimeRangeSeparator":"","_EventOrganizerID":[],"_EventVenueID":[],"_OrganizerEmail":"","_OrganizerPhone":"","_OrganizerWebsite":"","_VenueAddress":"","_VenueCity":"","_VenueCountry":"","_VenueProvince":"","_VenueState":"","_VenueZip":"","_VenuePhone":"","_VenueURL":"","_VenueStateProvince":"","_VenueLat":"","_VenueLng":"","_VenueShowMap":false,"_VenueShowMapLink":false,"_newspack_byline_active":false,"_newspack_byline":"","newspack_hide_updated_date":false,"newspack_show_updated_date":false,"newspack_featured_image_position":"","newspack_post_subtitle":"","newspack_article_summary_title":"Overview:","newspack_article_summary":"","_jetpack_memberships_contains_paid_content":false,"footnotes":""},"categories":[334],"tags":[375,1540,437,1500,438],"newspack_spnsrs_tax":[],"coauthors":[3914],"class_list":["post-7047","post","type-post","status-publish","format-standard","has-post-thumbnail","hentry","category-noticias-del-dia","tag-barrio-18-grupo","tag-el-salvador-pais","tag-que-funciona","tag-ms13-es","tag-politicas-de-seguridad","entry"],"parsely":{"version":"1.1.0","canonical_url":"https:\/\/insightcrime.org\/es\/noticias\/noticias-del-dia\/policia-comunitaria-el-salvador-senal-que-esta-por-venir\/","smart_links":{"inbound":0,"outbound":0},"traffic_boost_suggestions_count":0,"meta":{"@context":"https:\/\/schema.org","@type":"NewsArticle","headline":"Polic\u00eda Comunitaria en El Salvador: \u00bfUna se\u00f1al de lo que est\u00e1 por venir?","url":"http:\/\/insightcrime.org\/es\/noticias\/noticias-del-dia\/policia-comunitaria-el-salvador-senal-que-esta-por-venir\/","mainEntityOfPage":{"@type":"WebPage","@id":"http:\/\/insightcrime.org\/es\/noticias\/noticias-del-dia\/policia-comunitaria-el-salvador-senal-que-esta-por-venir\/"},"thumbnailUrl":"https:\/\/i0.wp.com\/insightcrime.org\/wp-content\/uploads\/2014\/08\/es-436b4a3b37e4d19d7d260ac954f98119_L.jpg?resize=150%2C150&quality=100&ssl=1","image":{"@type":"ImageObject","url":"https:\/\/i0.wp.com\/insightcrime.org\/wp-content\/uploads\/2014\/08\/es-436b4a3b37e4d19d7d260ac954f98119_L.jpg?fit=280%2C169&quality=100&ssl=1"},"articleSection":"Noticias del d\u00eda","author":[{"@type":"Person","name":"Camilo Mej\u00eda"}],"creator":["Camilo Mej\u00eda"],"publisher":{"@type":"Organization","name":"InSight Crime","logo":"https:\/\/insightcrime.org\/wp-content\/uploads\/2023\/08\/logo.png"},"keywords":["barrio 18","el salvador","lo que funciona","ms13","pol\u00edticas de seguridad"],"dateCreated":"2017-03-28T00:03:22Z","datePublished":"2017-03-28T00:03:22Z","dateModified":"2023-04-24T20:40:17Z"},"rendered":"<meta name=\"parsely-title\" content=\"Polic\u00eda Comunitaria en El Salvador: \u00bfUna se\u00f1al de lo que est\u00e1 por venir?\" \/>\n<meta name=\"parsely-link\" content=\"http:\/\/insightcrime.org\/es\/noticias\/noticias-del-dia\/policia-comunitaria-el-salvador-senal-que-esta-por-venir\/\" \/>\n<meta name=\"parsely-type\" content=\"post\" \/>\n<meta name=\"parsely-image-url\" content=\"https:\/\/i0.wp.com\/insightcrime.org\/wp-content\/uploads\/2014\/08\/es-436b4a3b37e4d19d7d260ac954f98119_L.jpg?resize=150%2C150&amp;quality=100&amp;ssl=1\" \/>\n<meta name=\"parsely-pub-date\" content=\"2017-03-28T00:03:22Z\" \/>\n<meta name=\"parsely-section\" content=\"Noticias del d\u00eda\" \/>\n<meta name=\"parsely-tags\" content=\"barrio 18,el salvador,lo que funciona,ms13,pol\u00edticas de seguridad\" \/>\n<meta name=\"parsely-author\" content=\"Camilo Mej\u00eda\" \/>","tracker_url":"https:\/\/cdn.parsely.com\/keys\/insightcrime.org\/p.js"},"jetpack_sharing_enabled":true,"jetpack-related-posts":[{"id":232532,"url":"https:\/\/insightcrime.org\/es\/noticias\/nuevas-medidas-en-el-salvador-robustecen-la-represion-contra-las-pandillas\/","url_meta":{"origin":7047,"position":0},"title":"Nuevas medidas en El Salvador intensifican la represi\u00f3n contra las pandillas","author":"Gavin Voss","date":"4 de agosto de 2023","format":false,"excerpt":"Con el despliegue de miles de soldados en zonas rurales de El Salvador y una nueva legislaci\u00f3n que permite enjuiciar cientos de personas a la vez, el presidente Nayib Bukele ha expuesto la m\u00e1s reciente escalada de su campa\u00f1a de mano dura.","rel":"","context":"En \u00abNoticias\u00bb","block_context":{"text":"Noticias","link":"https:\/\/insightcrime.org\/es\/category\/noticias\/"},"img":{"alt_text":"Marcha de soldados durante el anuncio del presidente de El Salvador, Bukele, de una movilizaci\u00f3n militar en Caba\u00f1as.","src":"https:\/\/i0.wp.com\/insightcrime.org\/wp-content\/uploads\/2023\/09\/El-Salvador-cabanas-troops-security-policy-Nayib-Bukele-Twitter-1.jpeg?fit=350%2C250&quality=100&ssl=1&resize=350%2C200","width":350,"height":200},"classes":[]},{"id":206347,"url":"https:\/\/insightcrime.org\/es\/noticias\/costo-desconocido-guerra-antipandillas-salvador\/","url_meta":{"origin":7047,"position":1},"title":"\u00bfCu\u00e1l es el verdadero costo de la guerra antipandillas en El Salvador?","author":"Chris Dalby","date":"6 de diciembre de 2022","format":false,"excerpt":"La escalada de la campa\u00f1a antipandillas en la ciudad de Soyapango, centro de El Salvador, ha suscitado serios interrogantes sobre si est\u00e1 cumpliendo el prop\u00f3sito de erradicar las pandillas y cu\u00e1les ser\u00e1n las verdaderas intenciones del presidente Nayib Bukele.","rel":"","context":"En \u00abNoticias\u00bb","block_context":{"text":"Noticias","link":"https:\/\/insightcrime.org\/es\/category\/noticias\/"},"img":{"alt_text":"Arribo de soldados a Soyapango como parte de una arremetida del gobierno contra las pandillas","src":"https:\/\/i0.wp.com\/insightcrime.org\/wp-content\/uploads\/2022\/12\/mw-720-1-1.jpg?fit=350%2C250&quality=100&ssl=1&resize=350%2C200","width":350,"height":200},"classes":[]},{"id":293793,"url":"https:\/\/insightcrime.org\/es\/noticias\/el-salvador-encabeza-encuesta-percepcion-seguridad-mientras-chile-ecuador-descienden\/","url_meta":{"origin":7047,"position":2},"title":"El Salvador encabeza encuesta sobre percepci\u00f3n de seguridad, mientras Chile y Ecuador descienden","author":"Mario Saiz","date":"1 de octubre de 2024","format":false,"excerpt":"Am\u00e9rica Latina y el Caribe contin\u00faan siendo las regiones con peor percepci\u00f3n de seguridad seg\u00fan el informe Gallup 2024, sin embargo la regi\u00f3n mantiene la tendencia a la mejor\u00eda desde hace 3 a\u00f1os.\u00a0","rel":"","context":"En \u00abNoticias\u00bb","block_context":{"text":"Noticias","link":"https:\/\/insightcrime.org\/es\/category\/noticias\/"},"img":{"alt_text":"Members of the Chilean Investigative Police make arrest in 2019- Miembros de la Polic\u00eda de Investigaciones de Chile realizan arresto en 2019.","src":"https:\/\/i0.wp.com\/insightcrime.org\/wp-content\/uploads\/2024\/10\/El-Pais-PDI-arresto-Chile-1.jpg?fit=350%2C250&quality=100&ssl=1&resize=350%2C200","width":350,"height":200},"classes":[]},{"id":4896,"url":"https:\/\/insightcrime.org\/es\/noticias-crimen-organizado-el-salvador\/el-salvador\/","url_meta":{"origin":7047,"position":3},"title":"Perfil de El Salvador","author":"InSight Crime","date":"17 de junio de 2024","format":false,"excerpt":"El Salvador es la patria espiritual de las pandillas callejeras m\u00e1s conocidas de Centroam\u00e9rica: la Mara Salvatrucha (MS13) y Barrio 18. Durante a\u00f1os, estas pandillas aterrorizaron a los barrios urbanos pobres de todo el pa\u00eds, pero parecen haber sido desmanteladas en gran medida tras una brutal y controvertida ofensiva gubernamental\u2026","rel":"","context":"En \u00abEl Salvador\u00bb","block_context":{"text":"El Salvador","link":"https:\/\/insightcrime.org\/es\/category\/noticias-crimen-organizado-el-salvador\/"},"img":{"alt_text":"","src":"https:\/\/i0.wp.com\/insightcrime.org\/wp-content\/uploads\/2017\/08\/El-Salvador-country-profile-copy.jpg?fit=1200%2C609&quality=100&ssl=1&resize=350%2C200","width":350,"height":200,"srcset":"https:\/\/i0.wp.com\/insightcrime.org\/wp-content\/uploads\/2017\/08\/El-Salvador-country-profile-copy.jpg?fit=1200%2C609&quality=100&ssl=1&resize=350%2C200 1x, https:\/\/i0.wp.com\/insightcrime.org\/wp-content\/uploads\/2017\/08\/El-Salvador-country-profile-copy.jpg?fit=1200%2C609&quality=100&ssl=1&resize=525%2C300 1.5x, https:\/\/i0.wp.com\/insightcrime.org\/wp-content\/uploads\/2017\/08\/El-Salvador-country-profile-copy.jpg?fit=1200%2C609&quality=100&ssl=1&resize=700%2C400 2x, https:\/\/i0.wp.com\/insightcrime.org\/wp-content\/uploads\/2017\/08\/El-Salvador-country-profile-copy.jpg?fit=1200%2C609&quality=100&ssl=1&resize=1050%2C600 3x"},"classes":[]},{"id":249309,"url":"https:\/\/insightcrime.org\/es\/investigaciones\/camino-hacia-regimen-excepcion-el-salvador\/","url_meta":{"origin":7047,"position":4},"title":"El camino hacia el r\u00e9gimen de excepci\u00f3n en El Salvador","author":"Alex Papadovassilakis","date":"6 de diciembre de 2023","format":false,"excerpt":"El m\u00e1s reciente intento de hacer frente a las pandillas \u2014denominado \u201cguerra contra las pandillas\u201d por el presidente de El Salvador, Nayib Bukele\u2014 se ha materializado en otra feroz ofensiva de seguridad. Tras una atroz masacre perpetrada por las bandas en marzo de 2022, su gobierno decret\u00f3 el r\u00e9gimen de\u2026","rel":"","context":"En \u00abInvestigaciones\u00bb","block_context":{"text":"Investigaciones","link":"https:\/\/insightcrime.org\/es\/category\/investigaciones\/"},"img":{"alt_text":"","src":"https:\/\/i0.wp.com\/insightcrime.org\/wp-content\/uploads\/2023\/11\/El-Salvador-Cover-Cap-2-Dic-2023.jpg?fit=1200%2C576&quality=100&ssl=1&resize=350%2C200","width":350,"height":200,"srcset":"https:\/\/i0.wp.com\/insightcrime.org\/wp-content\/uploads\/2023\/11\/El-Salvador-Cover-Cap-2-Dic-2023.jpg?fit=1200%2C576&quality=100&ssl=1&resize=350%2C200 1x, https:\/\/i0.wp.com\/insightcrime.org\/wp-content\/uploads\/2023\/11\/El-Salvador-Cover-Cap-2-Dic-2023.jpg?fit=1200%2C576&quality=100&ssl=1&resize=525%2C300 1.5x, https:\/\/i0.wp.com\/insightcrime.org\/wp-content\/uploads\/2023\/11\/El-Salvador-Cover-Cap-2-Dic-2023.jpg?fit=1200%2C576&quality=100&ssl=1&resize=700%2C400 2x, https:\/\/i0.wp.com\/insightcrime.org\/wp-content\/uploads\/2023\/11\/El-Salvador-Cover-Cap-2-Dic-2023.jpg?fit=1200%2C576&quality=100&ssl=1&resize=1050%2C600 3x"},"classes":[]},{"id":249772,"url":"https:\/\/insightcrime.org\/es\/noticias\/honduras-el-salvador-dos-estados-excepcion-resultados-diferentes\/","url_meta":{"origin":7047,"position":5},"title":"Honduras y El Salvador: Dos estados de excepci\u00f3n con resultados muy diferentes","author":"Peter Appleby","date":"6 de diciembre de 2023","format":false,"excerpt":"El \u00e9xito de El Salvador en la lucha contra las pandillas mediante el r\u00e9gimen de excepci\u00f3n inspir\u00f3 a Honduras a hacer su propia versi\u00f3n, pero un a\u00f1o despu\u00e9s, dos nuevos informes sugieren que el pa\u00eds est\u00e1 viendo pocos resultados.","rel":"","context":"En \u00abNoticias\u00bb","block_context":{"text":"Noticias","link":"https:\/\/insightcrime.org\/es\/category\/noticias\/"},"img":{"alt_text":"Rows of Honduran soldiers deployed under state of emergency","src":"https:\/\/i0.wp.com\/insightcrime.org\/wp-content\/uploads\/2023\/12\/Honduras-state-of-emergency-security-policy-Mercopress.png?fit=350%2C250&quality=100&ssl=1&resize=350%2C200","width":350,"height":200},"classes":[]}],"jetpack_featured_media_url":"https:\/\/i0.wp.com\/insightcrime.org\/wp-content\/uploads\/2014\/08\/es-436b4a3b37e4d19d7d260ac954f98119_L.jpg?fit=280%2C169&quality=100&ssl=1","_links":{"self":[{"href":"https:\/\/insightcrime.org\/es\/wp-json\/wp\/v2\/posts\/7047","targetHints":{"allow":["GET"]}}],"collection":[{"href":"https:\/\/insightcrime.org\/es\/wp-json\/wp\/v2\/posts"}],"about":[{"href":"https:\/\/insightcrime.org\/es\/wp-json\/wp\/v2\/types\/post"}],"author":[{"embeddable":true,"href":"https:\/\/insightcrime.org\/es\/wp-json\/wp\/v2\/users\/13"}],"replies":[{"embeddable":true,"href":"https:\/\/insightcrime.org\/es\/wp-json\/wp\/v2\/comments?post=7047"}],"version-history":[{"count":1,"href":"https:\/\/insightcrime.org\/es\/wp-json\/wp\/v2\/posts\/7047\/revisions"}],"predecessor-version":[{"id":22904,"href":"https:\/\/insightcrime.org\/es\/wp-json\/wp\/v2\/posts\/7047\/revisions\/22904"}],"wp:featuredmedia":[{"embeddable":true,"href":"https:\/\/insightcrime.org\/es\/wp-json\/wp\/v2\/media\/40818"}],"wp:attachment":[{"href":"https:\/\/insightcrime.org\/es\/wp-json\/wp\/v2\/media?parent=7047"}],"wp:term":[{"taxonomy":"category","embeddable":true,"href":"https:\/\/insightcrime.org\/es\/wp-json\/wp\/v2\/categories?post=7047"},{"taxonomy":"post_tag","embeddable":true,"href":"https:\/\/insightcrime.org\/es\/wp-json\/wp\/v2\/tags?post=7047"},{"taxonomy":"newspack_spnsrs_tax","embeddable":true,"href":"https:\/\/insightcrime.org\/es\/wp-json\/wp\/v2\/newspack_spnsrs_tax?post=7047"},{"taxonomy":"author","embeddable":true,"href":"https:\/\/insightcrime.org\/es\/wp-json\/wp\/v2\/coauthors?post=7047"}],"curies":[{"name":"wp","href":"https:\/\/api.w.org\/{rel}","templated":true}]}}