{"id":7074,"date":"2014-08-20T19:30:07","date_gmt":"2017-03-28T00:03:31","guid":{"rendered":"http:\/\/newwp.insightcrime.org?p=7074"},"modified":"2023-04-24T15:40:29","modified_gmt":"2023-04-24T20:40:29","slug":"jefe-narcoparamilitar-pijarbey-convertirse-principal-capo-colombiano","status":"publish","type":"post","link":"https:\/\/insightcrime.org\/es\/noticias\/analisis\/jefe-narcoparamilitar-pijarbey-convertirse-principal-capo-colombiano\/","title":{"rendered":"El jefe narcoparamilitar Pijarbey podr\u00eda convertirse en el principal capo colombiano"},"content":{"rendered":"\n<p class=\"wp-block-paragraph\">Un exparamilitar conocido como \u201cPijarbey\u201d est\u00e1 reconstruyendo el imperio de la droga del fragmentado grupo de tr\u00e1fico ERPAC en los Llanos Orientales de Colombia, y ahora est\u00e1 posicion\u00e1ndose para convertirse en un actor importante del hampa de Colombia -si logra evadir la captura.<\/p>\n\n\n\n<p class=\"wp-block-paragraph\">Mart\u00edn Farf\u00e1n D\u00edaz Gonz\u00e1lez, alias \u201cPijarbey\u201d, es el l\u00edder de los Libertadores del Vichada, un grupo escindido del Ej\u00e9rcito Revolucionario Popular Antiterrorista Colombiano (ERPAC), que alguna vez domin\u00f3 el territorio clave para el narcotr\u00e1fico de los Llanos Orientales.<\/p>\n\n\n\n<p class=\"wp-block-paragraph\">Durante los \u00faltimos tres a\u00f1os, Pijarbey y su organizaci\u00f3n han estado <a href=\"https:\/\/es.insightcrime.org\/investigaciones\/nuevo-liderazgo-impulsa-conflicto-en-los-llanos-orientales-de-colombia\/\" target=\"_blank\">luchando contra la otra red narcoparamilitar<\/a> que surgi\u00f3 de la <a href=\"https:\/\/insightcrime.org\/news\/analysis\/after-failed-demobilization-erpac-factions-join-colombias-larger-war\/\" target=\"_blank\">disoluci\u00f3n del ERPAC<\/a>, conocida como el Bloque Meta. Esa batalla est\u00e1 pr\u00e1cticamente ganada ya que el Bloque Meta se ha debilitado a ra\u00edz de la captura del l\u00edder del grupo Rubber Antonio Navarro Caicedo, alias \u201cFlaco Fredy\u201d, y el principal padrino, Daniel \u201cEl Loco\u201d Barrera.<\/p>\n\n\n\n<p class=\"wp-block-paragraph\">Pijarbey ahora supervisa una <a href=\"https:\/\/www.eltiempo.com\/archivo\/documento\/CMS-13714717\" target=\"_blank\">fuerte organizaci\u00f3n de 250 personas<\/a> y un vasto imperio del narcotr\u00e1fico que incluye cultivos de coca, laboratorios de procesamiento de coca\u00edna, y rutas de tr\u00e1fico de drogas hacia Venezuela, en los <a href=\"https:\/\/www.rcnradio.com\/noticias\/la-policia-ofrecio-en-villavicencio-200-millones-de-pesos-por-143879\" target=\"_blank\">departamentos del Meta, Vichada y Guaviare, en los Llanos Orientales<\/a>.<\/p>\n\n\n\n<p class=\"wp-block-paragraph\">Sin embargo, Pijarbey no parece contentarse con afirmar el dominio sobre los Llanos Orientales y con la reconstrucci\u00f3n del imperio de la droga del ERPAC, y ahora est\u00e1 buscando expandir sus operaciones hacia nuevas regiones y actividades criminales. En marzo, <a href=\"https:\/\/www.fac.mil.co\/index.php?idcategoria=99169\" target=\"_blank\">las fuerzas de seguridad desmantelaron un gran centro de almacenamiento de coca\u00edna de los Libertadores del Vichada<\/a>, en el departamento de Casanare, al norte del tradicional&nbsp;basti\u00f3n de Pijarbey, e incautaron grandes cantidades de precursores qu\u00edmicos y otros insumos para el procesamiento de la droga.<\/p>\n\n\n\n<p class=\"wp-block-paragraph\">Dos meses despu\u00e9s, la<a href=\"https:\/\/es.insightcrime.org\/noticias\/noticias-del-dia\/arresto-muestra-bacrim-colombia-mueven-hacia-region-fronteriza-amazonas\/\" target=\"_blank\"> polic\u00eda colombiana detuvo a nueve hombres<\/a> que Pijarbey presuntamente hab\u00eda enviado al departamento de Amazonas -cerca de la frontera sur del pa\u00eds con Brasil y Per\u00fa- para establecer una ruta de tr\u00e1fico de drogas y reclutar nuevos miembros. Aunque el grupo hab\u00eda estado operando en la regi\u00f3n desde hac\u00eda menos de un a\u00f1o, al parecer ten\u00eda la capacidad de producir 1,5 toneladas de coca\u00edna al mes. Seg\u00fan la polic\u00eda, Pijarbey tambi\u00e9n hab\u00eda forjado lazos con narcotraficantes brasile\u00f1os en la zona fronteriza, quienes ayudaron al grupo a transportar la coca\u00edna desde Per\u00fa hasta la capital de Amazonas, Leticia, y luego hacia Brasil.<\/p>\n\n\n\n<p class=\"wp-block-paragraph\"><strong><span style=\"color: #800000\"> VEA TAMBI\u00c9N:<\/span> <\/strong><a href=\"https:\/\/es.insightcrime.org\/noticias-crimen-organizado-colombia\/pijarbey\/\" target=\"_blank\">Perfil de Pijarbey<\/a><\/p>\n\n\n\n<p class=\"wp-block-paragraph\">Otros arrestos recientes han indicado que Pijarbey tambi\u00e9n tiene v\u00ednculos con un grupo narcotr\u00e1ficante que <a href=\"https:\/\/www.eltiempo.com\/politica\/justicia\/cae-red-que-sacaba-cocaina-por-el-aeropuerto-eldorado\/14271655\" target=\"_blank\">operaba fuera del aeropuerto El Dorado <\/a>en la capital del pa\u00eds, Bogot\u00e1. El 19 de julio, las autoridades arrestaron a tres empleados de una aerol\u00ednea y a otras 21 personas que presuntamente compraron coca\u00edna de Pijarbey y transportaron las drogas a Estados Unidos, M\u00e9xico, Bolivia y Espa\u00f1a.<\/p>\n\n\n\n<p class=\"wp-block-paragraph\">Adem\u00e1s, Pijarbey ha sido<a href=\"https:\/\/es.insightcrime.org\/noticias\/noticias-del-dia\/red-en-colombia-proporcionaba-combustible-robado-narcoparamilitares-llanos-orientales\/\" target=\"_blank\"> vinculado con una red de robo de combustible,&nbsp;<\/a>en el departamento del Meta, que presuntamente robaba gasolina para usarla en sus laboratorios de coca\u00edna. Las investigaciones policiales revelaron que algunos miembros del grupo se hab\u00edan infiltrado en la empresa petrolera Pacific Rubiales, haci\u00e9ndose pasar por conductores de los camiones, obteniendo informaci\u00f3n que permiti\u00f3 a la red sacar hasta 200 galones de gasolina al d\u00eda de los tanques de almacenamiento.<\/p>\n\n\n\n<p class=\"wp-block-paragraph\">Sin embargo, aunque Pijarbey ha estado expandiendo sus operaciones, las autoridades parecen estar acerc\u00e1ndose a \u00e9l y a su organizaci\u00f3n. En abril de 2013, <a href=\"https:\/\/www.rcnradio.com\/noticias\/fue-capturado-alias-risas-segundo-cabecilla-de-alias-pijarbey-60000\" target=\"_blank\">la polic\u00eda arrest\u00f3 al segundo al mando <\/a>de la red urbana de sicarios del grupo, alias \u201cRisas\u201d, cuya captura fue seguida por la del<a href=\"https:\/\/www.eltiempo.com\/archivo\/documento\/CMS-12841748\" target=\"_blank\"> asesor m\u00e1s cercano de Pijarbey<\/a>, Edison Guillermo Vel\u00e1zquez \u00c1lvarez, alias \u201cFarid\u201d. En enero de 2014, el <a href=\"https:\/\/www.fiscalia.gov.co\/colombia\/noticias\/asegurado-presunto-cabecilla-de-banda-libertadores-del-vichada\/\" target=\"_blank\">jefe financiero del grupo <\/a>y el hombre que era la&nbsp;<a href=\"https:\/\/www.fiscalia.gov.co\/colombia\/noticias\/asegurado-cabecilla-de-bloque-libertadores-de-vichada\/\" target=\"_blank\">mano derecha de Pijarbey<\/a> fueron capturados en el lapso de una semana. Entonces -durante una operaci\u00f3n que se llev\u00f3 a cabo en junio para determinar el paradero de Pijarbey- la <a href=\"https:\/\/www.eltiempo.com\/politica\/justicia\/cierran-cerco-a-pijarvey-narco-heredero-de-alias-cuchillo\/14145440\" target=\"_blank\">polic\u00eda arrest\u00f3 a su hermano Ra\u00fal D\u00edaz Gonz\u00e1lez<\/a>, alias \u201cRaulito\u201d, quien seg\u00fan un investigador manej\u00f3 las finanzas de Pijarbey y <a href=\"https:\/\/www.eltiempo.com\/politica\/justicia\/casa-por-carcel-a-jefes-de-bandas-criminales\/14233882\" target=\"_blank\">dirigi\u00f3 una red <\/a>de asesinos en Villavicencio.<\/p>\n\n\n\n<h3 class=\"wp-block-heading\">An\u00e1lisis de InSight Crime<\/h3>\n\n\n\n<p class=\"wp-block-paragraph\">La Libertadores del Vichada est\u00e1n preparados para llenar el vac\u00edo dejado por el ERPAC, mientras que Pijarvey pronto podr\u00eda convertirse en un narcotraficante capaz de competir con sus predecesores en los Llanos Orientales, el fundador del ERPAC Pedro Oliveiro Guerrero, alias \u201cCuchillo\u201d, y su aliado narcotraficante, el infame capo Daniel \u201cEl Loco\u201d Barrera.<\/p>\n\n\n\n<p class=\"wp-block-paragraph\">La regi\u00f3n de los Llanos Orientales es una <a href=\"https:\/\/crisisgroup.tumblr.com\/post\/24958781288\/pijarbeys-story-or-why-it-is-so-hard-to-end\" target=\"_blank\">zona estrat\u00e9gicamente importante para el tr\u00e1fico de drogas y para el cultivo<\/a>, en parte debido a su proximidad con Venezuela, que ha actuado como una naci\u00f3n de tr\u00e1nsito para la coca\u00edna que tiene como destino Estados Unidos y Europa. Se cree que la regi\u00f3n produce <a href=\"https:\/\/es.insightcrime.org\/noticias\/analisis\/nueva-lucha-por-los-lucrativos-llanos-orientales-de-colombia\/\" target=\"_blank\">unas 100 toneladas de coca\u00edna<\/a> y genera hasta US$300 millones en ventas de coca\u00edna al a\u00f1o. Seg\u00fan un informe (<a href=\"https:\/\/www.fiiapp.org\/pdf\/publicaciones\/c6c8ebe23982bee7524bac042eaceac0.pdf\" target=\"_blank\">pdf<\/a>) de 2013 de la Comunidad de Polic\u00edas de Am\u00e9rica (AMERIPOL), s\u00f3lo el grupo de Pijarbey produce 80 toneladas de coca\u00edna al a\u00f1o.<\/p>\n\n\n\n<p class=\"wp-block-paragraph\">Una de las razones que explican la r\u00e1pida expansi\u00f3n y ventaja de los Libertadores del Vichada sobre sus rivales en el Bloque Meta probablemente sean los lazos del grupo con los Urabe\u00f1os, el grupo criminal dominante de Colombia. Pijarbey forj\u00f3 una alianza con la organizaci\u00f3n cuando los Libertadores del Vichada<a href=\"https:\/\/es.insightcrime.org\/investigaciones\/nuevo-liderazgo-impulsa-conflicto-en-los-llanos-orientales-de-colombia\/\" target=\"_blank\"> comenzaron a luchar contra el Bloque Meta<\/a>, poco despu\u00e9s de la liberaci\u00f3n de Pijarbey de la c\u00e1rcel en 2012. Probablemente los Urabe\u00f1os le proporcionaron a Pijarbey dinero en efectivo, armas, y posiblemente tropas. <a href=\"https:\/\/www.eltiempo.com\/archivo\/documento\/CMS-13943000\" target=\"_blank\">Seg\u00fan El Tiempo<\/a>, las investigaciones de la polic\u00eda y de la DEA han confirmado que Pijarbey ha mantenido sus v\u00ednculos con los Urabe\u00f1os, pero no queda claro cu\u00e1nto poder e independencia \u00e9l ha cedido en el proceso.<\/p>\n\n\n\n<p class=\"wp-block-paragraph\">Las recientes capturas e investigaciones policiales sugieren que las ambiciones de Pijarbey se extienden m\u00e1s all\u00e1 de su basti\u00f3n en los departamentos del Vichada y el Meta, y que est\u00e1 buscando expandirse hacia algunos de los pocos rincones de Colombia a los que los Urabe\u00f1os a\u00fan no han llegado, tales como la regi\u00f3n de la triple frontera amaz\u00f3nica. Aunque a\u00fan no est\u00e1 claro si su incursi\u00f3n en la regi\u00f3n amaz\u00f3nica ha continuado tras la detenci\u00f3n de sus emisarios, el hecho de que el grupo fuera capaz de establecer una operaci\u00f3n de tal envergadura en menos de un a\u00f1o sugiere que Pijarbey tiene la capacidad log\u00edstica y el personal para reactivar su red en el Amazonas.<\/p>\n\n\n\n<p class=\"wp-block-paragraph\"><strong><span style=\"color: #800000\"> VEA TAMBI\u00c9N:<\/span><\/strong> <a href=\"https:\/\/insightcrime.org\/colombia-organized-crime-news\/libertadores-del-vichada\/\" target=\"_blank\">Perfil de los Libertadores del Vichada<\/a><\/p>\n\n\n\n<p class=\"wp-block-paragraph\">Tambi\u00e9n es probable que el ascenso de Pijarbey sea atribuible a su capacidad para cultivar lazos oficiales. Como un operario de alto nivel del ERPAC, Pijarbey actu\u00f3 como el<a href=\"https:\/\/es.insightcrime.org\/investigaciones\/nuevo-liderazgo-impulsa-conflicto-en-los-llanos-orientales-de-colombia\/\" target=\"_blank\"> principal contacto del grupo con funcionarios de seguridad corruptos<\/a> \u2013quienes le proporcionaron informaci\u00f3n acerca de las operaciones policiales que iban a tener lugar- y varios incidentes recientes sugieren que ha mantenido algunas de estas relaciones.<\/p>\n\n\n\n<p class=\"wp-block-paragraph\">En marzo de 2013, Pijarbey logr\u00f3 escapar<a href=\"https:\/\/noticiasdevillavicencio.com\/index.php?id=20&amp;tx_ttnews%5Btt_news%5D=1050&amp;cHash=c38380d5615cc23d38cd7b4b996070a9\" target=\"_blank\"> minutos antes de una redada de la polic\u00eda, llevada a cabo antes del amanecer,&nbsp;<\/a>en una finca donde \u00e9l se estaba escondiendo en el Vichada, lo que sugiere que hab\u00eda sido avisado. Cinco meses despu\u00e9s, la polic\u00eda <a href=\"https:\/\/noticiasunolaredindependiente.com\/2013\/08\/18\/noticias\/captura-pijarbey\/\" target=\"_blank\">incaut\u00f3 armas del gobierno<\/a> de algunos de los sicarios de Pijarbey, que llev\u00f3 a las autoridades a creer que alguien con acceso a las armas militares estaba suministrando armas al grupo.<\/p>\n\n\n\n<p class=\"wp-block-paragraph\">En otro incidente sospechoso, el hermano de Pijarbey, Ra\u00fal, s\u00f3lo fue sentenciado a arresto domiciliario luego de su captura -a pesar del hecho de que la polic\u00eda hab\u00eda informado inicialmente que \u00e9l estaba involucrado en el tr\u00e1fico de drogas, extorsi\u00f3n, asesinatos y desplazamiento forzado en el Meta. Aunque el juez que dict\u00f3 la sentencia afirm\u00f3 que los<a href=\"https:\/\/www.eltiempo.com\/politica\/justicia\/juez-que-dio-casa-por-carcel-a-hermano-de-capo-defiende-decision\/14358371\" target=\"_blank\"> fiscales no hab\u00edan logrado presentar pruebas <\/a>sobre la participaci\u00f3n directa de Ra\u00fal en actividades criminales, tambi\u00e9n pudo haber otros factores que influyeron en la decisi\u00f3n.<\/p>\n\n\n\n<p class=\"wp-block-paragraph\"><a href=\"https:\/\/www.policia.gov.co\/portal\/pls\/portal\/JOHN.NOTICIAS_NUEVAS_DETALLADAS.SHOW?p_arg_names=identificador&amp;p_arg_values=358911\" target=\"_blank\">Seg\u00fan las autoridades colombianas<\/a>, los Libertadores del Vichada son ahora uno de los cuatro grupos sucesores de los paramilitares restantes, y el talento de Pijarbey para corromper a los funcionarios locales, as\u00ed como sus habilidades estrat\u00e9gicas y log\u00edsticas, podr\u00edan convertirlo en una fuerza importante en el hampa de Colombia. Sin embargo, para lograrlo, \u00e9l no s\u00f3lo tendr\u00e1 que evadir su captura, sino tambi\u00e9n alejar el desaf\u00edo que representan los remanentes del Bloque Meta y asegurarse de mantenerse al lado del grupo criminal colombiano m\u00e1s poderoso hoy en d\u00eda, sus actuales aliados, los Urabe\u00f1os.<\/p>\n","protected":false},"excerpt":{"rendered":"<p>Un exparamilitar conocido como \u00abPijarbey\u00bb est\u00e1 reconstruyendo el imperio de la droga del fragmentado grupo de tr\u00e1fico ERPAC en los Llanos Orientales de Colombia, y ahora est\u00e1 posicion\u00e1ndose para convertirse en un actor importante del hampa de Colombia -si logra evadir la captura.<\/p>\n","protected":false},"author":35,"featured_media":40864,"comment_status":"closed","ping_status":"closed","sticky":false,"template":"","format":"standard","meta":{"newspack_ads_suppress_ads":false,"newspack_popups_has_disabled_popups":false,"newspack_sponsor_sponsorship_scope":"","newspack_sponsor_native_byline_display":"inherit","newspack_sponsor_native_category_display":"inherit","newspack_sponsor_underwriter_style":"inherit","newspack_sponsor_underwriter_placement":"inherit","_EventAllDay":false,"_EventTimezone":"","_EventStartDate":"","_EventEndDate":"","_EventStartDateUTC":"","_EventEndDateUTC":"","_EventShowMap":false,"_EventShowMapLink":false,"_EventURL":"","_EventCost":"","_EventCostDescription":"","_EventCurrencySymbol":"","_EventCurrencyCode":"","_EventCurrencyPosition":"","_EventDateTimeSeparator":"","_EventTimeRangeSeparator":"","_EventOrganizerID":[],"_EventVenueID":[],"_OrganizerEmail":"","_OrganizerPhone":"","_OrganizerWebsite":"","_VenueAddress":"","_VenueCity":"","_VenueCountry":"","_VenueProvince":"","_VenueState":"","_VenueZip":"","_VenuePhone":"","_VenueURL":"","_VenueStateProvince":"","_VenueLat":"","_VenueLng":"","_VenueShowMap":false,"_VenueShowMapLink":false,"_newspack_byline_active":false,"_newspack_byline":"","newspack_hide_updated_date":false,"newspack_show_updated_date":false,"newspack_featured_image_position":"","newspack_post_subtitle":"","newspack_article_summary_title":"Overview:","newspack_article_summary":"","_jetpack_memberships_contains_paid_content":false,"footnotes":""},"categories":[340],"tags":[368,389,496,495],"newspack_spnsrs_tax":[],"coauthors":[3902],"class_list":["post-7074","post","type-post","status-publish","format-standard","has-post-thumbnail","hentry","category-analisis","tag-colombia-pais","tag-el-erpac","tag-los-libertadores-del-vichada","tag-pijarbey-farfan","entry"],"parsely":{"version":"1.1.0","canonical_url":"https:\/\/insightcrime.org\/es\/noticias\/analisis\/jefe-narcoparamilitar-pijarbey-convertirse-principal-capo-colombiano\/","smart_links":{"inbound":0,"outbound":0},"traffic_boost_suggestions_count":0,"meta":{"@context":"https:\/\/schema.org","@type":"NewsArticle","headline":"El jefe narcoparamilitar Pijarbey podr\u00eda convertirse en el principal capo colombiano","url":"http:\/\/insightcrime.org\/es\/noticias\/analisis\/jefe-narcoparamilitar-pijarbey-convertirse-principal-capo-colombiano\/","mainEntityOfPage":{"@type":"WebPage","@id":"http:\/\/insightcrime.org\/es\/noticias\/analisis\/jefe-narcoparamilitar-pijarbey-convertirse-principal-capo-colombiano\/"},"thumbnailUrl":"https:\/\/i0.wp.com\/insightcrime.org\/wp-content\/uploads\/2014\/08\/es-f8531401ab2945cf501e2cbd3ac51389_L.jpg?resize=150%2C150&quality=100&ssl=1","image":{"@type":"ImageObject","url":"https:\/\/i0.wp.com\/insightcrime.org\/wp-content\/uploads\/2014\/08\/es-f8531401ab2945cf501e2cbd3ac51389_L.jpg?fit=280%2C169&quality=100&ssl=1"},"articleSection":"An\u00e1lisis","author":[{"@type":"Person","name":"Kyra Gurney"}],"creator":["Kyra Gurney"],"publisher":{"@type":"Organization","name":"InSight Crime","logo":"https:\/\/insightcrime.org\/wp-content\/uploads\/2023\/08\/logo.png"},"keywords":["colombia","erpac","libertadores del vichada","pijarbey farfan"],"dateCreated":"2017-03-28T00:03:31Z","datePublished":"2017-03-28T00:03:31Z","dateModified":"2023-04-24T20:40:29Z"},"rendered":"<meta name=\"parsely-title\" content=\"El jefe narcoparamilitar Pijarbey podr\u00eda convertirse en el principal capo colombiano\" \/>\n<meta name=\"parsely-link\" content=\"http:\/\/insightcrime.org\/es\/noticias\/analisis\/jefe-narcoparamilitar-pijarbey-convertirse-principal-capo-colombiano\/\" \/>\n<meta name=\"parsely-type\" content=\"post\" \/>\n<meta name=\"parsely-image-url\" content=\"https:\/\/i0.wp.com\/insightcrime.org\/wp-content\/uploads\/2014\/08\/es-f8531401ab2945cf501e2cbd3ac51389_L.jpg?resize=150%2C150&amp;quality=100&amp;ssl=1\" \/>\n<meta name=\"parsely-pub-date\" content=\"2017-03-28T00:03:31Z\" \/>\n<meta name=\"parsely-section\" content=\"An\u00e1lisis\" \/>\n<meta name=\"parsely-tags\" content=\"colombia,erpac,libertadores del vichada,pijarbey farfan\" \/>\n<meta name=\"parsely-author\" content=\"Kyra Gurney\" \/>","tracker_url":"https:\/\/cdn.parsely.com\/keys\/insightcrime.org\/p.js"},"jetpack_sharing_enabled":true,"jetpack-related-posts":[{"id":2236,"url":"https:\/\/insightcrime.org\/es\/colombia-organized-crime-news\/libertadores-del-vichada\/","url_meta":{"origin":7074,"position":0},"title":"Libertadores del Vichada","author":"InSight Crime","date":"23 de abril de 2021","format":false,"excerpt":"The Libertadores del Vichada are a splinter group of the Popular Revolutionary Anti-Terrorist Army of Colombia.","rel":"","context":"En \u00abColombia\u00bb","block_context":{"text":"Colombia","link":"https:\/\/insightcrime.org\/category\/colombia-organized-crime-news\/"},"img":{"alt_text":"Grupo Criminal - Libertadores del Vichada - Colombia.","src":"https:\/\/i0.wp.com\/insightcrime.org\/wp-content\/uploads\/2026\/08\/Grupo-Criminal-Libertadores-del-Vichada-Colombia.jpg?fit=1200%2C900&quality=100&ssl=1&resize=350%2C200","width":350,"height":200,"srcset":"https:\/\/i0.wp.com\/insightcrime.org\/wp-content\/uploads\/2026\/08\/Grupo-Criminal-Libertadores-del-Vichada-Colombia.jpg?fit=1200%2C900&quality=100&ssl=1&resize=350%2C200 1x, https:\/\/i0.wp.com\/insightcrime.org\/wp-content\/uploads\/2026\/08\/Grupo-Criminal-Libertadores-del-Vichada-Colombia.jpg?fit=1200%2C900&quality=100&ssl=1&resize=525%2C300 1.5x, https:\/\/i0.wp.com\/insightcrime.org\/wp-content\/uploads\/2026\/08\/Grupo-Criminal-Libertadores-del-Vichada-Colombia.jpg?fit=1200%2C900&quality=100&ssl=1&resize=700%2C400 2x, https:\/\/i0.wp.com\/insightcrime.org\/wp-content\/uploads\/2026\/08\/Grupo-Criminal-Libertadores-del-Vichada-Colombia.jpg?fit=1200%2C900&quality=100&ssl=1&resize=1050%2C600 3x"},"classes":[]},{"id":117432,"url":"https:\/\/insightcrime.org\/es\/colombia-organized-crime-news\/luis-agustin-caicedo-velandia-alias-don-lucho\/","url_meta":{"origin":7074,"position":1},"title":"Luis Agust\u00edn Caicedo Velandia, alias &#8216;Don Lucho&#8217;","author":"InSight Crime","date":"16 de julio de 2021","format":false,"excerpt":"Durante unas dos d\u00e9cadas, Luis Agust\u00edn Caicedo Velandia, alias \u201cDon Lucho\u201d, supuestamente desempe\u00f1\u00f3 un papel importante en el tr\u00e1fico de drogas en la preciada regi\u00f3n de los Llanos Orientales de Colombia.","rel":"","context":"En \u00abColombia\u00bb","block_context":{"text":"Colombia","link":"https:\/\/insightcrime.org\/category\/colombia-organized-crime-news\/"},"img":{"alt_text":"Perfil criminal - Luis Agust\u00edn Caicedo Velandia, alias \u2018Don Lucho\u2019 - Colombia.","src":"https:\/\/i0.wp.com\/insightcrime.org\/wp-content\/uploads\/2026\/08\/Perfil-Criminal-Alias-Don-Lucho-Colombia.jpg?fit=1200%2C900&quality=100&ssl=1&resize=350%2C200","width":350,"height":200,"srcset":"https:\/\/i0.wp.com\/insightcrime.org\/wp-content\/uploads\/2026\/08\/Perfil-Criminal-Alias-Don-Lucho-Colombia.jpg?fit=1200%2C900&quality=100&ssl=1&resize=350%2C200 1x, https:\/\/i0.wp.com\/insightcrime.org\/wp-content\/uploads\/2026\/08\/Perfil-Criminal-Alias-Don-Lucho-Colombia.jpg?fit=1200%2C900&quality=100&ssl=1&resize=525%2C300 1.5x, https:\/\/i0.wp.com\/insightcrime.org\/wp-content\/uploads\/2026\/08\/Perfil-Criminal-Alias-Don-Lucho-Colombia.jpg?fit=1200%2C900&quality=100&ssl=1&resize=700%2C400 2x, https:\/\/i0.wp.com\/insightcrime.org\/wp-content\/uploads\/2026\/08\/Perfil-Criminal-Alias-Don-Lucho-Colombia.jpg?fit=1200%2C900&quality=100&ssl=1&resize=1050%2C600 3x"},"classes":[]},{"id":210832,"url":"https:\/\/insightcrime.org\/es\/noticias\/capturan-colombia-criminal-buscado-ecuador\/","url_meta":{"origin":7074,"position":2},"title":"Capturan en Colombia al &#8216;criminal m\u00e1s buscado&#8217; de Ecuador","author":"Henry Shuldiner","date":"17 de febrero de 2023","format":false,"excerpt":"Las autoridades ecuatorianas capturaron a un presunto narcotraficante que dio el paso de las pandillas locales de Ecuador al tr\u00e1fico internacional de narc\u00f3ticos, y ayud\u00f3 a catapultar las credenciales del pa\u00eds en narcotr\u00e1fico y a un periodo de violencia pandillera sin fin.","rel":"","context":"En \u00abNoticias\u00bb","block_context":{"text":"Noticias","link":"https:\/\/insightcrime.org\/es\/category\/noticias\/"},"img":{"alt_text":"Wilder Emilio S\u00e1nchez Farf\u00e1n, alias \u201cGato Farf\u00e1n\u201d posa con autoridades colombianas","src":"https:\/\/i0.wp.com\/insightcrime.org\/wp-content\/uploads\/2023\/02\/Colombia-Gato-Farfan-El-Tiempo-17022211.jpeg?fit=350%2C250&quality=100&ssl=1&resize=350%2C200","width":350,"height":200},"classes":[]},{"id":7016,"url":"https:\/\/insightcrime.org\/es\/noticias-crimen-organizado-colombia\/auc-perfil\/","url_meta":{"origin":7074,"position":3},"title":"AUC","author":"InSight Crime","date":"11 de junio de 2024","format":false,"excerpt":"Las Autodefensas Unidas de Colombia (AUC) fueron una coalici\u00f3n de ej\u00e9rcitos paramilitares de ultraderecha. Seg\u00fan sus principales l\u00edderes, su objetivo era detener la expansi\u00f3n de las guerrillas de izquierda en Colombia, sin embargo, detr\u00e1s de esto camuflaron un amplio portafolio de actividades il\u00edcitas y cr\u00edmenes de guerra como narcotr\u00e1fico, desplazamiento\u2026","rel":"","context":"En \u00abColombia\u00bb","block_context":{"text":"Colombia","link":"https:\/\/insightcrime.org\/es\/category\/noticias-crimen-organizado-colombia\/"},"img":{"alt_text":"United Self-Defense Forces of Colombia (AUC)","src":"https:\/\/i0.wp.com\/insightcrime.org\/wp-content\/uploads\/2026\/05\/Grupo-Criminal-AUC.jpg?fit=1200%2C900&quality=100&ssl=1&resize=350%2C200","width":350,"height":200,"srcset":"https:\/\/i0.wp.com\/insightcrime.org\/wp-content\/uploads\/2026\/05\/Grupo-Criminal-AUC.jpg?fit=1200%2C900&quality=100&ssl=1&resize=350%2C200 1x, https:\/\/i0.wp.com\/insightcrime.org\/wp-content\/uploads\/2026\/05\/Grupo-Criminal-AUC.jpg?fit=1200%2C900&quality=100&ssl=1&resize=525%2C300 1.5x, https:\/\/i0.wp.com\/insightcrime.org\/wp-content\/uploads\/2026\/05\/Grupo-Criminal-AUC.jpg?fit=1200%2C900&quality=100&ssl=1&resize=700%2C400 2x, https:\/\/i0.wp.com\/insightcrime.org\/wp-content\/uploads\/2026\/05\/Grupo-Criminal-AUC.jpg?fit=1200%2C900&quality=100&ssl=1&resize=1050%2C600 3x"},"classes":[]},{"id":197498,"url":"https:\/\/insightcrime.org\/es\/noticias\/exparamilitar-colombiano-hernan-giraldo-acusado-abusar-menores\/","url_meta":{"origin":7074,"position":4},"title":"Exparamilitar colombiano Hern\u00e1n Giraldo acusado de abuso de menores","author":"Sara Garcia","date":"9 de septiembre de 2022","format":false,"excerpt":"En un caso que puede tener importantes implicaciones jur\u00eddicas, un excomandante paramilitar colombiano de las temidas autodefensas de derecha en Colombia, fue acusado formalmente de haber abusado sexualmente de menores de edad.","rel":"","context":"En \u00abNoticias\u00bb","block_context":{"text":"Noticias","link":"https:\/\/insightcrime.org\/es\/category\/noticias\/"},"img":{"alt_text":"Hern\u00e1n Giraldo es custodiado por guardias colombianos","src":"https:\/\/i0.wp.com\/insightcrime.org\/wp-content\/uploads\/2021\/03\/giraldo_hernan.jpg?fit=350%2C250&quality=100&ssl=1&resize=350%2C200","width":350,"height":200},"classes":[]},{"id":121980,"url":"https:\/\/insightcrime.org\/es\/noticias-crimen-organizado-colombia\/segunda-marquetalia\/","url_meta":{"origin":7074,"position":5},"title":"Segunda Marquetalia","author":"InSight Crime","date":"19 de agosto de 2025","format":false,"excerpt":"La Segunda Marquetalia es un grupo disidente de las FARC que rechaz\u00f3 el acuerdo de paz de 2016. Liderado por alias \"Iv\u00e1n M\u00e1rquez\", sigue operando en Colombia, especialmente en la frontera con Venezuela, a pesar de las fracturas internas. En 2024, mostr\u00f3 inter\u00e9s en participar en la pol\u00edtica de Paz\u2026","rel":"","context":"En \u00abColombia\u00bb","block_context":{"text":"Colombia","link":"https:\/\/insightcrime.org\/es\/category\/noticias-crimen-organizado-colombia\/"},"img":{"alt_text":"Segunda Marquetalia","src":"https:\/\/i0.wp.com\/insightcrime.org\/wp-content\/uploads\/2026\/06\/Grupo-Criminal-Segunda-Marquetalia-2.jpg?fit=1200%2C900&quality=100&ssl=1&resize=350%2C200","width":350,"height":200,"srcset":"https:\/\/i0.wp.com\/insightcrime.org\/wp-content\/uploads\/2026\/06\/Grupo-Criminal-Segunda-Marquetalia-2.jpg?fit=1200%2C900&quality=100&ssl=1&resize=350%2C200 1x, https:\/\/i0.wp.com\/insightcrime.org\/wp-content\/uploads\/2026\/06\/Grupo-Criminal-Segunda-Marquetalia-2.jpg?fit=1200%2C900&quality=100&ssl=1&resize=525%2C300 1.5x, https:\/\/i0.wp.com\/insightcrime.org\/wp-content\/uploads\/2026\/06\/Grupo-Criminal-Segunda-Marquetalia-2.jpg?fit=1200%2C900&quality=100&ssl=1&resize=700%2C400 2x, https:\/\/i0.wp.com\/insightcrime.org\/wp-content\/uploads\/2026\/06\/Grupo-Criminal-Segunda-Marquetalia-2.jpg?fit=1200%2C900&quality=100&ssl=1&resize=1050%2C600 3x"},"classes":[]}],"jetpack_featured_media_url":"https:\/\/i0.wp.com\/insightcrime.org\/wp-content\/uploads\/2014\/08\/es-f8531401ab2945cf501e2cbd3ac51389_L.jpg?fit=280%2C169&quality=100&ssl=1","_links":{"self":[{"href":"https:\/\/insightcrime.org\/es\/wp-json\/wp\/v2\/posts\/7074","targetHints":{"allow":["GET"]}}],"collection":[{"href":"https:\/\/insightcrime.org\/es\/wp-json\/wp\/v2\/posts"}],"about":[{"href":"https:\/\/insightcrime.org\/es\/wp-json\/wp\/v2\/types\/post"}],"author":[{"embeddable":true,"href":"https:\/\/insightcrime.org\/es\/wp-json\/wp\/v2\/users\/35"}],"replies":[{"embeddable":true,"href":"https:\/\/insightcrime.org\/es\/wp-json\/wp\/v2\/comments?post=7074"}],"version-history":[{"count":1,"href":"https:\/\/insightcrime.org\/es\/wp-json\/wp\/v2\/posts\/7074\/revisions"}],"predecessor-version":[{"id":22950,"href":"https:\/\/insightcrime.org\/es\/wp-json\/wp\/v2\/posts\/7074\/revisions\/22950"}],"wp:featuredmedia":[{"embeddable":true,"href":"https:\/\/insightcrime.org\/es\/wp-json\/wp\/v2\/media\/40864"}],"wp:attachment":[{"href":"https:\/\/insightcrime.org\/es\/wp-json\/wp\/v2\/media?parent=7074"}],"wp:term":[{"taxonomy":"category","embeddable":true,"href":"https:\/\/insightcrime.org\/es\/wp-json\/wp\/v2\/categories?post=7074"},{"taxonomy":"post_tag","embeddable":true,"href":"https:\/\/insightcrime.org\/es\/wp-json\/wp\/v2\/tags?post=7074"},{"taxonomy":"newspack_spnsrs_tax","embeddable":true,"href":"https:\/\/insightcrime.org\/es\/wp-json\/wp\/v2\/newspack_spnsrs_tax?post=7074"},{"taxonomy":"author","embeddable":true,"href":"https:\/\/insightcrime.org\/es\/wp-json\/wp\/v2\/coauthors?post=7074"}],"curies":[{"name":"wp","href":"https:\/\/api.w.org\/{rel}","templated":true}]}}