{"id":7084,"date":"2014-08-21T23:04:12","date_gmt":"2017-03-28T00:03:34","guid":{"rendered":"http:\/\/newwp.insightcrime.org?p=7084"},"modified":"2023-04-24T15:40:33","modified_gmt":"2023-04-24T20:40:33","slug":"aumento-secuestros-tamaulipas-apunta-falta-control-gobierno-mexicano","status":"publish","type":"post","link":"https:\/\/insightcrime.org\/es\/noticias\/noticias-del-dia\/aumento-secuestros-tamaulipas-apunta-falta-control-gobierno-mexicano\/","title":{"rendered":"Aumento en los secuestros en Tamaulipas apunta a falta de control por parte del gobierno mexicano"},"content":{"rendered":"\n<p class=\"wp-block-paragraph\">El estado de Tamaulipas, en M\u00e9xico, fue el escenario de casi el 60 por ciento de los secuestros del pa\u00eds en julio, y fue testigo de un repunte dr\u00e1stico en la criminalidad, en comparaci\u00f3n con meses anteriores, lo que destaca la incapacidad del gobierno para asegurar el asediado estado.<\/p>\n\n\n\n<p class=\"wp-block-paragraph\">Seg\u00fan un informe publicado por la Secretar\u00eda de Gobernaci\u00f3n de M\u00e9xico (SEGOB) (<a href=\"https:\/\/www.secretariadoejecutivosnsp.gob.mx\/work\/models\/SecretariadoEjecutivo\/Resource\/1406\/1\/images\/publicacionvictimasjul14.pdf\" target=\"_blank\">pdf<\/a>), el pa\u00eds registr\u00f3 un total de 204 secuestros en julio, de los cuales 121 ocurrieron en el estado fronterizo de Tamaulipas, al noreste del pa\u00eds -m\u00e1s del doble de las cifras registradas en el estado en cualquier otro mes de este a\u00f1o. En comparaci\u00f3n, la cifra m\u00e1s alta registrada en cualquier otro estado durante el mismo mes fue de 14.<\/p>\n\n\n\n<p class=\"wp-block-paragraph\">Entre enero y julio de 2014, se reportaron un total de 340 secuestros en Tamaulipas, que representa el 29 por ciento del total nacional.<\/p>\n\n\n\n<h3 class=\"wp-block-heading\">An\u00e1lisis de Insight Crime<\/h3>\n\n\n\n<p class=\"wp-block-paragraph\">El deterioro en la situaci\u00f3n de seguridad de Tamaulipas, un estado rico en petr\u00f3leo, impulsado tanto por los combates entre el Cartel del Golfo y los Zetas como por las <a href=\"\/noticias\/noticias-del-dia\/futuro-del-cartel-del-golfo-es-incierto-al-intensificarse-las-luchas-internas-en-el-norte-de-mexico\" target=\"_blank\">luchas internas de poder<\/a>, provoc\u00f3<a style=\"color: #005580;text-decoration: underline\" href=\"\/noticias\/analisis\/por-que-despliegues-seguridad-federal-en-mexico-estan-destinados-a-fracasar\" target=\"_blank\">&nbsp;el despliegue de las tropas federales<\/a>&nbsp;en el estado,&nbsp;a principios de este a\u00f1o. Sin embargo, las recientes cifras de la SEGOB son una se\u00f1al de que esta medida no ha ayudado al gobierno a obtener el control de la situaci\u00f3n. Los principales retos del gobierno en la regi\u00f3n tambi\u00e9n se han puesto de relieve con los reportes sobre el <a href=\"\/noticias\/analisis\/gobierno-mexico-lucha-por-controlar-carreteras-que-manejan-carteles\" target=\"_blank\">control que actualmente ejercen los carteles en las principales carreteras<\/a> de Tamaulipas, as\u00ed como en otras partes de M\u00e9xico plagadas de violencia.<\/p>\n\n\n\n<p class=\"wp-block-paragraph\"><strong><span style=\"color: #800000\">VEA TAMBI\u00c9N:<\/span><\/strong> <a href=\"\/noticias-sobre-crimen-organizado-en-mexico\/cartel-del-golfo-perfil\" target=\"_blank\">Perfil del Cartel del Golfo<\/a><\/p>\n\n\n\n<p class=\"wp-block-paragraph\">Parte de la raz\u00f3n que explica el aumento en los secuestros puede ser la fractura de los Zetas y el Cartel del Golfo, los cuales han sufrido una p\u00e9rdida de liderazgo en los \u00faltimos a\u00f1os. A medida que se fracturan los grupos criminales, estos tienden a buscar fuentes alternativas de ingresos -como el secuestro y la extorsi\u00f3n- que requieren menos organizaci\u00f3n log\u00edstica que el tr\u00e1fico internacional de drogas.<\/p>\n\n\n\n<p class=\"wp-block-paragraph\">Los inmigrantes que van en direcci\u00f3n hacia el norte a menudo tambi\u00e9n son <a href=\"https:\/\/www.proceso.com.mx\/?p=378580\" target=\"_blank\">v\u00edctimas de secuestro por parte de los grupos criminales<\/a>, por lo que es plausible que el gran \u00e9xodo que se produjo este a\u00f1o desde Centroam\u00e9rica haya tenido un impacto en el n\u00famero de secuestros registrados en Tamaulipas.<\/p>\n\n\n\n<p class=\"wp-block-paragraph\">Es probable que la corrupci\u00f3n generalizada entre las fuerzas de seguridad del estado haya exacerbado la incapacidad del gobierno para asegurar Tamaulipas. En mayo, las autoridades locales anunciaron que alrededor del 50 por ciento de la polic\u00eda del estado <a href=\"\/noticias\/noticias-del-dia\/examenes-policia-mexicana-muestran-profunda-corrupcion-violencia-tamaulipas\" target=\"_blank\">no hab\u00eda pasado las pruebas de confianza<\/a>, y al parecer una gran parte de estos casos estuvieron relacionados con v\u00ednculos con el crimen organizado.<\/p>\n\n\n\n<p class=\"wp-block-paragraph\">Los problemas de seguridad de Tamaulipas son una piedra en el zapato para el gobierno. El estado es el hogar de <a href=\"\/noticias\/analisis\/reforma-petrolera-de-mexico-podria-favorecer-al-crimen-organizado\" target=\"_blank\">grandes reservas de petr\u00f3leo y gas<\/a>, lo cual ha hecho de la industria petrolera un blanco lucrativo para los carteles de la droga. Seg\u00fan informes, los grupos criminales controlan <a href=\"\/noticias\/noticias-del-dia\/grupos-criminales-mexico-dirigen-sofisticadas-redes-distribucion-petroleo-robado\" target=\"_blank\">hasta el 15 por ciento<\/a> del negocio de la gasolina en Tamaulipas y han desarrollado un sofisticado sistema de distribuci\u00f3n de gasolina ilegal. Con M\u00e9xico en proceso de <a href=\"https:\/\/www.nytimes.com\/2014\/08\/14\/business\/international\/mexico-unveils-plan-for-opening-oil-industry-to-foreigners.html?_r=1\" target=\"_blank\">abrir la industria petrolera del pa\u00eds <\/a>al sector privado, el deterioro en la situaci\u00f3n de seguridad de Tamaulipas podr\u00eda hacer dudar a las empresas de invertir en el estado.<\/p>\n","protected":false},"excerpt":{"rendered":"<p>El estado de Tamaulipas, en M\u00e9xico, fue el escenario de casi el 60 por ciento de los secuestros del pa\u00eds en julio, y fue testigo de un repunte dr\u00e1stico en la criminalidad, en comparaci\u00f3n con meses anteriores, lo que destaca la incapacidad del gobierno para asegurar el asediado estado.<\/p>\n","protected":false},"author":14,"featured_media":40894,"comment_status":"closed","ping_status":"closed","sticky":false,"template":"","format":"standard","meta":{"newspack_ads_suppress_ads":false,"newspack_popups_has_disabled_popups":false,"newspack_sponsor_sponsorship_scope":"","newspack_sponsor_native_byline_display":"inherit","newspack_sponsor_native_category_display":"inherit","newspack_sponsor_underwriter_style":"inherit","newspack_sponsor_underwriter_placement":"inherit","_EventAllDay":false,"_EventTimezone":"","_EventStartDate":"","_EventEndDate":"","_EventStartDateUTC":"","_EventEndDateUTC":"","_EventShowMap":false,"_EventShowMapLink":false,"_EventURL":"","_EventCost":"","_EventCostDescription":"","_EventCurrencySymbol":"","_EventCurrencyCode":"","_EventCurrencyPosition":"","_EventDateTimeSeparator":"","_EventTimeRangeSeparator":"","_EventOrganizerID":[],"_EventVenueID":[],"_OrganizerEmail":"","_OrganizerPhone":"","_OrganizerWebsite":"","_VenueAddress":"","_VenueCity":"","_VenueCountry":"","_VenueProvince":"","_VenueState":"","_VenueZip":"","_VenuePhone":"","_VenueURL":"","_VenueStateProvince":"","_VenueLat":"","_VenueLng":"","_VenueShowMap":false,"_VenueShowMapLink":false,"_newspack_byline_active":false,"_newspack_byline":"","newspack_hide_updated_date":false,"newspack_show_updated_date":false,"newspack_featured_image_position":"","newspack_post_subtitle":"","newspack_article_summary_title":"Overview:","newspack_article_summary":"","_jetpack_memberships_contains_paid_content":false,"footnotes":""},"categories":[334],"tags":[412,406,460,2881],"newspack_spnsrs_tax":[],"coauthors":[3914],"class_list":["post-7084","post","type-post","status-publish","format-standard","has-post-thumbnail","hentry","category-noticias-del-dia","tag-cartel-del-golfo","tag-mexico-pais","tag-secuestro","tag-los-zetas-es","entry"],"parsely":{"version":"1.1.0","canonical_url":"https:\/\/insightcrime.org\/es\/noticias\/noticias-del-dia\/aumento-secuestros-tamaulipas-apunta-falta-control-gobierno-mexicano\/","smart_links":{"inbound":0,"outbound":0},"traffic_boost_suggestions_count":0,"meta":{"@context":"https:\/\/schema.org","@type":"NewsArticle","headline":"Aumento en los secuestros en Tamaulipas apunta a falta de control por parte del gobierno mexicano","url":"http:\/\/insightcrime.org\/es\/noticias\/noticias-del-dia\/aumento-secuestros-tamaulipas-apunta-falta-control-gobierno-mexicano\/","mainEntityOfPage":{"@type":"WebPage","@id":"http:\/\/insightcrime.org\/es\/noticias\/noticias-del-dia\/aumento-secuestros-tamaulipas-apunta-falta-control-gobierno-mexicano\/"},"thumbnailUrl":"https:\/\/i0.wp.com\/insightcrime.org\/wp-content\/uploads\/2014\/08\/es-20140821_mexico_secuestrostamaulipas.jpg?resize=150%2C150&quality=100&ssl=1","image":{"@type":"ImageObject","url":"https:\/\/i0.wp.com\/insightcrime.org\/wp-content\/uploads\/2014\/08\/es-20140821_mexico_secuestrostamaulipas.jpg?fit=280%2C169&quality=100&ssl=1"},"articleSection":"Noticias del d\u00eda","author":[{"@type":"Person","name":"Camilo Mej\u00eda"}],"creator":["Camilo Mej\u00eda"],"publisher":{"@type":"Organization","name":"InSight Crime","logo":"https:\/\/insightcrime.org\/wp-content\/uploads\/2023\/08\/logo.png"},"keywords":["cartel del golfo","m\u00e9xico","secuestro","zetas"],"dateCreated":"2017-03-28T00:03:34Z","datePublished":"2017-03-28T00:03:34Z","dateModified":"2023-04-24T20:40:33Z"},"rendered":"<meta name=\"parsely-title\" content=\"Aumento en los secuestros en Tamaulipas apunta a falta de control por parte del gobierno mexicano\" \/>\n<meta name=\"parsely-link\" content=\"http:\/\/insightcrime.org\/es\/noticias\/noticias-del-dia\/aumento-secuestros-tamaulipas-apunta-falta-control-gobierno-mexicano\/\" \/>\n<meta name=\"parsely-type\" content=\"post\" \/>\n<meta name=\"parsely-image-url\" content=\"https:\/\/i0.wp.com\/insightcrime.org\/wp-content\/uploads\/2014\/08\/es-20140821_mexico_secuestrostamaulipas.jpg?resize=150%2C150&amp;quality=100&amp;ssl=1\" \/>\n<meta name=\"parsely-pub-date\" content=\"2017-03-28T00:03:34Z\" \/>\n<meta name=\"parsely-section\" content=\"Noticias del d\u00eda\" \/>\n<meta name=\"parsely-tags\" content=\"cartel del golfo,m\u00e9xico,secuestro,zetas\" \/>\n<meta name=\"parsely-author\" content=\"Camilo Mej\u00eda\" \/>","tracker_url":"https:\/\/cdn.parsely.com\/keys\/insightcrime.org\/p.js"},"jetpack_sharing_enabled":true,"jetpack-related-posts":[{"id":212434,"url":"https:\/\/insightcrime.org\/es\/noticias\/cartel-golfo-defensiva-secuestro-homicidio-ciudadanos-eeuu\/","url_meta":{"origin":7084,"position":0},"title":"Cartel del Golfo a la defensiva tras secuestro y homicidio de ciudadanos de EE. UU.","author":"Parker Asmann","date":"12 de marzo de 2023","format":false,"excerpt":"Una facci\u00f3n de una de las organizaciones criminales m\u00e1s veteranas de M\u00e9xico est\u00e1 haciendo control de da\u00f1os con lo que podr\u00eda llamarse una campa\u00f1a de relaciones p\u00fablicas tras el secuestro y asesinato de varios ciudadanos estadounidenses, por temor a una ofensiva transfronteriza amplia.","rel":"","context":"En \u00abNoticias\u00bb","block_context":{"text":"Noticias","link":"https:\/\/insightcrime.org\/es\/category\/noticias\/"},"img":{"alt_text":"Ambulancia llegando a Matamoros, Tamaulipas, donde el Cartel del Golfo admiti\u00f3 haber participado en el asesinato de dos estadounidenses","src":"https:\/\/i0.wp.com\/insightcrime.org\/wp-content\/uploads\/2023\/03\/2023-03-10-Gulf-Cartel-PR-Matamoros.jpeg?fit=350%2C250&quality=100&ssl=1&resize=350%2C200","width":350,"height":200},"classes":[]},{"id":212818,"url":"https:\/\/insightcrime.org\/es\/noticias\/matamoros-sintoma-padecimiento-mexico\/","url_meta":{"origin":7084,"position":1},"title":"Matamoros: un s\u00edntoma del gran padecimiento de M\u00e9xico","author":"Victoria Dittmar","date":"20 de marzo de 2023","format":false,"excerpt":"Matamoros, M\u00e9xico, est\u00e1 en el ojo del hurac\u00e1n tras el asesinato de dos ciudadanos estadounidenses. Pero esta ciudad fronteriza hist\u00f3ricamente ha sido un epicentro para el crimen organizado y la violencia asociada.","rel":"","context":"En \u00abNoticias\u00bb","block_context":{"text":"Noticias","link":"https:\/\/insightcrime.org\/es\/category\/noticias\/"},"img":{"alt_text":"Varios oficiales de polic\u00eda se encuentran en una camioneta mientras custodian el paso fronterizo de Matamoros con Estados Unidos","src":"https:\/\/i0.wp.com\/insightcrime.org\/wp-content\/uploads\/2023\/03\/Matamoros-violencia-Revista-HV.jpg?fit=350%2C250&quality=100&ssl=1&resize=350%2C200","width":350,"height":200},"classes":[]},{"id":290017,"url":"https:\/\/insightcrime.org\/es\/noticias\/osiel-cardenas-creador-cartel-golfo-zetas-mexico-liberado-eeuu\/","url_meta":{"origin":7084,"position":2},"title":"Creador del Cartel del Golfo y los Zetas en M\u00e9xico es liberado en EE.UU.","author":"Peter Appleby","date":"30 de agosto de 2024","format":false,"excerpt":"Estados Unidos liber\u00f3 a Osiel C\u00e1rdenas Guill\u00e9n, exl\u00edder del Cartel del Golfo que form\u00f3 Los Zetas e inici\u00f3 una serie de violentas guerras que marcaron el panorama criminal de M\u00e9xico desde principios de siglo.","rel":"","context":"En \u00abNoticias\u00bb","block_context":{"text":"Noticias","link":"https:\/\/insightcrime.org\/es\/category\/noticias\/"},"img":{"alt_text":"Osiel C\u00e1rdenas Guillen., handcuffed, with agents of Mexico's now defunct ","src":"https:\/\/i0.wp.com\/insightcrime.org\/wp-content\/uploads\/2024\/08\/osiel-cardenas-guillen-1.jpg?fit=350%2C250&quality=100&ssl=1&resize=350%2C200","width":350,"height":200},"classes":[]},{"id":205911,"url":"https:\/\/insightcrime.org\/es\/news\/captura-lider-tropa-infierno-problemas-tamaulipas-mexico\/","url_meta":{"origin":7084,"position":3},"title":"Captura de l\u00edder de la Tropa del Infierno podr\u00eda traer problemas en Tamaulipas, M\u00e9xico","author":"Peter Appleby","date":"1 de diciembre de 2022","format":false,"excerpt":"El Cartel del Noreste paraliz\u00f3 por segunda vez este a\u00f1o la ciudad de Nuevo Laredo, al norte de M\u00e9xico, luego de la captura de otro de sus altos jefes, pero ese despliegue de fuerza puede esconder la debilidad subyacente.","rel":"","context":"En \u00abNews\u00bb","block_context":{"text":"News","link":"https:\/\/insightcrime.org\/category\/news\/"},"img":{"alt_text":"Fuerzas militares patrullando Nuevo Laredo, Tamaulipas","src":"https:\/\/i0.wp.com\/insightcrime.org\/wp-content\/uploads\/2022\/12\/nuevo-laredo-1.jpeg?fit=350%2C250&quality=100&ssl=1&resize=350%2C200","width":350,"height":200},"classes":[]},{"id":175344,"url":"https:\/\/insightcrime.org\/es\/noticias\/politica-ee-uu-ofrece-grupos-criminales-mexico-oportunidades-victimizar-migrantes\/","url_meta":{"origin":7084,"position":4},"title":"Pol\u00edtica de EE. UU. ofrece a grupos criminales de M\u00e9xico m\u00e1s oportunidades para victimizar migrantes","author":"Parker Asmann","date":"17 de enero de 2022","format":false,"excerpt":"Los secuestros reportados en M\u00e9xico han disminuido de manera significativa; sin embargo, en los \u00faltimos a\u00f1os, al menos uno de cada 10 secuestrados ha sido un migrante que intenta llegar a Estados Unidos, situaci\u00f3n que podr\u00eda empeorar en beneficio de los grupos del crimen organizado, tras la reinstauraci\u00f3n de una\u2026","rel":"","context":"En \u00abNoticias\u00bb","block_context":{"text":"Noticias","link":"https:\/\/insightcrime.org\/es\/category\/noticias\/"},"img":{"alt_text":"Nuevo Laredo es una de las ciudades m\u00e1s peligrosas para los migrantes en la frontera Estados Unidos-M\u00e9xico","src":"https:\/\/i0.wp.com\/insightcrime.org\/wp-content\/uploads\/2022\/01\/2022-01-12-Migrant-Kidnappings.jpg?fit=350%2C250&quality=100&ssl=1&resize=350%2C200","width":350,"height":200},"classes":[]},{"id":149931,"url":"https:\/\/insightcrime.org\/es\/noticias\/respuesta-masacre-mexico-deja-interrogantes\/","url_meta":{"origin":7084,"position":5},"title":"Respuesta a masacre en M\u00e9xico deja muchos interrogantes","author":"Parker Asmann","date":"30 de junio de 2021","format":false,"excerpt":"El cuestionado gobernador del estado de Tamaulipas, en la frontera norte de M\u00e9xico, presenta las oportunas capturas de los responsables de una macabra masacre ocurrida en junio, pero persisten dudas sobre los verdaderos responsables de los asesinatos.","rel":"","context":"En \u00abNoticias\u00bb","block_context":{"text":"Noticias","link":"https:\/\/insightcrime.org\/es\/category\/noticias\/"},"img":{"alt_text":"","src":"https:\/\/i0.wp.com\/insightcrime.org\/wp-content\/uploads\/2021\/06\/21-06-30-Cabeza-de-Vaca-Tamaulipas.jpg?fit=350%2C250&quality=100&ssl=1&resize=350%2C200","width":350,"height":200},"classes":[]}],"jetpack_featured_media_url":"https:\/\/i0.wp.com\/insightcrime.org\/wp-content\/uploads\/2014\/08\/es-20140821_mexico_secuestrostamaulipas.jpg?fit=280%2C169&quality=100&ssl=1","_links":{"self":[{"href":"https:\/\/insightcrime.org\/es\/wp-json\/wp\/v2\/posts\/7084","targetHints":{"allow":["GET"]}}],"collection":[{"href":"https:\/\/insightcrime.org\/es\/wp-json\/wp\/v2\/posts"}],"about":[{"href":"https:\/\/insightcrime.org\/es\/wp-json\/wp\/v2\/types\/post"}],"author":[{"embeddable":true,"href":"https:\/\/insightcrime.org\/es\/wp-json\/wp\/v2\/users\/14"}],"replies":[{"embeddable":true,"href":"https:\/\/insightcrime.org\/es\/wp-json\/wp\/v2\/comments?post=7084"}],"version-history":[{"count":1,"href":"https:\/\/insightcrime.org\/es\/wp-json\/wp\/v2\/posts\/7084\/revisions"}],"predecessor-version":[{"id":22980,"href":"https:\/\/insightcrime.org\/es\/wp-json\/wp\/v2\/posts\/7084\/revisions\/22980"}],"wp:featuredmedia":[{"embeddable":true,"href":"https:\/\/insightcrime.org\/es\/wp-json\/wp\/v2\/media\/40894"}],"wp:attachment":[{"href":"https:\/\/insightcrime.org\/es\/wp-json\/wp\/v2\/media?parent=7084"}],"wp:term":[{"taxonomy":"category","embeddable":true,"href":"https:\/\/insightcrime.org\/es\/wp-json\/wp\/v2\/categories?post=7084"},{"taxonomy":"post_tag","embeddable":true,"href":"https:\/\/insightcrime.org\/es\/wp-json\/wp\/v2\/tags?post=7084"},{"taxonomy":"newspack_spnsrs_tax","embeddable":true,"href":"https:\/\/insightcrime.org\/es\/wp-json\/wp\/v2\/newspack_spnsrs_tax?post=7084"},{"taxonomy":"author","embeddable":true,"href":"https:\/\/insightcrime.org\/es\/wp-json\/wp\/v2\/coauthors?post=7084"}],"curies":[{"name":"wp","href":"https:\/\/api.w.org\/{rel}","templated":true}]}}