{"id":7102,"date":"2014-08-27T14:09:53","date_gmt":"2014-08-27T19:09:53","guid":{"rendered":"http:\/\/newwp.insightcrime.org?p=7102"},"modified":"2023-04-24T15:40:39","modified_gmt":"2023-04-24T20:40:39","slug":"peru-incauta-toneladas-cocaina-vinculada-mexicanos-destino-europa","status":"publish","type":"post","link":"https:\/\/insightcrime.org\/es\/noticias\/noticias-del-dia\/peru-incauta-toneladas-cocaina-vinculada-mexicanos-destino-europa\/","title":{"rendered":"Per\u00fa incauta 3,5 toneladas de coca\u00edna vinculada a mexicanos y con destino a Europa"},"content":{"rendered":"\n<p class=\"wp-block-paragraph\">Las autoridades de Per\u00fa han descubierto un cargamento de al menos 3,5 toneladas de coca\u00edna, que seg\u00fan la polic\u00eda peruana iba a ser enviada por grupos mexicanos desde la Costa Pac\u00edfica del pa\u00eds a Europa, lo que destaca el alcance territorial de las redes de tr\u00e1fico de drogas mexicanas.<\/p>\n\n\n\n<p class=\"wp-block-paragraph\">En una operaci\u00f3n que comenz\u00f3 el 25 de agosto, la polic\u00eda antinarc\u00f3ticos de Per\u00fa intercept\u00f3 en Huanchaco -una ciudad en la regi\u00f3n costera&nbsp;de La Libertad-&nbsp;ocho veh\u00edculos de transporte de carb\u00f3n con coca\u00edna oculta en su interior. Las autoridades todav\u00eda no han contabilizado la carga total&nbsp;de coca\u00edna, pero <a href=\"https:\/\/elcomercio.pe\/peru\/la-libertad\/mas-tres-toneladas-cocaina-estaban-camufladas-carbon-noticia-1752635\" target=\"_blank\">El Comercio inform\u00f3 que<\/a> creen que podr\u00edan ser de m\u00e1s de cuatro toneladas.<\/p>\n\n\n\n<p class=\"wp-block-paragraph\">Seg\u00fan <a href=\"https:\/\/www.mininter.gob.pe\/content\/hallan-m%C3%A1s-de-tres-toneladas-de-coca%C3%ADna-ocultas-en-rocas-de-carb%C3%B3n-en-trujillo\" target=\"_blank\">inform\u00f3 el Ministerio del Interior<\/a>, la incautaci\u00f3n se presenta tras semanas de investigaciones a dos empresas exportadoras de carb\u00f3n legalmente constituidas. Dos mexicanos y siete peruanos fueron detenidos durante la operaci\u00f3n, <a href=\"https:\/\/www.rpp.com.pe\/2014-08-26-trujillo-ollanta-humala-y-urresti-detallan-incautacion-de-drogas-noticia_719944.html\" target=\"_blank\">inform\u00f3 RPP Noticias<\/a>.<\/p>\n\n\n\n<p class=\"wp-block-paragraph\">El ministro del Interior Daniel Urresti dijo que el cargamento de coca\u00edna pertenec\u00eda a un cartel mexicano, pero no revel\u00f3 el nombre del grupo, <a href=\"https:\/\/www.laprensa.com.ni\/2014\/08\/26\/planeta\/209338-policia-peruana-decomisa-35\" target=\"_blank\">inform\u00f3 AFP<\/a>.<\/p>\n\n\n\n<p class=\"wp-block-paragraph\">Seg\u00fan las autoridades, el env\u00edo ten\u00eda como destino los puertos peruanos de Callao en la regi\u00f3n de Lima, y Paita en Piura, desde donde la droga ser\u00eda transportada por v\u00eda mar\u00edtima a B\u00e9lgica y Espa\u00f1a.<\/p>\n\n\n\n<h3 class=\"wp-block-heading\">An\u00e1lisis de InSight Crime<\/h3>\n\n\n\n<p class=\"wp-block-paragraph\">Si el cargamento de droga efectivamente pertenec\u00eda a un cartel mexicano, el hecho de que presuntamente fuera a ser transportado directamente desde la costa de Per\u00fa a Europa, sirve como otro indicio del<a href=\"https:\/\/es.insightcrime.org\/noticias\/analisis\/rastreando-la-presencia-internacional-de-la-federacion-de-sinaloa\/\" target=\"_blank\"> creciente alcance de los grupos criminales de M\u00e9xico<\/a> y de su capacidad para dirigir desde casa operaciones geogr\u00e1ficamente distantes.<\/p>\n\n\n\n<p class=\"wp-block-paragraph\">El Cartel de Sinaloa es el m\u00e1s expansionista internacionalmente entre las organizaciones criminales mexicanas, y se cree que tiene una <a href=\"https:\/\/es.insightcrime.org\/noticias\/analisis\/4-razones-de-por-que-peru-se-convierte-en-el-maximo-productor-de-cocaina-en-el-mundo\/\" target=\"_blank\">presencia permanente en Per\u00fa<\/a>. El a\u00f1o pasado en Paita, uno de los lugares se\u00f1alados para el env\u00edo de la droga, tambi\u00e9n se encontraron <a href=\"https:\/\/es.insightcrime.org\/noticias\/noticias-del-dia\/peru-incauta-4-toneladas-de-cocaina-con-destino-a-europa-en-principal-puerto\/\" target=\"_blank\">cuatro toneladas de coca\u00edna<\/a> que ten\u00edan como destino Europa, y se cree que uno de los sospechosos detenidos estaba vinculado al Cartel de Sinaloa.<\/p>\n\n\n\n<p class=\"wp-block-paragraph\"><strong><span style=\"color: #800000\">VEA TAMBI\u00c9N:<\/span><\/strong> <a href=\"https:\/\/es.insightcrime.org\/noticias-crimen-organizado-mexico\/sinaloa-cartel-perfil\/\" target=\"_blank\">Noticias y perfiles del Cartel de Sinaloa<\/a><\/p>\n\n\n\n<p class=\"wp-block-paragraph\">El ahora casi extinto Cartel de Tijuana, otro grupo mexicano cuya presencia ha sido documentada en el pa\u00eds, durante a\u00f1os&nbsp;mantuvo v\u00ednculos con <a href=\"https:\/\/es.insightcrime.org\/noticias\/noticias-del-dia\/narco-peruano-capturado-trabajaba-con-cartel-de-tijuana-mexico\/\" target=\"_blank\">un capo peruano que fue arrestado recientemente<\/a>.<\/p>\n\n\n\n<p class=\"wp-block-paragraph\">El tama\u00f1o del cargamento tambi\u00e9n es un punto de inter\u00e9s. A pesar de que los grupos mexicanos han hecho incursiones en el mercado europeo \u2013la primavera pasada se inform\u00f3 que tres carteles mexicanos estaban luchando por <a href=\"https:\/\/es.insightcrime.org\/noticias\/analisis\/los-carteles-mexicanos-se-tomaron-el-control-del-trafico-de-drogas-en-espana\/\" target=\"_blank\">el control del comercio de coca\u00edna en Espa\u00f1a<\/a> -la polic\u00eda ha dicho que estos prefieren enviar al extranjero cargamentos de droga m\u00e1s peque\u00f1os con el fin de evitar grandes p\u00e9rdidas en las incautaciones. Sin embargo, el cargamento de varias toneladas incautado en Huanchaco indica que, en algunos casos, los carteles mexicanos s\u00ed est\u00e1n moviendo grandes cargamentos de drogas hacia Europa, al igual que&nbsp;<a href=\"https:\/\/es.insightcrime.org\/noticias\/noticias-del-dia\/colombia-incauta-historica-carga-de-7-toneladas-de-cocaina-con-destino-a-europa\/\" target=\"_blank\">los grupos colombianos<\/a>.<\/p>\n","protected":false},"excerpt":{"rendered":"<p>Las autoridades de Per\u00fa han descubierto un cargamento de al menos 3,5 toneladas de coca\u00edna, que seg\u00fan la polic\u00eda peruana iba a ser enviada por grupos mexicanos desde la Costa Pac\u00edfica del pa\u00eds a Europa, lo que destaca el alcance territorial de las redes de tr\u00e1fico de drogas mexicanas.<\/p>\n","protected":false},"author":19,"featured_media":40930,"comment_status":"closed","ping_status":"closed","sticky":false,"template":"","format":"standard","meta":{"newspack_ads_suppress_ads":false,"newspack_popups_has_disabled_popups":false,"newspack_sponsor_sponsorship_scope":"","newspack_sponsor_native_byline_display":"inherit","newspack_sponsor_native_category_display":"inherit","newspack_sponsor_underwriter_style":"inherit","newspack_sponsor_underwriter_placement":"inherit","_EventAllDay":false,"_EventTimezone":"","_EventStartDate":"","_EventEndDate":"","_EventStartDateUTC":"","_EventEndDateUTC":"","_EventShowMap":false,"_EventShowMapLink":false,"_EventURL":"","_EventCost":"","_EventCostDescription":"","_EventCurrencySymbol":"","_EventCurrencyCode":"","_EventCurrencyPosition":"","_EventDateTimeSeparator":"","_EventTimeRangeSeparator":"","_EventOrganizerID":[],"_EventVenueID":[],"_OrganizerEmail":"","_OrganizerPhone":"","_OrganizerWebsite":"","_VenueAddress":"","_VenueCity":"","_VenueCountry":"","_VenueProvince":"","_VenueState":"","_VenueZip":"","_VenuePhone":"","_VenueURL":"","_VenueStateProvince":"","_VenueLat":"","_VenueLng":"","_VenueShowMap":false,"_VenueShowMapLink":false,"_newspack_byline_active":false,"_newspack_byline":"","newspack_hide_updated_date":false,"newspack_show_updated_date":false,"newspack_featured_image_position":"","newspack_post_subtitle":"","newspack_article_summary_title":"Overview:","newspack_article_summary":"","_jetpack_memberships_contains_paid_content":false,"footnotes":""},"categories":[334],"tags":[396,3412,449,406,409],"newspack_spnsrs_tax":[],"coauthors":[3820],"class_list":["post-7102","post","type-post","status-publish","format-standard","has-post-thumbnail","hentry","category-noticias-del-dia","tag-cartel-de-sinaloa","tag-cocaina","tag-cocaina-europa-crimen-organizado","tag-mexico-pais","tag-peru-pais","entry"],"parsely":{"version":"1.1.0","canonical_url":"https:\/\/insightcrime.org\/es\/noticias\/noticias-del-dia\/peru-incauta-toneladas-cocaina-vinculada-mexicanos-destino-europa\/","smart_links":{"inbound":0,"outbound":0},"traffic_boost_suggestions_count":0,"meta":{"@context":"https:\/\/schema.org","@type":"NewsArticle","headline":"Per\u00fa incauta 3,5 toneladas de coca\u00edna vinculada a mexicanos y con destino a Europa","url":"http:\/\/insightcrime.org\/es\/noticias\/noticias-del-dia\/peru-incauta-toneladas-cocaina-vinculada-mexicanos-destino-europa\/","mainEntityOfPage":{"@type":"WebPage","@id":"http:\/\/insightcrime.org\/es\/noticias\/noticias-del-dia\/peru-incauta-toneladas-cocaina-vinculada-mexicanos-destino-europa\/"},"thumbnailUrl":"https:\/\/i0.wp.com\/insightcrime.org\/wp-content\/uploads\/2014\/08\/es-20140827_peru_4cocaina.jpg?resize=150%2C150&quality=100&ssl=1","image":{"@type":"ImageObject","url":"https:\/\/i0.wp.com\/insightcrime.org\/wp-content\/uploads\/2014\/08\/es-20140827_peru_4cocaina.jpg?fit=280%2C171&quality=100&ssl=1"},"articleSection":"Noticias del d\u00eda","author":[{"@type":"Person","name":"Marguerite Cawley"}],"creator":["Marguerite Cawley"],"publisher":{"@type":"Organization","name":"InSight Crime","logo":"https:\/\/insightcrime.org\/wp-content\/uploads\/2023\/08\/logo.png"},"keywords":["cartel de sinaloa","coca\u00edna","coca\u00edna europa","m\u00e9xico","per\u00fa"],"dateCreated":"2014-08-27T19:09:53Z","datePublished":"2014-08-27T19:09:53Z","dateModified":"2023-04-24T20:40:39Z"},"rendered":"<meta name=\"parsely-title\" content=\"Per\u00fa incauta 3,5 toneladas de coca\u00edna vinculada a mexicanos y con destino a Europa\" \/>\n<meta name=\"parsely-link\" content=\"http:\/\/insightcrime.org\/es\/noticias\/noticias-del-dia\/peru-incauta-toneladas-cocaina-vinculada-mexicanos-destino-europa\/\" \/>\n<meta name=\"parsely-type\" content=\"post\" \/>\n<meta name=\"parsely-image-url\" content=\"https:\/\/i0.wp.com\/insightcrime.org\/wp-content\/uploads\/2014\/08\/es-20140827_peru_4cocaina.jpg?resize=150%2C150&amp;quality=100&amp;ssl=1\" \/>\n<meta name=\"parsely-pub-date\" content=\"2014-08-27T19:09:53Z\" \/>\n<meta name=\"parsely-section\" content=\"Noticias del d\u00eda\" \/>\n<meta name=\"parsely-tags\" content=\"cartel de sinaloa,coca\u00edna,coca\u00edna europa,m\u00e9xico,per\u00fa\" \/>\n<meta name=\"parsely-author\" content=\"Marguerite Cawley\" \/>","tracker_url":"https:\/\/cdn.parsely.com\/keys\/insightcrime.org\/p.js"},"jetpack_sharing_enabled":true,"jetpack-related-posts":[{"id":190321,"url":"https:\/\/insightcrime.org\/es\/noticias\/cargamento-cocaina-hacia-europa-provenia-regiones-cocaleras-peru\/","url_meta":{"origin":7102,"position":0},"title":"Cargamento de coca\u00edna hacia Europa proven\u00eda de dos regiones cocaleras de Per\u00fa","author":"Gabrielle Gorder","date":"5 de julio de 2022","format":false,"excerpt":"Un cargamento de casi dos toneladas de coca\u00edna interceptadas en un pueblo costero de Per\u00fa, que iba con destino a los Pa\u00edses Bajos, supuestamente proven\u00eda de dos regiones cocaleras distintas del pa\u00eds, lo que indica que la pandilla peruana responsable del cargamento estaba haciendo negocios con clanes que tradicionalmente han\u2026","rel":"","context":"En \u00abNoticias\u00bb","block_context":{"text":"Noticias","link":"https:\/\/insightcrime.org\/es\/category\/noticias\/"},"img":{"alt_text":"Guardias inspeccionan coca\u00edna incautada en Per\u00fa","src":"https:\/\/i0.wp.com\/insightcrime.org\/wp-content\/uploads\/2022\/07\/Peru-cocaine-Gordo-Tobi.jpeg?fit=350%2C206&quality=100&ssl=1&resize=350%2C200","width":350,"height":200},"classes":[]},{"id":170278,"url":"https:\/\/insightcrime.org\/es\/noticias\/yates-recreo-participan-trafico-transnacional-cocaina\/","url_meta":{"origin":7102,"position":1},"title":"Yates de recreo participan en tr\u00e1fico transnacional de coca\u00edna","author":"Gabrielle Gorder","date":"27 de octubre de 2021","format":false,"excerpt":"Un velero, interceptado frente a la costa de Portugal con el mayor alijo de coca\u00edna de la historia, ilustra c\u00f3mo estas embarcaciones m\u00e1s peque\u00f1as de uso particular se han convertido en el modus operandi predilecto para el trasiego de coca\u00edna entre Latinoam\u00e9rica y los lucrativos mercados europeos.","rel":"","context":"En \u00abNoticias\u00bb","block_context":{"text":"Noticias","link":"https:\/\/insightcrime.org\/es\/category\/noticias\/"},"img":{"alt_text":"","src":"https:\/\/i0.wp.com\/insightcrime.org\/wp-content\/uploads\/2021\/10\/Portugal-yacht-trafficking-10-20-2021-PoliciaEspanola.jpg?fit=1104%2C736&quality=100&ssl=1&resize=350%2C200","width":350,"height":200,"srcset":"https:\/\/i0.wp.com\/insightcrime.org\/wp-content\/uploads\/2021\/10\/Portugal-yacht-trafficking-10-20-2021-PoliciaEspanola.jpg?fit=1104%2C736&quality=100&ssl=1&resize=350%2C200 1x, https:\/\/i0.wp.com\/insightcrime.org\/wp-content\/uploads\/2021\/10\/Portugal-yacht-trafficking-10-20-2021-PoliciaEspanola.jpg?fit=1104%2C736&quality=100&ssl=1&resize=525%2C300 1.5x, https:\/\/i0.wp.com\/insightcrime.org\/wp-content\/uploads\/2021\/10\/Portugal-yacht-trafficking-10-20-2021-PoliciaEspanola.jpg?fit=1104%2C736&quality=100&ssl=1&resize=700%2C400 2x, https:\/\/i0.wp.com\/insightcrime.org\/wp-content\/uploads\/2021\/10\/Portugal-yacht-trafficking-10-20-2021-PoliciaEspanola.jpg?fit=1104%2C736&quality=100&ssl=1&resize=1050%2C600 3x"},"classes":[]},{"id":207731,"url":"https:\/\/insightcrime.org\/es\/noticias\/importancia-puerto-callao-trafico-cocaina-peru\/","url_meta":{"origin":7102,"position":2},"title":"\u00bfCu\u00e1l es la importancia del Puerto del Callao para el tr\u00e1fico de coca\u00edna en Per\u00fa?","author":"Scott Mistler-Ferguson","date":"12 de enero de 2023","format":false,"excerpt":"Pese a no recibir la misma atenci\u00f3n de los grandes puertos de Ecuador o Brasil, el puerto del Callao en Per\u00fa, cerca de la capital Lima, se ha mantenido como punto de salida vital de la coca\u00edna dirigida a los mercados internacionales.","rel":"","context":"En \u00abNoticias\u00bb","block_context":{"text":"Noticias","link":"https:\/\/insightcrime.org\/es\/category\/noticias\/"},"img":{"alt_text":"Vista a\u00e9rea del puerto del Callao","src":"https:\/\/i0.wp.com\/insightcrime.org\/wp-content\/uploads\/2023\/01\/HLAG_Port_of_the_Month_Callao_0038-1.jpg?fit=350%2C250&quality=100&ssl=1&resize=350%2C200","width":350,"height":200},"classes":[]},{"id":235046,"url":"https:\/\/insightcrime.org\/es\/noticias\/capturas-clan-farruku-conexion-albanesa-cocaina-latinoamerica\/","url_meta":{"origin":7102,"position":3},"title":"Capturas de \u2018Clan Farruku\u2019 evidencian conexiones albanesas con coca\u00edna en Latinoam\u00e9rica","author":"Vera Sistermans","date":"20 de abril de 2023","format":false,"excerpt":"Polic\u00eda espa\u00f1ola desarticul\u00f3 el clan Farruku, grupo criminal alban\u00e9s que traficaba coca\u00edna entre Latinoam\u00e9rica y Europa.","rel":"","context":"En \u00abNoticias\u00bb","block_context":{"text":"Noticias","link":"https:\/\/insightcrime.org\/es\/category\/noticias\/"},"img":{"alt_text":"Polic\u00eda espa\u00f1ola a las puertas de una propiedad conectada con el grupo criminal alban\u00e9s, clan Farruku.","src":"https:\/\/i0.wp.com\/insightcrime.org\/wp-content\/uploads\/2023\/04\/Entrada-registros-operacion_1783933082_182074223_667x375-1.jpg?fit=350%2C250&quality=100&ssl=1&resize=350%2C200","width":350,"height":200},"classes":[]},{"id":136471,"url":"https:\/\/insightcrime.org\/es\/noticias\/alijos-cocaina-europa-alcanzan-nuevos-picos\/","url_meta":{"origin":7102,"position":4},"title":"Alijos de coca\u00edna en Europa alcanzan nuevas cotas","author":"Chris Dalby","date":"26 de febrero de 2021","format":false,"excerpt":"Pese a lo notable del decomiso de 23 toneladas de coca\u00edna \u2014el mayor en la historia de decomisos de coca\u00edna en la Uni\u00f3n Europea\u2014 por parte de la polic\u00eda alemana, belga y neerlandesa, es tan solo una prueba m\u00e1s de que Europa se ha convertido en epicentro del tr\u00e1fico global\u2026","rel":"","context":"En \u00abNoticias\u00bb","block_context":{"text":"Noticias","link":"https:\/\/insightcrime.org\/es\/category\/noticias\/"},"img":{"alt_text":"","src":"https:\/\/i0.wp.com\/insightcrime.org\/wp-content\/uploads\/2021\/02\/117195493_hi065894353.jpg?fit=350%2C250&quality=100&ssl=1&resize=350%2C200","width":350,"height":200},"classes":[]},{"id":127070,"url":"https:\/\/insightcrime.org\/es\/noticias\/record-de-cocaina-incautada-en-belgica-es-indicio-de-corrupcion-policial\/","url_meta":{"origin":7102,"position":5},"title":"R\u00e9cord de coca\u00edna incautada en B\u00e9lgica es indicio de corrupci\u00f3n policial","author":"Alessandro Ford","date":"17 de noviembre de 2020","format":false,"excerpt":"Las autoridades de B\u00e9lgica han detenido a un alto exfuncionario antinarc\u00f3ticos que, seg\u00fan ellas afirman, est\u00e1 siendo investigado por presunta implicaci\u00f3n con una red que ocult\u00f3 11,5 toneladas de coca\u00edna en un cargamento enviado de Guyana al puerto de Amberes \u2014un caso que demuestra que la corrupci\u00f3n policial es crucial\u2026","rel":"","context":"En \u00abNoticias\u00bb","block_context":{"text":"Noticias","link":"https:\/\/insightcrime.org\/es\/category\/noticias\/"},"img":{"alt_text":"","src":"https:\/\/i0.wp.com\/insightcrime.org\/wp-content\/uploads\/2020\/11\/Screenshot-2020-11-16-at-18.00.43.png?fit=350%2C250&quality=100&ssl=1&resize=350%2C200","width":350,"height":200},"classes":[]}],"jetpack_featured_media_url":"https:\/\/i0.wp.com\/insightcrime.org\/wp-content\/uploads\/2014\/08\/es-20140827_peru_4cocaina.jpg?fit=280%2C171&quality=100&ssl=1","_links":{"self":[{"href":"https:\/\/insightcrime.org\/es\/wp-json\/wp\/v2\/posts\/7102","targetHints":{"allow":["GET"]}}],"collection":[{"href":"https:\/\/insightcrime.org\/es\/wp-json\/wp\/v2\/posts"}],"about":[{"href":"https:\/\/insightcrime.org\/es\/wp-json\/wp\/v2\/types\/post"}],"author":[{"embeddable":true,"href":"https:\/\/insightcrime.org\/es\/wp-json\/wp\/v2\/users\/19"}],"replies":[{"embeddable":true,"href":"https:\/\/insightcrime.org\/es\/wp-json\/wp\/v2\/comments?post=7102"}],"version-history":[{"count":1,"href":"https:\/\/insightcrime.org\/es\/wp-json\/wp\/v2\/posts\/7102\/revisions"}],"predecessor-version":[{"id":23018,"href":"https:\/\/insightcrime.org\/es\/wp-json\/wp\/v2\/posts\/7102\/revisions\/23018"}],"wp:featuredmedia":[{"embeddable":true,"href":"https:\/\/insightcrime.org\/es\/wp-json\/wp\/v2\/media\/40930"}],"wp:attachment":[{"href":"https:\/\/insightcrime.org\/es\/wp-json\/wp\/v2\/media?parent=7102"}],"wp:term":[{"taxonomy":"category","embeddable":true,"href":"https:\/\/insightcrime.org\/es\/wp-json\/wp\/v2\/categories?post=7102"},{"taxonomy":"post_tag","embeddable":true,"href":"https:\/\/insightcrime.org\/es\/wp-json\/wp\/v2\/tags?post=7102"},{"taxonomy":"newspack_spnsrs_tax","embeddable":true,"href":"https:\/\/insightcrime.org\/es\/wp-json\/wp\/v2\/newspack_spnsrs_tax?post=7102"},{"taxonomy":"author","embeddable":true,"href":"https:\/\/insightcrime.org\/es\/wp-json\/wp\/v2\/coauthors?post=7102"}],"curies":[{"name":"wp","href":"https:\/\/api.w.org\/{rel}","templated":true}]}}