{"id":7184,"date":"2014-09-19T15:55:13","date_gmt":"2017-03-28T00:04:11","guid":{"rendered":"http:\/\/newwp.insightcrime.org?p=7184"},"modified":"2023-04-24T15:41:08","modified_gmt":"2023-04-24T20:41:08","slug":"esta-honduras-militarizando-sistema-penitenciario","status":"publish","type":"post","link":"https:\/\/insightcrime.org\/es\/noticias\/noticias-del-dia\/esta-honduras-militarizando-sistema-penitenciario\/","title":{"rendered":"\u00bfEst\u00e1 Honduras militarizando su sistema penitenciario?"},"content":{"rendered":"\n<p class=\"wp-block-paragraph\">Alrededor de 300 reservistas de las Fuerzas Armadas (FFAA) est\u00e1n siendo entrenados para servir como guardias de prisi\u00f3n en Honduras; una medida que podr\u00eda mejorar la seguridad pero que probablemente no ser\u00e1 una soluci\u00f3n a largo plazo para los altos niveles de sobrepoblaci\u00f3n y violencia en el sistema penitenciario del pa\u00eds.<\/p>\n\n\n\n<p class=\"wp-block-paragraph\">El 16 de septiembre, el presidente de Honduras, Juan Orlando Hern\u00e1ndez, inaugur\u00f3 el primer curso para entrenar a soldados reservistas para que sirvan como guardias de prisi\u00f3n, <a href=\"https:\/\/www.proceso.hn\/index.php\/nacionales\/item\/87767-unos-300-reservistas-de-las-ffaa-inician-adiestramientos-para-ser-custodios-penitenciarios\" target=\"_blank\">inform\u00f3 Proceso Digital<\/a>. Seg\u00fan el Coronel Francisco G\u00e1lvez Granados, el director del Instituto Penitenciario de Honduras, el uso de reservistas de las Fuerzas Armadas como guardias de prisi\u00f3n apunta a mejorar la seguridad en las c\u00e1rceles del pa\u00eds.<\/p>\n\n\n\n<p class=\"wp-block-paragraph\">\u201cLo que ha pasado en Honduras es que los centros penitenciarios se han convertido en escuelas de crimen y eso no puede seguir as\u00ed\u201d, dijo el presidente Hern\u00e1ndez a los soldados en entrenamiento.<\/p>\n\n\n\n<p class=\"wp-block-paragraph\">Mientras tanto, el coordinador del Instituto Penitenciario afirm\u00f3 que las c\u00e1rceles del pa\u00eds han recibido a 1.500 reclusos adicionales en lo que va de 2014, subiendo el n\u00famero total de internos a 14.500, <a href=\"https:\/\/www.tiempo.hn\/sucesos\/item\/1758-1,500-personas-han-sido-encarceladas-en-2014\" target=\"_blank\">inform\u00f3 Tiempo<\/a>. En un sistema penitenciario dise\u00f1ado para 8.000 reclusos, esto significa que los centros de detenci\u00f3n est\u00e1n casi al doble de su capacidad.<\/p>\n\n\n\n<h3 class=\"wp-block-heading\">An\u00e1lisis de InSight Crime<\/h3>\n\n\n\n<p class=\"wp-block-paragraph\">El sistema penitenciario de Honduras sufre de altos niveles de sobrepoblaci\u00f3n y violencia, y su seguridad es a menudo <a href=\"\/news\/analysis\/inmates-run-honduras-prison-as-micro-state\" target=\"_blank\">controlada por capos de prisi\u00f3n<\/a>, conocidos como \u201c<em>bulls<\/em>\u201d, quienes cobran impuestos e <a href=\"\/noticias\/analisis\/el-rey-justo-de-la-carcel-del-infierno\" target=\"_blank\">imponen castigos a otros presos<\/a>. Esta peligrosa combinaci\u00f3n de factores ha alimentado varios incidentes mortales en los \u00faltimos a\u00f1os, incluyendo el <a href=\"\/news\/briefs\/at-least-13-killed-in-honduran-prison-riot-fire\" target=\"_blank\">mot\u00edn en 2012 en una prisi\u00f3n de San Pedro Sula<\/a> que llev\u00f3 al asesinato de por lo menos 13 reclusos.<\/p>\n\n\n\n<p class=\"wp-block-paragraph\">En lugar de evitar que los criminales perjudiquen a la sociedad, las c\u00e1rceles de Honduras sirven como centros para la actividad criminal. Un agente de la prisi\u00f3n estim\u00f3 a principios de este a\u00f1o que los prisioneros del pa\u00eds generan alrededor de US$180 millones al a\u00f1o, producto del <a href=\"\/noticias\/noticias-del-dia\/honduras-aclama-exito-de-mano-dura-mientras-florece-la-economia-en-las-prisiones\" target=\"_blank\">tr\u00e1fico de drogas, la extorsi\u00f3n, y los robos de bancos<\/a> coordinados por medio de tel\u00e9fonos celulares.<\/p>\n\n\n\n<p class=\"wp-block-paragraph\"><span style=\"color: #800000\"><strong>VEA TEMBI\u00c9N:<\/strong><\/span> <a href=\"\/noticias-sobre-crimen-organizado-en-honduras\" target=\"_blank\">Noticias y perfiles de Honduras<\/a><\/p>\n\n\n\n<p class=\"wp-block-paragraph\">Pese a que el empleo de reservistas de las Fuerzas Armadas como guardianes de prisi\u00f3n podr\u00eda ayudar a arrebatar el control de los centros de detenci\u00f3n del pa\u00eds de los reclusos, esto har\u00e1 poco para resolver los problemas que surgen a ra\u00edz de la sobrepoblaci\u00f3n. Militarizar las prisiones tambi\u00e9n aumenta las preocupaciones de los defensores de los Derechos Humanos sobre el potencial uso de t\u00e1cticas militares contra los reclusos.<\/p>\n\n\n\n<p class=\"wp-block-paragraph\">Esta no es la primera vez que Honduras ha usado a las Fuerzas Armadas para enfrentar problemas de seguridad ciudadana. El a\u00f1o pasado, Honduras <a href=\"\/noticias\/noticias-del-dia\/honduras-da-luz-verde-a-policia-militar\" target=\"_blank\">cre\u00f3 una fuerza policial militar<\/a> para encarar una crisis de seguridad nacional. Tras un tiroteo en una prisi\u00f3n a las afueras de Tegucigalpa en agosto de 2013, fue <a href=\"\/noticias\/noticias-del-dia\/tiroteos-provocan-militarizacion-de-prisiones-en-honduras\" target=\"_blank\">desplegado personal militar<\/a> para tomar el control de la prisi\u00f3n y de los centros de detenci\u00f3n en San Pedro Sula por un per\u00edodo de 90 d\u00edas.<\/p>\n","protected":false},"excerpt":{"rendered":"<p>Alrededor de 300 reservistas de las Fuerzas Armadas (FFAA) est\u00e1n siendo entrenados para servir como guardias de prisi\u00f3n en Honduras; una medida que podr\u00eda mejorar la seguridad pero que probablemente no ser\u00e1 una soluci\u00f3n a largo plazo para los altos niveles de sobrepoblaci\u00f3n y violencia en el sistema penitenciario del pa\u00eds.<\/p>\n","protected":false},"author":35,"featured_media":41089,"comment_status":"closed","ping_status":"closed","sticky":false,"template":"","format":"standard","meta":{"newspack_ads_suppress_ads":false,"newspack_popups_has_disabled_popups":false,"newspack_sponsor_sponsorship_scope":"","newspack_sponsor_native_byline_display":"inherit","newspack_sponsor_native_category_display":"inherit","newspack_sponsor_underwriter_style":"inherit","newspack_sponsor_underwriter_placement":"inherit","_EventAllDay":false,"_EventTimezone":"","_EventStartDate":"","_EventEndDate":"","_EventStartDateUTC":"","_EventEndDateUTC":"","_EventShowMap":false,"_EventShowMapLink":false,"_EventURL":"","_EventCost":"","_EventCostDescription":"","_EventCurrencySymbol":"","_EventCurrencyCode":"","_EventCurrencyPosition":"","_EventDateTimeSeparator":"","_EventTimeRangeSeparator":"","_EventOrganizerID":[],"_EventVenueID":[],"_OrganizerEmail":"","_OrganizerPhone":"","_OrganizerWebsite":"","_VenueAddress":"","_VenueCity":"","_VenueCountry":"","_VenueProvince":"","_VenueState":"","_VenueZip":"","_VenuePhone":"","_VenueURL":"","_VenueStateProvince":"","_VenueLat":"","_VenueLng":"","_VenueShowMap":false,"_VenueShowMapLink":false,"_newspack_byline_active":false,"_newspack_byline":"","newspack_hide_updated_date":false,"newspack_show_updated_date":false,"newspack_featured_image_position":"","newspack_post_subtitle":"","newspack_article_summary_title":"Overview:","newspack_article_summary":"","_jetpack_memberships_contains_paid_content":false,"footnotes":""},"categories":[334],"tags":[398,438,3021],"newspack_spnsrs_tax":[],"coauthors":[3902],"class_list":["post-7184","post","type-post","status-publish","format-standard","has-post-thumbnail","hentry","category-noticias-del-dia","tag-honduras-pais","tag-politicas-de-seguridad","tag-prisiones-es","entry"],"parsely":{"version":"1.1.0","canonical_url":"https:\/\/insightcrime.org\/es\/noticias\/noticias-del-dia\/esta-honduras-militarizando-sistema-penitenciario\/","smart_links":{"inbound":0,"outbound":0},"traffic_boost_suggestions_count":0,"meta":{"@context":"https:\/\/schema.org","@type":"NewsArticle","headline":"\u00bfEst\u00e1 Honduras militarizando su sistema penitenciario?","url":"http:\/\/insightcrime.org\/es\/noticias\/noticias-del-dia\/esta-honduras-militarizando-sistema-penitenciario\/","mainEntityOfPage":{"@type":"WebPage","@id":"http:\/\/insightcrime.org\/es\/noticias\/noticias-del-dia\/esta-honduras-militarizando-sistema-penitenciario\/"},"thumbnailUrl":"https:\/\/i0.wp.com\/insightcrime.org\/wp-content\/uploads\/2014\/09\/es-20140919_honduras_prisiones.jpg?resize=150%2C150&quality=100&ssl=1","image":{"@type":"ImageObject","url":"https:\/\/i0.wp.com\/insightcrime.org\/wp-content\/uploads\/2014\/09\/es-20140919_honduras_prisiones.jpg?fit=323%2C195&quality=100&ssl=1"},"articleSection":"Noticias del d\u00eda","author":[{"@type":"Person","name":"Kyra Gurney"}],"creator":["Kyra Gurney"],"publisher":{"@type":"Organization","name":"InSight Crime","logo":"https:\/\/insightcrime.org\/wp-content\/uploads\/2023\/08\/logo.png"},"keywords":["honduras","pol\u00edticas de seguridad","prisiones"],"dateCreated":"2017-03-28T00:04:11Z","datePublished":"2017-03-28T00:04:11Z","dateModified":"2023-04-24T20:41:08Z"},"rendered":"<meta name=\"parsely-title\" content=\"\u00bfEst\u00e1 Honduras militarizando su sistema penitenciario?\" \/>\n<meta name=\"parsely-link\" content=\"http:\/\/insightcrime.org\/es\/noticias\/noticias-del-dia\/esta-honduras-militarizando-sistema-penitenciario\/\" \/>\n<meta name=\"parsely-type\" content=\"post\" \/>\n<meta name=\"parsely-image-url\" content=\"https:\/\/i0.wp.com\/insightcrime.org\/wp-content\/uploads\/2014\/09\/es-20140919_honduras_prisiones.jpg?resize=150%2C150&amp;quality=100&amp;ssl=1\" \/>\n<meta name=\"parsely-pub-date\" content=\"2017-03-28T00:04:11Z\" \/>\n<meta name=\"parsely-section\" content=\"Noticias del d\u00eda\" \/>\n<meta name=\"parsely-tags\" content=\"honduras,pol\u00edticas de seguridad,prisiones\" \/>\n<meta name=\"parsely-author\" content=\"Kyra Gurney\" \/>","tracker_url":"https:\/\/cdn.parsely.com\/keys\/insightcrime.org\/p.js"},"jetpack_sharing_enabled":true,"jetpack-related-posts":[{"id":127403,"url":"https:\/\/insightcrime.org\/es\/noticias\/desde-drones-cae-contrabando-en-prision-panama\/","url_meta":{"origin":7184,"position":0},"title":"Desde drones cae contrabando en prisi\u00f3n de Panam\u00e1","author":"Alessandro Ford","date":"26 de noviembre de 2020","format":false,"excerpt":"Una oleada de intentos de introducci\u00f3n de contrabando en el mayor complejo penitenciario de Panam\u00e1 cuestiona las pretensiones del gobierno sobre el \u00e9xito de las recientes reformas para reforzar la seguridad en las prisiones del pa\u00eds, y devela la diversidad y la persistencia de las t\u00e1cticas de contrabando en las\u2026","rel":"","context":"En \u00abNoticias\u00bb","block_context":{"text":"Noticias","link":"https:\/\/insightcrime.org\/es\/category\/noticias\/"},"img":{"alt_text":"","src":"https:\/\/i0.wp.com\/insightcrime.org\/wp-content\/uploads\/2020\/11\/Eg75zcHWoAMS-V5.jpeg?fit=350%2C250&quality=100&ssl=1&resize=350%2C200","width":350,"height":200},"classes":[]},{"id":148965,"url":"https:\/\/insightcrime.org\/es\/noticias\/ejercito-honduras-duras-criticas-actos-violentos-carceles\/","url_meta":{"origin":7184,"position":1},"title":"Ej\u00e9rcito de Honduras recibe duras cr\u00edticas tras actos violentos en c\u00e1rceles","author":"Chris Dalby","date":"21 de junio de 2021","format":false,"excerpt":"Una masacre entre las pandillas Barrio 18 y MS13 en la prisi\u00f3n m\u00e1s tristemente c\u00e9lebre de Honduras plantea dudas acerca de si el papel del ej\u00e9rcito est\u00e1 siendo efectivo, tras haber asumido la responsabilidad de la seguridad de las prisiones en diciembre de 2019.","rel":"","context":"En \u00abNoticias\u00bb","block_context":{"text":"Noticias","link":"https:\/\/insightcrime.org\/es\/category\/noticias\/"},"img":{"alt_text":"An ambulance enters La Tolva Prison in Honduras","src":"https:\/\/i0.wp.com\/insightcrime.org\/wp-content\/uploads\/2021\/06\/Carcel-LaTolva.jpg?fit=350%2C250&quality=100&ssl=1&resize=350%2C200","width":350,"height":200},"classes":[]},{"id":289816,"url":"https:\/\/insightcrime.org\/es\/noticias\/arrestos-guardias-penitenciarios-guatemala-muestra-vulnerabilidad-mujeres-reclusas\/","url_meta":{"origin":7184,"position":2},"title":"Detenciones dan cuenta de abusos contra mujeres en c\u00e1rceles de Guatemala","author":"Lara Loaiza","date":"28 de agosto de 2024","format":false,"excerpt":"Autoridades guatemaltecas han llevado a cabo m\u00faltiples arrestos de guardias de prisiones implicados en esquemas de explotaci\u00f3n sexual que victimizan a las mujeres encarceladas.","rel":"","context":"En \u00abNoticias\u00bb","block_context":{"text":"Noticias","link":"https:\/\/insightcrime.org\/es\/category\/noticias\/"},"img":{"alt_text":"","src":"https:\/\/i0.wp.com\/insightcrime.org\/wp-content\/uploads\/2024\/08\/Guatemala-prison-sexual-abuse.png?fit=350%2C250&quality=100&ssl=1&resize=350%2C200","width":350,"height":200},"classes":[]},{"id":173548,"url":"https:\/\/insightcrime.org\/es\/news\/los-avatares-de-un-arroz-chino-para-colarse-en-una-prision-en-colombia\/","url_meta":{"origin":7184,"position":3},"title":"Los avatares de un arroz chino para colarse en una prisi\u00f3n en Colombia","author":"Gabrielle Gorder","date":"17 de diciembre de 2021","format":false,"excerpt":"El lucrativo negocio de domicilios secretos que ten\u00edan varios guardias penitenciarios en Colombia ofrece otro ejemplo de la diversidad de servicios a los que pueden tener acceso los privados de la libertad.","rel":"","context":"En \u00abNews\u00bb","block_context":{"text":"News","link":"https:\/\/insightcrime.org\/category\/news\/"},"img":{"alt_text":"contrabando-drones-prisiones","src":"https:\/\/i0.wp.com\/insightcrime.org\/wp-content\/uploads\/2021\/12\/drone_colombia_ElPais_11122021.jpg?fit=565%2C440&quality=100&ssl=1&resize=350%2C200","width":350,"height":200,"srcset":"https:\/\/i0.wp.com\/insightcrime.org\/wp-content\/uploads\/2021\/12\/drone_colombia_ElPais_11122021.jpg?fit=565%2C440&quality=100&ssl=1&resize=350%2C200 1x, https:\/\/i0.wp.com\/insightcrime.org\/wp-content\/uploads\/2021\/12\/drone_colombia_ElPais_11122021.jpg?fit=565%2C440&quality=100&ssl=1&resize=525%2C300 1.5x"},"classes":[]},{"id":141310,"url":"https:\/\/insightcrime.org\/es\/noticias\/cierre-carceles-dilata-problema-mexico\/","url_meta":{"origin":7184,"position":4},"title":"Cierre de c\u00e1rceles solo dilata el problema de estos centros en M\u00e9xico","author":"Max Radwin","date":"19 de abril de 2021","format":false,"excerpt":"El cierre de una prisi\u00f3n estatal en M\u00e9xico es una respuesta poco convencional del gobierno frente a las precarias condiciones de los reclusos, pero no ser\u00e1 una soluci\u00f3n definitiva a los problemas de fondo que aquejan a los centros penitenciarios del pa\u00eds.","rel":"","context":"En \u00abNoticias\u00bb","block_context":{"text":"Noticias","link":"https:\/\/insightcrime.org\/es\/category\/noticias\/"},"img":{"alt_text":"","src":"https:\/\/i0.wp.com\/insightcrime.org\/wp-content\/uploads\/2021\/04\/Temascaltepec-Prison.jpg?fit=350%2C250&quality=100&ssl=1&resize=350%2C200","width":350,"height":200},"classes":[]},{"id":299762,"url":"https:\/\/insightcrime.org\/es\/investigaciones\/ocurrio-cuando-guatemala-intento-despedir-102-guardias-penitenciarios\/","url_meta":{"origin":7184,"position":5},"title":"\u00bfQu\u00e9 ocurri\u00f3 cuando el Ministerio de Gobernaci\u00f3n de Guatemala intent\u00f3 despedir a 102 guardias penitenciarios se\u00f1alados de corrupci\u00f3n?","author":"Alex Papadovassilakis","date":"15 de enero de 2025","format":false,"excerpt":"En junio de 2024, el Ministerio de Gobernaci\u00f3n de Guatemala present\u00f3 una denuncia ante el Ministerio P\u00fablico contra 102 guardias penitenciarios se\u00f1alados de corrupci\u00f3n. Pero los fiscales a\u00fan no han iniciado una investigaci\u00f3n s\u00f3lida sobre el caso y es posible que tengan pocos incentivos para hacerlo.","rel":"","context":"En \u00abAudio\u00bb","block_context":{"text":"Audio","link":"https:\/\/insightcrime.org\/es\/category\/audio-es\/"},"img":{"alt_text":"","src":"https:\/\/i0.wp.com\/insightcrime.org\/wp-content\/uploads\/2025\/01\/Guatemala-Cover-Study-1-InSight-Crime-Ene-2025-1.jpg?fit=1200%2C690&quality=100&ssl=1&resize=350%2C200","width":350,"height":200,"srcset":"https:\/\/i0.wp.com\/insightcrime.org\/wp-content\/uploads\/2025\/01\/Guatemala-Cover-Study-1-InSight-Crime-Ene-2025-1.jpg?fit=1200%2C690&quality=100&ssl=1&resize=350%2C200 1x, https:\/\/i0.wp.com\/insightcrime.org\/wp-content\/uploads\/2025\/01\/Guatemala-Cover-Study-1-InSight-Crime-Ene-2025-1.jpg?fit=1200%2C690&quality=100&ssl=1&resize=525%2C300 1.5x, https:\/\/i0.wp.com\/insightcrime.org\/wp-content\/uploads\/2025\/01\/Guatemala-Cover-Study-1-InSight-Crime-Ene-2025-1.jpg?fit=1200%2C690&quality=100&ssl=1&resize=700%2C400 2x, https:\/\/i0.wp.com\/insightcrime.org\/wp-content\/uploads\/2025\/01\/Guatemala-Cover-Study-1-InSight-Crime-Ene-2025-1.jpg?fit=1200%2C690&quality=100&ssl=1&resize=1050%2C600 3x"},"classes":[]}],"jetpack_featured_media_url":"https:\/\/i0.wp.com\/insightcrime.org\/wp-content\/uploads\/2014\/09\/es-20140919_honduras_prisiones.jpg?fit=323%2C195&quality=100&ssl=1","_links":{"self":[{"href":"https:\/\/insightcrime.org\/es\/wp-json\/wp\/v2\/posts\/7184","targetHints":{"allow":["GET"]}}],"collection":[{"href":"https:\/\/insightcrime.org\/es\/wp-json\/wp\/v2\/posts"}],"about":[{"href":"https:\/\/insightcrime.org\/es\/wp-json\/wp\/v2\/types\/post"}],"author":[{"embeddable":true,"href":"https:\/\/insightcrime.org\/es\/wp-json\/wp\/v2\/users\/35"}],"replies":[{"embeddable":true,"href":"https:\/\/insightcrime.org\/es\/wp-json\/wp\/v2\/comments?post=7184"}],"version-history":[{"count":1,"href":"https:\/\/insightcrime.org\/es\/wp-json\/wp\/v2\/posts\/7184\/revisions"}],"predecessor-version":[{"id":23178,"href":"https:\/\/insightcrime.org\/es\/wp-json\/wp\/v2\/posts\/7184\/revisions\/23178"}],"wp:featuredmedia":[{"embeddable":true,"href":"https:\/\/insightcrime.org\/es\/wp-json\/wp\/v2\/media\/41089"}],"wp:attachment":[{"href":"https:\/\/insightcrime.org\/es\/wp-json\/wp\/v2\/media?parent=7184"}],"wp:term":[{"taxonomy":"category","embeddable":true,"href":"https:\/\/insightcrime.org\/es\/wp-json\/wp\/v2\/categories?post=7184"},{"taxonomy":"post_tag","embeddable":true,"href":"https:\/\/insightcrime.org\/es\/wp-json\/wp\/v2\/tags?post=7184"},{"taxonomy":"newspack_spnsrs_tax","embeddable":true,"href":"https:\/\/insightcrime.org\/es\/wp-json\/wp\/v2\/newspack_spnsrs_tax?post=7184"},{"taxonomy":"author","embeddable":true,"href":"https:\/\/insightcrime.org\/es\/wp-json\/wp\/v2\/coauthors?post=7184"}],"curies":[{"name":"wp","href":"https:\/\/api.w.org\/{rel}","templated":true}]}}