{"id":7189,"date":"2014-09-22T16:38:16","date_gmt":"2017-03-28T00:04:13","guid":{"rendered":"http:\/\/newwp.insightcrime.org?p=7189"},"modified":"2023-04-24T15:41:10","modified_gmt":"2023-04-24T20:41:10","slug":"tras-intento-cese-al-fuego-crece-violencia-pandillas-belice","status":"publish","type":"post","link":"https:\/\/insightcrime.org\/es\/noticias\/noticias-del-dia\/tras-intento-cese-al-fuego-crece-violencia-pandillas-belice\/","title":{"rendered":"Tras intento de cese al fuego, crece violencia entre pandillas en Belice"},"content":{"rendered":"\n<p class=\"wp-block-paragraph\">Una serie de asesinatos en Ciudad de Belice han alimentado las preocupaciones sobre un incremento en la violencia entre pandillas, menos de cinco meses despu\u00e9s del m\u00e1s reciente intento del gobierno por negociar una tregua entre las mismas.&nbsp;<\/p>\n\n\n\n<p class=\"wp-block-paragraph\">Seg\u00fan la polic\u00eda de Ciudad de Belice, tres personas fueron asesinadas y cinco resultaron heridas en cuatro balaceras que tuvieron lugar el 17 de septiembre, <a href=\"https:\/\/www.7newsbelize.com\/index.php#story1\" target=\"_blank\">inform\u00f3 7 News Belize<\/a>. La violencia se desat\u00f3 luego de que el padre de un presunto pandillero fuera asesinado por un hombre armado mientras jugaba domin\u00f3 en su patio. Seg\u00fan la polic\u00eda, este incidente dispar\u00f3 una ola de asesinatos en retaliaci\u00f3n, <a href=\"https:\/\/edition.channel5belize.com\/archives\/104004\" target=\"_blank\">inform\u00f3 News 5<\/a>.<\/p>\n\n\n\n<p class=\"wp-block-paragraph\">Tras el incremento de la violencia, el primer ministro de Belice, Dean Barrow, sostuvo una reuni\u00f3n de emergencia con la polic\u00eda para discutir su respuesta frente a la situaci\u00f3n. En una conferencia de prensa luego de la reuni\u00f3n, agentes de la polic\u00eda afirmaron que aumentar\u00e1n el patrullaje en las calles y establecer\u00e1n m\u00e1s retenes para los veh\u00edculos.<\/p>\n\n\n\n<h3 class=\"wp-block-heading\">An\u00e1lisis de InSight Crime<\/h3>\n\n\n\n<p class=\"wp-block-paragraph\">Las treguas de pandillas son dif\u00edciles, <a href=\"\/noticias\/analisis\/la-incomoda-verdad-sobre-las-treguas-de-pandillas-en-las-americas\" target=\"_blank\">si no imposibles<\/a>, de mantener. Por lo general dependen de la voluntad de los l\u00edderes que a menudo no tienen control suficiente sobre los pandilleros para mantener la paz, especialmente donde hay una larga historia de venganzas entre organizaciones, y donde hay grandes problemas sociales que no tienen una pronta soluci\u00f3n.<\/p>\n\n\n\n<p class=\"wp-block-paragraph\">El gobierno de Belice tambi\u00e9n confirm\u00f3 lo anterior. Ha hecho varios intentos para acabar con la violencia de ra\u00edz negociando treguas con las pandillas, las cuales han fallado estrepitosamente. En septiembre de 2011, el gobierno de Belice cre\u00f3 un <a href=\"\/news\/briefs\/money-runs-out-for-belize-gang-truce\" target=\"_blank\">programa de trabajo<\/a>, en el que pagaban sueldos a los pandilleros que accedieran a participar en una tregua. El programa trajo una ca\u00edda inmediata en los homicidios, pero en diciembre de 2012 se acabaron los fondos y el gobierno acab\u00f3 la iniciativa.<\/p>\n\n\n\n<p class=\"wp-block-paragraph\"><span style=\"color: #800000\"><strong>VEA TAMBI\u00c9N:<\/strong><\/span> <a href=\"\/tag\/belice\" target=\"_blank\">Cobertura sobre Belice<\/a><\/p>\n\n\n\n<p class=\"wp-block-paragraph\">M\u00e1s recientemente, en abril de 2014, el director de la polic\u00eda del pa\u00eds <a href=\"\/noticias\/noticias-del-dia\/cese-fuego-pandillas-belice-alivio-temporal\" target=\"_blank\">negoci\u00f3 un cese al fuego<\/a> entre pandillas rivales en Ciudad de Belice luego de que ocurrieran siete asesinatos relacionadas con las pandillas en un per\u00edodo de 10 d\u00edas. Sin embargo, a principios de junio las <a href=\"https:\/\/edition.channel5belize.com\/archives\/99968\" target=\"_blank\">pandillas estaban en guerra nuevamente<\/a>, con nueve asesinatos en tres d\u00edas.<\/p>\n\n\n\n<p class=\"wp-block-paragraph\">Se cree que la pandilla presuntamente involucrada en los tiroteos m\u00e1s recientes \u2013la George Street Gang, tambi\u00e9n conocida como George Street Bloods- es la m\u00e1s poderosa del pa\u00eds. Belice tiene varias pandillas locales que tienen como <a href=\"https:\/\/amandala.com.bz\/news\/gangs-cops-cops-gangs\/\" target=\"_blank\">modelo los Crips y Bloods de Los Angeles<\/a>, y ha habido informes recientes sobre la Mara Salvatrucha (MS13) <a href=\"\/noticias\/noticias-del-dia\/arrestos-alimentan-informes-sobre-presencia-de-pandilla-ms-13-belice\" target=\"_blank\">desarrollando su presencia en el pa\u00eds<\/a>.<\/p>\n\n\n\n<p class=\"wp-block-paragraph\">Las pandillas han alimentado los altos niveles de violencia en Belice, convirtiendo al pa\u00eds en uno de los m\u00e1s violentos del mundo. Seg\u00fan unas cifras de la Oficina de Naciones Unidas contra la Droga y el Delito (UNODC), Belice fue <a href=\"https:\/\/www.osac.gov\/pages\/ContentReportDetails.aspx?cid=14034\" target=\"_blank\">el sexto pa\u00eds m\u00e1s violento del mundo<\/a> en 2013, con una tasa de homicidios que supera los 40 homicidios por cada 100.000 habitantes.<\/p>\n","protected":false},"excerpt":{"rendered":"<p>Una serie de asesinatos en Ciudad de Belice han alimentado las preocupaciones sobre un incremento en la violencia entre pandillas, menos de cinco meses despu\u00e9s del m\u00e1s reciente intento del gobierno por negociar una tregua entre las mismas.&nbsp;<\/p>\n","protected":false},"author":35,"featured_media":41099,"comment_status":"closed","ping_status":"closed","sticky":false,"template":"","format":"standard","meta":{"newspack_ads_suppress_ads":false,"newspack_popups_has_disabled_popups":false,"newspack_sponsor_sponsorship_scope":"","newspack_sponsor_native_byline_display":"inherit","newspack_sponsor_native_category_display":"inherit","newspack_sponsor_underwriter_style":"inherit","newspack_sponsor_underwriter_placement":"inherit","_EventAllDay":false,"_EventTimezone":"","_EventStartDate":"","_EventEndDate":"","_EventStartDateUTC":"","_EventEndDateUTC":"","_EventShowMap":false,"_EventShowMapLink":false,"_EventURL":"","_EventCost":"","_EventCostDescription":"","_EventCurrencySymbol":"","_EventCurrencyCode":"","_EventCurrencyPosition":"","_EventDateTimeSeparator":"","_EventTimeRangeSeparator":"","_EventOrganizerID":[],"_EventVenueID":[],"_OrganizerEmail":"","_OrganizerPhone":"","_OrganizerWebsite":"","_VenueAddress":"","_VenueCity":"","_VenueCountry":"","_VenueProvince":"","_VenueState":"","_VenueZip":"","_VenuePhone":"","_VenueURL":"","_VenueStateProvince":"","_VenueLat":"","_VenueLng":"","_VenueShowMap":false,"_VenueShowMapLink":false,"_newspack_byline_active":false,"_newspack_byline":"","newspack_hide_updated_date":false,"newspack_show_updated_date":false,"newspack_featured_image_position":"","newspack_post_subtitle":"","newspack_article_summary_title":"Overview:","newspack_article_summary":"","_jetpack_memberships_contains_paid_content":false,"footnotes":""},"categories":[334],"tags":[3152,452],"newspack_spnsrs_tax":[],"coauthors":[3902],"class_list":["post-7189","post","type-post","status-publish","format-standard","has-post-thumbnail","hentry","category-noticias-del-dia","tag-belice-pais","tag-homicidios","entry"],"parsely":{"version":"1.1.0","canonical_url":"https:\/\/insightcrime.org\/es\/noticias\/noticias-del-dia\/tras-intento-cese-al-fuego-crece-violencia-pandillas-belice\/","smart_links":{"inbound":0,"outbound":0},"traffic_boost_suggestions_count":0,"meta":{"@context":"https:\/\/schema.org","@type":"NewsArticle","headline":"Tras intento de cese al fuego, crece violencia entre pandillas en Belice","url":"http:\/\/insightcrime.org\/es\/noticias\/noticias-del-dia\/tras-intento-cese-al-fuego-crece-violencia-pandillas-belice\/","mainEntityOfPage":{"@type":"WebPage","@id":"http:\/\/insightcrime.org\/es\/noticias\/noticias-del-dia\/tras-intento-cese-al-fuego-crece-violencia-pandillas-belice\/"},"thumbnailUrl":"https:\/\/i0.wp.com\/insightcrime.org\/wp-content\/uploads\/2014\/09\/es-20140922_belice_pandillas.jpg?resize=150%2C150&quality=100&ssl=1","image":{"@type":"ImageObject","url":"https:\/\/i0.wp.com\/insightcrime.org\/wp-content\/uploads\/2014\/09\/es-20140922_belice_pandillas.jpg?fit=323%2C195&quality=100&ssl=1"},"articleSection":"Noticias del d\u00eda","author":[{"@type":"Person","name":"Kyra Gurney"}],"creator":["Kyra Gurney"],"publisher":{"@type":"Organization","name":"InSight Crime","logo":"https:\/\/insightcrime.org\/wp-content\/uploads\/2023\/08\/logo.png"},"keywords":["belice","homicidios"],"dateCreated":"2017-03-28T00:04:13Z","datePublished":"2017-03-28T00:04:13Z","dateModified":"2023-04-24T20:41:10Z"},"rendered":"<meta name=\"parsely-title\" content=\"Tras intento de cese al fuego, crece violencia entre pandillas en Belice\" \/>\n<meta name=\"parsely-link\" content=\"http:\/\/insightcrime.org\/es\/noticias\/noticias-del-dia\/tras-intento-cese-al-fuego-crece-violencia-pandillas-belice\/\" \/>\n<meta name=\"parsely-type\" content=\"post\" \/>\n<meta name=\"parsely-image-url\" content=\"https:\/\/i0.wp.com\/insightcrime.org\/wp-content\/uploads\/2014\/09\/es-20140922_belice_pandillas.jpg?resize=150%2C150&amp;quality=100&amp;ssl=1\" \/>\n<meta name=\"parsely-pub-date\" content=\"2017-03-28T00:04:13Z\" \/>\n<meta name=\"parsely-section\" content=\"Noticias del d\u00eda\" \/>\n<meta name=\"parsely-tags\" content=\"belice,homicidios\" \/>\n<meta name=\"parsely-author\" content=\"Kyra Gurney\" \/>","tracker_url":"https:\/\/cdn.parsely.com\/keys\/insightcrime.org\/p.js"},"jetpack_sharing_enabled":true,"jetpack-related-posts":[{"id":167506,"url":"https:\/\/insightcrime.org\/es\/noticias\/estados-emergencia-belice-cura-adiccion\/","url_meta":{"origin":7189,"position":0},"title":"Estados de emergencia en Belice: \u00bfcura o adicci\u00f3n?","author":"Scott Mistler-Ferguson","date":"17 de septiembre de 2021","format":false,"excerpt":"A pesar de que las estad\u00edsticas de homicidios han tenido cierta mejora, Belice contin\u00faa declarando estados de emergencia regularmente debido a las tasas de criminalidad. Pero \u00bfrealmente son efectivas estas medidas?","rel":"","context":"En \u00abNoticias\u00bb","block_context":{"text":"Noticias","link":"https:\/\/insightcrime.org\/es\/category\/noticias\/"},"img":{"alt_text":"Belize Police Commissioner Chester Williams","src":"https:\/\/i0.wp.com\/insightcrime.org\/wp-content\/uploads\/2021\/09\/Chester-Williams.jpg?fit=350%2C250&quality=100&ssl=1&resize=350%2C200","width":350,"height":200},"classes":[]},{"id":305078,"url":"https:\/\/insightcrime.org\/es\/noticias\/entrevistas\/perspectiva-genero-puede-ayudar-reducir-violencia-armada-masculina\/","url_meta":{"origin":7189,"position":1},"title":"C\u00f3mo la perspectiva de g\u00e9nero puede ayudar a reducir la violencia armada masculina","author":"Peter Appleby","date":"10 de marzo de 2025","format":false,"excerpt":"A medida que las pandillas siguen impulsando la violencia en Am\u00e9rica Latina y el Caribe, nuevas investigaciones est\u00e1n examinando c\u00f3mo las construcciones sociales de la masculinidad influyen en el problema. Los hombres cometen el 90% de los homicidios con armas de fuego en el mundo, pero el papel del g\u00e9nero\u2026","rel":"","context":"En \u00abNoticias\u00bb","block_context":{"text":"Noticias","link":"https:\/\/insightcrime.org\/es\/category\/noticias\/"},"img":{"alt_text":"","src":"https:\/\/i0.wp.com\/insightcrime.org\/wp-content\/uploads\/2025\/03\/Belize-gangs-1.jpg?fit=333%2C250&quality=100&ssl=1&resize=350%2C200","width":350,"height":200},"classes":[]},{"id":130678,"url":"https:\/\/insightcrime.org\/es\/noticias\/balance-insight-crime-homicidios-2020\/","url_meta":{"origin":7189,"position":2},"title":"Balance de InSight Crime de los homicidios en 2020","author":"Parker Asmann","date":"29 de enero de 2021","format":false,"excerpt":"Si bien en 2019 hubo agitaci\u00f3n en gran parte de Am\u00e9rica Latina, en 2020 el coronavirus fue el protagonista y estremeci\u00f3 a la regi\u00f3n en 2020, desestabilizando todas las actividades, desde las operaciones comerciales hasta el accionar de pandillas locales y organizaciones criminales transnacionales.","rel":"","context":"En \u00abNoticias\u00bb","block_context":{"text":"Noticias","link":"https:\/\/insightcrime.org\/es\/category\/noticias\/"},"img":{"alt_text":"","src":"https:\/\/i0.wp.com\/insightcrime.org\/wp-content\/uploads\/2021\/01\/Cover-Tasa-de-homicidios-en-Ame%CC%81rica-Latina-y-el-Caribe-en-2020_InSight-Crime_Map_Ene-2021.jpg?fit=1200%2C683&quality=100&ssl=1&resize=350%2C200","width":350,"height":200,"srcset":"https:\/\/i0.wp.com\/insightcrime.org\/wp-content\/uploads\/2021\/01\/Cover-Tasa-de-homicidios-en-Ame%CC%81rica-Latina-y-el-Caribe-en-2020_InSight-Crime_Map_Ene-2021.jpg?fit=1200%2C683&quality=100&ssl=1&resize=350%2C200 1x, https:\/\/i0.wp.com\/insightcrime.org\/wp-content\/uploads\/2021\/01\/Cover-Tasa-de-homicidios-en-Ame%CC%81rica-Latina-y-el-Caribe-en-2020_InSight-Crime_Map_Ene-2021.jpg?fit=1200%2C683&quality=100&ssl=1&resize=525%2C300 1.5x, https:\/\/i0.wp.com\/insightcrime.org\/wp-content\/uploads\/2021\/01\/Cover-Tasa-de-homicidios-en-Ame%CC%81rica-Latina-y-el-Caribe-en-2020_InSight-Crime_Map_Ene-2021.jpg?fit=1200%2C683&quality=100&ssl=1&resize=700%2C400 2x, https:\/\/i0.wp.com\/insightcrime.org\/wp-content\/uploads\/2021\/01\/Cover-Tasa-de-homicidios-en-Ame%CC%81rica-Latina-y-el-Caribe-en-2020_InSight-Crime_Map_Ene-2021.jpg?fit=1200%2C683&quality=100&ssl=1&resize=1050%2C600 3x"},"classes":[]},{"id":209348,"url":"https:\/\/insightcrime.org\/es\/noticias\/balance-insight-crime-dhomicidios-en-2022\/","url_meta":{"origin":7189,"position":3},"title":"Balance de InSight Crime de los homicidios en 2022","author":"Peter Appleby","date":"8 de febrero de 2023","format":false,"excerpt":"El Balance de InSight Crime sobre los homicidios en 2022 incluye m\u00e1s pa\u00edses que nunca y abarca varios pa\u00edses del Caribe.","rel":"","context":"En \u00abNoticias\u00bb","block_context":{"text":"Noticias","link":"https:\/\/insightcrime.org\/es\/category\/noticias\/"},"img":{"alt_text":"","src":"https:\/\/i0.wp.com\/insightcrime.org\/wp-content\/uploads\/2023\/02\/Flagship-Cover-ES-Tasa-de-homicidios-en-las-capitales-de-Latinoamerica-y-el-Caribe-2022_InSight-Crime_Map_Jan-2022.jpg?fit=1200%2C683&quality=100&ssl=1&resize=350%2C200","width":350,"height":200,"srcset":"https:\/\/i0.wp.com\/insightcrime.org\/wp-content\/uploads\/2023\/02\/Flagship-Cover-ES-Tasa-de-homicidios-en-las-capitales-de-Latinoamerica-y-el-Caribe-2022_InSight-Crime_Map_Jan-2022.jpg?fit=1200%2C683&quality=100&ssl=1&resize=350%2C200 1x, https:\/\/i0.wp.com\/insightcrime.org\/wp-content\/uploads\/2023\/02\/Flagship-Cover-ES-Tasa-de-homicidios-en-las-capitales-de-Latinoamerica-y-el-Caribe-2022_InSight-Crime_Map_Jan-2022.jpg?fit=1200%2C683&quality=100&ssl=1&resize=525%2C300 1.5x, https:\/\/i0.wp.com\/insightcrime.org\/wp-content\/uploads\/2023\/02\/Flagship-Cover-ES-Tasa-de-homicidios-en-las-capitales-de-Latinoamerica-y-el-Caribe-2022_InSight-Crime_Map_Jan-2022.jpg?fit=1200%2C683&quality=100&ssl=1&resize=700%2C400 2x, https:\/\/i0.wp.com\/insightcrime.org\/wp-content\/uploads\/2023\/02\/Flagship-Cover-ES-Tasa-de-homicidios-en-las-capitales-de-Latinoamerica-y-el-Caribe-2022_InSight-Crime_Map_Jan-2022.jpg?fit=1200%2C683&quality=100&ssl=1&resize=1050%2C600 3x"},"classes":[]},{"id":135082,"url":"https:\/\/insightcrime.org\/es\/noticias\/funcionarios-policias-belice-ayudan-ocultar-narcovuelos\/","url_meta":{"origin":7189,"position":4},"title":"Funcionarios y polic\u00edas de Belice ayudan a ocultar narcovuelos","author":"Katie Jones","date":"1 de marzo de 2021","format":false,"excerpt":"Belice est\u00e1 intentando resolver diversos informes seg\u00fan los cuales varios funcionarios corruptos han estado facilitando el uso del pa\u00eds como punto de tr\u00e1nsito de coca\u00edna.","rel":"","context":"En \u00abNoticias\u00bb","block_context":{"text":"Noticias","link":"https:\/\/insightcrime.org\/es\/category\/noticias\/"},"img":{"alt_text":"","src":"https:\/\/i0.wp.com\/insightcrime.org\/wp-content\/uploads\/2021\/02\/Belize-Drug-Plane-2-1.jpg?fit=350%2C250&quality=100&ssl=1&resize=350%2C200","width":350,"height":200},"classes":[]},{"id":177032,"url":"https:\/\/insightcrime.org\/es\/noticias\/balance-insight-crime-homicidios-2021\/","url_meta":{"origin":7189,"position":5},"title":"Balance de InSight Crime de los homicidios en 2021","author":"InSight Crime","date":"1 de febrero de 2022","format":false,"excerpt":"En 2021, la mayor parte de los pa\u00edses de Am\u00e9rica Latina experimentaron un acentuado aumento en los asesinatos. Era de esperarse que la violencia resurgiera en la regi\u00f3n, despu\u00e9s del levantamiento de algunos de los confinamientos por COVID-19 m\u00e1s estrictos del mundo","rel":"","context":"En \u00abNoticias\u00bb","block_context":{"text":"Noticias","link":"https:\/\/insightcrime.org\/es\/category\/noticias\/"},"img":{"alt_text":"","src":"https:\/\/i0.wp.com\/insightcrime.org\/wp-content\/uploads\/2022\/01\/Cover-Homicidios_InSight-Crime_Map_Jan-2021.jpg?fit=1200%2C683&quality=100&ssl=1&resize=350%2C200","width":350,"height":200,"srcset":"https:\/\/i0.wp.com\/insightcrime.org\/wp-content\/uploads\/2022\/01\/Cover-Homicidios_InSight-Crime_Map_Jan-2021.jpg?fit=1200%2C683&quality=100&ssl=1&resize=350%2C200 1x, https:\/\/i0.wp.com\/insightcrime.org\/wp-content\/uploads\/2022\/01\/Cover-Homicidios_InSight-Crime_Map_Jan-2021.jpg?fit=1200%2C683&quality=100&ssl=1&resize=525%2C300 1.5x, https:\/\/i0.wp.com\/insightcrime.org\/wp-content\/uploads\/2022\/01\/Cover-Homicidios_InSight-Crime_Map_Jan-2021.jpg?fit=1200%2C683&quality=100&ssl=1&resize=700%2C400 2x, https:\/\/i0.wp.com\/insightcrime.org\/wp-content\/uploads\/2022\/01\/Cover-Homicidios_InSight-Crime_Map_Jan-2021.jpg?fit=1200%2C683&quality=100&ssl=1&resize=1050%2C600 3x"},"classes":[]}],"jetpack_featured_media_url":"https:\/\/i0.wp.com\/insightcrime.org\/wp-content\/uploads\/2014\/09\/es-20140922_belice_pandillas.jpg?fit=323%2C195&quality=100&ssl=1","_links":{"self":[{"href":"https:\/\/insightcrime.org\/es\/wp-json\/wp\/v2\/posts\/7189","targetHints":{"allow":["GET"]}}],"collection":[{"href":"https:\/\/insightcrime.org\/es\/wp-json\/wp\/v2\/posts"}],"about":[{"href":"https:\/\/insightcrime.org\/es\/wp-json\/wp\/v2\/types\/post"}],"author":[{"embeddable":true,"href":"https:\/\/insightcrime.org\/es\/wp-json\/wp\/v2\/users\/35"}],"replies":[{"embeddable":true,"href":"https:\/\/insightcrime.org\/es\/wp-json\/wp\/v2\/comments?post=7189"}],"version-history":[{"count":1,"href":"https:\/\/insightcrime.org\/es\/wp-json\/wp\/v2\/posts\/7189\/revisions"}],"predecessor-version":[{"id":23188,"href":"https:\/\/insightcrime.org\/es\/wp-json\/wp\/v2\/posts\/7189\/revisions\/23188"}],"wp:featuredmedia":[{"embeddable":true,"href":"https:\/\/insightcrime.org\/es\/wp-json\/wp\/v2\/media\/41099"}],"wp:attachment":[{"href":"https:\/\/insightcrime.org\/es\/wp-json\/wp\/v2\/media?parent=7189"}],"wp:term":[{"taxonomy":"category","embeddable":true,"href":"https:\/\/insightcrime.org\/es\/wp-json\/wp\/v2\/categories?post=7189"},{"taxonomy":"post_tag","embeddable":true,"href":"https:\/\/insightcrime.org\/es\/wp-json\/wp\/v2\/tags?post=7189"},{"taxonomy":"newspack_spnsrs_tax","embeddable":true,"href":"https:\/\/insightcrime.org\/es\/wp-json\/wp\/v2\/newspack_spnsrs_tax?post=7189"},{"taxonomy":"author","embeddable":true,"href":"https:\/\/insightcrime.org\/es\/wp-json\/wp\/v2\/coauthors?post=7189"}],"curies":[{"name":"wp","href":"https:\/\/api.w.org\/{rel}","templated":true}]}}