{"id":7213,"date":"2014-09-29T17:41:19","date_gmt":"2017-03-28T00:04:21","guid":{"rendered":"http:\/\/newwp.insightcrime.org?p=7213"},"modified":"2023-04-24T15:41:18","modified_gmt":"2023-04-24T20:41:18","slug":"identificando-poblacion-prision-preventiva-latinoamerica","status":"publish","type":"post","link":"https:\/\/insightcrime.org\/es\/noticias\/analisis\/identificando-poblacion-prision-preventiva-latinoamerica\/","title":{"rendered":"Identificando la poblaci\u00f3n en prisi\u00f3n preventiva en Latinoam\u00e9rica"},"content":{"rendered":"\n<p class=\"wp-block-paragraph\">Un nuevo informe resalta el uso excesivo de la prisi\u00f3n preventiva en Latinoam\u00e9rica \u2013fen\u00f3meno que contribuye enormemente a la violencia y a la sobrepoblaci\u00f3n carcelaria, las cuales podr\u00edan ser minimizadas de haber la voluntad pol\u00edtica suficiente para generar una mejor legislaci\u00f3n.<\/p>\n\n\n\n<p class=\"wp-block-paragraph\">En un d\u00eda cualquiera, hasta 3,3 millones de personas en el mundo son detenidas bajo prisi\u00f3n preventiva, seg\u00fan un nuevo informe del programa de la Iniciativa de Justicia de Open Societ\u00fd Foundations (OSF \u2013<a href=\"https:\/\/www.opensocietyfoundations.org\/sites\/default\/files\/presumption-guilt-09032014.pdf\" target=\"_blank\">pdf<\/a>).<\/p>\n\n\n\n<p class=\"wp-block-paragraph\">Las Am\u00e9ricas son el hogar de 975.100 de estos detenidos. S\u00f3lo en Latinoam\u00e9rica, m\u00e1s del 40 por ciento de todos los prisioneros permanecen detenidos sin un juicio. Seg\u00fan un an\u00e1lisis en 2012 a los datos del International Centre for Prision Studies (ICPS) por OSF, seis naciones latinoamericanas y del Caribe se encuentran entre los 20 pa\u00edses del mundo con el mayor n\u00famero de detenidos bajo prisi\u00f3n preventiva.<\/p>\n\n\n\n<p class=\"wp-block-paragraph\">En Latinoam\u00e9rica, Bolivia es el pa\u00eds con m\u00e1s detenciones de prisi\u00f3n preventiva: 83 por ciento del total de la poblaci\u00f3n carcelaria se encuentra detenida antes de un juicio, como indica el mapa m\u00e1s abajo. El siguiente es Paraguay, con 73 por ciento, seguido por Venezuela (64 por ciento), Panam\u00e1 (63 por ciento) y Uruguay (tambi\u00e9n aproximadamente 63 por ciento). Una naci\u00f3n del Caribe, Hait\u00ed, logr\u00f3 entrar en la lista: el 70,6 por ciento de su poblaci\u00f3n carcelaria est\u00e1 compuesta por detenidos bajo prisi\u00f3n preventiva.<\/p>\n\n\n\n<p class=\"has-text-align-center wp-block-paragraph\"><strong><span style=\"font-size: 11pt;line-height: 107%;font-family: Calibri, sans-serif\">Detenidos Bajo Prisi\u00f3n Preventiva en % frente a la Poblaci\u00f3n Total de Reclusos&nbsp;<\/span><\/strong><\/p>\n\n\n\n<p class=\"has-text-align-right wp-block-paragraph\"><strong>Fuente:<\/strong> <a href=\"https:\/\/www.opensocietyfoundations.org\/sites\/default\/files\/presumption-guilt-09032014.pdf\" target=\"_blank\">Informe de la Iniciativa de Justicia de Open Society<\/a><\/p>\n\n\n\n<p class=\"wp-block-paragraph\">Las Am\u00e9ricas tambi\u00e9n lideraron las medidas del n\u00famero de detenidos en prisi\u00f3n preventiva por cada 100.000 habitantes, con 107 cada 100.000, comparado con el promedio mundial que es de 50.<\/p>\n\n\n\n<p class=\"wp-block-paragraph\">Panam\u00e1 es la peor parada utilizando esta medida -271 detenidos por cada 100.000 personas, la m\u00e1s alta del mundo.<\/p>\n\n\n\n<p class=\"wp-block-paragraph\">El estudio de OSF encontr\u00f3 que los pa\u00edses con menor ingreso generalmente tienen mayores tasas de detenidos en prisi\u00f3n preventiva. Sin embargo, hay espacio para las anomal\u00edas como Uruguay \u2013una naci\u00f3n <a href=\"https:\/\/datos.bancomundial.org\/nueva-clasificacion-de-paises\" target=\"_blank\">considerada con ingreso alto por el Banco Mundia<\/a>l. Seg\u00fan el informe, esto podr\u00eda explicarse por el hecho de que los pa\u00edses m\u00e1s ricos, que pueden invertir m\u00e1s recursos en su poder judicial, tienden a tener m\u00e1s casos pasando a trav\u00e9s del sistema. Esto podr\u00eda llevar a los mismos problemas que enfrentan los pa\u00edses menos desarrollados: grandes cantidades de trabajos atrasados y prisiones preventivas m\u00e1s largas de lo que deber\u00edan.<\/p>\n\n\n\n<p class=\"wp-block-paragraph\">El estudio tambi\u00e9n se\u00f1al\u00f3 que reducir la poblaci\u00f3n detenida bajo prisi\u00f3n preventiva del mundo a la mitad \u201cen teor\u00eda, resolver\u00eda las crisis mundiales de sobrepoblaci\u00f3n carcelaria\u201d. En las Am\u00e9ricas, bajar\u00eda la capacidad de las prisiones de la regi\u00f3n \u2013actualmente a 119 por ciento de su capacidad- a 103 por ciento de su capacidad.<\/p>\n\n\n\n<p class=\"wp-block-paragraph\">Pero, \u00bfc\u00f3mo ser\u00e1 reducido el n\u00famero de detenidos? El informe hace algunas recomendaciones:<\/p>\n\n\n\n<ul class=\"wp-block-list\">\n<li>Establecer l\u00edmites legales a las circunstancias, per\u00edodo de tiempo, y el alcance de las detenciones en prisi\u00f3n preventiva.<\/li>\n\n\n\n<li>Permitir que los jueces se apoyen con alternativas diferentes a esta medida.<\/li>\n\n\n\n<li>Establecer un valor asequible para los detenidos de todos los niveles socioecon\u00f3micos.<\/li>\n\n\n\n<li>Crear sistemas de revisi\u00f3n obligatorios para los casos de prisi\u00f3n preventiva.<\/li>\n\n\n\n<li>Aumentar la capacidad de los funcionarios judiciales para liberar a los detenidos.<\/li>\n<\/ul>\n\n\n\n<h3 class=\"wp-block-heading\">An\u00e1lisis de InSight Crime<\/h3>\n\n\n\n<p class=\"wp-block-paragraph\">El informe de OSF brinda una perspectiva muy necesaria en el \u00e1mbito de la problem\u00e1tica de la prisi\u00f3n preventiva en Latinoam\u00e9rica. El uso excesivo de esta medida no s\u00f3lo fomenta los niveles de violencia y de sobrepoblaci\u00f3n carcelaria, sino que tambi\u00e9n le proporciona a las pandillas de prisi\u00f3n un conjunto de reclutas vulnerables, lo que podr\u00eda generar que m\u00e1s criminales de poca monta terminen incurriendo en actividades delictivas m\u00e1s graves.<\/p>\n\n\n\n<p class=\"wp-block-paragraph\">Tres de los pa\u00edses de Latinoam\u00e9rica y el Caribe que registraron la mayor cantidad de reclusos en prisi\u00f3n preventiva -Venezuela, Bolivia y Hait\u00ed- tambi\u00e9n son los pa\u00edses con las c\u00e1rceles m\u00e1s sobrepobladas del mundo. <a href=\"https:\/\/www.prisonstudies.org\/highest-to-lowest\/occupancy-level?field_region_taxonomy_tid=All\" target=\"_blank\">Seg\u00fan cifras del ICPS<\/a>, Hait\u00ed ocupa el primer lugar a nivel mundial: las prisiones del pa\u00eds est\u00e1n 416,3 por ciento por encima de su capacidad.<\/p>\n\n\n\n<p class=\"wp-block-paragraph\"><span style=\"color: #800000\"><strong>VEA TAMBI\u00c9N:<\/strong><\/span> <a href=\"?Itemid=6918\" target=\"_blank\">Cobertura sobre prisiones<\/a><\/p>\n\n\n\n<p class=\"wp-block-paragraph\">Estos tres pa\u00edses tienen algo m\u00e1s en com\u00fan: sistemas penitenciaros por fuera de control. Seg\u00fan un informe citado por OSF, en Venezuela, m\u00e1s de 4.500 presos murieron y m\u00e1s de 12.500 resultaron heridos durante motines carcelarios entre 1999 y 2010. La crisis penitenciaria de Hait\u00ed fue resaltada con la reciente <a href=\"https:\/\/es.insightcrime.org\/noticias\/noticias-del-dia\/fuga-presos-prision-haiti-destaca-agitacion-sistema-judicial\/\" target=\"_blank\">fuga en masa de 329 reclusos<\/a>. Y un <a href=\"https:\/\/es.insightcrime.org\/noticias\/noticias-del-dia\/bolivia-lucha-resolver-crisis-penitenciaria\/\" target=\"_blank\">reciente mot\u00edn en una prisi\u00f3n de Bolivia<\/a> result\u00f3 en cuatro muertes y dio lugar a la detenci\u00f3n de un director regional de prisiones.<\/p>\n\n\n\n<p class=\"wp-block-paragraph\">Estos pa\u00edses no son, de ninguna manera, ejemplos independientes. Como se\u00f1al\u00f3 OSF, la prisi\u00f3n preventiva ha contribuido a impulsar crisis criminales y de derechos humanos a lo largo de Latinoam\u00e9rica. Adem\u00e1s, muchas de las c\u00e1rceles en la regi\u00f3n est\u00e1n <a href=\"https:\/\/es.insightcrime.org\/noticias\/analisis\/paradoja-en-brasil-como-las-carceles-fortalecen-las-pandillas\/\" target=\"_blank\">controladas en gran medida por poderosos reclusos<\/a> -a menudo miembros de pandillas- que dictan las reglas en las instalaciones.<\/p>\n\n\n\n<p class=\"wp-block-paragraph\">Como tambi\u00e9n es puesto de relieve por las cifras del informe, el uso extensivo de la prisi\u00f3n preventiva es una problem\u00e1tica a la que se enfrentan los pa\u00edses de Latinoam\u00e9rica, los cuales, en lugar de ver esta medida como un \u00faltimo recurso, la utilizan con frecuencia y, a menudo, de manera arbitraria. Este es un problema particular en M\u00e9xico, donde el sistema judicial hace un amplio uso de una medida conocida como \u201carraigo\u201d -el derecho de detener y retener a un sospechoso antes de presentar cargos. El uso excesivo de la prisi\u00f3n preventiva tambi\u00e9n alimenta un c\u00edrculo vicioso: genera una cantidad creciente de reclusos, y por lo tanto hace que sea imposible procesar los casos a un ritmo lo suficientemente r\u00e1pido como para desatascar el sistema.<\/p>\n\n\n\n<p class=\"wp-block-paragraph\">Otro problema es el lugar en el que se ubica a los detenidos que est\u00e1n a la espera de ser juzgados. A menudo son recluidos en instalaciones precarias por per\u00edodos mucho m\u00e1s largos que los permitidos por la ley. En pa\u00edses como Uruguay y El Salvador, tanto los condenados como aquellos que se encuentran recluidos en prisi\u00f3n preventiva son ubicados en las mismas instalaciones, aumentando la posibilidad de que los sospechosos -que podr\u00edan ser inocentes- queden expuestos a criminales de alto riesgo que han sido absorbidos por las pandillas violentas. Esta ha sido la experiencia de los pa\u00edses del Tri\u00e1ngulo Norte -El Salvador, Honduras y Guatemala- donde las redadas masivas a presuntos pandilleros han proporcionado reclutas a las pandillas, ayudando a que estas organizaciones se consoliden dentro de las prisiones.<\/p>\n\n\n\n<p class=\"wp-block-paragraph\"><span style=\"color: #800000\"><strong>VEA TAMBI\u00c9N:<\/strong><\/span> <a href=\"https:\/\/es.insightcrime.org\/noticias-crimen-organizado-el-salvador\/mara-salvatrucha-ms-13-perfil\/\" target=\"_blank\">Perfil de la MS13<\/a><\/p>\n\n\n\n<p class=\"wp-block-paragraph\">Como se\u00f1ala OSF en su informe, la problem\u00e1tica de la prisi\u00f3n preventiva no es s\u00f3lo una cuesti\u00f3n de capacidad judicial. Tambi\u00e9n es un tema de implementaci\u00f3n de pol\u00edticas fuera de lugar, de corrupci\u00f3n y de falta de voluntad pol\u00edtica para disminuir la crisis a trav\u00e9s del uso de medidas preventivas. Por lo que cualquier soluci\u00f3n duradera tendr\u00e1 que abordar estos factores subyacentes.<\/p>\n","protected":false},"excerpt":{"rendered":"<p>Un nuevo informe resalta el uso excesivo de la prisi\u00f3n preventiva en Latinoam\u00e9rica \u0096fen\u00f3meno que contribuye enormemente a la violencia y a la sobrepoblaci\u00f3n carcelaria, las cuales podr\u00edan ser minimizadas de haber la voluntad pol\u00edtica suficiente para generar una mejor legislaci\u00f3n.<\/p>\n","protected":false},"author":19,"featured_media":41143,"comment_status":"closed","ping_status":"closed","sticky":false,"template":"","format":"standard","meta":{"newspack_ads_suppress_ads":false,"newspack_popups_has_disabled_popups":false,"newspack_sponsor_sponsorship_scope":"","newspack_sponsor_native_byline_display":"inherit","newspack_sponsor_native_category_display":"inherit","newspack_sponsor_underwriter_style":"inherit","newspack_sponsor_underwriter_placement":"inherit","_EventAllDay":false,"_EventTimezone":"","_EventStartDate":"","_EventEndDate":"","_EventStartDateUTC":"","_EventEndDateUTC":"","_EventShowMap":false,"_EventShowMapLink":false,"_EventURL":"","_EventCost":"","_EventCostDescription":"","_EventCurrencySymbol":"","_EventCurrencyCode":"","_EventCurrencyPosition":"","_EventDateTimeSeparator":"","_EventTimeRangeSeparator":"","_EventOrganizerID":[],"_EventVenueID":[],"_OrganizerEmail":"","_OrganizerPhone":"","_OrganizerWebsite":"","_VenueAddress":"","_VenueCity":"","_VenueCountry":"","_VenueProvince":"","_VenueState":"","_VenueZip":"","_VenuePhone":"","_VenueURL":"","_VenueStateProvince":"","_VenueLat":"","_VenueLng":"","_VenueShowMap":false,"_VenueShowMapLink":false,"_newspack_byline_active":false,"_newspack_byline":"","newspack_hide_updated_date":false,"newspack_show_updated_date":false,"newspack_featured_image_position":"","newspack_post_subtitle":"","newspack_article_summary_title":"Overview:","newspack_article_summary":"","_jetpack_memberships_contains_paid_content":false,"footnotes":""},"categories":[340],"tags":[455,3021],"newspack_spnsrs_tax":[],"coauthors":[3820],"class_list":["post-7213","post","type-post","status-publish","format-standard","has-post-thumbnail","hentry","category-analisis","tag-infografias","tag-prisiones-es","entry"],"parsely":{"version":"1.1.0","canonical_url":"https:\/\/insightcrime.org\/es\/noticias\/analisis\/identificando-poblacion-prision-preventiva-latinoamerica\/","smart_links":{"inbound":0,"outbound":0},"traffic_boost_suggestions_count":0,"meta":{"@context":"https:\/\/schema.org","@type":"NewsArticle","headline":"Identificando la poblaci\u00f3n en prisi\u00f3n preventiva en Latinoam\u00e9rica","url":"http:\/\/insightcrime.org\/es\/noticias\/analisis\/identificando-poblacion-prision-preventiva-latinoamerica\/","mainEntityOfPage":{"@type":"WebPage","@id":"http:\/\/insightcrime.org\/es\/noticias\/analisis\/identificando-poblacion-prision-preventiva-latinoamerica\/"},"thumbnailUrl":"https:\/\/i0.wp.com\/insightcrime.org\/wp-content\/uploads\/2014\/09\/es-20140929_latinoamerica_prisionpreventida.jpg?resize=150%2C150&quality=100&ssl=1","image":{"@type":"ImageObject","url":"https:\/\/i0.wp.com\/insightcrime.org\/wp-content\/uploads\/2014\/09\/es-20140929_latinoamerica_prisionpreventida.jpg?fit=400%2C242&quality=100&ssl=1"},"articleSection":"An\u00e1lisis","author":[{"@type":"Person","name":"Marguerite Cawley"}],"creator":["Marguerite Cawley"],"publisher":{"@type":"Organization","name":"InSight Crime","logo":"https:\/\/insightcrime.org\/wp-content\/uploads\/2023\/08\/logo.png"},"keywords":["infograf\u00edas","prisiones"],"dateCreated":"2017-03-28T00:04:21Z","datePublished":"2017-03-28T00:04:21Z","dateModified":"2023-04-24T20:41:18Z"},"rendered":"<meta name=\"parsely-title\" content=\"Identificando la poblaci\u00f3n en prisi\u00f3n preventiva en Latinoam\u00e9rica\" \/>\n<meta name=\"parsely-link\" content=\"http:\/\/insightcrime.org\/es\/noticias\/analisis\/identificando-poblacion-prision-preventiva-latinoamerica\/\" \/>\n<meta name=\"parsely-type\" content=\"post\" \/>\n<meta name=\"parsely-image-url\" content=\"https:\/\/i0.wp.com\/insightcrime.org\/wp-content\/uploads\/2014\/09\/es-20140929_latinoamerica_prisionpreventida.jpg?resize=150%2C150&amp;quality=100&amp;ssl=1\" \/>\n<meta name=\"parsely-pub-date\" content=\"2017-03-28T00:04:21Z\" \/>\n<meta name=\"parsely-section\" content=\"An\u00e1lisis\" \/>\n<meta name=\"parsely-tags\" content=\"infograf\u00edas,prisiones\" \/>\n<meta name=\"parsely-author\" content=\"Marguerite Cawley\" \/>","tracker_url":"https:\/\/cdn.parsely.com\/keys\/insightcrime.org\/p.js"},"jetpack_sharing_enabled":true,"jetpack-related-posts":[{"id":232555,"url":"https:\/\/insightcrime.org\/es\/noticias\/detencion-preventiva-favorece-el-crimen-organizado-en-paraguay\/","url_meta":{"origin":7213,"position":0},"title":"\u00bfDetenci\u00f3n preventiva favorece el crimen organizado en Paraguay?","author":"Christopher Newton","date":"13 de julio de 2023","format":false,"excerpt":"La inseguridad est\u00e1 aumentando en Paraguay, y el gobierno les est\u00e1 facilitando a los grupos criminales el reclutamiento de nuevos miembros, al encarcelar a miles de personas acusadas de alg\u00fan delito junto con verdaderos criminales. Muchos pa\u00edses latinoamericanos emplean la pr\u00e1ctica conocida como prisi\u00f3n preventiva, mediante la cual se encarcela\u2026","rel":"","context":"En \u00abNoticias\u00bb","block_context":{"text":"Noticias","link":"https:\/\/insightcrime.org\/es\/category\/noticias\/"},"img":{"alt_text":"","src":"https:\/\/i0.wp.com\/insightcrime.org\/wp-content\/uploads\/2023\/07\/DataInSights-Are-Pretrial-Detentions-Fueling-Organized-Crime-in-Paraguay-July-2023-InSight-Crime.jpg?fit=1200%2C690&quality=100&ssl=1&resize=350%2C200","width":350,"height":200,"srcset":"https:\/\/i0.wp.com\/insightcrime.org\/wp-content\/uploads\/2023\/07\/DataInSights-Are-Pretrial-Detentions-Fueling-Organized-Crime-in-Paraguay-July-2023-InSight-Crime.jpg?fit=1200%2C690&quality=100&ssl=1&resize=350%2C200 1x, https:\/\/i0.wp.com\/insightcrime.org\/wp-content\/uploads\/2023\/07\/DataInSights-Are-Pretrial-Detentions-Fueling-Organized-Crime-in-Paraguay-July-2023-InSight-Crime.jpg?fit=1200%2C690&quality=100&ssl=1&resize=525%2C300 1.5x, https:\/\/i0.wp.com\/insightcrime.org\/wp-content\/uploads\/2023\/07\/DataInSights-Are-Pretrial-Detentions-Fueling-Organized-Crime-in-Paraguay-July-2023-InSight-Crime.jpg?fit=1200%2C690&quality=100&ssl=1&resize=700%2C400 2x, https:\/\/i0.wp.com\/insightcrime.org\/wp-content\/uploads\/2023\/07\/DataInSights-Are-Pretrial-Detentions-Fueling-Organized-Crime-in-Paraguay-July-2023-InSight-Crime.jpg?fit=1200%2C690&quality=100&ssl=1&resize=1050%2C600 3x"},"classes":[]},{"id":180366,"url":"https:\/\/insightcrime.org\/es\/noticias\/extorsion-prisiones-agudiza-retraso-procesal-venezuela\/","url_meta":{"origin":7213,"position":1},"title":"Extorsi\u00f3n en prisiones agudiza el retraso procesal en Venezuela","author":"Unidad Investigativa de Venezuela","date":"17 de marzo de 2022","format":false,"excerpt":"Las denuncias realizadas por familiares de presos evidencian c\u00f3mo las extorsiones por parte de funcionarios del Estado para trasladar a los reclusos a tribunales, agudizan el retraso en los procesos judiciales de Venezuela.","rel":"","context":"En \u00abNoticias\u00bb","block_context":{"text":"Noticias","link":"https:\/\/insightcrime.org\/es\/category\/noticias\/"},"img":{"alt_text":"Familiares de reclusos en la entrada a una estaci\u00f3n de polic\u00eda","src":"https:\/\/i0.wp.com\/insightcrime.org\/wp-content\/uploads\/2022\/03\/Prisiones-Venezuela.jpg?fit=350%2C250&quality=100&ssl=1&resize=350%2C200","width":350,"height":200},"classes":[]},{"id":198152,"url":"https:\/\/insightcrime.org\/es\/noticias\/presos-haitianos-condenados-inanicion-muerte\/","url_meta":{"origin":7213,"position":2},"title":"Presos de Hait\u00ed afrontan inanici\u00f3n y muerte","author":"Henry Shuldiner","date":"19 de septiembre de 2022","format":false,"excerpt":"Cientos de presos han muerto en prisiones de Hait\u00ed en los \u00faltimos meses debido a que los centros penitenciarios de ese pa\u00eds est\u00e1n carcomidos por la corrupci\u00f3n, la violencia de pandillas y los malos manejos.","rel":"","context":"En \u00abNoticias\u00bb","block_context":{"text":"Noticias","link":"https:\/\/insightcrime.org\/es\/category\/noticias\/"},"img":{"alt_text":"Haitian prisoners grasping for food","src":"https:\/\/i0.wp.com\/insightcrime.org\/wp-content\/uploads\/2022\/09\/Haiti-Prisons-Overcrowding-Baltimore-Sun-190922.jpg?fit=350%2C250&quality=100&ssl=1&resize=350%2C200","width":350,"height":200},"classes":[]},{"id":150815,"url":"https:\/\/insightcrime.org\/es\/noticias\/investigacion-prueba-lucha-anticorrupcion-republica-dominicana\/","url_meta":{"origin":7213,"position":3},"title":"Una amplia investigaci\u00f3n pone a prueba lucha anticorrupci\u00f3n en Rep\u00fablica Dominicana","author":"Parker Asmann","date":"9 de julio de 2021","format":false,"excerpt":"En un esquema familiar en toda Latinoam\u00e9rica, los fiscales de Rep\u00fablica Dominicana han arrestado a varios funcionarios de gobierno se\u00f1alados de otorgar lucrativos contratos con el gobierno a cambio de millones de d\u00f3lares en coimas.","rel":"","context":"En \u00abNoticias\u00bb","block_context":{"text":"Noticias","link":"https:\/\/insightcrime.org\/es\/category\/noticias\/"},"img":{"alt_text":"","src":"https:\/\/i0.wp.com\/insightcrime.org\/wp-content\/uploads\/2021\/07\/21-07-08-Medusa-Case-DR.jpg?fit=350%2C250&quality=100&ssl=1&resize=350%2C200","width":350,"height":200},"classes":[]},{"id":143257,"url":"https:\/\/insightcrime.org\/es\/noticias\/5-animales-usados-para-contrabando-drogas-america-latina\/","url_meta":{"origin":7213,"position":4},"title":"5 animales usados para el contrabando de drogas en Am\u00e9rica Latina","author":"Katya Bleszynska","date":"7 de mayo de 2021","format":false,"excerpt":"El juego del gato y el rat\u00f3n para evadir a la polic\u00eda fue tomado literalmente por traficantes de drogas en Panam\u00e1, quienes escondieron coca\u00edna en un felino y lo enviaron a una prisi\u00f3n.","rel":"","context":"En \u00abNoticias\u00bb","block_context":{"text":"Noticias","link":"https:\/\/insightcrime.org\/es\/category\/noticias\/"},"img":{"alt_text":"","src":"https:\/\/i0.wp.com\/insightcrime.org\/wp-content\/uploads\/2021\/04\/paloma_conectada_0-2.png?fit=350%2C250&quality=100&ssl=1&resize=350%2C200","width":350,"height":200},"classes":[]},{"id":180315,"url":"https:\/\/insightcrime.org\/es\/noticias\/uruguay-enfrenta-secuelas-fuga-importante-capo-italiano\/","url_meta":{"origin":7213,"position":5},"title":"Uruguay debe responder al fin por fuga de importante capo italiano","author":"Chris Dalby","date":"16 de marzo de 2022","format":false,"excerpt":"La historia de Rocco Morabito tiene todos los elementos de una gran pel\u00edcula. El mafioso italiano, toneladas de coca\u00edna, destinos ex\u00f3ticos, una osada fuga de prisi\u00f3n. Pero ahora que sus l\u00edos con la justicia finalmente se resuelven, los responsables de su cuidado deben rendir cuentas.","rel":"","context":"En \u00abNoticias\u00bb","block_context":{"text":"Noticias","link":"https:\/\/insightcrime.org\/es\/category\/noticias\/"},"img":{"alt_text":"Fotograf\u00eda de Rocco Morabito despu\u00e9s de su captura inicial en Uruguay","src":"https:\/\/i0.wp.com\/insightcrime.org\/wp-content\/uploads\/2019\/07\/cd61b243c8834a75a4368d81a6f3a543_18-1.jpg?fit=350%2C250&quality=100&ssl=1&resize=350%2C200","width":350,"height":200},"classes":[]}],"jetpack_featured_media_url":"https:\/\/i0.wp.com\/insightcrime.org\/wp-content\/uploads\/2014\/09\/es-20140929_latinoamerica_prisionpreventida.jpg?fit=400%2C242&quality=100&ssl=1","_links":{"self":[{"href":"https:\/\/insightcrime.org\/es\/wp-json\/wp\/v2\/posts\/7213","targetHints":{"allow":["GET"]}}],"collection":[{"href":"https:\/\/insightcrime.org\/es\/wp-json\/wp\/v2\/posts"}],"about":[{"href":"https:\/\/insightcrime.org\/es\/wp-json\/wp\/v2\/types\/post"}],"author":[{"embeddable":true,"href":"https:\/\/insightcrime.org\/es\/wp-json\/wp\/v2\/users\/19"}],"replies":[{"embeddable":true,"href":"https:\/\/insightcrime.org\/es\/wp-json\/wp\/v2\/comments?post=7213"}],"version-history":[{"count":1,"href":"https:\/\/insightcrime.org\/es\/wp-json\/wp\/v2\/posts\/7213\/revisions"}],"predecessor-version":[{"id":23230,"href":"https:\/\/insightcrime.org\/es\/wp-json\/wp\/v2\/posts\/7213\/revisions\/23230"}],"wp:featuredmedia":[{"embeddable":true,"href":"https:\/\/insightcrime.org\/es\/wp-json\/wp\/v2\/media\/41143"}],"wp:attachment":[{"href":"https:\/\/insightcrime.org\/es\/wp-json\/wp\/v2\/media?parent=7213"}],"wp:term":[{"taxonomy":"category","embeddable":true,"href":"https:\/\/insightcrime.org\/es\/wp-json\/wp\/v2\/categories?post=7213"},{"taxonomy":"post_tag","embeddable":true,"href":"https:\/\/insightcrime.org\/es\/wp-json\/wp\/v2\/tags?post=7213"},{"taxonomy":"newspack_spnsrs_tax","embeddable":true,"href":"https:\/\/insightcrime.org\/es\/wp-json\/wp\/v2\/newspack_spnsrs_tax?post=7213"},{"taxonomy":"author","embeddable":true,"href":"https:\/\/insightcrime.org\/es\/wp-json\/wp\/v2\/coauthors?post=7213"}],"curies":[{"name":"wp","href":"https:\/\/api.w.org\/{rel}","templated":true}]}}