{"id":7254,"date":"2014-10-09T20:42:17","date_gmt":"2014-10-10T01:42:17","guid":{"rendered":"http:\/\/newwp.insightcrime.org?p=7254"},"modified":"2023-04-24T15:41:33","modified_gmt":"2023-04-24T20:41:33","slug":"policia-colectivos-politicos-venezuela-5-muertos","status":"publish","type":"post","link":"https:\/\/insightcrime.org\/es\/noticias\/noticias-del-dia\/policia-colectivos-politicos-venezuela-5-muertos\/","title":{"rendered":"Enfrentamiento entre polic\u00eda y colectivos pol\u00edticos de Venezuela deja 5 muertos"},"content":{"rendered":"\n<p class=\"wp-block-paragraph\">Un sangriento enfrentamiento entre la polic\u00eda y algunos colectivos militantes en Caracas puede aumentar las sospechas de que los colectivos tuvieron un papel en el reciente y dram\u00e1tico asesinato de un congresista de Venezuela, y aumenta la noci\u00f3n de que m\u00e1s violencia puede venir en camino, mientras la investigaci\u00f3n sobre el asesinato contin\u00faa.<\/p>\n\n\n\n<p class=\"wp-block-paragraph\">El tiroteo presuntamente se desat\u00f3 cuando la polic\u00eda intentaba hacer una redada en un edificio ubicado en una avenida central de Venezuela. Cinco miembros de dos colectivos, conocidos como \u201c5 de Marzo\u201d y \u201cEscudo de la Revoluci\u00f3n\u201d, resultaron asesinados, incluyendo al l\u00edder de uno de los colectivos que recibi\u00f3 40 disparos, <a href=\"https:\/\/www.el-nacional.com\/politica\/Hermano-Odreman-colectivos-recibio-disparos_0_497950244.html\" target=\"_blank\">seg\u00fan su hermano<\/a>.<\/p>\n\n\n\n<p class=\"wp-block-paragraph\">El director nacional del Cuerpo de Investigaciones Cient\u00edficas, Penales y Criminal\u00edsticas de la Polic\u00eda&nbsp;(CICPC) de Venezuela afirm\u00f3 que <a href=\"https:\/\/www.el-nacional.com\/sucesos\/abatidos-procedimiento-avenida-Lecuna_0_496750500.html\" target=\"_blank\">el procedimiento no estaba conectado a las investigaciones<\/a> sobre la muerte del congresista Robert Serra. Serra era el miembro m\u00e1s joven del Congreso y era una estrella del partido socialista, hasta que fue encontrado golpeado y apu\u00f1alado hasta la muerte en su hogar el primero de octubre.<\/p>\n\n\n\n<p class=\"wp-block-paragraph\">Como <a href=\"https:\/\/es.insightcrime.org\/noticias\/noticias-del-dia\/asesinato-joven-politico-venezuela\/\" target=\"_blank\">InSight Crime inform\u00f3 previamente<\/a>, se presume que Serra ten\u00eda v\u00ednculos con varios colectivos que operan en Caracas. El asesinado l\u00edder de uno de los colectivos, Jos\u00e9 Odreman, incluso public\u00f3 una foto de s\u00ed mismo junto a Serra en Twitter alrededor de un mes antes del asesinato de Serra (vea la imagen arriba).<\/p>\n\n\n\n<p class=\"wp-block-paragraph\"><a href=\"https:\/\/www.el-nacional.com\/sucesos\/Habitantes-Manfredir-enfrentaran-comisiones-Cicpc_0_497350451.html\" target=\"_blank\">El Nacional inform\u00f3<\/a> que los residentes del edificio donde ocurri\u00f3 el tiroteo afirmaron que no hubo una \u201cconfrontaci\u00f3n\u201d con la polic\u00eda: los oficiales asesinaron a los miembros del colectivo sin haber recibido disparos antes. El CICPC afirm\u00f3 que quienes fueron asesinados eran \u201ccriminales\u201d.<\/p>\n\n\n\n<h3 class=\"wp-block-heading\">An\u00e1lisis de InSight Crime<\/h3>\n\n\n\n<p class=\"wp-block-paragraph\">Algunos de estos colectivos empezaron a formarse en los barrios m\u00e1s pobres y marginales de Caracas desde los a\u00f1os setenta en respuesta a la falta de vigilancia policial propia. Bajo el gobierno del presidente Hugo Ch\u00e1vez, muchos colectivos empezaron a recibir armas y entrenamiento por parte del Estado. Hoy, los colectivos apoyan fuertemente la \u201cRevoluci\u00f3n Bolivariana\u201d, y varios de ellos fueron acusados de <a href=\"https:\/\/www.crisisgroup.org\/~\/media\/Files\/latin-america\/venezuela\/b030-venezuela-tipping-point.pdf\" target=\"_blank\">participar en ataques violentos contra manifestantes<\/a> a principios de este a\u00f1o, en colaboraci\u00f3n cercana con las fuerzas de seguridad.<\/p>\n\n\n\n<p class=\"wp-block-paragraph\"><strong><span style=\"color: #800000;\">VEA TAMBI\u00c9N:<\/span><\/strong> <a href=\"\/noticias-sobre-crimen-organizado-en-venezuela\" target=\"_blank\">Noticias y perfiles de Venezuela<\/a><\/p>\n\n\n\n<p class=\"wp-block-paragraph\">Esta reciente confrontaci\u00f3n con los colectivos podr\u00eda estar agitando un avispero. <a href=\"https:\/\/www.el-nacional.com\/sucesos\/horas-tension-enfrentamiento-colectivos-Cicpc_0_496750520.html\" target=\"_blank\">Seg\u00fan El Nacional<\/a>, el colectivo 5 de Marzo realmente es una coalici\u00f3n de 100 colectivos m\u00e1s peque\u00f1os. Los que est\u00e1n armados podr\u00edan reaccionar violentamente frente al asesinato de su l\u00edder. El gobierno tambi\u00e9n arriesga alienar a aquellos en las comunidades que apoyan a los colectivos, dado que muchos ven a los colectivos como la fuerza de seguridad m\u00e1s confiable para protegerlos de los criminales. ?<\/p>\n","protected":false},"excerpt":{"rendered":"<p>Un sangriento enfrentamiento entre la polic\u00eda y algunos colectivos militantes en Caracas puede aumentar las sospechas de que los colectivos tuvieron un papel en el reciente y dram\u00e1tico asesinato de un congresista de Venezuela, y aumenta la noci\u00f3n de que m\u00e1s violencia puede venir en camino, mientras la investigaci\u00f3n sobre el asesinato contin\u00faa.<\/p>\n","protected":false},"author":4,"featured_media":41327,"comment_status":"closed","ping_status":"closed","sticky":false,"template":"","format":"standard","meta":{"newspack_ads_suppress_ads":false,"newspack_popups_has_disabled_popups":false,"newspack_sponsor_sponsorship_scope":"","newspack_sponsor_native_byline_display":"inherit","newspack_sponsor_native_category_display":"inherit","newspack_sponsor_underwriter_style":"inherit","newspack_sponsor_underwriter_placement":"inherit","_EventAllDay":false,"_EventTimezone":"","_EventStartDate":"","_EventEndDate":"","_EventStartDateUTC":"","_EventEndDateUTC":"","_EventShowMap":false,"_EventShowMapLink":false,"_EventURL":"","_EventCost":"","_EventCostDescription":"","_EventCurrencySymbol":"","_EventCurrencyCode":"","_EventCurrencyPosition":"","_EventDateTimeSeparator":"","_EventTimeRangeSeparator":"","_EventOrganizerID":[],"_EventVenueID":[],"_OrganizerEmail":"","_OrganizerPhone":"","_OrganizerWebsite":"","_VenueAddress":"","_VenueCity":"","_VenueCountry":"","_VenueProvince":"","_VenueState":"","_VenueZip":"","_VenuePhone":"","_VenueURL":"","_VenueStateProvince":"","_VenueLat":"","_VenueLng":"","_VenueShowMap":false,"_VenueShowMapLink":false,"_newspack_byline_active":false,"_newspack_byline":"","newspack_hide_updated_date":false,"newspack_show_updated_date":false,"newspack_featured_image_position":"","newspack_post_subtitle":"","newspack_article_summary_title":"Overview:","newspack_article_summary":"","_jetpack_memberships_contains_paid_content":false,"footnotes":""},"categories":[334],"tags":[3413,400],"newspack_spnsrs_tax":[],"coauthors":[3660],"class_list":["post-7254","post","type-post","status-publish","format-standard","has-post-thumbnail","hentry","category-noticias-del-dia","tag-colectivos-es","tag-venezuela-pais","entry"],"parsely":{"version":"1.1.0","canonical_url":"https:\/\/insightcrime.org\/es\/noticias\/noticias-del-dia\/policia-colectivos-politicos-venezuela-5-muertos\/","smart_links":{"inbound":0,"outbound":0},"traffic_boost_suggestions_count":0,"meta":{"@context":"https:\/\/schema.org","@type":"NewsArticle","headline":"Enfrentamiento entre polic\u00eda y colectivos pol\u00edticos de Venezuela deja 5 muertos","url":"http:\/\/insightcrime.org\/es\/noticias\/noticias-del-dia\/policia-colectivos-politicos-venezuela-5-muertos\/","mainEntityOfPage":{"@type":"WebPage","@id":"http:\/\/insightcrime.org\/es\/noticias\/noticias-del-dia\/policia-colectivos-politicos-venezuela-5-muertos\/"},"thumbnailUrl":"https:\/\/i0.wp.com\/insightcrime.org\/wp-content\/uploads\/2014\/10\/es-20141009_venezuela_robertserra.jpg?resize=150%2C150&quality=100&ssl=1","image":{"@type":"ImageObject","url":"https:\/\/i0.wp.com\/insightcrime.org\/wp-content\/uploads\/2014\/10\/es-20141009_venezuela_robertserra.jpg?fit=320%2C240&quality=100&ssl=1"},"articleSection":"Noticias del d\u00eda","author":[{"@type":"Person","name":"Elyssa Pachico"}],"creator":["Elyssa Pachico"],"publisher":{"@type":"Organization","name":"InSight Crime","logo":"https:\/\/insightcrime.org\/wp-content\/uploads\/2023\/08\/logo.png"},"keywords":["colectivos","venezuela"],"dateCreated":"2014-10-10T01:42:17Z","datePublished":"2014-10-10T01:42:17Z","dateModified":"2023-04-24T20:41:33Z"},"rendered":"<meta name=\"parsely-title\" content=\"Enfrentamiento entre polic\u00eda y colectivos pol\u00edticos de Venezuela deja 5 muertos\" \/>\n<meta name=\"parsely-link\" content=\"http:\/\/insightcrime.org\/es\/noticias\/noticias-del-dia\/policia-colectivos-politicos-venezuela-5-muertos\/\" \/>\n<meta name=\"parsely-type\" content=\"post\" \/>\n<meta name=\"parsely-image-url\" content=\"https:\/\/i0.wp.com\/insightcrime.org\/wp-content\/uploads\/2014\/10\/es-20141009_venezuela_robertserra.jpg?resize=150%2C150&amp;quality=100&amp;ssl=1\" \/>\n<meta name=\"parsely-pub-date\" content=\"2014-10-10T01:42:17Z\" \/>\n<meta name=\"parsely-section\" content=\"Noticias del d\u00eda\" \/>\n<meta name=\"parsely-tags\" content=\"colectivos,venezuela\" \/>\n<meta name=\"parsely-author\" content=\"Elyssa Pachico\" \/>","tracker_url":"https:\/\/cdn.parsely.com\/keys\/insightcrime.org\/p.js"},"jetpack_sharing_enabled":true,"jetpack-related-posts":[{"id":232563,"url":"https:\/\/insightcrime.org\/es\/investigaciones\/colectivos-cupaz-hibrido-perfecto\/","url_meta":{"origin":7254,"position":0},"title":"Los colectivos, las Cupaz y la b\u00fasqueda del h\u00edbrido perfecto","author":"Unidad Investigativa de Venezuela","date":"12 de julio de 2023","format":false,"excerpt":"La red de Cupaz se cre\u00f3 cuando el poder de Maduro parec\u00eda en el punto m\u00e1s d\u00e9bil.","rel":"","context":"En \u00abInvestigaciones\u00bb","block_context":{"text":"Investigaciones","link":"https:\/\/insightcrime.org\/es\/category\/investigaciones\/"},"img":{"alt_text":"","src":"https:\/\/i0.wp.com\/insightcrime.org\/wp-content\/uploads\/2023\/09\/Cover-C2-Venezuela-Hybrid-State-InSight-Crime-Jun-2023-1.jpg?fit=1200%2C576&quality=100&ssl=1&resize=350%2C200","width":350,"height":200,"srcset":"https:\/\/i0.wp.com\/insightcrime.org\/wp-content\/uploads\/2023\/09\/Cover-C2-Venezuela-Hybrid-State-InSight-Crime-Jun-2023-1.jpg?fit=1200%2C576&quality=100&ssl=1&resize=350%2C200 1x, https:\/\/i0.wp.com\/insightcrime.org\/wp-content\/uploads\/2023\/09\/Cover-C2-Venezuela-Hybrid-State-InSight-Crime-Jun-2023-1.jpg?fit=1200%2C576&quality=100&ssl=1&resize=525%2C300 1.5x, https:\/\/i0.wp.com\/insightcrime.org\/wp-content\/uploads\/2023\/09\/Cover-C2-Venezuela-Hybrid-State-InSight-Crime-Jun-2023-1.jpg?fit=1200%2C576&quality=100&ssl=1&resize=700%2C400 2x, https:\/\/i0.wp.com\/insightcrime.org\/wp-content\/uploads\/2023\/09\/Cover-C2-Venezuela-Hybrid-State-InSight-Crime-Jun-2023-1.jpg?fit=1200%2C576&quality=100&ssl=1&resize=1050%2C600 3x"},"classes":[]},{"id":232736,"url":"https:\/\/insightcrime.org\/es\/noticias\/colectivos-nuevos-amos-servicios-publicos-lara-venezuela\/","url_meta":{"origin":7254,"position":1},"title":"Colectivos: los nuevos amos de servicios p\u00fablicos en Lara, Venezuela","author":"Unidad Investigativa de Venezuela","date":"25 de abril de 2023","format":false,"excerpt":"Los Colectivos dominan gran parte de los servicios p\u00fablicos como el agua, gas o el transporte en la capital del estado de Lara, Venezuela.","rel":"","context":"En \u00abNoticias\u00bb","block_context":{"text":"Noticias","link":"https:\/\/insightcrime.org\/es\/category\/noticias\/"},"img":{"alt_text":"Miembros de Colectivos recorren las calles de la ciudad","src":"https:\/\/i0.wp.com\/insightcrime.org\/wp-content\/uploads\/2023\/09\/Colectivos-armados-1-1.jpg?fit=350%2C250&quality=100&ssl=1&resize=350%2C200","width":350,"height":200},"classes":[]},{"id":134429,"url":"https:\/\/insightcrime.org\/es\/news\/colectivos-invasiones-ilegales-venezuela-covid\/","url_meta":{"origin":7254,"position":2},"title":"Colectivos aumentan invasiones ilegales en Venezuela en \u00e9poca de COVID-19","author":"Unidad Investigativa de Venezuela","date":"2 de marzo de 2021","format":false,"excerpt":"El aumento de denuncias vinculadas a invasiones ilegales de viviendas y establecimientos comerciales en medio de la pandemia del COVID-19 en Venezuela, es una pr\u00e1ctica que deja al descubierto el cada vez m\u00e1s amplio portafolio criminal manejado por los colectivos armados.","rel":"","context":"En \u00abNews\u00bb","block_context":{"text":"News","link":"https:\/\/insightcrime.org\/category\/news\/"},"img":{"alt_text":"","src":"https:\/\/i0.wp.com\/insightcrime.org\/wp-content\/uploads\/2021\/03\/colectivos.jpg?fit=350%2C250&quality=100&ssl=1&resize=350%2C200","width":350,"height":200},"classes":[]},{"id":330592,"url":"https:\/\/insightcrime.org\/es\/noticias\/papel-colectivos-lucha-poder-venezuela-salida-maduro\/","url_meta":{"origin":7254,"position":3},"title":"El papel de los colectivos en la lucha por el poder en Venezuela tras la salida de Maduro","author":"Unidad Investigativa de Venezuela","date":"9 de enero de 2026","format":false,"excerpt":"https:\/\/open.spotify.com\/episode\/5jO3yVrtvYu4nx43N8vql0?si=att-rB-vTNqOiA0eagXREA Este art\u00edculo hace parte de nuestra serie de\u00a0historias narradas La tensi\u00f3n ha inundado Caracas desde la madrugada del 3 de enero, cuando el entonces presidente Nicol\u00e1s Maduro y su esposa fueron arrestados y llevados a prisi\u00f3n en Estados Unidos. En respuesta, hombres armados con los rostros cubiertos por pasamonta\u00f1as\u2026","rel":"","context":"En \u00abAudio\u00bb","block_context":{"text":"Audio","link":"https:\/\/insightcrime.org\/es\/category\/audio-es\/"},"img":{"alt_text":"","src":"https:\/\/i0.wp.com\/insightcrime.org\/wp-content\/uploads\/2026\/01\/Featured-Image-Colectivos-venezuela-AP.jpg?fit=1200%2C690&quality=100&ssl=1&resize=350%2C200","width":350,"height":200,"srcset":"https:\/\/i0.wp.com\/insightcrime.org\/wp-content\/uploads\/2026\/01\/Featured-Image-Colectivos-venezuela-AP.jpg?fit=1200%2C690&quality=100&ssl=1&resize=350%2C200 1x, https:\/\/i0.wp.com\/insightcrime.org\/wp-content\/uploads\/2026\/01\/Featured-Image-Colectivos-venezuela-AP.jpg?fit=1200%2C690&quality=100&ssl=1&resize=525%2C300 1.5x, https:\/\/i0.wp.com\/insightcrime.org\/wp-content\/uploads\/2026\/01\/Featured-Image-Colectivos-venezuela-AP.jpg?fit=1200%2C690&quality=100&ssl=1&resize=700%2C400 2x, https:\/\/i0.wp.com\/insightcrime.org\/wp-content\/uploads\/2026\/01\/Featured-Image-Colectivos-venezuela-AP.jpg?fit=1200%2C690&quality=100&ssl=1&resize=1050%2C600 3x"},"classes":[]},{"id":232478,"url":"https:\/\/insightcrime.org\/es\/noticias\/actores-armados-no-estatales-refuerzan-maduro-elecciones-venezuela\/","url_meta":{"origin":7254,"position":4},"title":"Actores armados no estatales refuerzan a Maduro de cara a las elecciones en Venezuela","author":"Unidad Investigativa de Venezuela","date":"31 de agosto de 2023","format":false,"excerpt":"La violencia pol\u00edtica por parte de grupos armados progobierno en Venezuela se ha intensificado a medida que avanza la campa\u00f1a preelectoral para las elecciones presidenciales del 2024, revalidando una estrategia que ha servido al oficialismo en elecciones pasadas.","rel":"","context":"En \u00abNoticias\u00bb","block_context":{"text":"Noticias","link":"https:\/\/insightcrime.org\/es\/category\/noticias\/"},"img":{"alt_text":"Sede de Vente Venezuela con una pinta del Tren del Llano","src":"https:\/\/i0.wp.com\/insightcrime.org\/wp-content\/uploads\/2023\/09\/Venezuela-Grafiti-Tren-del-Llano-230830-Vente-Venezuela-1.jpeg?fit=350%2C250&quality=100&ssl=1&resize=350%2C200","width":350,"height":200},"classes":[]},{"id":287594,"url":"https:\/\/insightcrime.org\/es\/noticias\/tras-elecciones-venezuela-grupos-armados-alinean-regimen-contra\/","url_meta":{"origin":7254,"position":5},"title":"Tras elecciones en Venezuela, grupos criminales se alinean con el r\u00e9gimen o contra \u00e9l","author":"Unidad Investigativa de Venezuela","date":"21 de agosto de 2024","format":false,"excerpt":"Tras las elecciones Venezuela, grupos criminales se han movilizado para apoyar el r\u00e9gimen o disputar los resultados.","rel":"","context":"En \u00abNoticias\u00bb","block_context":{"text":"Noticias","link":"https:\/\/insightcrime.org\/es\/category\/noticias\/"},"img":{"alt_text":"Threatening graffiti displayed in municipalities along the Venezuela-Colombia border Grafitis amenazantes desplegados en municipios en la frontera entre Venezuela y Colombia","src":"https:\/\/i0.wp.com\/insightcrime.org\/wp-content\/uploads\/2024\/08\/GTlzsFAWgAEe4zH-1.jpg?fit=350%2C250&quality=100&ssl=1&resize=350%2C200","width":350,"height":200},"classes":[]}],"jetpack_featured_media_url":"https:\/\/i0.wp.com\/insightcrime.org\/wp-content\/uploads\/2014\/10\/es-20141009_venezuela_robertserra.jpg?fit=320%2C240&quality=100&ssl=1","_links":{"self":[{"href":"https:\/\/insightcrime.org\/es\/wp-json\/wp\/v2\/posts\/7254","targetHints":{"allow":["GET"]}}],"collection":[{"href":"https:\/\/insightcrime.org\/es\/wp-json\/wp\/v2\/posts"}],"about":[{"href":"https:\/\/insightcrime.org\/es\/wp-json\/wp\/v2\/types\/post"}],"author":[{"embeddable":true,"href":"https:\/\/insightcrime.org\/es\/wp-json\/wp\/v2\/users\/4"}],"replies":[{"embeddable":true,"href":"https:\/\/insightcrime.org\/es\/wp-json\/wp\/v2\/comments?post=7254"}],"version-history":[{"count":2,"href":"https:\/\/insightcrime.org\/es\/wp-json\/wp\/v2\/posts\/7254\/revisions"}],"predecessor-version":[{"id":96938,"href":"https:\/\/insightcrime.org\/es\/wp-json\/wp\/v2\/posts\/7254\/revisions\/96938"}],"wp:featuredmedia":[{"embeddable":true,"href":"https:\/\/insightcrime.org\/es\/wp-json\/wp\/v2\/media\/41327"}],"wp:attachment":[{"href":"https:\/\/insightcrime.org\/es\/wp-json\/wp\/v2\/media?parent=7254"}],"wp:term":[{"taxonomy":"category","embeddable":true,"href":"https:\/\/insightcrime.org\/es\/wp-json\/wp\/v2\/categories?post=7254"},{"taxonomy":"post_tag","embeddable":true,"href":"https:\/\/insightcrime.org\/es\/wp-json\/wp\/v2\/tags?post=7254"},{"taxonomy":"newspack_spnsrs_tax","embeddable":true,"href":"https:\/\/insightcrime.org\/es\/wp-json\/wp\/v2\/newspack_spnsrs_tax?post=7254"},{"taxonomy":"author","embeddable":true,"href":"https:\/\/insightcrime.org\/es\/wp-json\/wp\/v2\/coauthors?post=7254"}],"curies":[{"name":"wp","href":"https:\/\/api.w.org\/{rel}","templated":true}]}}