{"id":73829,"date":"2017-09-08T00:00:00","date_gmt":"2017-09-08T00:00:00","guid":{"rendered":"https:\/\/insightcrime.org\/noticias\/noticias-del-dia-2\/casos-escuadrones-muerte-salvador-trascienden-fronteras\/"},"modified":"2023-04-24T16:24:51","modified_gmt":"2023-04-24T21:24:51","slug":"casos-escuadrones-muerte-salvador-trascienden-fronteras","status":"publish","type":"post","link":"https:\/\/insightcrime.org\/es\/noticias\/noticias-del-dia\/casos-escuadrones-muerte-salvador-trascienden-fronteras\/","title":{"rendered":"Casos de escuadrones de la muerte en El Salvador trascienden fronteras"},"content":{"rendered":"\n<p class=\"wp-block-paragraph\">Un nuevo estudio de dos grupos locales salvadore\u00f1os por la defensa de los derechos humanos suministra evidencia adicional de ejecuciones extrajudiciales realizadas por elementos de la polic\u00eda de El Salvador, en un caso que ahora parece trascender al escenario judicial internacional.<\/p>\n\n\n\n<p class=\"wp-block-paragraph\">En el estudio, presentado el 5 de septiembre ante la Comisi\u00f3n Interamericana de Derechos Humanos (CIDH), Ver\u00f3nica Reyna, del Servicio Social Pasionista (SSPAS), y Arnau Baulenas, del Instituto de Derechos Humanos de la Universidad Centroamericana (IDHUCA) relataron en forma de cr\u00f3nica tres casos de presuntas ejecuciones extrajudiciales perpetradas por la Polic\u00eda Nacional Civil (PNC) de El Salvador, seg\u00fan informaci\u00f3n recogida por <a href=\"https:\/\/elfaro.net\/es\/201709\/el_salvador\/20848\/%E2%80%9CDescarto-y-niego-cualquier-responsabilidad-del-Estado-en-violaciones-a-derechos-humanos%E2%80%9D.htm\" target=\"_blank\" rel=\"noopener\">El Faro<\/a>.<\/p>\n\n\n\n<p class=\"wp-block-paragraph\"><strong><span style=\"color: #800000;\">VEA TAMBI\u00c9N:<\/span><\/strong> <a href=\"\/noticias-sobre-crimen-organizado-en-el-salvador\" target=\"_blank\" rel=\"noopener\">Noticias y perfiles de El Salvador<\/a><\/p>\n\n\n\n<p class=\"wp-block-paragraph\">Los tres casos presentados ante la comisi\u00f3n fueron una <a href=\"https:\/\/www.salanegra.elfaro.net\/es\/201507\/cronicas\/17205\/La-Polic%C3%ADa-masacr%C3%B3-en-la-finca-San-Blas.htm\" target=\"_blank\" rel=\"noopener\">masacre <\/a>en la urbanizaci\u00f3n San Blas, el <a href=\"https:\/\/elfaro.net\/es\/201703\/salanegra\/19942\/Cuando-la-Polic%C3%ADa-mata-a-la-familia-de-un-polic%C3%ADa.htm\" target=\"_blank\" rel=\"noopener\">homicidio<\/a> de la hermana de un agente de polic\u00eda y su esposo, y el homicidio de \u00c1ngel \u00c1brego en febrero de 2016, seg\u00fan El Faro.<\/p>\n\n\n\n<p class=\"wp-block-paragraph\">Adicionalmente, la Procuradur\u00eda para la Defensa de Derechos Humanos de El Salvador ha investigado 47 casos de ejecuciones extrajudiciales desde 2015, seg\u00fan El Faro. Y las cifras oficiales de la Fiscal\u00eda General de la Rep\u00fablica informan un incremento de 630 por ciento en el n\u00famero de agentes de seguridad acusados de homicidio, entre 2014 y 2016.<\/p>\n\n\n\n<p class=\"wp-block-paragraph\">El informe presentado a la CIDH tambi\u00e9n se\u00f1ala que entre 2014 y 2017, fueron asesinados 238 agentes de seguridad presuntamente por pandilleros, mientras que 1.415 personas \u201490 por ciento de los cuales eran sospechosos de pertenecer a pandillas\u2014 fueron asesinados en \u201csupuestas confrontaciones\u201d entre fuerzas de seguridad y presuntos pandilleros desde 2015. Para el comisionado de la CIDH James Cavallaro, la relaci\u00f3n desproporcionada de pandilleros asesinados frente a polic\u00edas ca\u00eddos en enfrentamientos era preocupante.<\/p>\n\n\n\n<p class=\"wp-block-paragraph\">\u201cCuando hay cifras as\u00ed, se trata de algunos enfrentamientos y muchos casos de ejecuci\u00f3n. [\u2026] Ya estamos trabajando con un patr\u00f3n de uso extremadamente excesivo de fuerza letal por parte de los agentes del estado\u201d, puntualiz\u00f3 Cavallaro en la conferencia. (Ver video abajo)<\/p>\n\n\n\n<p class=\"has-text-align-center wp-block-paragraph\"><iframe loading=\"lazy\" src=\"https:\/\/www.youtube.com\/embed\/A4ySOCz31hI\" width=\"560\" height=\"315\" frameborder=\"0\" allowfullscreen=\"allowfullscreen\"><\/iframe><\/p>\n\n\n\n<p class=\"has-text-align-center wp-block-paragraph\"><em>(Video cortes\u00eda de El Faro)<\/em><\/p>\n\n\n\n<p class=\"wp-block-paragraph\">Luego de la presentaci\u00f3n, el ministro de seguridad encargado de El Salvador Ra\u00fal L\u00f3pez neg\u00f3 vehementemente cualquier responsabilidad del estado en posibles violaciones a los derechos humanos.<\/p>\n\n\n\n<p class=\"wp-block-paragraph\">\u201cDescarto y niego totalmente cualquier responsabilidad del Estado salvadore\u00f1o en actos ilegales que violenten derechos fundamentales o los derechos humanos de las personas\u201d, se pronunci\u00f3.<\/p>\n\n\n\n<h3 class=\"wp-block-heading\">An\u00e1lisis de InSight Crime<\/h3>\n\n\n\n<p class=\"wp-block-paragraph\">El presunto caso de escuadrones de exterminio en El Salvador est\u00e1 ascendiendo r\u00e1pidamente para convertirse en un caso judicial de trascendencia internacional, que podr\u00eda tener implicaciones para la ayuda exterior a las fuerzas de seguridad de El Salvador. El gobierno estadounidense sigue estudiando c\u00f3mo asignar un cuantioso paquete de ayuda para la regi\u00f3n, y la Oficina Federal de Investigaciones (FBI, por sus siglas en ingl\u00e9s) trabaja de cerca con la polic\u00eda salvadore\u00f1a.<\/p>\n\n\n\n<p class=\"wp-block-paragraph\"><strong><span style=\"color: #800000;\">VEA TAMBI\u00c9N: <\/span><\/strong><a href=\"https:\/\/es.insightcrime.org\/noticias\/analisis\/timida-respuesta-estado-grupos-exterminio-policia-el-salvador\/\" target=\"_blank\" rel=\"noopener\">Timida respuesta de el Estado sobre grupos de exterminio en la polic\u00eda de El Salvador<\/a><\/p>\n\n\n\n<p class=\"wp-block-paragraph\">Pero hasta el momento, la atenci\u00f3n internacional no ha parecido tener consecuencias en El Salvador. El 4 de septiembre, fueron dejados en libertad los agentes acusados de ejecuciones extrajudiciales y se <a href=\"https:\/\/es.insightcrime.org\/noticias\/noticias-del-dia\/liberan-presunto-escuadron-exterminio-encarcelan-policias-corruptos\/\" target=\"_blank\" rel=\"noopener\">enviaron<\/a> a una licencia administrativa, aunque a\u00fan est\u00e1n pendientes los fallos finales, pues los investigadores est\u00e1n en la etapa preliminar.<\/p>\n\n\n\n<div class=\"grammarly-disable-indicator\"><\/div>\n","protected":false},"excerpt":{"rendered":"<p>Un nuevo estudio de dos grupos locales salvadore\u00f1os por la defensa de los derechos humanos suministra evidencia adicional de ejecuciones extrajudiciales realizadas por elementos de la polic\u00eda de El Salvador, en un caso que ahora parece trascender al escenario judicial internacional.<\/p>\n","protected":false},"author":90,"featured_media":73827,"comment_status":"closed","ping_status":"closed","sticky":false,"template":"","format":"standard","meta":{"newspack_ads_suppress_ads":false,"newspack_popups_has_disabled_popups":false,"newspack_sponsor_sponsorship_scope":"","newspack_sponsor_native_byline_display":"inherit","newspack_sponsor_native_category_display":"inherit","newspack_sponsor_underwriter_style":"inherit","newspack_sponsor_underwriter_placement":"inherit","_EventAllDay":false,"_EventTimezone":"","_EventStartDate":"","_EventEndDate":"","_EventStartDateUTC":"","_EventEndDateUTC":"","_EventShowMap":false,"_EventShowMapLink":false,"_EventURL":"","_EventCost":"","_EventCostDescription":"","_EventCurrencySymbol":"","_EventCurrencyCode":"","_EventCurrencyPosition":"","_EventDateTimeSeparator":"","_EventTimeRangeSeparator":"","_EventOrganizerID":[],"_EventVenueID":[],"_OrganizerEmail":"","_OrganizerPhone":"","_OrganizerWebsite":"","_VenueAddress":"","_VenueCity":"","_VenueCountry":"","_VenueProvince":"","_VenueState":"","_VenueZip":"","_VenuePhone":"","_VenueURL":"","_VenueStateProvince":"","_VenueLat":"","_VenueLng":"","_VenueShowMap":false,"_VenueShowMapLink":false,"_newspack_byline_active":false,"_newspack_byline":"","newspack_hide_updated_date":false,"newspack_show_updated_date":false,"newspack_featured_image_position":"","newspack_post_subtitle":"","newspack_article_summary_title":"Overview:","newspack_article_summary":"","_jetpack_memberships_contains_paid_content":false,"footnotes":""},"categories":[334],"tags":[450,1540,3474],"newspack_spnsrs_tax":[],"coauthors":[4065],"class_list":["post-73829","post","type-post","status-publish","format-standard","has-post-thumbnail","hentry","category-noticias-del-dia","tag-derechos-humanos","tag-el-salvador-pais","tag-triangulo-del-norte","entry"],"parsely":{"version":"1.1.0","canonical_url":"https:\/\/insightcrime.org\/es\/noticias\/noticias-del-dia\/casos-escuadrones-muerte-salvador-trascienden-fronteras\/","smart_links":{"inbound":0,"outbound":0},"traffic_boost_suggestions_count":0,"meta":{"@context":"https:\/\/schema.org","@type":"NewsArticle","headline":"Casos de escuadrones de la muerte en El Salvador trascienden fronteras","url":"http:\/\/insightcrime.org\/es\/noticias\/noticias-del-dia\/casos-escuadrones-muerte-salvador-trascienden-fronteras\/","mainEntityOfPage":{"@type":"WebPage","@id":"http:\/\/insightcrime.org\/es\/noticias\/noticias-del-dia\/casos-escuadrones-muerte-salvador-trascienden-fronteras\/"},"thumbnailUrl":"https:\/\/i0.wp.com\/insightcrime.org\/wp-content\/uploads\/2017\/09\/17-09-07-Raul-Lopez-ES.jpg?resize=150%2C150&quality=100&ssl=1","image":{"@type":"ImageObject","url":"https:\/\/i0.wp.com\/insightcrime.org\/wp-content\/uploads\/2017\/09\/17-09-07-Raul-Lopez-ES.jpg?fit=350%2C250&quality=100&ssl=1"},"articleSection":"Noticias del d\u00eda","author":[{"@type":"Person","name":"Parker Asmann"}],"creator":["Parker Asmann"],"publisher":{"@type":"Organization","name":"InSight Crime","logo":"https:\/\/insightcrime.org\/wp-content\/uploads\/2023\/08\/logo.png"},"keywords":["derechos humanos","el salvador","tri\u00e1ngulo del norte"],"dateCreated":"2017-09-08T00:00:00Z","datePublished":"2017-09-08T00:00:00Z","dateModified":"2023-04-24T21:24:51Z"},"rendered":"<meta name=\"parsely-title\" content=\"Casos de escuadrones de la muerte en El Salvador trascienden fronteras\" \/>\n<meta name=\"parsely-link\" content=\"http:\/\/insightcrime.org\/es\/noticias\/noticias-del-dia\/casos-escuadrones-muerte-salvador-trascienden-fronteras\/\" \/>\n<meta name=\"parsely-type\" content=\"post\" \/>\n<meta name=\"parsely-image-url\" content=\"https:\/\/i0.wp.com\/insightcrime.org\/wp-content\/uploads\/2017\/09\/17-09-07-Raul-Lopez-ES.jpg?resize=150%2C150&amp;quality=100&amp;ssl=1\" \/>\n<meta name=\"parsely-pub-date\" content=\"2017-09-08T00:00:00Z\" \/>\n<meta name=\"parsely-section\" content=\"Noticias del d\u00eda\" \/>\n<meta name=\"parsely-tags\" content=\"derechos humanos,el salvador,tri\u00e1ngulo del norte\" \/>\n<meta name=\"parsely-author\" content=\"Parker Asmann\" \/>","tracker_url":"https:\/\/cdn.parsely.com\/keys\/insightcrime.org\/p.js"},"jetpack_sharing_enabled":true,"jetpack-related-posts":[{"id":139995,"url":"https:\/\/insightcrime.org\/es\/noticias\/nuevo-ministro-seguridad-salvador-dudoso-pasado\/","url_meta":{"origin":73829,"position":0},"title":"Nuevo ministro de Seguridad de El Salvador carga un dudoso pasado","author":"Alex Papadovassilakis","date":"2 de abril de 2021","format":false,"excerpt":"El presidente de El Salvador, Nayib Bukele, ha nombrado un nuevo ministro de Seguridad cuyos presuntos v\u00ednculos con funcionarios y operadores pol\u00edticos acusados de corrupci\u00f3n generan dudas acerca del compromiso del gobierno con una pol\u00edtica de seguridad transparente.","rel":"","context":"En \u00abNoticias\u00bb","block_context":{"text":"Noticias","link":"https:\/\/insightcrime.org\/es\/category\/noticias\/"},"img":{"alt_text":"","src":"https:\/\/i0.wp.com\/insightcrime.org\/wp-content\/uploads\/2021\/04\/21-04-02-El-Sal-Ministro.jpg?fit=350%2C250&quality=100&ssl=1&resize=350%2C200","width":350,"height":200},"classes":[]},{"id":294362,"url":"https:\/\/insightcrime.org\/es\/noticias\/dea-abusos-derechos-humanos-socios-extranjeros\/","url_meta":{"origin":73829,"position":1},"title":"La DEA, en la mira por retrasar informes sobre abusos de sus socios extranjeros","author":"Sam Woolston","date":"10 de octubre de 2024","format":false,"excerpt":"La DEA retras\u00f3 repetidamente la denuncia de violaciones de derechos humanos por parte de las fuerzas de seguridad latinoamericanas en el \u00faltimo esc\u00e1ndalo de la agencia antidroga m\u00e1s influyente del mundo.","rel":"","context":"En \u00abNoticias\u00bb","block_context":{"text":"Noticias","link":"https:\/\/insightcrime.org\/es\/category\/noticias\/"},"img":{"alt_text":"Agentes de la Polic\u00eda Militar de Honduras y de la DEA supervisan la extradici\u00f3n de un presunto miembro de un cartel a Estados Unidos, Tegucigalpa, 26 de abril de 2019.","src":"https:\/\/i0.wp.com\/insightcrime.org\/wp-content\/uploads\/2024\/10\/Jose-Amaya1-2.jpg?fit=350%2C250&quality=100&ssl=1&resize=350%2C200","width":350,"height":200},"classes":[]},{"id":147749,"url":"https:\/\/insightcrime.org\/es\/noticias\/porque-masiva-falta-cualificacion-guardia-nacional-mexico\/","url_meta":{"origin":73829,"position":2},"title":"Por qu\u00e9 la masiva falta de cualificaci\u00f3n de la Guardia Nacional de M\u00e9xico","author":"Alessandro Ford","date":"9 de junio de 2021","format":false,"excerpt":"M\u00e1s del 90 por ciento del personal activo en la Guardia Nacional de M\u00e9xico sigue sin certificar dos a\u00f1os despu\u00e9s de la creaci\u00f3n de ese organismo de seguridad, lo que se\u00f1ala el fracaso de una meta bandera del presidente mexicano Andr\u00e9s Manuel L\u00f3pez Obrador, quien defendi\u00f3 la creaci\u00f3n del nuevo\u2026","rel":"","context":"En \u00abNoticias\u00bb","block_context":{"text":"Noticias","link":"https:\/\/insightcrime.org\/es\/category\/noticias\/"},"img":{"alt_text":"","src":"https:\/\/i0.wp.com\/insightcrime.org\/wp-content\/uploads\/2021\/06\/7cbcc2b8c3e1d858abc349949f15547084cdf078-copy.jpeg?fit=350%2C250&quality=100&ssl=1&resize=350%2C200","width":350,"height":200},"classes":[]},{"id":310237,"url":"https:\/\/insightcrime.org\/es\/noticias\/ofensiva-antipandillas-el-salvador-ahora-tiene-opositores-politicos-mira\/","url_meta":{"origin":73829,"position":3},"title":"La ofensiva antipandillas en El Salvador ahora tiene a opositores pol\u00edticos en la mira","author":"Parker Asmann","date":"21 de mayo de 2025","format":false,"excerpt":"Las autoridades de El Salvador arrestaron a una reconocida defensora de derechos humanos en medio de una creciente preocupaci\u00f3n por las t\u00e1cticas represivas del gobierno, lo que sugiere que las pol\u00edticas que antes se usaban para enfrentar al crimen organizado ahora se estar\u00edan utilizando para atacar a opositores pol\u00edticos. El\u2026","rel":"","context":"En \u00abNoticias\u00bb","block_context":{"text":"Noticias","link":"https:\/\/insightcrime.org\/es\/category\/noticias\/"},"img":{"alt_text":"People protests arrests made during the state of exception in El Salvador.","src":"https:\/\/i0.wp.com\/insightcrime.org\/wp-content\/uploads\/2025\/05\/2025-05-20-El-Salvador-Protestas.jpg?fit=350%2C250&quality=100&ssl=1&resize=350%2C200","width":350,"height":200},"classes":[]},{"id":142893,"url":"https:\/\/insightcrime.org\/es\/noticias\/masacres-haiti-revelan-apoyo-policias-funcionarios-pandillas\/","url_meta":{"origin":73829,"position":4},"title":"Masacres en Hait\u00ed revelan apoyo de polic\u00edas y funcionarios a pandillas","author":"Katie Jones","date":"3 de mayo de 2021","format":false,"excerpt":"Un reciente informe publicado por la Facultad de Derecho de Harvard y un Observatorio de investigaci\u00f3n en Hait\u00ed sostiene que las pandillas recibieron apoyo de funcionarios estatales y polic\u00edas para llevar a cabo diversos ataques que dejaron cientos de muertos, lo que demuestra que el gobierno ha promovido la violencia\u2026","rel":"","context":"En \u00abNoticias\u00bb","block_context":{"text":"Noticias","link":"https:\/\/insightcrime.org\/es\/category\/noticias\/"},"img":{"alt_text":"","src":"https:\/\/i0.wp.com\/insightcrime.org\/wp-content\/uploads\/2021\/04\/Haitian_police_and_protests-1.jpeg?fit=350%2C250&quality=100&ssl=1&resize=350%2C200","width":350,"height":200},"classes":[]},{"id":135173,"url":"https:\/\/insightcrime.org\/es\/noticias\/triplican-victimas-falsos-positivos-colombia\/","url_meta":{"origin":73829,"position":5},"title":"N\u00famero de v\u00edctimas por falsos positivos en Colombia triplica lo reportado","author":"Parker Asmann","date":"19 de febrero de 2021","format":false,"excerpt":"Un tribunal especial ha anunciado que el n\u00famero de v\u00edctimas conectadas al esc\u00e1ndalo de los falsos positivos en Colombia es casi tres veces mayor de lo que se se hab\u00eda informado.","rel":"","context":"En \u00abNoticias\u00bb","block_context":{"text":"Noticias","link":"https:\/\/insightcrime.org\/es\/category\/noticias\/"},"img":{"alt_text":"","src":"https:\/\/i0.wp.com\/insightcrime.org\/wp-content\/uploads\/2021\/02\/21-02-18-Colombia-Falsos-Positivos.jpg?fit=350%2C250&quality=100&ssl=1&resize=350%2C200","width":350,"height":200},"classes":[]}],"jetpack_featured_media_url":"https:\/\/i0.wp.com\/insightcrime.org\/wp-content\/uploads\/2017\/09\/17-09-07-Raul-Lopez-ES.jpg?fit=350%2C250&quality=100&ssl=1","_links":{"self":[{"href":"https:\/\/insightcrime.org\/es\/wp-json\/wp\/v2\/posts\/73829","targetHints":{"allow":["GET"]}}],"collection":[{"href":"https:\/\/insightcrime.org\/es\/wp-json\/wp\/v2\/posts"}],"about":[{"href":"https:\/\/insightcrime.org\/es\/wp-json\/wp\/v2\/types\/post"}],"author":[{"embeddable":true,"href":"https:\/\/insightcrime.org\/es\/wp-json\/wp\/v2\/users\/90"}],"replies":[{"embeddable":true,"href":"https:\/\/insightcrime.org\/es\/wp-json\/wp\/v2\/comments?post=73829"}],"version-history":[{"count":2,"href":"https:\/\/insightcrime.org\/es\/wp-json\/wp\/v2\/posts\/73829\/revisions"}],"predecessor-version":[{"id":75417,"href":"https:\/\/insightcrime.org\/es\/wp-json\/wp\/v2\/posts\/73829\/revisions\/75417"}],"wp:featuredmedia":[{"embeddable":true,"href":"https:\/\/insightcrime.org\/es\/wp-json\/wp\/v2\/media\/73827"}],"wp:attachment":[{"href":"https:\/\/insightcrime.org\/es\/wp-json\/wp\/v2\/media?parent=73829"}],"wp:term":[{"taxonomy":"category","embeddable":true,"href":"https:\/\/insightcrime.org\/es\/wp-json\/wp\/v2\/categories?post=73829"},{"taxonomy":"post_tag","embeddable":true,"href":"https:\/\/insightcrime.org\/es\/wp-json\/wp\/v2\/tags?post=73829"},{"taxonomy":"newspack_spnsrs_tax","embeddable":true,"href":"https:\/\/insightcrime.org\/es\/wp-json\/wp\/v2\/newspack_spnsrs_tax?post=73829"},{"taxonomy":"author","embeddable":true,"href":"https:\/\/insightcrime.org\/es\/wp-json\/wp\/v2\/coauthors?post=73829"}],"curies":[{"name":"wp","href":"https:\/\/api.w.org\/{rel}","templated":true}]}}