{"id":7388,"date":"2014-11-20T15:54:03","date_gmt":"2017-03-28T00:05:37","guid":{"rendered":"http:\/\/newwp.insightcrime.org?p=7388"},"modified":"2023-04-24T15:42:25","modified_gmt":"2023-04-24T20:42:25","slug":"pregunta-masacre-estudiantes-mexico-por-que","status":"publish","type":"post","link":"https:\/\/insightcrime.org\/es\/noticias\/analisis\/pregunta-masacre-estudiantes-mexico-por-que\/","title":{"rendered":"Persistente pregunta sobre la masacre de los estudiantes en M\u00e9xico: \u00bfPor qu\u00e9?"},"content":{"rendered":"\n<p class=\"wp-block-paragraph\">Mientras M\u00e9xico lucha por llegar a un acuerdo sobre el masivo asesinato de 43 estudiantes en Guerrero, una de las preguntas a\u00fan sin resolver es por qu\u00e9 el grupo detr\u00e1s de los asesinatos&nbsp;hizo lo que hizo.<\/p>\n\n\n\n<p class=\"wp-block-paragraph\">Aunque muchos detalles quedan por afinarse, el esquema b\u00e1sico del incidente est\u00e1 pr\u00e1cticamente aceptado: los 43 estudiantes formaban parte de un grupo m\u00e1s amplio de la escuela normal rural de maestros en Ayotzinapa que iba rumbo a Iguala, Guerrero, con el objetivo de apoderarse de unos autobuses y recaudar fondos para un futuro viaje a una manifestaci\u00f3n en Ciudad de M\u00e9xico. Su estancia en Iguala coincidi\u00f3 con un importante discurso por parte de la esposa del alcalde de Iguala, Mar\u00eda de los \u00c1ngeles Villa Pineda, quien ten\u00eda sus propias ambiciones pol\u00edticas y cuya familia es cercana a Guerreros Unidos.<\/p>\n\n\n\n<p class=\"wp-block-paragraph\">Desesperada por evitar la interrupci\u00f3n de su gran momento pol\u00edtico por parte de los manifestantes estudiantiles potencialmente alborotados, <a href=\"https:\/\/es.insightcrime.org\/noticias\/noticias-del-dia\/mexico-culpa-alcalde-esposa-desaparicion-estudiantes\/\" target=\"_blank\">Villa Pineda y su esposo, Jos\u00e9 Luis Abarca<\/a>, le echaron la polic\u00eda municipal y Guerreros Unidos encima a los estudiantes. M\u00e1s de 50 personas murieron en la turba, incluyendo 43 que fueron presuntamente secuestradas, ejecutadas (o asfixiadas), e incineradas. (Algunos seguidores y <a href=\"https:\/\/www.proceso.com.mx\/?p=387863\" target=\"_blank\">medios de comunicaci\u00f3n<\/a> no han aceptado esta explicaci\u00f3n.)<\/p>\n\n\n\n<p class=\"wp-block-paragraph\">En respuesta a la criminalidad y a la ola de ira que provoc\u00f3, el gobierno federal ha entrado en acci\u00f3n. Abarco y Villa Pineda pasaron a la clandestinidad, y fueron encontrados por las autoridades federales en Ciudad de M\u00e9xico a principios de este mes. Un flujo constante de detenciones de miembros Guerreros de Unidos culmin\u00f3 en la<a href=\"https:\/\/es.insightcrime.org\/noticias\/noticias-del-dia\/lider-guerreros-unidos-capturado-busqueda-estudiantes-desaparecidos\/\" target=\"_blank\">&nbsp;captura en octubre del m\u00e1ximo l\u00edder del grupo<\/a>, Sidronio Casarrubia Salgado.<\/p>\n\n\n\n<p class=\"wp-block-paragraph\">Entre la gama de reacciones por parte del p\u00fablico mexicano, por debajo de la consternaci\u00f3n, la indignaci\u00f3n y la tristeza, se encuentra la <a href=\"https:\/\/www.nybooks.com\/blogs\/nyrblog\/2014\/nov\/05\/mexico-not-sheep-to-be-killed\/\" target=\"_blank\">pregunta a\u00fan no resuelta de por qu\u00e9<\/a>. \u00bfPor qu\u00e9 un grupo de nivel medio dar\u00eda un paso tan provocativo, casi seguro de generar el tipo de atenci\u00f3n masiva por parte de los medios de comunicaci\u00f3n que precipitar\u00eda el colapso de un grupo? \u00bfPor qu\u00e9 equiparar\u00edan a unas pocas docenas de adolescentes manifestantes, que era algo habitual en el panorama pol\u00edtico y social de Guerrero, con una amenaza digna de una ejecuci\u00f3n masiva?<\/p>\n\n\n\n<p class=\"wp-block-paragraph\">Las respuestas a estas preguntas son importantes no s\u00f3lo para arrojar luz sobre uno de los cr\u00edmenes m\u00e1s notorios de M\u00e9xico en d\u00e9cadas. Tambi\u00e9n hablan de los potenciales cambios en el hampa de M\u00e9xico, lo que podr\u00eda tener repercusiones en otros lugares.<\/p>\n\n\n\n<h3 class=\"wp-block-heading\">An\u00e1lisis de InSight Crime<\/h3>\n\n\n\n<p class=\"wp-block-paragraph\">Es claro que Guerreros Unidos hizo un enorme error de c\u00e1lculo. El grupo se ha vuelto radioactivo: sus l\u00edderes est\u00e1n en la c\u00e1rcel o son una prioridad para las autoridades federales, y sus aliados pol\u00edticos que no est\u00e1n pr\u00f3fugos o no han sido arrestados probablemente est\u00e1n manteniendo su distancia. La desaparici\u00f3n total del grupo es un escenario probable en el corto plazo. Los l\u00edderes posiblemente nunca consideraron que asesinar a muchos estudiantes pondr\u00eda su vida en riesgo, y los acontecimientos recientes ponen de manifiesto que estaban equivocados.<\/p>\n\n\n\n<p class=\"wp-block-paragraph\">Tambi\u00e9n es probable que los miembros del grupo vieran a los estudiantes como agitadores desfavorecidos econ\u00f3micamente, y una alteraci\u00f3n al orden p\u00fablico, y por lo tanto fuera visto como un grupo que no inspiraba mucha simpat\u00eda. Este punto de vista no es poco com\u00fan en M\u00e9xico. Como consecuencia, ellos probablemente sintieron que habr\u00eda poco inter\u00e9s p\u00fablico en investigar la desaparici\u00f3n de los profesores rurales, en su mayor\u00eda pobres. Pero los verdugos malinterpretaron la respuesta popular; una cosa es quejarse por las extorsiones que se hacen pasar por recaudaci\u00f3n de fondos, y otra muy distinta es permitir una masacre en respuesta.<\/p>\n\n\n\n<p class=\"wp-block-paragraph\">Un grave error de c\u00e1lculo de este tipo tambi\u00e9n sugiere una expectativa de impunidad por parte de Guerreros Unidos, incluso cuando llevaron a cabo uno de los peores cr\u00edmenes imaginables. Esta teor\u00eda es apoyada por las <a href=\"https:\/\/www.proceso.com.mx\/?p=387925\" target=\"_blank\">decenas de cad\u00e1veres<\/a>, descubiertos gracias a la informaci\u00f3n proporcionada por miembros detenidos del grupo, que fueron enterrados en fosas clandestinas que, evidentemente, no ten\u00edan nada que ver con los estudiantes que estaban desaparecidos. Se sospecha que ha habido otros asesinatos, similares en el m\u00e9todo pero menores en el alcance a los asesinatos en Iguala, que han pasado b\u00e1sicamente desapercibidos por las autoridades. A medida que el grupo se dio cuenta que, literalmente, podr\u00eda salirse con la suya, sigui\u00f3 pasando el l\u00edmite de lo aceptable.<\/p>\n\n\n\n<p class=\"wp-block-paragraph\"><a href=\"https:\/\/www.animalpolitico.com\/2014\/11\/este-es-el-caso-que-las-autoridades-ignoraron-por-un-ano-y-por-el-que-ahora-esta-consignado-exalcalde-de-iguala\/\" target=\"_blank\">Lo mismo podr\u00eda decirse del exalcalde<\/a>. Otra gran parte de la explicaci\u00f3n probablemente reside en los detalles de la relaci\u00f3n entre Guerreros Unidos y Abarca y la alcald\u00eda. Los informes que surgieron despu\u00e9s de la masacre pintan al alcalde no s\u00f3lo como un funcionario corrupto que mira hacia otro lado a cambio de sobornos, sino tambi\u00e9n como un <a href=\"https:\/\/www.excelsior.com.mx\/nacional\/2014\/11\/07\/991055\" target=\"_blank\">asesino y un traficante<\/a>. Guerreros Unidos parece haber funcionado como una especie de fuerza de choque extralegal a las \u00f3rdenes del alcalde y su esposa. Esto ampli\u00f3 la esfera de enemigos mortales mucho m\u00e1s all\u00e1 de lo que es t\u00edpico para un grupo de tr\u00e1fico de drogas, hasta el punto en el que incluy\u00f3 a 43 aspirantes a maestros sin v\u00ednculos con el crimen organizado. Y esa relaci\u00f3n no s\u00f3lo foment\u00f3 la idea errada de invencibilidad, sino que tambi\u00e9n borr\u00f3 la l\u00ednea entre la agresividad y la temeridad.<\/p>\n\n\n\n<p class=\"wp-block-paragraph\">La \u00edntima&nbsp;relaci\u00f3n de Guerreros Unidos con la alcald\u00eda en Iguala no es inusual en M\u00e9xico. Hay muchos grupos criminales que trabajan con y dependen de las autoridades locales. Pero \u00e9sta se vio favorecida por una serie de circunstancias poco comunes, como los antecedentes del alcalde y la lejan\u00eda de Iguala. Y es que parece poco probable que se repita, haciendo menos probable la ocurrencia de masacres. Por desgracia, el da\u00f1o en Guerrero ya est\u00e1 hecho.&nbsp;<\/p>\n","protected":false},"excerpt":{"rendered":"<p>Mientras M\u00e9xico lucha por llegar a un acuerdo sobre el masivo asesinato de 43 estudiantes en Guerrero, una de las preguntas a\u00fan sin resolver es por qu\u00e9 el grupo detr\u00e1s de los asesinatos&nbsp;hizo lo que hizo.<\/p>\n","protected":false},"author":8,"featured_media":41584,"comment_status":"closed","ping_status":"closed","sticky":false,"template":"","format":"standard","meta":{"newspack_ads_suppress_ads":false,"newspack_popups_has_disabled_popups":false,"newspack_sponsor_sponsorship_scope":"","newspack_sponsor_native_byline_display":"inherit","newspack_sponsor_native_category_display":"inherit","newspack_sponsor_underwriter_style":"inherit","newspack_sponsor_underwriter_placement":"inherit","_EventAllDay":false,"_EventTimezone":"","_EventStartDate":"","_EventEndDate":"","_EventStartDateUTC":"","_EventEndDateUTC":"","_EventShowMap":false,"_EventShowMapLink":false,"_EventURL":"","_EventCost":"","_EventCostDescription":"","_EventCurrencySymbol":"","_EventCurrencyCode":"","_EventCurrencyPosition":"","_EventDateTimeSeparator":"","_EventTimeRangeSeparator":"","_EventOrganizerID":[],"_EventVenueID":[],"_OrganizerEmail":"","_OrganizerPhone":"","_OrganizerWebsite":"","_VenueAddress":"","_VenueCity":"","_VenueCountry":"","_VenueProvince":"","_VenueState":"","_VenueZip":"","_VenuePhone":"","_VenueURL":"","_VenueStateProvince":"","_VenueLat":"","_VenueLng":"","_VenueShowMap":false,"_VenueShowMapLink":false,"_newspack_byline_active":false,"_newspack_byline":"","newspack_hide_updated_date":false,"newspack_show_updated_date":false,"newspack_featured_image_position":"","newspack_post_subtitle":"","newspack_article_summary_title":"Overview:","newspack_article_summary":"","_jetpack_memberships_contains_paid_content":false,"footnotes":""},"categories":[340],"tags":[3471,450,451,406],"newspack_spnsrs_tax":[],"coauthors":[3675],"class_list":["post-7388","post","type-post","status-publish","format-standard","has-post-thumbnail","hentry","category-analisis","tag-ayotzinapa-es","tag-derechos-humanos","tag-los-guerreros-unidos","tag-mexico-pais","entry"],"parsely":{"version":"1.1.0","canonical_url":"https:\/\/insightcrime.org\/es\/noticias\/analisis\/pregunta-masacre-estudiantes-mexico-por-que\/","smart_links":{"inbound":0,"outbound":0},"traffic_boost_suggestions_count":0,"meta":{"@context":"https:\/\/schema.org","@type":"NewsArticle","headline":"Persistente pregunta sobre la masacre de los estudiantes en M\u00e9xico: \u00bfPor qu\u00e9?","url":"http:\/\/insightcrime.org\/es\/noticias\/analisis\/pregunta-masacre-estudiantes-mexico-por-que\/","mainEntityOfPage":{"@type":"WebPage","@id":"http:\/\/insightcrime.org\/es\/noticias\/analisis\/pregunta-masacre-estudiantes-mexico-por-que\/"},"thumbnailUrl":"https:\/\/i0.wp.com\/insightcrime.org\/wp-content\/uploads\/2014\/11\/es-20141120_mexico_guerreros_unidos_pancarta.jpg?resize=150%2C150&quality=100&ssl=1","image":{"@type":"ImageObject","url":"https:\/\/i0.wp.com\/insightcrime.org\/wp-content\/uploads\/2014\/11\/es-20141120_mexico_guerreros_unidos_pancarta.jpg?fit=644%2C484&quality=100&ssl=1"},"articleSection":"An\u00e1lisis","author":[{"@type":"Person","name":"Patrick Corcoran"}],"creator":["Patrick Corcoran"],"publisher":{"@type":"Organization","name":"InSight Crime","logo":"https:\/\/insightcrime.org\/wp-content\/uploads\/2023\/08\/logo.png"},"keywords":["ayotzinapa","derechos humanos","guerreros unidos","m\u00e9xico"],"dateCreated":"2017-03-28T00:05:37Z","datePublished":"2017-03-28T00:05:37Z","dateModified":"2023-04-24T20:42:25Z"},"rendered":"<meta name=\"parsely-title\" content=\"Persistente pregunta sobre la masacre de los estudiantes en M\u00e9xico: \u00bfPor qu\u00e9?\" \/>\n<meta name=\"parsely-link\" content=\"http:\/\/insightcrime.org\/es\/noticias\/analisis\/pregunta-masacre-estudiantes-mexico-por-que\/\" \/>\n<meta name=\"parsely-type\" content=\"post\" \/>\n<meta name=\"parsely-image-url\" content=\"https:\/\/i0.wp.com\/insightcrime.org\/wp-content\/uploads\/2014\/11\/es-20141120_mexico_guerreros_unidos_pancarta.jpg?resize=150%2C150&amp;quality=100&amp;ssl=1\" \/>\n<meta name=\"parsely-pub-date\" content=\"2017-03-28T00:05:37Z\" \/>\n<meta name=\"parsely-section\" content=\"An\u00e1lisis\" \/>\n<meta name=\"parsely-tags\" content=\"ayotzinapa,derechos humanos,guerreros unidos,m\u00e9xico\" \/>\n<meta name=\"parsely-author\" content=\"Patrick Corcoran\" \/>","tracker_url":"https:\/\/cdn.parsely.com\/keys\/insightcrime.org\/p.js"},"jetpack_sharing_enabled":true,"jetpack-related-posts":[{"id":7759,"url":"https:\/\/insightcrime.org\/es\/noticias-crimen-organizado-mexico\/guerreros-unidos\/","url_meta":{"origin":7388,"position":0},"title":"Guerreros Unidos","author":"InSight Crime","date":"13 de agosto de 2026","format":false,"excerpt":"Guerreros Unidos es un grupo escindido de la OBL, que opera en la regi\u00f3n central de M\u00e9xico. El grupo se dedica principalmente a la extorsi\u00f3n y el secuestro, pero tambi\u00e9n trafica drogas a Estados Unidos. Los Guerreros Unidos se caracterizan por sus t\u00e1cticas agresivas y por el uso de la\u2026","rel":"","context":"En \u00abM\u00e9xico\u00bb","block_context":{"text":"M\u00e9xico","link":"https:\/\/insightcrime.org\/es\/category\/noticias-crimen-organizado-mexico\/"},"img":{"alt_text":"Guerreros Unidos","src":"https:\/\/i0.wp.com\/insightcrime.org\/wp-content\/uploads\/2026\/06\/Grupo-Criminal-Guerreros-Unidos.jpg?fit=1200%2C900&quality=100&ssl=1&resize=350%2C200","width":350,"height":200,"srcset":"https:\/\/i0.wp.com\/insightcrime.org\/wp-content\/uploads\/2026\/06\/Grupo-Criminal-Guerreros-Unidos.jpg?fit=1200%2C900&quality=100&ssl=1&resize=350%2C200 1x, https:\/\/i0.wp.com\/insightcrime.org\/wp-content\/uploads\/2026\/06\/Grupo-Criminal-Guerreros-Unidos.jpg?fit=1200%2C900&quality=100&ssl=1&resize=525%2C300 1.5x, https:\/\/i0.wp.com\/insightcrime.org\/wp-content\/uploads\/2026\/06\/Grupo-Criminal-Guerreros-Unidos.jpg?fit=1200%2C900&quality=100&ssl=1&resize=700%2C400 2x, https:\/\/i0.wp.com\/insightcrime.org\/wp-content\/uploads\/2026\/06\/Grupo-Criminal-Guerreros-Unidos.jpg?fit=1200%2C900&quality=100&ssl=1&resize=1050%2C600 3x"},"classes":[]},{"id":124636,"url":"https:\/\/insightcrime.org\/es\/noticias\/negligencia-en-caso-ayotzinapa-mexico\/","url_meta":{"origin":7388,"position":1},"title":"Hallan m\u00e1s negligencia en el manejo del caso Ayotzinapa en M\u00e9xico","author":"Parker Asmann","date":"26 de septiembre de 2020","format":false,"excerpt":"Un reciente informe se\u00f1ala que las autoridades de M\u00e9xico no enviaron los fragmentos \u00f3seos hallados en relaci\u00f3n con la investigaci\u00f3n de Ayotzinapa para su an\u00e1lisis, ni investigaron m\u00e1s a fondo el \u00e1rea donde fueron encontrados, lo que demuestra el alto nivel de negligencia en el manejo del caso por parte\u2026","rel":"","context":"En \u00abNoticias\u00bb","block_context":{"text":"Noticias","link":"https:\/\/insightcrime.org\/es\/category\/noticias\/"},"img":{"alt_text":"","src":"https:\/\/i0.wp.com\/insightcrime.org\/wp-content\/uploads\/2020\/09\/20-09-25-Ayotzinapa-6-Years.jpg?fit=350%2C250&quality=100&ssl=1&resize=350%2C200","width":350,"height":200},"classes":[]},{"id":200935,"url":"https:\/\/insightcrime.org\/es\/noticias\/mexico-ejercito-crimen-abusos-derechos-humanos\/","url_meta":{"origin":7388,"position":2},"title":"Ej\u00e9rcito de M\u00e9xico seguir\u00e1 combatiendo crimen a pesar de abusos de derechos humanos","author":"Peter Appleby","date":"6 de octubre de 2022","format":false,"excerpt":"El presidente Andr\u00e9s Manuel L\u00f3pez Obrador no logra imponerse sobre los grupos criminales a pesar de apoyarse cada vez m\u00e1s en las fuerzas armadas de M\u00e9xico contra todas las evidencias de abusos de derechos humanos por parte de esa entidad que han salido a la luz en los \u00faltimos meses.","rel":"","context":"En \u00abNoticias\u00bb","block_context":{"text":"Noticias","link":"https:\/\/insightcrime.org\/es\/category\/noticias\/"},"img":{"alt_text":"Formaci\u00f3n de soldados del Ej\u00e9rcito Mexicano","src":"https:\/\/i0.wp.com\/insightcrime.org\/wp-content\/uploads\/2022\/10\/mexico-army-1.jpeg?fit=350%2C250&quality=100&ssl=1&resize=350%2C200","width":350,"height":200},"classes":[]},{"id":185299,"url":"https:\/\/insightcrime.org\/es\/noticias\/comunidades-indigenas-mexico-sufren-abandono-estatal-frente-grupos-criminales\/","url_meta":{"origin":7388,"position":3},"title":"Comunidades ind\u00edgenas de M\u00e9xico sufren abandono estatal frente a grupos criminales","author":"Henry Shuldiner","date":"13 de mayo de 2022","format":false,"excerpt":"La muerte de dos l\u00edderes ind\u00edgenas en el estado de Guerrero vuelve a llamar la atenci\u00f3n sobre la negligencia del gobierno en la protecci\u00f3n de las comunidades ind\u00edgenas azotadas por organizaciones criminales en todo M\u00e9xico.","rel":"","context":"En \u00abNoticias\u00bb","block_context":{"text":"Noticias","link":"https:\/\/insightcrime.org\/es\/category\/noticias\/"},"img":{"alt_text":"Grupos ind\u00edgenas de autodefensa se han levantado en armas para defenderse de los grupos criminales en Guerrero","src":"https:\/\/i0.wp.com\/insightcrime.org\/wp-content\/uploads\/2022\/05\/Mexico-Guerrero-Indigenous-Indybay1.jpg?fit=350%2C250&quality=100&ssl=1&resize=350%2C200","width":350,"height":200},"classes":[]},{"id":349075,"url":"https:\/\/insightcrime.org\/es\/noticias\/ardillos-grupo-criminal-provocado-desplazamientos-masivos-mexico\/","url_meta":{"origin":7388,"position":4},"title":"Familias desplazadas por Los Ardillos regresan a sus hogares en Guerrero, M\u00e9xico","author":"Aranza Jimenez","date":"17 de agosto de 2026","format":false,"excerpt":"Los Ardillos provocaron el desplazamiento de m\u00e1s de 1.000 personas en Guerrero y ahora algunas familias comienzan a regresar. \u00bfQui\u00e9nes son, c\u00f3mo operan y c\u00f3mo gan\u00f3 poder este grupo criminal?","rel":"","context":"En \u00abNoticias\u00bb","block_context":{"text":"Noticias","link":"https:\/\/insightcrime.org\/es\/category\/noticias\/"},"img":{"alt_text":"","src":"https:\/\/i0.wp.com\/insightcrime.org\/wp-content\/uploads\/2026\/08\/Impact-Ardillos-Mexico.jpg?fit=1200%2C675&quality=100&ssl=1&resize=350%2C200","width":350,"height":200,"srcset":"https:\/\/i0.wp.com\/insightcrime.org\/wp-content\/uploads\/2026\/08\/Impact-Ardillos-Mexico.jpg?fit=1200%2C675&quality=100&ssl=1&resize=350%2C200 1x, https:\/\/i0.wp.com\/insightcrime.org\/wp-content\/uploads\/2026\/08\/Impact-Ardillos-Mexico.jpg?fit=1200%2C675&quality=100&ssl=1&resize=525%2C300 1.5x, https:\/\/i0.wp.com\/insightcrime.org\/wp-content\/uploads\/2026\/08\/Impact-Ardillos-Mexico.jpg?fit=1200%2C675&quality=100&ssl=1&resize=700%2C400 2x, https:\/\/i0.wp.com\/insightcrime.org\/wp-content\/uploads\/2026\/08\/Impact-Ardillos-Mexico.jpg?fit=1200%2C675&quality=100&ssl=1&resize=1050%2C600 3x"},"classes":[]},{"id":268355,"url":"https:\/\/insightcrime.org\/es\/noticias\/violencia-criminal-paraliza-estado-guerrero-mexico\/","url_meta":{"origin":7388,"position":5},"title":"Violencia criminal paraliza al estado de Guerrero, M\u00e9xico","author":"Sara Garcia","date":"13 de febrero de 2024","format":false,"excerpt":"La reciente ola de violencia en Guerrero, M\u00e9xico, pone de relieve la disputa entre varios grupos criminales por el control de la extorsi\u00f3n en el estado sure\u00f1o, al tiempo que resalta m\u00faltiples factores de inseguridad en la regi\u00f3n.","rel":"","context":"En \u00abNoticias\u00bb","block_context":{"text":"Noticias","link":"https:\/\/insightcrime.org\/es\/category\/noticias\/"},"img":{"alt_text":"","src":"https:\/\/i0.wp.com\/insightcrime.org\/wp-content\/uploads\/2024\/02\/2024-02-08-Violencia-Guerrero-Mex.jpeg?fit=350%2C250&quality=100&ssl=1&resize=350%2C200","width":350,"height":200},"classes":[]}],"jetpack_featured_media_url":"https:\/\/i0.wp.com\/insightcrime.org\/wp-content\/uploads\/2014\/11\/es-20141120_mexico_guerreros_unidos_pancarta.jpg?fit=644%2C484&quality=100&ssl=1","_links":{"self":[{"href":"https:\/\/insightcrime.org\/es\/wp-json\/wp\/v2\/posts\/7388","targetHints":{"allow":["GET"]}}],"collection":[{"href":"https:\/\/insightcrime.org\/es\/wp-json\/wp\/v2\/posts"}],"about":[{"href":"https:\/\/insightcrime.org\/es\/wp-json\/wp\/v2\/types\/post"}],"author":[{"embeddable":true,"href":"https:\/\/insightcrime.org\/es\/wp-json\/wp\/v2\/users\/8"}],"replies":[{"embeddable":true,"href":"https:\/\/insightcrime.org\/es\/wp-json\/wp\/v2\/comments?post=7388"}],"version-history":[{"count":1,"href":"https:\/\/insightcrime.org\/es\/wp-json\/wp\/v2\/posts\/7388\/revisions"}],"predecessor-version":[{"id":23671,"href":"https:\/\/insightcrime.org\/es\/wp-json\/wp\/v2\/posts\/7388\/revisions\/23671"}],"wp:featuredmedia":[{"embeddable":true,"href":"https:\/\/insightcrime.org\/es\/wp-json\/wp\/v2\/media\/41584"}],"wp:attachment":[{"href":"https:\/\/insightcrime.org\/es\/wp-json\/wp\/v2\/media?parent=7388"}],"wp:term":[{"taxonomy":"category","embeddable":true,"href":"https:\/\/insightcrime.org\/es\/wp-json\/wp\/v2\/categories?post=7388"},{"taxonomy":"post_tag","embeddable":true,"href":"https:\/\/insightcrime.org\/es\/wp-json\/wp\/v2\/tags?post=7388"},{"taxonomy":"newspack_spnsrs_tax","embeddable":true,"href":"https:\/\/insightcrime.org\/es\/wp-json\/wp\/v2\/newspack_spnsrs_tax?post=7388"},{"taxonomy":"author","embeddable":true,"href":"https:\/\/insightcrime.org\/es\/wp-json\/wp\/v2\/coauthors?post=7388"}],"curies":[{"name":"wp","href":"https:\/\/api.w.org\/{rel}","templated":true}]}}