{"id":73907,"date":"2017-09-18T00:00:00","date_gmt":"2017-09-18T00:00:00","guid":{"rendered":"https:\/\/insightcrime.org\/noticias\/noticias-del-dia-2\/protestas-obligan-congreso-guatemala-retractarse-pacto-impunidad\/"},"modified":"2023-04-24T16:24:57","modified_gmt":"2023-04-24T21:24:57","slug":"protestas-obligan-congreso-guatemala-retractarse-pacto-impunidad","status":"publish","type":"post","link":"https:\/\/insightcrime.org\/es\/noticias\/noticias-del-dia\/protestas-obligan-congreso-guatemala-retractarse-pacto-impunidad\/","title":{"rendered":"Protestas obligan al Congreso de Guatemala a retractarse en &#8216;Pacto de Impunidad&#8217;"},"content":{"rendered":"\n<p class=\"wp-block-paragraph\">El Congreso de Guatemala se ech\u00f3 para atr\u00e1s en su intento por debilitar los esfuerzos contra la corrupci\u00f3n luego de protestas generalizadas y una r\u00e1pida movilizaci\u00f3n de la corte suprema del pa\u00eds, lo que indica que pese a que la presi\u00f3n internacional pareci\u00f3 no disuadir a las \u00e9lites pol\u00edticas corruptas en su intento de blindarse, la indignaci\u00f3n nacional generalizada s\u00ed podr\u00eda.<\/p>\n\n\n\n<p class=\"wp-block-paragraph\">Miles de guatemaltecos llenaron la plaza p\u00fablica capitalina el 14 de septiembre en una de <a href=\"https:\/\/www.plazapublica.com.gt\/content\/perdon-pidieron-los-diputados-que-se-vayan-exigio-la-plaza\" target=\"_blank\">las protestas m\u00e1s masivas<\/a> desde 2015, cuando meses de manifestaciones anticorrupci\u00f3n sostenidas contribuyeron a forzar la renuncia del presidente Otto P\u00e9rez Molina, quien finalmente fue encarcelado por su <a href=\"https:\/\/es.insightcrime.org\/noticias\/analisis\/explicacion-escandalos-corrupcion-gobierno-guatemala\/\" target=\"_blank\">participaci\u00f3n en una compleja maquinaria de peculado<\/a>.<\/p>\n\n\n\n<p class=\"wp-block-paragraph\">La pol\u00e9mica reforma que desat\u00f3 la indignaci\u00f3n reciente fue <a href=\"https:\/\/es.insightcrime.org\/noticias\/analisis\/miercolesnegro-guatemala-paso-institucionalizar-corrupcion\/\" target=\"_blank\">aprobada <\/a>el 13 de septiembre por el Congreso. En esencia, esta habr\u00eda desmantelado las leyes sobre las finanzas de campa\u00f1as y permitido el pago de multas en lugar del confinamiento a delincuentes con sentencias inferiores a diez a\u00f1os. Muchos guatemaltecos percibieron la reforma como un \u201cpacto de impunidad\u201d entre pol\u00edticos para protegerse de investigaciones, procesos judiciales y sentencias de prisi\u00f3n por financiamiento electoral il\u00edcito.<\/p>\n\n\n\n<p class=\"wp-block-paragraph\">La Corte de Constitucionalidad respondi\u00f3 prontamente con una <a href=\"https:\/\/www.prensalibre.com\/guatemala\/politica\/pdh-acciona-contra-reformas-al-delito-de-financiamiento-electoral-ilicito\" target=\"_blank\">suspensi\u00f3n<\/a> provisional de la reforma, con el argumento de que esta \u201cconstituye una seria amenaza\u201d y podr\u00eda causar \u201cda\u00f1os irreparables al sistema de justicia\u201d.<\/p>\n\n\n\n<p class=\"wp-block-paragraph\"><strong><span style=\"color: #800000;\">VEA TAMBI\u00c9N:<\/span><\/strong><a href=\"\/noticias-sobre-crimen-organizado-en-guatemala?platform=hootsuite\" target=\"_blank\"> Noticias y perfiles de Guatemala<\/a><\/p>\n\n\n\n<p class=\"wp-block-paragraph\">Muchos miembros del Congreso<a href=\"https:\/\/www.prensalibre.com\/guatemala\/politica\/diputados-se-excusan-en-redes-sociales-por-aprobacion-de-reformas\" target=\"_blank\"> manifestaron disculpas<\/a> en respuesta a la repulsa generalizada a su votaci\u00f3n en las calles y las redes sociales, adem\u00e1s de la prensa guatemalteca<a href=\"https:\/\/elperiodico.com.gt\/nacion\/2017\/09\/14\/se-debe-fortalecer-la-institucionalidad-contra-la-corrupcion-fiscal-general-thelma-aldana\/\" target=\"_blank\">, funcionarios judiciales<\/a> y la corte. Otros se eximieron de responsabilidad, alegando que simplemente no hab\u00edan entendido las implicaciones de la medida que estaban votando.<\/p>\n\n\n\n<p class=\"wp-block-paragraph\">El Congreso program\u00f3 una sesi\u00f3n extraordinaria para el 15 de septiembre en la que se espera el<a href=\"https:\/\/elperiodico.com.gt\/nacion\/2017\/09\/14\/conflictivos-decretos-seran-archivados-manana-para-siempre-acuerdan-jefes-de-bloque\/\" target=\"_blank\"> retiro de la reforma<\/a>. La Corte de Constitucionalidad tambi\u00e9n tomar\u00e1 una decisi\u00f3n definitiva sobre la reforma en los pr\u00f3ximos d\u00edas.<\/p>\n\n\n\n<p class=\"wp-block-paragraph\">Fuentes oficiales se\u00f1alaron a varios medios informativos guatemaltecos que esta era apenas la \u201c<a href=\"https:\/\/www.plazapublica.com.gt\/content\/perdon-pidieron-los-diputados-que-se-vayan-exigio-la-plaza\" target=\"_blank\">punta del iceberg<\/a>\u201c, la primera de una<a href=\"https:\/\/www.prensalibre.com\/guatemala\/justicia\/otras-reformas-buscan-debilitar-al-mp-y-justicia\" target=\"_blank\"> serie de reformas legislativas<\/a> planeadas para \u201clegalizar la corrupci\u00f3n\u201d con el fin de debilitar al sistema de justicia y devolver favores pol\u00edticos. La reforma buscaba medir la reacci\u00f3n p\u00fablica antes de presentar otras medidas, que inclu\u00edan dar al presidente Jimmy Morales la potestad de destituir a la Ministra P\u00fablica del pa\u00eds, Thelma Aldana, se\u00f1alaron las fuentes.<\/p>\n\n\n\n<p class=\"wp-block-paragraph\">El Ministerio P\u00fablico y la Comisi\u00f3n Internacional contra la Impunidad en Guatemala (CICIG), que tiene el aval de las Naciones Unidas, fueron<a href=\"https:\/\/es.insightcrime.org\/noticias\/analisis\/esta-gestando-crisis-presidencial-guatemala\/\" target=\"_blank\"> blanco de cr\u00edticas<\/a> recientemente por parte de Morales y el Congreso tras el anuncio de una investigaci\u00f3n a las finanzas electorales del presidente.<\/p>\n\n\n\n<h3 class=\"wp-block-heading\">An\u00e1lisis de InSight Crime<\/h3>\n\n\n\n<p class=\"wp-block-paragraph\">Con las<a href=\"https:\/\/es.insightcrime.org\/noticias\/analisis\/presidente-guatemala-pone-trump-jaque-tras-arriesgada-movida-contra-cicig\/\" target=\"_blank\"> tensiones en aumento<\/a> en Guatemala, los pol\u00edticos no hab\u00edan sido disuadidos por la fuerte presi\u00f3n internacional, pero finalmente parecen haberse extralimitado, lo que inclin\u00f3 la balanza despertando la ira de la ciudadan\u00eda y los dej\u00f3 arrinconados.<\/p>\n\n\n\n<p class=\"wp-block-paragraph\">Al parecer el Congreso buscaba que la reforma fuera una prueba determinante de la opini\u00f3n p\u00fablica antes de introducir otras medidas con objetivos similares. La indignaci\u00f3n general contra el \u201cpacto de impunidad\u201d les dio una respuesta clara.<\/p>\n\n\n\n<p class=\"wp-block-paragraph\"><strong><span style=\"color: #800000;\">VEA TAMBI\u00c9N:<\/span><\/strong> <a href=\"https:\/\/es.insightcrime.org\/indepth\/elites-y-crimen-organizado\/\" target=\"_blank\">InDepth: \u00c9lites y crimen organizado<\/a><\/p>\n\n\n\n<p class=\"wp-block-paragraph\">Aunque la reforma misma puede parecer insignificante en medio del caos pol\u00edtico que envuelve a Guatemala, parece <a href=\"https:\/\/www.plazapublica.com.gt\/content\/perdon-pidieron-los-diputados-que-se-vayan-exigio-la-plaza\" target=\"_blank\">la gota que rebos\u00f3 la copa<\/a> en t\u00e9rminos de la indignaci\u00f3n general luego de otras recientes controversias, como el<a href=\"https:\/\/es.insightcrime.org\/noticias\/noticias-del-dia\/corte-guatemala-resuelve-presidente-puede-destituir-jefe-anticorrupcion\/\" target=\"_blank\"> fallido intento<\/a> de Morales por expulsar al jefe de la CICIG Iv\u00e1n V\u00e9lasquez y una votaci\u00f3n en el Congreso que proteg\u00eda la inmunidad de Morales frente a procesos judiciales.<\/p>\n\n\n\n<p class=\"wp-block-paragraph\">\u201cEsto se fue de las manos\u201d, coment\u00f3 un funcionario que no dio su nombre a<a href=\"https:\/\/www.plazapublica.com.gt\/content\/perdon-pidieron-los-diputados-que-se-vayan-exigio-la-plaza\" target=\"_blank\"> La Plaza P\u00fablica<\/a>. \u201cNo midieron las consecuencias de sus votaciones y ahora regresan a cero porque no saben c\u00f3mo pueden ayudar al presidente Morales\u201d ni honrar su pacto con empresarios, pol\u00edticos y exfuncionarios por corrupci\u00f3n.<\/p>\n\n\n\n<p class=\"wp-block-paragraph\">Ahora que el p\u00fablico, los funcionarios de la rama judicial y la corte de constitucionalidad del pa\u00eds parecen haberse unido para proteger las iniciativas anticorrupci\u00f3n, es posible que los pol\u00edticos tengan poco espacio para colarse con leyes para su beneficio y remover imp\u00fadicamente a sus adversarios. Sin respaldo p\u00fablico o mucho barullo, sin embargo, las \u00e9lites corruptas pueden intentar medidas m\u00e1s soterradas para socavar las iniciativas anticorrupci\u00f3n en Guatemala.<\/p>\n","protected":false},"excerpt":{"rendered":"<p>El Congreso de Guatemala se ech\u00f3 para atr\u00e1s en su intento por debilitar los esfuerzos contra la corrupci\u00f3n luego de protestas generalizadas y una r\u00e1pida movilizaci\u00f3n de la corte suprema del pa\u00eds, lo que indica que pese a que la presi\u00f3n internacional pareci\u00f3 no disuadir a las \u00e9lites pol\u00edticas corruptas en su intento de blindarse, la indignaci\u00f3n nacional generalizada s\u00ed podr\u00eda.<\/p>\n","protected":false},"author":148,"featured_media":73905,"comment_status":"closed","ping_status":"closed","sticky":false,"template":"","format":"standard","meta":{"newspack_ads_suppress_ads":false,"newspack_popups_has_disabled_popups":false,"newspack_sponsor_sponsorship_scope":"","newspack_sponsor_native_byline_display":"inherit","newspack_sponsor_native_category_display":"inherit","newspack_sponsor_underwriter_style":"inherit","newspack_sponsor_underwriter_placement":"inherit","_EventAllDay":false,"_EventTimezone":"","_EventStartDate":"","_EventEndDate":"","_EventStartDateUTC":"","_EventEndDateUTC":"","_EventShowMap":false,"_EventShowMapLink":false,"_EventURL":"","_EventCost":"","_EventCostDescription":"","_EventCurrencySymbol":"","_EventCurrencyCode":"","_EventCurrencyPosition":"","_EventDateTimeSeparator":"","_EventTimeRangeSeparator":"","_EventOrganizerID":[],"_EventVenueID":[],"_OrganizerEmail":"","_OrganizerPhone":"","_OrganizerWebsite":"","_VenueAddress":"","_VenueCity":"","_VenueCountry":"","_VenueProvince":"","_VenueState":"","_VenueZip":"","_VenuePhone":"","_VenueURL":"","_VenueStateProvince":"","_VenueLat":"","_VenueLng":"","_VenueShowMap":false,"_VenueShowMapLink":false,"_newspack_byline_active":false,"_newspack_byline":"","newspack_hide_updated_date":false,"newspack_show_updated_date":false,"newspack_featured_image_position":"","newspack_post_subtitle":"","newspack_article_summary_title":"Overview:","newspack_article_summary":"","_jetpack_memberships_contains_paid_content":false,"footnotes":""},"categories":[334],"tags":[447,374,3474],"newspack_spnsrs_tax":[],"coauthors":[4080],"class_list":["post-73907","post","type-post","status-publish","format-standard","has-post-thumbnail","hentry","category-noticias-del-dia","tag-elites-y-crimen-organizado","tag-guatemala-pais","tag-triangulo-del-norte","entry"],"parsely":{"version":"1.1.0","canonical_url":"https:\/\/insightcrime.org\/es\/noticias\/noticias-del-dia\/protestas-obligan-congreso-guatemala-retractarse-pacto-impunidad\/","smart_links":{"inbound":0,"outbound":0},"traffic_boost_suggestions_count":0,"meta":{"@context":"https:\/\/schema.org","@type":"NewsArticle","headline":"Protestas obligan al Congreso de Guatemala a retractarse en &#8216;Pacto de Impunidad&#8217;","url":"http:\/\/insightcrime.org\/es\/noticias\/noticias-del-dia\/protestas-obligan-congreso-guatemala-retractarse-pacto-impunidad\/","mainEntityOfPage":{"@type":"WebPage","@id":"http:\/\/insightcrime.org\/es\/noticias\/noticias-del-dia\/protestas-obligan-congreso-guatemala-retractarse-pacto-impunidad\/"},"thumbnailUrl":"https:\/\/i0.wp.com\/insightcrime.org\/wp-content\/uploads\/2017\/09\/17-09-15-Guatemala-congress-protests.jpg?resize=150%2C150&quality=100&ssl=1","image":{"@type":"ImageObject","url":"https:\/\/i0.wp.com\/insightcrime.org\/wp-content\/uploads\/2017\/09\/17-09-15-Guatemala-congress-protests.jpg?fit=350%2C250&quality=100&ssl=1"},"articleSection":"Noticias del d\u00eda","author":[{"@type":"Person","name":"Angelika Albaladejo"}],"creator":["Angelika Albaladejo"],"publisher":{"@type":"Organization","name":"InSight Crime","logo":"https:\/\/insightcrime.org\/wp-content\/uploads\/2023\/08\/logo.png"},"keywords":["\u00e9lites y crimen","guatemala","tri\u00e1ngulo del norte"],"dateCreated":"2017-09-18T00:00:00Z","datePublished":"2017-09-18T00:00:00Z","dateModified":"2023-04-24T21:24:57Z"},"rendered":"<meta name=\"parsely-title\" content=\"Protestas obligan al Congreso de Guatemala a retractarse en &#8216;Pacto de Impunidad&#8217;\" \/>\n<meta name=\"parsely-link\" content=\"http:\/\/insightcrime.org\/es\/noticias\/noticias-del-dia\/protestas-obligan-congreso-guatemala-retractarse-pacto-impunidad\/\" \/>\n<meta name=\"parsely-type\" content=\"post\" \/>\n<meta name=\"parsely-image-url\" content=\"https:\/\/i0.wp.com\/insightcrime.org\/wp-content\/uploads\/2017\/09\/17-09-15-Guatemala-congress-protests.jpg?resize=150%2C150&amp;quality=100&amp;ssl=1\" \/>\n<meta name=\"parsely-pub-date\" content=\"2017-09-18T00:00:00Z\" \/>\n<meta name=\"parsely-section\" content=\"Noticias del d\u00eda\" \/>\n<meta name=\"parsely-tags\" content=\"\u00e9lites y crimen,guatemala,tri\u00e1ngulo del norte\" \/>\n<meta name=\"parsely-author\" content=\"Angelika Albaladejo\" \/>","tracker_url":"https:\/\/cdn.parsely.com\/keys\/insightcrime.org\/p.js"},"jetpack_sharing_enabled":true,"jetpack-related-posts":[{"id":127310,"url":"https:\/\/insightcrime.org\/es\/noticias\/corrupcion-protestas-guatemala\/","url_meta":{"origin":73907,"position":0},"title":"Frustraci\u00f3n por corrupci\u00f3n alimenta protestas por presupuesto del gobierno en Guatemala","author":"H\u00e9ctor Silva \u00c1valos","date":"25 de noviembre de 2020","format":false,"excerpt":"Protestas callejeras han inundado Guatemala despu\u00e9s de que el congreso aprob\u00f3 un presupuesto para 2021 que, entre otras medidas controversiales, recortaba la mitad de los fondos al \u00d3rgano Judicial mientras asignaba m\u00e1s fondos a oficinas se\u00f1aladas por malversaci\u00f3n de fondos p\u00fablicos.","rel":"","context":"En \u00abNoticias\u00bb","block_context":{"text":"Noticias","link":"https:\/\/insightcrime.org\/es\/category\/noticias\/"},"img":{"alt_text":"","src":"https:\/\/i0.wp.com\/insightcrime.org\/wp-content\/uploads\/2020\/11\/Guatemala-protest-outside-congtress-Alejandro-Giammatei-funds-eductation-Corruption-human-rights-2020-AP_20327031449138.jpg?fit=1200%2C600&quality=100&ssl=1&resize=350%2C200","width":350,"height":200,"srcset":"https:\/\/i0.wp.com\/insightcrime.org\/wp-content\/uploads\/2020\/11\/Guatemala-protest-outside-congtress-Alejandro-Giammatei-funds-eductation-Corruption-human-rights-2020-AP_20327031449138.jpg?fit=1200%2C600&quality=100&ssl=1&resize=350%2C200 1x, https:\/\/i0.wp.com\/insightcrime.org\/wp-content\/uploads\/2020\/11\/Guatemala-protest-outside-congtress-Alejandro-Giammatei-funds-eductation-Corruption-human-rights-2020-AP_20327031449138.jpg?fit=1200%2C600&quality=100&ssl=1&resize=525%2C300 1.5x, https:\/\/i0.wp.com\/insightcrime.org\/wp-content\/uploads\/2020\/11\/Guatemala-protest-outside-congtress-Alejandro-Giammatei-funds-eductation-Corruption-human-rights-2020-AP_20327031449138.jpg?fit=1200%2C600&quality=100&ssl=1&resize=700%2C400 2x, https:\/\/i0.wp.com\/insightcrime.org\/wp-content\/uploads\/2020\/11\/Guatemala-protest-outside-congtress-Alejandro-Giammatei-funds-eductation-Corruption-human-rights-2020-AP_20327031449138.jpg?fit=1200%2C600&quality=100&ssl=1&resize=1050%2C600 3x"},"classes":[]},{"id":134932,"url":"https:\/\/insightcrime.org\/es\/noticias\/los-huistas-expanden-red-influencias-guatemala\/","url_meta":{"origin":73907,"position":1},"title":"Los Huistas expanden su red de influencias en Guatemala","author":"Shane Sullivan","date":"17 de febrero de 2021","format":false,"excerpt":"Los Huistas, un grupo narcotraficante de Guatemala relacionado con varios funcionarios del gobierno, ha continuado construyendo su red de influencia pol\u00edtica, como lo han demostrado los recientes acontecimientos.","rel":"","context":"En \u00abNoticias\u00bb","block_context":{"text":"Noticias","link":"https:\/\/insightcrime.org\/es\/category\/noticias\/"},"img":{"alt_text":"","src":"https:\/\/i0.wp.com\/insightcrime.org\/wp-content\/uploads\/2021\/02\/HENRY-HERNANDEZ-HERRERA-DOS-1.jpg?fit=350%2C250&quality=100&ssl=1&resize=350%2C200","width":350,"height":200},"classes":[]},{"id":246888,"url":"https:\/\/insightcrime.org\/es\/noticias\/democracia-amenazada-ataque-fiscales-presidente-electo-guatemala\/","url_meta":{"origin":73907,"position":2},"title":"La democracia en la cuerda floja por ataque de fiscales  contra presidente electo en Guatemala","author":"Alex Papadovassilakis","date":"16 de noviembre de 2023","format":false,"excerpt":"Los fiscales guatemaltecos han lanzado un ataque directo al presidente electo Bernardo Ar\u00e9valo, el \u00faltimo de una serie de intentos flagrantes de las redes corruptas del pa\u00eds por impedir su llegada al poder en un momento de inflexi\u00f3n para la democracia del pa\u00eds.","rel":"","context":"En \u00abNoticias\u00bb","block_context":{"text":"Noticias","link":"https:\/\/insightcrime.org\/es\/category\/noticias\/"},"img":{"alt_text":"El presidente electo Bernardo Ar\u00e9valo y la vicepresidenta electa Karin Herrera de Guatemala en una conferencia de prensa","src":"https:\/\/i0.wp.com\/insightcrime.org\/wp-content\/uploads\/2023\/11\/Guatemala-Elections-2023-by-Alex-papafovassilakis-InSight-Crime-cropped.jpg?fit=350%2C250&quality=100&ssl=1&resize=350%2C200","width":350,"height":200},"classes":[]},{"id":180674,"url":"https:\/\/insightcrime.org\/es\/noticias\/sanciones-eeuu-suben-apuestas-contra-huistas-guatemala\/","url_meta":{"origin":73907,"position":3},"title":"Sanciones de EE. UU. van tras Los Huistas en Guatemala","author":"Alex Papadovassilakis","date":"23 de marzo de 2022","format":false,"excerpt":"El gobierno de Estados Unidos ha redoblado la persecuci\u00f3n de uno de los clanes narco m\u00e1s resistentes de Guatemala \u2014Los Huistas\u2014, cuyos cabecillas han evadido por a\u00f1os a las autoridades de ambos pa\u00edses.","rel":"","context":"En \u00abNoticias\u00bb","block_context":{"text":"Noticias","link":"https:\/\/insightcrime.org\/es\/category\/noticias\/"},"img":{"alt_text":"","src":"https:\/\/i0.wp.com\/insightcrime.org\/wp-content\/uploads\/2022\/03\/Huistas-Guatemala.jpeg?fit=300%2C200&quality=100&ssl=1&resize=350%2C200","width":350,"height":200},"classes":[]},{"id":287283,"url":"https:\/\/insightcrime.org\/es\/noticias\/aumentan-ataques-contra-presidente-anticorrupcion-guatemala\/","url_meta":{"origin":73907,"position":4},"title":"Aumentan ataques contra el presidente anticorrupci\u00f3n de Guatemala","author":"Alex Papadovassilakis","date":"15 de agosto de 2024","format":false,"excerpt":"El arresto de una funcionaria del gobierno de Guatemala marca una ominosa escalada en una cruzada legal que pretende descarrilar la administraci\u00f3n del presidente Bernardo Ar\u00e9valo, que ha dado prioridad a la lucha contra la corrupci\u00f3n y el crimen organizado.","rel":"","context":"En \u00abNoticias\u00bb","block_context":{"text":"Noticias","link":"https:\/\/insightcrime.org\/es\/category\/noticias\/"},"img":{"alt_text":"","src":"https:\/\/i0.wp.com\/insightcrime.org\/wp-content\/uploads\/2024\/08\/ezgif-5-ac148b73e2.jpg?fit=350%2C250&quality=100&ssl=1&resize=350%2C200","width":350,"height":200},"classes":[]},{"id":130591,"url":"https:\/\/insightcrime.org\/es\/noticias\/embestida-infiltrar-altas-cortes-guatemala\/","url_meta":{"origin":73907,"position":5},"title":"\u00daltima embestida\u00a0de grupos pol\u00edticos\u00a0por infiltrar\u00a0altas cortes de Guatemala\u00a0","author":"H\u00e9ctor Silva \u00c1valos","date":"29 de enero de 2021","format":false,"excerpt":"El Congreso de Guatemala jurament\u00f3 a un juez al que la fiscal\u00eda investiga por delitos de corrupci\u00f3n como nuevo integrante de la Corte de Constitucionalidad, la m\u00e1xima autoridad judicial del pa\u00eds. La elecci\u00f3n\u00a0allana\u00a0la\u00a0infiltraci\u00f3n de grupos\u00a0de mafias pol\u00edticas\u00a0en la judicatura guatemalteca.","rel":"","context":"En \u00abNoticias\u00bb","block_context":{"text":"Noticias","link":"https:\/\/insightcrime.org\/es\/category\/noticias\/"},"img":{"alt_text":"","src":"https:\/\/i0.wp.com\/insightcrime.org\/wp-content\/uploads\/2021\/01\/21-01-28-Mynor-Moto-Guate.jpg?fit=350%2C250&quality=100&ssl=1&resize=350%2C200","width":350,"height":200},"classes":[]}],"jetpack_featured_media_url":"https:\/\/i0.wp.com\/insightcrime.org\/wp-content\/uploads\/2017\/09\/17-09-15-Guatemala-congress-protests.jpg?fit=350%2C250&quality=100&ssl=1","_links":{"self":[{"href":"https:\/\/insightcrime.org\/es\/wp-json\/wp\/v2\/posts\/73907","targetHints":{"allow":["GET"]}}],"collection":[{"href":"https:\/\/insightcrime.org\/es\/wp-json\/wp\/v2\/posts"}],"about":[{"href":"https:\/\/insightcrime.org\/es\/wp-json\/wp\/v2\/types\/post"}],"author":[{"embeddable":true,"href":"https:\/\/insightcrime.org\/es\/wp-json\/wp\/v2\/users\/148"}],"replies":[{"embeddable":true,"href":"https:\/\/insightcrime.org\/es\/wp-json\/wp\/v2\/comments?post=73907"}],"version-history":[{"count":1,"href":"https:\/\/insightcrime.org\/es\/wp-json\/wp\/v2\/posts\/73907\/revisions"}],"predecessor-version":[{"id":74665,"href":"https:\/\/insightcrime.org\/es\/wp-json\/wp\/v2\/posts\/73907\/revisions\/74665"}],"wp:featuredmedia":[{"embeddable":true,"href":"https:\/\/insightcrime.org\/es\/wp-json\/wp\/v2\/media\/73905"}],"wp:attachment":[{"href":"https:\/\/insightcrime.org\/es\/wp-json\/wp\/v2\/media?parent=73907"}],"wp:term":[{"taxonomy":"category","embeddable":true,"href":"https:\/\/insightcrime.org\/es\/wp-json\/wp\/v2\/categories?post=73907"},{"taxonomy":"post_tag","embeddable":true,"href":"https:\/\/insightcrime.org\/es\/wp-json\/wp\/v2\/tags?post=73907"},{"taxonomy":"newspack_spnsrs_tax","embeddable":true,"href":"https:\/\/insightcrime.org\/es\/wp-json\/wp\/v2\/newspack_spnsrs_tax?post=73907"},{"taxonomy":"author","embeddable":true,"href":"https:\/\/insightcrime.org\/es\/wp-json\/wp\/v2\/coauthors?post=73907"}],"curies":[{"name":"wp","href":"https:\/\/api.w.org\/{rel}","templated":true}]}}