{"id":7399,"date":"2014-11-24T18:06:05","date_gmt":"2017-03-28T00:05:41","guid":{"rendered":"http:\/\/newwp.insightcrime.org?p=7399"},"modified":"2023-04-24T15:42:29","modified_gmt":"2023-04-24T20:42:29","slug":"colombia-zar-coltan-vinculos-farc","status":"publish","type":"post","link":"https:\/\/insightcrime.org\/es\/noticias\/noticias-del-dia\/colombia-zar-coltan-vinculos-farc\/","title":{"rendered":"Colombia captura a &#8216;zar del colt\u00e1n&#8217; con v\u00ednculos con las FARC"},"content":{"rendered":"\n<p class=\"wp-block-paragraph\">Las autoridades de Colombia han capturado a un operario clave que facilit\u00f3 la venta de colt\u00e1n y uranio para los grupos guerrilleros de las FARC y el ELN; un caso que destaca el papel que juegan los&nbsp;funcionarios corruptos en la lucrativa industria minera ilegal.<\/p>\n\n\n\n<p class=\"wp-block-paragraph\">En una operaci\u00f3n conjunta llevada a cabo por la Armada Nacional y la unidad investigativa de la Fiscal\u00eda General, las autoridades arrestaron a Juan Jos\u00e9 Rivera Su\u00e1rez, conocido como el \u201czar de colt\u00e1n\u201d, <a href=\"https:\/\/www.eltiempo.com\/politica\/justicia\/cae-ficha-de-las-farc-y-eln-en-millonario-negocio-de-coltan-y-uranio\/14867845\" target=\"_blank\">inform\u00f3 El Tiempo<\/a>. Seg\u00fan los investigadores, Rivera utiliz\u00f3 una empresa legal para exportar cargamentos de colt\u00e1n y otros minerales que hab\u00edan sido extra\u00eddos ilegalmente en reservas ind\u00edgenas protegidas. Los minerales fueron enviados a Estados Unidos, donde el colt\u00e1n se utiliz\u00f3 en f\u00e1bricas de computadores y electrodom\u00e9sticos.<\/p>\n\n\n\n<p class=\"wp-block-paragraph\">Tanto declaraciones de testigos como la interceptaci\u00f3n de comunicaciones indican que la red de Rivera ten\u00eda en su n\u00f3mina a funcionarios del gobierno locales y departamentales y a miembros de las fuerzas de seguridad.<\/p>\n\n\n\n<p class=\"wp-block-paragraph\">Durante la operaci\u00f3n de captura de Rivera, las autoridades incautaron 375 kilos de minerales, incluyendo uranio, que los investigadores creen que fue comprado en Venezuela e iba con destino a Estados Unidos.<\/p>\n\n\n\n<p class=\"wp-block-paragraph\">Las autoridades est\u00e1n investigando presuntos v\u00ednculos entre empresas estadounidenses y la red criminal de Rivera, <a href=\"https:\/\/www.elespectador.com\/noticias\/judicial\/investigan-presuntos-nexos-entre-empresas-de-estados-un-articulo-528869\" target=\"_blank\">inform\u00f3 El Espectador<\/a>.<\/p>\n\n\n\n<h3 class=\"wp-block-heading\">An\u00e1lisis de InSight Crime<\/h3>\n\n\n\n<p class=\"wp-block-paragraph\">Las Fuerzas Armadas Revolucionarias de Colombia (FARC) <a href=\"\/news\/briefs\/colombia-seizes-17-tons-coltan-farc\" target=\"_blank\">est\u00e1n involucradas en la miner\u00eda de colt\u00e1n<\/a>, tanto en el oriente de Colombia como en Venezuela, y utilizan el mineral para financiar la insurgencia. Como lo demuestra el caso de Rivera, las FARC dependen de intermediarios y funcionarios p\u00fablicos corruptos para exportar el mineral, el cual es utilizado para la fabricaci\u00f3n de dispositivos electr\u00f3nicos. En 2011, el exdirector de la polic\u00eda de Colombia declar\u00f3 que el Cartel de Sinaloa estaba <a href=\"\/news\/analysis\/sinaloa-cartel-expands-influence-in-colombia\" target=\"_blank\">trabajando con las FARC<\/a> para explotar y comercializar el colt\u00e1n.<\/p>\n\n\n\n<p class=\"wp-block-paragraph\"><strong><span style=\"color: #800000\">VEA TAMBI\u00c9N: <\/span><\/strong><a href=\"\/noticias-sobre-crimen-organizado-en-colombia\/farc\" target=\"_blank\">Noticias y perfiles de las FARC<\/a><\/p>\n\n\n\n<p class=\"wp-block-paragraph\">Seg\u00fan documentos incautados en el campamento del fallecido l\u00edder de las FARC Ra\u00fal Reyes, este grupo tambi\u00e9n est\u00e1&nbsp;<a href=\"\/news\/analysis\/terrorist-groups-in-latin-america-the-changing-landscape\" target=\"_blank\">involucrado en el tr\u00e1fico de uranio<\/a>. Esto es especialmente preocupante debido a que el uranio puede ser utilizado para crear bombas nucleares, y las FARC podr\u00edan estar vendiendo el material a grupos terroristas.<\/p>\n\n\n\n<p class=\"wp-block-paragraph\">El Ej\u00e9rcito de Liberaci\u00f3n Nacional (ELN) tambi\u00e9n<a href=\"\/noticias\/noticias-del-dia\/eln-profundiza-su-participacion-en-la-mineria-ilegal\" target=\"_blank\">&nbsp;obtiene ingresos a trav\u00e9s de la miner\u00eda ilegal<\/a>&nbsp;mediante la extorsi\u00f3n a mineros por trabajar en su territorio y por ingresar maquinaria minera a territorio del ELN.<\/p>\n","protected":false},"excerpt":{"rendered":"<p>Las autoridades de Colombia han capturado a un operario clave que facilit\u00f3 la venta de colt\u00e1n y uranio para los grupos guerrilleros de las FARC y el ELN; un caso que destaca el papel que juegan los&nbsp;funcionarios corruptos en la lucrativa industria minera ilegal.<\/p>\n","protected":false},"author":35,"featured_media":41638,"comment_status":"closed","ping_status":"closed","sticky":false,"template":"","format":"standard","meta":{"newspack_ads_suppress_ads":false,"newspack_popups_has_disabled_popups":false,"newspack_sponsor_sponsorship_scope":"","newspack_sponsor_native_byline_display":"inherit","newspack_sponsor_native_category_display":"inherit","newspack_sponsor_underwriter_style":"inherit","newspack_sponsor_underwriter_placement":"inherit","_EventAllDay":false,"_EventTimezone":"","_EventStartDate":"","_EventEndDate":"","_EventStartDateUTC":"","_EventEndDateUTC":"","_EventShowMap":false,"_EventShowMapLink":false,"_EventURL":"","_EventCost":"","_EventCostDescription":"","_EventCurrencySymbol":"","_EventCurrencyCode":"","_EventCurrencyPosition":"","_EventDateTimeSeparator":"","_EventTimeRangeSeparator":"","_EventOrganizerID":[],"_EventVenueID":[],"_OrganizerEmail":"","_OrganizerPhone":"","_OrganizerWebsite":"","_VenueAddress":"","_VenueCity":"","_VenueCountry":"","_VenueProvince":"","_VenueState":"","_VenueZip":"","_VenuePhone":"","_VenueURL":"","_VenueStateProvince":"","_VenueLat":"","_VenueLng":"","_VenueShowMap":false,"_VenueShowMapLink":false,"_newspack_byline_active":false,"_newspack_byline":"","newspack_hide_updated_date":false,"newspack_show_updated_date":false,"newspack_featured_image_position":"","newspack_post_subtitle":"","newspack_article_summary_title":"Overview:","newspack_article_summary":"","_jetpack_memberships_contains_paid_content":false,"footnotes":""},"categories":[334],"tags":[368,421,1542,456],"newspack_spnsrs_tax":[],"coauthors":[3902],"class_list":["post-7399","post","type-post","status-publish","format-standard","has-post-thumbnail","hentry","category-noticias-del-dia","tag-colombia-pais","tag-el-eln","tag-farc-ep","tag-mineria","entry"],"parsely":{"version":"1.1.0","canonical_url":"https:\/\/insightcrime.org\/es\/noticias\/noticias-del-dia\/colombia-zar-coltan-vinculos-farc\/","smart_links":{"inbound":0,"outbound":0},"traffic_boost_suggestions_count":0,"meta":{"@context":"https:\/\/schema.org","@type":"NewsArticle","headline":"Colombia captura a &#8216;zar del colt\u00e1n&#8217; con v\u00ednculos con las FARC","url":"http:\/\/insightcrime.org\/es\/noticias\/noticias-del-dia\/colombia-zar-coltan-vinculos-farc\/","mainEntityOfPage":{"@type":"WebPage","@id":"http:\/\/insightcrime.org\/es\/noticias\/noticias-del-dia\/colombia-zar-coltan-vinculos-farc\/"},"thumbnailUrl":"https:\/\/i0.wp.com\/insightcrime.org\/wp-content\/uploads\/2014\/11\/es-20141124_colombia_farccoltan.jpg?resize=150%2C150&quality=100&ssl=1","image":{"@type":"ImageObject","url":"https:\/\/i0.wp.com\/insightcrime.org\/wp-content\/uploads\/2014\/11\/es-20141124_colombia_farccoltan.jpg?fit=600%2C300&quality=100&ssl=1"},"articleSection":"Noticias del d\u00eda","author":[{"@type":"Person","name":"Kyra Gurney"}],"creator":["Kyra Gurney"],"publisher":{"@type":"Organization","name":"InSight Crime","logo":"https:\/\/insightcrime.org\/wp-content\/uploads\/2023\/08\/logo.png"},"keywords":["colombia","eln","farc","miner\u00eda ilegal"],"dateCreated":"2017-03-28T00:05:41Z","datePublished":"2017-03-28T00:05:41Z","dateModified":"2023-04-24T20:42:29Z"},"rendered":"<meta name=\"parsely-title\" content=\"Colombia captura a &#8216;zar del colt\u00e1n&#8217; con v\u00ednculos con las FARC\" \/>\n<meta name=\"parsely-link\" content=\"http:\/\/insightcrime.org\/es\/noticias\/noticias-del-dia\/colombia-zar-coltan-vinculos-farc\/\" \/>\n<meta name=\"parsely-type\" content=\"post\" \/>\n<meta name=\"parsely-image-url\" content=\"https:\/\/i0.wp.com\/insightcrime.org\/wp-content\/uploads\/2014\/11\/es-20141124_colombia_farccoltan.jpg?resize=150%2C150&amp;quality=100&amp;ssl=1\" \/>\n<meta name=\"parsely-pub-date\" content=\"2017-03-28T00:05:41Z\" \/>\n<meta name=\"parsely-section\" content=\"Noticias del d\u00eda\" \/>\n<meta name=\"parsely-tags\" content=\"colombia,eln,farc,miner\u00eda ilegal\" \/>\n<meta name=\"parsely-author\" content=\"Kyra Gurney\" \/>","tracker_url":"https:\/\/cdn.parsely.com\/keys\/insightcrime.org\/p.js"},"jetpack_sharing_enabled":true,"jetpack-related-posts":[{"id":163633,"url":"https:\/\/insightcrime.org\/es\/noticias\/magnitud-trafico-ilegal-coltan-colombia-venezuela\/","url_meta":{"origin":7399,"position":0},"title":"La magnitud del tr\u00e1fico ilegal de colt\u00e1n en Colombia y Venezuela","author":"Juan Camilo Jaramillo","date":"18 de agosto de 2021","format":false,"excerpt":"Las incautaciones de colt\u00e1n en Colombia indican que el valioso mineral est\u00e1 siendo traficado por grupos armados que tienen v\u00ednculos con minas ilegales en Venezuela.","rel":"","context":"En \u00abNoticias\u00bb","block_context":{"text":"Noticias","link":"https:\/\/insightcrime.org\/es\/category\/noticias\/"},"img":{"alt_text":"","src":"https:\/\/i0.wp.com\/insightcrime.org\/wp-content\/uploads\/2021\/08\/Venezuela-Coltan-stones-in-presentation-of-the-Centinela-Operation-AP_091105052707-Nov-2009.jpg?fit=1200%2C690&quality=100&ssl=1&resize=350%2C200","width":350,"height":200,"srcset":"https:\/\/i0.wp.com\/insightcrime.org\/wp-content\/uploads\/2021\/08\/Venezuela-Coltan-stones-in-presentation-of-the-Centinela-Operation-AP_091105052707-Nov-2009.jpg?fit=1200%2C690&quality=100&ssl=1&resize=350%2C200 1x, https:\/\/i0.wp.com\/insightcrime.org\/wp-content\/uploads\/2021\/08\/Venezuela-Coltan-stones-in-presentation-of-the-Centinela-Operation-AP_091105052707-Nov-2009.jpg?fit=1200%2C690&quality=100&ssl=1&resize=525%2C300 1.5x, https:\/\/i0.wp.com\/insightcrime.org\/wp-content\/uploads\/2021\/08\/Venezuela-Coltan-stones-in-presentation-of-the-Centinela-Operation-AP_091105052707-Nov-2009.jpg?fit=1200%2C690&quality=100&ssl=1&resize=700%2C400 2x, https:\/\/i0.wp.com\/insightcrime.org\/wp-content\/uploads\/2021\/08\/Venezuela-Coltan-stones-in-presentation-of-the-Centinela-Operation-AP_091105052707-Nov-2009.jpg?fit=1200%2C690&quality=100&ssl=1&resize=1050%2C600 3x"},"classes":[]},{"id":233198,"url":"https:\/\/insightcrime.org\/es\/investigaciones\/mineria-ilegal-amazonia-colombiana\/","url_meta":{"origin":7399,"position":1},"title":"La miner\u00eda ilegal en la Amazon\u00eda colombiana","author":"InSight Crime","date":"8 de septiembre de 2021","format":false,"excerpt":"A medida que los precios del oro se han disparado, los grupos criminales que antes se dedicaban exclusivamente al tr\u00e1fico de drogas y armas han incursionado en la miner\u00eda ilegal.","rel":"","context":"En \u00abInvestigaciones\u00bb","block_context":{"text":"Investigaciones","link":"https:\/\/insightcrime.org\/es\/category\/investigaciones\/"},"img":{"alt_text":"","src":"https:\/\/i0.wp.com\/insightcrime.org\/wp-content\/uploads\/2021\/08\/Exploring-Illegal-Mining-in-Colombias-Amazon-Cover.jpg?fit=1200%2C450&quality=100&ssl=1&resize=350%2C200","width":350,"height":200,"srcset":"https:\/\/i0.wp.com\/insightcrime.org\/wp-content\/uploads\/2021\/08\/Exploring-Illegal-Mining-in-Colombias-Amazon-Cover.jpg?fit=1200%2C450&quality=100&ssl=1&resize=350%2C200 1x, https:\/\/i0.wp.com\/insightcrime.org\/wp-content\/uploads\/2021\/08\/Exploring-Illegal-Mining-in-Colombias-Amazon-Cover.jpg?fit=1200%2C450&quality=100&ssl=1&resize=525%2C300 1.5x, https:\/\/i0.wp.com\/insightcrime.org\/wp-content\/uploads\/2021\/08\/Exploring-Illegal-Mining-in-Colombias-Amazon-Cover.jpg?fit=1200%2C450&quality=100&ssl=1&resize=700%2C400 2x, https:\/\/i0.wp.com\/insightcrime.org\/wp-content\/uploads\/2021\/08\/Exploring-Illegal-Mining-in-Colombias-Amazon-Cover.jpg?fit=1200%2C450&quality=100&ssl=1&resize=1050%2C600 3x"},"classes":[]},{"id":233348,"url":"https:\/\/insightcrime.org\/es\/noticias-crimen-organizado-colombia\/eln-colombia\/","url_meta":{"origin":7399,"position":2},"title":"Ej\u00e9rcito de Liberaci\u00f3n Nacional (ELN)","author":"InSight Crime","date":"12 de agosto de 2026","format":false,"excerpt":"Ej\u00e9rcito de Liberaci\u00f3n Nacional (ELN): qui\u00e9nes lo lideran, d\u00f3nde opera y c\u00f3mo se financia. Perfil completo y actualizado en 2026.","rel":"","context":"En \u00abColombia\u00bb","block_context":{"text":"Colombia","link":"https:\/\/insightcrime.org\/es\/category\/noticias-crimen-organizado-colombia\/"},"img":{"alt_text":"Ej\u00e9rcito de Liberaci\u00f3n Nacional (ELN), Colombia.","src":"https:\/\/i0.wp.com\/insightcrime.org\/wp-content\/uploads\/2026\/07\/Grupo-Criminal-ELN.jpg?fit=1200%2C900&quality=100&ssl=1&resize=350%2C200","width":350,"height":200,"srcset":"https:\/\/i0.wp.com\/insightcrime.org\/wp-content\/uploads\/2026\/07\/Grupo-Criminal-ELN.jpg?fit=1200%2C900&quality=100&ssl=1&resize=350%2C200 1x, https:\/\/i0.wp.com\/insightcrime.org\/wp-content\/uploads\/2026\/07\/Grupo-Criminal-ELN.jpg?fit=1200%2C900&quality=100&ssl=1&resize=525%2C300 1.5x, https:\/\/i0.wp.com\/insightcrime.org\/wp-content\/uploads\/2026\/07\/Grupo-Criminal-ELN.jpg?fit=1200%2C900&quality=100&ssl=1&resize=700%2C400 2x, https:\/\/i0.wp.com\/insightcrime.org\/wp-content\/uploads\/2026\/07\/Grupo-Criminal-ELN.jpg?fit=1200%2C900&quality=100&ssl=1&resize=1050%2C600 3x"},"classes":[]},{"id":4986,"url":"https:\/\/insightcrime.org\/es\/noticias-crimen-organizado-venezuela\/eln-en-venezuela\/","url_meta":{"origin":7399,"position":3},"title":"Ej\u00e9rcito de Liberaci\u00f3n Nacional (ELN) en Venezuela","author":"InSight Crime","date":"13 de enero de 2026","format":false,"excerpt":"El ELN es hoy una guerrilla binacional y uno de los grupos m\u00e1s poderosos en Suram\u00e9rica","rel":"","context":"En \u00abVenezuela\u00bb","block_context":{"text":"Venezuela","link":"https:\/\/insightcrime.org\/es\/category\/noticias-crimen-organizado-venezuela\/"},"img":{"alt_text":"Ej\u00e9rcito de Liberaci\u00f3n Nacional (ELN) en Venezuela","src":"https:\/\/i0.wp.com\/insightcrime.org\/wp-content\/uploads\/2026\/07\/Grupo-Criminal-ELN-en-Venezuela-1.jpg?fit=1200%2C900&quality=100&ssl=1&resize=350%2C200","width":350,"height":200,"srcset":"https:\/\/i0.wp.com\/insightcrime.org\/wp-content\/uploads\/2026\/07\/Grupo-Criminal-ELN-en-Venezuela-1.jpg?fit=1200%2C900&quality=100&ssl=1&resize=350%2C200 1x, https:\/\/i0.wp.com\/insightcrime.org\/wp-content\/uploads\/2026\/07\/Grupo-Criminal-ELN-en-Venezuela-1.jpg?fit=1200%2C900&quality=100&ssl=1&resize=525%2C300 1.5x, https:\/\/i0.wp.com\/insightcrime.org\/wp-content\/uploads\/2026\/07\/Grupo-Criminal-ELN-en-Venezuela-1.jpg?fit=1200%2C900&quality=100&ssl=1&resize=700%2C400 2x, https:\/\/i0.wp.com\/insightcrime.org\/wp-content\/uploads\/2026\/07\/Grupo-Criminal-ELN-en-Venezuela-1.jpg?fit=1200%2C900&quality=100&ssl=1&resize=1050%2C600 3x"},"classes":[]},{"id":249905,"url":"https:\/\/insightcrime.org\/es\/noticias\/mineria-ilegal-colombia-conectada-crimen-organizado\/","url_meta":{"origin":7399,"position":4},"title":"Miner\u00eda en Colombia cada vez m\u00e1s conectada con el crimen organizado: informe","author":"Maria Luisa Valencia","date":"7 de diciembre de 2023","format":false,"excerpt":"Un reciente informe analiza las evidencias de explotaci\u00f3n de oro de aluvi\u00f3n en Colombia y deja entrever que el rol del crimen organizado en el sector es m\u00e1s importante de lo que se sospecha.","rel":"","context":"En \u00abNoticias\u00bb","block_context":{"text":"Noticias","link":"https:\/\/insightcrime.org\/es\/category\/noticias\/"},"img":{"alt_text":"Operaciones de miner\u00eda ilegal en Putumayo, Colombia-FAC Colombia, noviembre, 2022","src":"https:\/\/i0.wp.com\/insightcrime.org\/wp-content\/uploads\/2023\/12\/FAC-nov2022-3.jpg?fit=350%2C250&quality=100&ssl=1&resize=350%2C200","width":350,"height":200},"classes":[]},{"id":79860,"url":"https:\/\/insightcrime.org\/es\/noticias-crimen-organizado-colombia\/gener-garcia-molina-alias-jhon-40\/","url_meta":{"origin":7399,"position":5},"title":"Ge\u0301ner Garci\u0301a Molina, alias &#8216;John 40&#8217;","author":"InSight Crime","date":"20 de enero de 2023","format":false,"excerpt":"G\u00e9ner Garc\u00eda Molina, alias \u201cJohn 40\u201d, fue uno de los comandantes m\u00e1s criminalizados de las Fuerzas Armadas Revolucionarias de Colombia (FARC). Seducido por los recursos provenientes del narcotr\u00e1fico nunca se acogi\u00f3 al Proceso de Paz entre la guerrilla y el gobierno de Colombia firmado en 2016.","rel":"","context":"En \u00abColombia\u00bb","block_context":{"text":"Colombia","link":"https:\/\/insightcrime.org\/es\/category\/noticias-crimen-organizado-colombia\/"},"img":{"alt_text":"Perfil criminal - G\u00e9ner Garc\u00eda Molina, alias \u2018John 40\u2019 - Colombia.","src":"https:\/\/i0.wp.com\/insightcrime.org\/wp-content\/uploads\/2026\/08\/Perfil-Criminal-Alias-John-40-Colombia.jpg?fit=1200%2C900&quality=100&ssl=1&resize=350%2C200","width":350,"height":200,"srcset":"https:\/\/i0.wp.com\/insightcrime.org\/wp-content\/uploads\/2026\/08\/Perfil-Criminal-Alias-John-40-Colombia.jpg?fit=1200%2C900&quality=100&ssl=1&resize=350%2C200 1x, https:\/\/i0.wp.com\/insightcrime.org\/wp-content\/uploads\/2026\/08\/Perfil-Criminal-Alias-John-40-Colombia.jpg?fit=1200%2C900&quality=100&ssl=1&resize=525%2C300 1.5x, https:\/\/i0.wp.com\/insightcrime.org\/wp-content\/uploads\/2026\/08\/Perfil-Criminal-Alias-John-40-Colombia.jpg?fit=1200%2C900&quality=100&ssl=1&resize=700%2C400 2x, https:\/\/i0.wp.com\/insightcrime.org\/wp-content\/uploads\/2026\/08\/Perfil-Criminal-Alias-John-40-Colombia.jpg?fit=1200%2C900&quality=100&ssl=1&resize=1050%2C600 3x"},"classes":[]}],"jetpack_featured_media_url":"https:\/\/i0.wp.com\/insightcrime.org\/wp-content\/uploads\/2014\/11\/es-20141124_colombia_farccoltan.jpg?fit=600%2C300&quality=100&ssl=1","_links":{"self":[{"href":"https:\/\/insightcrime.org\/es\/wp-json\/wp\/v2\/posts\/7399","targetHints":{"allow":["GET"]}}],"collection":[{"href":"https:\/\/insightcrime.org\/es\/wp-json\/wp\/v2\/posts"}],"about":[{"href":"https:\/\/insightcrime.org\/es\/wp-json\/wp\/v2\/types\/post"}],"author":[{"embeddable":true,"href":"https:\/\/insightcrime.org\/es\/wp-json\/wp\/v2\/users\/35"}],"replies":[{"embeddable":true,"href":"https:\/\/insightcrime.org\/es\/wp-json\/wp\/v2\/comments?post=7399"}],"version-history":[{"count":1,"href":"https:\/\/insightcrime.org\/es\/wp-json\/wp\/v2\/posts\/7399\/revisions"}],"predecessor-version":[{"id":23725,"href":"https:\/\/insightcrime.org\/es\/wp-json\/wp\/v2\/posts\/7399\/revisions\/23725"}],"wp:featuredmedia":[{"embeddable":true,"href":"https:\/\/insightcrime.org\/es\/wp-json\/wp\/v2\/media\/41638"}],"wp:attachment":[{"href":"https:\/\/insightcrime.org\/es\/wp-json\/wp\/v2\/media?parent=7399"}],"wp:term":[{"taxonomy":"category","embeddable":true,"href":"https:\/\/insightcrime.org\/es\/wp-json\/wp\/v2\/categories?post=7399"},{"taxonomy":"post_tag","embeddable":true,"href":"https:\/\/insightcrime.org\/es\/wp-json\/wp\/v2\/tags?post=7399"},{"taxonomy":"newspack_spnsrs_tax","embeddable":true,"href":"https:\/\/insightcrime.org\/es\/wp-json\/wp\/v2\/newspack_spnsrs_tax?post=7399"},{"taxonomy":"author","embeddable":true,"href":"https:\/\/insightcrime.org\/es\/wp-json\/wp\/v2\/coauthors?post=7399"}],"curies":[{"name":"wp","href":"https:\/\/api.w.org\/{rel}","templated":true}]}}