{"id":74142,"date":"2017-10-03T00:00:00","date_gmt":"2017-10-03T05:00:00","guid":{"rendered":"https:\/\/insightcrime.org\/noticias\/noticias-del-dia-2\/vicepresidente-de-ecuador-detenido-en-medio-de-investigacion-por-presuntos-nexos-con-odebrecht\/"},"modified":"2023-04-24T16:25:11","modified_gmt":"2023-04-24T21:25:11","slug":"vicepresidente-de-ecuador-detenido-en-medio-de-investigacion-por-presuntos-nexos-con-odebrecht","status":"publish","type":"post","link":"https:\/\/insightcrime.org\/es\/noticias\/noticias-del-dia\/vicepresidente-de-ecuador-detenido-en-medio-de-investigacion-por-presuntos-nexos-con-odebrecht\/","title":{"rendered":"Vicepresidente de Ecuador detenido en medio de investigaci\u00f3n por presuntos nexos con Odebrecht"},"content":{"rendered":"\n<p class=\"wp-block-paragraph\">Un juez en Ecuador orden\u00f3 la detenci\u00f3n del vicepresidente Jorge Glas por una investigaci\u00f3n que estudia si recibi\u00f3 coimas del gigante constructor brasile\u00f1o Odebrecht, en lo que podr\u00eda ser un nuevo ejemplo del incre\u00edble \u00e9xito de la masiva maquinaria internacional de sobornos de esa corporaci\u00f3n.<\/p>\n\n\n\n<p class=\"wp-block-paragraph\">El 2 de octubre, el juez de la Corte Suprema Miguel Jurado acept\u00f3 la solicitud del fiscal general de Ecuador Carlos Baca Mancheno para arrestar y mantener detenidos al vicepresidente Glas y a su t\u00edo Ricardo Rivera mientras se realiza la indagaci\u00f3n, seg\u00fan un <a href=\"https:\/\/www.fiscalia.gob.ec\/index.php\/sala-de-prensa\/6048-juez-acoge-pedido-de-fiscalia-y-dicta-prision-preventiva-en-contra-de-dos-procesados-en-caso-odebrecht\" target=\"_blank\">comunicado de prensa <\/a>de la Fiscal\u00eda General.<\/p>\n\n\n\n<p class=\"wp-block-paragraph\">En la audiencia, Baca Mancheno present\u00f3 un informe en el que aparec\u00eda documentado un pago por US$150.000 hecho a una persona identificada como \u201ct\u00edo\u201d, del que afirma que es la evidencia \u201cinequ\u00edvoca\u201d de la presunta participaci\u00f3n de Glas en el esquema de sobornos de Odebrecht.<\/p>\n\n\n\n<p class=\"wp-block-paragraph\">La firma brasile\u00f1a <a href=\"https:\/\/es.insightcrime.org\/noticias\/noticias-del-dia\/gigante-construcciones-brasil-admite-haber-establecido-masivo-esquema-sobornos\/\" target=\"_blank\">admiti\u00f3 el a\u00f1o pasado<\/a> que hab\u00eda hecho pagos de manera sistem\u00e1tica a funcionarios de gobierno de varios pa\u00edses a cambio de ayuda para hacerse a contratos p\u00fablicos. En el caso de Ecuador, la firma se\u00f1al\u00f3 que entre 2007 y 2016 pag\u00f3 m\u00e1s de US$33 millones en coimas a representantes de este gobierno.<\/p>\n\n\n\n<p class=\"wp-block-paragraph\"><span style=\"color: #800000;\"><strong>VEA TAMBI\u00c9N:<\/strong> <\/span><a href=\"\/noticias-sobre-crimen-organizado-en-ecuador\" target=\"_blank\">Noticias y perfil de Ecuador<\/a><\/p>\n\n\n\n<p class=\"wp-block-paragraph\">\u201cAcato bajo protesta este infame atropello en mi contra\u201d, se <a href=\"https:\/\/twitter.com\/JorgeGlas\/status\/914981122521620481\" target=\"_blank\">pronunci\u00f3 Glas<\/a> en su cuenta de Twitter el 2 de octubre. \u201cA\u00fan tengo la fe en que la justicia se imponga, ante ella probar\u00e9 mi inocencia\u201d.<\/p>\n\n\n\n<p class=\"wp-block-paragraph\">Glas fue detenido en las primeras horas del 3 de octubre. La cuenta oficial de la vicepresidencia en Twitter <a href=\"https:\/\/twitter.com\/Vice_Ec\/status\/915189813166436352\" target=\"_blank\">public\u00f3 un mensaje<\/a> en el que se informaba que Glas har\u00eda \u201cuso de sus vacaciones\u201d mientras dura la estad\u00eda en prisi\u00f3n.<\/p>\n\n\n\n<h3 class=\"wp-block-heading\">An\u00e1lisis de InSight Crime<\/h3>\n\n\n\n<p class=\"wp-block-paragraph\">Glas es el funcionario ecuatoriano de m\u00e1s alto rango que va a prisi\u00f3n por el esc\u00e1ndalo de Odebrecht, pero es solo uno de una larga sucesi\u00f3n de casos similares en toda Latinoam\u00e9rica.<\/p>\n\n\n\n<p class=\"wp-block-paragraph\">En Per\u00fa, por ejemplo, el <a href=\"https:\/\/es.insightcrime.org\/noticias\/analisis\/expresidente-peru-otro-miembro-elite-regional-vinculado-caso-odebrecht\/\" target=\"_blank\">expresidente Alejandro Toledo<\/a> y la<a href=\"https:\/\/es.insightcrime.org\/noticias\/analisis\/otra-importante-politica-peruana-lios-escandalo-odebrecht\/\" target=\"_blank\"> excandidata presidencial <\/a>Keiko Fujimori han sido acusados de recibir dinero del gigante de la construcci\u00f3n. Y varios <a href=\"https:\/\/es.insightcrime.org\/noticias\/noticias-del-dia\/altos-funcionarios-republica-dominicana-carcel-espera-juicio-odebrecht\/\" target=\"_blank\">altos representantes<\/a> de gobierno en Rep\u00fablica Dominicana se encuentran en prisi\u00f3n preventiva por presunta participaci\u00f3n en la maquinaria de sobornos.<\/p>\n\n\n\n<p class=\"wp-block-paragraph\"><span style=\"color: #800000;\"><strong>VEA TAMBI\u00c9N:<\/strong><\/span> <a href=\"https:\/\/es.insightcrime.org\/investigaciones\/elites-y-crimen-organizado-introduccion\/\" target=\"_blank\">InDepth Cobertura sobre \u00c9lites y crimen organizado<\/a><\/p>\n\n\n\n<p class=\"wp-block-paragraph\">La capacidad de Odebrecht para comprar a tantos altos funcionarios en toda la regi\u00f3n indica que la debilidad de las instituciones y otros factores han hecho a estos pa\u00edses susceptibles a este tipo de corrupci\u00f3n.<\/p>\n\n\n\n<p class=\"wp-block-paragraph\">Al mismo tiempo, indica que la empresa&nbsp; \u2014una de las m\u00e1s grandes de su sector en el mundo en encontrarse en la c\u00faspide del esquema de sobornos\u2014 fue muy <a href=\"https:\/\/es.insightcrime.org\/noticias\/analisis\/como-odebrecht-obtuvo-ganancias-corrompiendo-elites-politicas-latinoamerica\/\" target=\"_blank\">eficiente<\/a> en su campa\u00f1a para corromper funcionarios. Seg\u00fan el relato de un medio, Rodrigo Tacla Dur\u00e1n, el exdirector del \u201cDepartamento de Coimas\u201d de Odebrecht, se\u00f1al\u00f3 que<a href=\"https:\/\/laestrella.com.pa\/panama\/nacional\/ningun-politico-resistio-coimas-pago-odebrecht\/24015211\" target=\"_blank\"> ning\u00fan pol\u00edtico<\/a> pod\u00eda resistirse a los ofrecimientos de Odebrecht.<\/p>\n\n\n\n<p class=\"wp-block-paragraph\">Procesos judiciales a pol\u00edticos como Glas pueden disuadir a otros funcionarios de recibir sobornos en el futuro, pero muchas veces las \u00e9lites tienen<a href=\"https:\/\/es.insightcrime.org\/noticias\/analisis\/miercolesnegro-guatemala-paso-institucionalizar-corrupcion\/\" target=\"_blank\"> fuertes intereses<\/a> que se benefician de mantener las condiciones estructurales que facilitan la corrupci\u00f3n, lo cual complica los esfuerzos por lograr reformas anticorrupci\u00f3n sist\u00e9micas y de amplio alcance.<\/p>\n","protected":false},"excerpt":{"rendered":"<p>Un juez en Ecuador orden\u00f3 la detenci\u00f3n del vicepresidente Jorge Glas por una investigaci\u00f3n que estudia si recibi\u00f3 coimas del gigante constructor brasile\u00f1o Odebrecht, en lo que podr\u00eda ser un nuevo ejemplo del incre\u00edble \u00e9xito de la masiva maquinaria internacional de sobornos de esa corporaci\u00f3n.<\/p>\n","protected":false},"author":90,"featured_media":74139,"comment_status":"closed","ping_status":"closed","sticky":false,"template":"","format":"standard","meta":{"newspack_ads_suppress_ads":false,"newspack_popups_has_disabled_popups":false,"newspack_sponsor_sponsorship_scope":"","newspack_sponsor_native_byline_display":"inherit","newspack_sponsor_native_category_display":"inherit","newspack_sponsor_underwriter_style":"inherit","newspack_sponsor_underwriter_placement":"inherit","_EventAllDay":false,"_EventTimezone":"","_EventStartDate":"","_EventEndDate":"","_EventStartDateUTC":"","_EventEndDateUTC":"","_EventShowMap":false,"_EventShowMapLink":false,"_EventURL":"","_EventCost":"","_EventCostDescription":"","_EventCurrencySymbol":"","_EventCurrencyCode":"","_EventCurrencyPosition":"","_EventDateTimeSeparator":"","_EventTimeRangeSeparator":"","_EventOrganizerID":[],"_EventVenueID":[],"_OrganizerEmail":"","_OrganizerPhone":"","_OrganizerWebsite":"","_VenueAddress":"","_VenueCity":"","_VenueCountry":"","_VenueProvince":"","_VenueState":"","_VenueZip":"","_VenuePhone":"","_VenueURL":"","_VenueStateProvince":"","_VenueLat":"","_VenueLng":"","_VenueShowMap":false,"_VenueShowMapLink":false,"_newspack_byline_active":false,"_newspack_byline":"","newspack_hide_updated_date":false,"newspack_show_updated_date":false,"newspack_featured_image_position":"","newspack_post_subtitle":"","newspack_article_summary_title":"Overview:","newspack_article_summary":"","_jetpack_memberships_contains_paid_content":false,"footnotes":""},"categories":[334],"tags":[426,447],"newspack_spnsrs_tax":[],"coauthors":[4065],"class_list":["post-74142","post","type-post","status-publish","format-standard","has-post-thumbnail","hentry","category-noticias-del-dia","tag-ecuador-pais","tag-elites-y-crimen-organizado","entry"],"parsely":{"version":"1.1.0","canonical_url":"https:\/\/insightcrime.org\/es\/noticias\/noticias-del-dia\/vicepresidente-de-ecuador-detenido-en-medio-de-investigacion-por-presuntos-nexos-con-odebrecht\/","smart_links":{"inbound":0,"outbound":0},"traffic_boost_suggestions_count":0,"meta":{"@context":"https:\/\/schema.org","@type":"NewsArticle","headline":"Vicepresidente de Ecuador detenido en medio de investigaci\u00f3n por presuntos nexos con Odebrecht","url":"http:\/\/insightcrime.org\/es\/noticias\/noticias-del-dia\/vicepresidente-de-ecuador-detenido-en-medio-de-investigacion-por-presuntos-nexos-con-odebrecht\/","mainEntityOfPage":{"@type":"WebPage","@id":"http:\/\/insightcrime.org\/es\/noticias\/noticias-del-dia\/vicepresidente-de-ecuador-detenido-en-medio-de-investigacion-por-presuntos-nexos-con-odebrecht\/"},"thumbnailUrl":"https:\/\/i0.wp.com\/insightcrime.org\/wp-content\/uploads\/2017\/10\/17-10-03-Jorge-Glas.jpg?resize=150%2C150&quality=100&ssl=1","image":{"@type":"ImageObject","url":"https:\/\/i0.wp.com\/insightcrime.org\/wp-content\/uploads\/2017\/10\/17-10-03-Jorge-Glas.jpg?fit=350%2C250&quality=100&ssl=1"},"articleSection":"Noticias del d\u00eda","author":[{"@type":"Person","name":"Parker Asmann"}],"creator":["Parker Asmann"],"publisher":{"@type":"Organization","name":"InSight Crime","logo":"https:\/\/insightcrime.org\/wp-content\/uploads\/2023\/08\/logo.png"},"keywords":["ecuador","\u00e9lites y crimen"],"dateCreated":"2017-10-03T05:00:00Z","datePublished":"2017-10-03T05:00:00Z","dateModified":"2023-04-24T21:25:11Z"},"rendered":"<meta name=\"parsely-title\" content=\"Vicepresidente de Ecuador detenido en medio de investigaci\u00f3n por presuntos nexos con Odebrecht\" \/>\n<meta name=\"parsely-link\" content=\"http:\/\/insightcrime.org\/es\/noticias\/noticias-del-dia\/vicepresidente-de-ecuador-detenido-en-medio-de-investigacion-por-presuntos-nexos-con-odebrecht\/\" \/>\n<meta name=\"parsely-type\" content=\"post\" \/>\n<meta name=\"parsely-image-url\" content=\"https:\/\/i0.wp.com\/insightcrime.org\/wp-content\/uploads\/2017\/10\/17-10-03-Jorge-Glas.jpg?resize=150%2C150&amp;quality=100&amp;ssl=1\" \/>\n<meta name=\"parsely-pub-date\" content=\"2017-10-03T05:00:00Z\" \/>\n<meta name=\"parsely-section\" content=\"Noticias del d\u00eda\" \/>\n<meta name=\"parsely-tags\" content=\"ecuador,\u00e9lites y crimen\" \/>\n<meta name=\"parsely-author\" content=\"Parker Asmann\" \/>","tracker_url":"https:\/\/cdn.parsely.com\/keys\/insightcrime.org\/p.js"},"jetpack_sharing_enabled":true,"jetpack-related-posts":[{"id":273323,"url":"https:\/\/insightcrime.org\/es\/noticias\/redada-embajada-mexico-ecuador-pone-riesgo-apoyo-planes-seguridad\/","url_meta":{"origin":74142,"position":0},"title":"Redada en la embajada de M\u00e9xico en Ecuador pone en riesgo apoyo a planes de seguridad","author":"James Bargent","date":"9 de abril de 2024","format":false,"excerpt":"La incursi\u00f3n de las fuerzas de seguridad ecuatorianas en la embajada de M\u00e9xico en Quito para detener al ex vicepresidente Jorge Glas no s\u00f3lo rompi\u00f3 las convenciones diplom\u00e1ticas, sino que tambi\u00e9n podr\u00eda poner en peligro el apoyo internacional y nacional a la agenda de seguridad del gobierno.","rel":"","context":"En \u00abNoticias\u00bb","block_context":{"text":"Noticias","link":"https:\/\/insightcrime.org\/es\/category\/noticias\/"},"img":{"alt_text":"Ecuadorian security forces escort former Vice President Jorge Glas to maximum security prison. \nFuerzas de seguridad ecuatorianas llevan a ex vice presidente Jorge Glas a una prisi\u00f3n de m\u00e1xima seguridad. ","src":"https:\/\/i0.wp.com\/insightcrime.org\/wp-content\/uploads\/2024\/04\/Ecuador-vp-jorge-glas-arrested-prison-security-policy-el-tiempo-Alina-Manrique.png?fit=350%2C250&quality=100&ssl=1&resize=350%2C200","width":350,"height":200},"classes":[]},{"id":128521,"url":"https:\/\/insightcrime.org\/es\/noticias\/mafia-albanesa-sangre-ecuador\/","url_meta":{"origin":74142,"position":1},"title":"Mafia albanesa deja rastro de sangre en Ecuador","author":"Alessandro Ford","date":"5 de enero de 2021","format":false,"excerpt":"El reciente asesinato del alban\u00e9s Adriatik Tresa en su propiedad de lujo en Ecuador revel\u00f3 detalles de sus presuntas actividades criminales, que muestran c\u00f3mo operan representantes violentos de las mafias albanesas en el pa\u00eds andino.","rel":"","context":"En \u00abNoticias\u00bb","block_context":{"text":"Noticias","link":"https:\/\/insightcrime.org\/es\/category\/noticias\/"},"img":{"alt_text":"","src":"https:\/\/i0.wp.com\/insightcrime.org\/wp-content\/uploads\/2020\/12\/1200-630-5fb912cc84026.png?fit=476%2C250&quality=100&ssl=1&resize=350%2C200","width":350,"height":200},"classes":[]},{"id":284677,"url":"https:\/\/insightcrime.org\/es\/noticias\/hay-condenas-caso-fernando-villaviencio-ecuador-pero-no-claridad\/","url_meta":{"origin":74142,"position":2},"title":"Hay condenas en el caso de Fernando Villaviencio en Ecuador, pero no claridad","author":"Anastasia Austin","date":"16 de julio de 2024","format":false,"excerpt":"El 12 de julio de 2024, un juez de Ecuador conden\u00f3 a cinco personas por el sonado asesinato del candidato presidencial Fernando Villavicencio en 2023. Sin emabrgo, a\u00fan no est\u00e1 claro qui\u00e9n orden\u00f3 el crimen ni por qu\u00e9.","rel":"","context":"En \u00abNoticias\u00bb","block_context":{"text":"Noticias","link":"https:\/\/insightcrime.org\/es\/category\/noticias\/"},"img":{"alt_text":"Fernando Villavicencio\u2019s family and supporters demonstrate outside the courthouse-Familiares y simpatizantes de Fernando Villavicencio se manifiestan a las afueras del juzgado.","src":"https:\/\/i0.wp.com\/insightcrime.org\/wp-content\/uploads\/2024\/07\/Ecuador_Villavicencio-murder-trial_elite-and-crime.jpg?fit=350%2C250&quality=100&ssl=1&resize=350%2C200","width":350,"height":200},"classes":[]},{"id":187227,"url":"https:\/\/insightcrime.org\/es\/noticias\/corrupcion-servicios-seguridad-ecuador-agravan-problema-homicidios\/","url_meta":{"origin":74142,"position":3},"title":"Corrupci\u00f3n en servicios de seguridad de Ecuador agrava problema de homicidios","author":"Gabrielle Gorder","date":"31 de mayo de 2022","format":false,"excerpt":"El desv\u00edo de armas en custodia de la polic\u00eda hacia delincuentes y un oficial naval acusado de hacer parte de un escuadr\u00f3n de sicarios son solo dos nuevos ejemplos de c\u00f3mo la corrupci\u00f3n en las fuerzas de seguridad de Ecuador se suma a los problemas del pa\u00eds para combatir la\u2026","rel":"","context":"En \u00abNoticias\u00bb","block_context":{"text":"Noticias","link":"https:\/\/insightcrime.org\/es\/category\/noticias\/"},"img":{"alt_text":"Armas robadas de la polic\u00eda en Ecuador 2022","src":"https:\/\/i0.wp.com\/insightcrime.org\/wp-content\/uploads\/2022\/05\/Armas-Recuperadas-Hurto-Polici%CC%81a-Ecuador-.webp?fit=1009%2C667&quality=100&ssl=1&resize=350%2C200","width":350,"height":200,"srcset":"https:\/\/i0.wp.com\/insightcrime.org\/wp-content\/uploads\/2022\/05\/Armas-Recuperadas-Hurto-Polici%CC%81a-Ecuador-.webp?fit=1009%2C667&quality=100&ssl=1&resize=350%2C200 1x, https:\/\/i0.wp.com\/insightcrime.org\/wp-content\/uploads\/2022\/05\/Armas-Recuperadas-Hurto-Polici%CC%81a-Ecuador-.webp?fit=1009%2C667&quality=100&ssl=1&resize=525%2C300 1.5x, https:\/\/i0.wp.com\/insightcrime.org\/wp-content\/uploads\/2022\/05\/Armas-Recuperadas-Hurto-Polici%CC%81a-Ecuador-.webp?fit=1009%2C667&quality=100&ssl=1&resize=700%2C400 2x"},"classes":[]},{"id":319362,"url":"https:\/\/insightcrime.org\/es\/uncategorized\/nuevos-cargos-en-emblematico-caso-asesinato-sacuden-panorama-politico-ecuador\/","url_meta":{"origin":74142,"position":4},"title":"Nuevos cargos en emblem\u00e1tico caso de asesinato sacuden a Ecuador","author":"Gavin Voss","date":"4 de septiembre de 2025","format":false,"excerpt":"Los fiscales ecuatorianos han acusado al exministro del Interior Jos\u00e9 Serrano de haber ayudado a planificar el asesinato de alto perfil de un candidato presidencial en 2023, lo que marca un momento crucial en la lucha del pa\u00eds contra la corrupci\u00f3n.","rel":"","context":"En \u00abNews\u00bb","block_context":{"text":"News","link":"https:\/\/insightcrime.org\/category\/news\/"},"img":{"alt_text":"","src":"https:\/\/i0.wp.com\/insightcrime.org\/wp-content\/uploads\/2025\/09\/jose-serrano-el-comercio12.jpg?fit=350%2C250&quality=100&ssl=1&resize=350%2C200","width":350,"height":200},"classes":[]},{"id":141398,"url":"https:\/\/insightcrime.org\/es\/noticias\/los-4-retos-seguridad-esperan-proximo-presidente-ecuador\/","url_meta":{"origin":74142,"position":5},"title":"Los 4 retos de seguridad que le esperan al pr\u00f3ximo presidente de Ecuador","author":"Shane Sullivan","date":"20 de abril de 2021","format":false,"excerpt":"El pr\u00f3ximo presidente de Ecuador enfrentar\u00e1 diversos desaf\u00edos de seguridad sin precedentes, dado que la violencia en las prisiones ha llegado a niveles r\u00e9cord, la corrupci\u00f3n del pa\u00eds est\u00e1 llamando la atenci\u00f3n internacional, y la situaci\u00f3n criminal en la frontera con Colombia sigue agrav\u00e1ndose.","rel":"","context":"En \u00abNoticias\u00bb","block_context":{"text":"Noticias","link":"https:\/\/insightcrime.org\/es\/category\/noticias\/"},"img":{"alt_text":"","src":"https:\/\/i0.wp.com\/insightcrime.org\/wp-content\/uploads\/2021\/04\/Ecuador-Lasso-Samurai-Juan.jpeg?fit=350%2C250&quality=100&ssl=1&resize=350%2C200","width":350,"height":200},"classes":[]}],"jetpack_featured_media_url":"https:\/\/i0.wp.com\/insightcrime.org\/wp-content\/uploads\/2017\/10\/17-10-03-Jorge-Glas.jpg?fit=350%2C250&quality=100&ssl=1","_links":{"self":[{"href":"https:\/\/insightcrime.org\/es\/wp-json\/wp\/v2\/posts\/74142","targetHints":{"allow":["GET"]}}],"collection":[{"href":"https:\/\/insightcrime.org\/es\/wp-json\/wp\/v2\/posts"}],"about":[{"href":"https:\/\/insightcrime.org\/es\/wp-json\/wp\/v2\/types\/post"}],"author":[{"embeddable":true,"href":"https:\/\/insightcrime.org\/es\/wp-json\/wp\/v2\/users\/90"}],"replies":[{"embeddable":true,"href":"https:\/\/insightcrime.org\/es\/wp-json\/wp\/v2\/comments?post=74142"}],"version-history":[{"count":1,"href":"https:\/\/insightcrime.org\/es\/wp-json\/wp\/v2\/posts\/74142\/revisions"}],"predecessor-version":[{"id":74641,"href":"https:\/\/insightcrime.org\/es\/wp-json\/wp\/v2\/posts\/74142\/revisions\/74641"}],"wp:featuredmedia":[{"embeddable":true,"href":"https:\/\/insightcrime.org\/es\/wp-json\/wp\/v2\/media\/74139"}],"wp:attachment":[{"href":"https:\/\/insightcrime.org\/es\/wp-json\/wp\/v2\/media?parent=74142"}],"wp:term":[{"taxonomy":"category","embeddable":true,"href":"https:\/\/insightcrime.org\/es\/wp-json\/wp\/v2\/categories?post=74142"},{"taxonomy":"post_tag","embeddable":true,"href":"https:\/\/insightcrime.org\/es\/wp-json\/wp\/v2\/tags?post=74142"},{"taxonomy":"newspack_spnsrs_tax","embeddable":true,"href":"https:\/\/insightcrime.org\/es\/wp-json\/wp\/v2\/newspack_spnsrs_tax?post=74142"},{"taxonomy":"author","embeddable":true,"href":"https:\/\/insightcrime.org\/es\/wp-json\/wp\/v2\/coauthors?post=74142"}],"curies":[{"name":"wp","href":"https:\/\/api.w.org\/{rel}","templated":true}]}}