{"id":7420,"date":"2014-12-01T19:41:07","date_gmt":"2017-03-28T00:05:49","guid":{"rendered":"http:\/\/newwp.insightcrime.org?p=7420"},"modified":"2023-04-24T15:42:36","modified_gmt":"2023-04-24T20:42:36","slug":"oficial-militar-elsalvador-condenado-trafico-armas","status":"publish","type":"post","link":"https:\/\/insightcrime.org\/es\/noticias\/noticias-del-dia\/oficial-militar-elsalvador-condenado-trafico-armas\/","title":{"rendered":"Oficial militar de El Salvador condenado por un caso de tr\u00e1fico de armas"},"content":{"rendered":"\n<p class=\"wp-block-paragraph\">Un oficial militar de El Salvador fue condenado a siete a\u00f1os de prisi\u00f3n por tr\u00e1fico de armas. Una se\u00f1al de que el pa\u00eds podr\u00eda estar tomando medidas m\u00e1s estrictas contra el extendido involucramiento de oficiales militares en la venta de armas a pandillas callejeras y a civiles.<\/p>\n\n\n\n<p class=\"wp-block-paragraph\">El 28 de noviembre, el teniente y exasesor jur\u00eddico de la Direcci\u00f3n Log\u00edstica de la Fuerza Armada de El Salvador (FAES), Jos\u00e9 Ar\u00edstides Figueroa, fue sentenciado en una corte federal de San Salvador acusado por un caso de tr\u00e1fico de armamento militar, <a href=\"https:\/\/www.laprensagrafica.com\/2014\/11\/29\/condenan-a-militar-a-7-aos-por-comercio-ilegal-de-arma-de-guerra\" target=\"_blank\">inform\u00f3 La Prensa Gr\u00e1fica<\/a>. Otras dos acusaciones de tr\u00e1fico de armas contra Figueroa fueron descartadas debido a que las evidencias fueron insuficientes.<\/p>\n\n\n\n<p class=\"wp-block-paragraph\">Figueroa us\u00f3 su cargo como asesor jur\u00eddico de la Direcci\u00f3n Log\u00edstica de la FAES para vender m\u00e1s de 50 armas de fuego, entre ellas dos fusiles AK-47 y cuatro AR-15, <a href=\"https:\/\/www.lapagina.com.sv\/nacionales\/101613\/2014\/11\/28\/Condenan-a-siete-anos-de-prision-a-teniente-por-trafico-de-armas\" target=\"_blank\">inform\u00f3 La P\u00e1gina<\/a>.<\/p>\n\n\n\n<p class=\"wp-block-paragraph\">Figueroa fue arrestado en diciembre de 2012 junto con el Coronel Salvador Alberto Gonzales Quezada bajo cargos de tr\u00e1fico de armas, <a href=\"https:\/\/elmundo.com.sv\/militar-condenado-a-siete-anos-por-comercio-de-armas-de-fuego\" target=\"_blank\">inform\u00f3 El Mundo<\/a>. Los dos oficiales militares inicialmente fueron a juicio juntos, sin embargo, sus casos fueron separados en julio cuando la Fiscal\u00eda General de la Rep\u00fablica suspendi\u00f3 el juicio de Quezada, seg\u00fan La Prensa Gr\u00e1fica.<\/p>\n\n\n\n<p class=\"wp-block-paragraph\"><a href=\"https:\/\/www.elfaro.net\/es\/201407\/noticias\/15724\" target=\"_blank\">Seg\u00fan El Faro<\/a>, una <a href=\"\/noticias\/noticias-del-dia\/investigacion-trafico-armas-militares-el-salvador-llega-altos-oficiales\" target=\"_blank\">investigaci\u00f3n en curso de la Fiscal\u00eda General de la Rep\u00fablica<\/a> de El Salvador sobre el tr\u00e1fico de armas por miembros del ej\u00e9rcito se ha basado en gran medida a testimonios de Quezada (foto abajo).<\/p>\n\n\n\n<figure class=\"wp-block-image\"><img data-recalc-dims=\"1\" decoding=\"async\" src=\"https:\/\/i0.wp.com\/es.insightcrime.org\/images\/2014\/20141201_ElSalvador_Quevada.jpg?quality=100&#038;ssl=1\" alt=\"20141201 ElSalvador Quevada\"\/><\/figure>\n\n\n\n<h3 class=\"wp-block-heading\">An\u00e1lisis de InSight Crime<\/h3>\n\n\n\n<p class=\"wp-block-paragraph\">A pesar del <a href=\"\/noticias\/noticias-del-dia\/militares-absueltos-trafico-armas-el-salvador\" target=\"_blank\">alto nivel de impunidad<\/a> del que t\u00edpicamente gozan los miembros del ej\u00e9rcito salvadore\u00f1o presuntamente involucrados en el tr\u00e1fico de armas, la condena de Figueroa posiblemente puede abrir una puerta para que varios otros oficiales militares sean sentenciador por desviar provisiones de armamentos de grado militar a la poblaci\u00f3n general.<\/p>\n\n\n\n<p class=\"wp-block-paragraph\">Adicionalmente, el momento de la condena de Figueroa \u2013tan s\u00f3lo dos meses despu\u00e9s de que el juicio de Quezada fuera suspendido- sugiere que Quezada podr\u00eda haber provisto a las autoridades de informaci\u00f3n que permiti\u00f3 que los fiscales construyeran un caso exitoso contra el teniente. Esto quiere decir que es posible que Quezada de a las autoridades la informaci\u00f3n necesaria para procesar otros oficiales del ej\u00e9rcito bajo investigaciones por tr\u00e1fico de armas.<\/p>\n\n\n\n<p class=\"wp-block-paragraph\"><span style=\"color: #800000\"><strong>VEA TAMBI\u00c9N:<\/strong><\/span> <a href=\"\/noticias-sobre-crimen-organizado-en-el-salvador\" target=\"_blank\">Noticias y perfiles de El Salvador<\/a><\/p>\n\n\n\n<p class=\"wp-block-paragraph\">La condena de Figueroa puede sentar un importante precedente. <a href=\"\/news\/analysis\/el-salvador-military-weapons-more-trafficked-than-stolen\" target=\"_blank\">Durante a\u00f1os<\/a>, el ej\u00e9rcito de El Salvador ha vendido armas a grupos criminales, <a href=\"\/noticias\/analisis\/ejercito-el-salvador-traficante-armas-para-maras\" target=\"_blank\">incluyendo presuntas ventas a las pandillas callejeras m\u00e1s poderosas del pa\u00eds<\/a>, Barrio 18 y MS13, y a <a href=\"\/noticias\/noticias-del-dia\/alijo-de-armas-en-el-salvador-expone-vinculo-entre-el-cartel-de-texis-y-los-zetas\" target=\"_blank\">carteles de droga de M\u00e9xico<\/a>.<\/p>\n","protected":false},"excerpt":{"rendered":"<p>Un oficial militar de El Salvador fue condenado a siete a\u00f1os de prisi\u00f3n por tr\u00e1fico de armas. Una se\u00f1al de que el pa\u00eds podr\u00eda estar tomando medidas m\u00e1s estrictas contra el extendido involucramiento de oficiales militares en la venta de armas a pandillas callejeras y a civiles.<\/p>\n","protected":false},"author":36,"featured_media":41678,"comment_status":"closed","ping_status":"closed","sticky":false,"template":"","format":"standard","meta":{"newspack_ads_suppress_ads":false,"newspack_popups_has_disabled_popups":false,"newspack_sponsor_sponsorship_scope":"","newspack_sponsor_native_byline_display":"inherit","newspack_sponsor_native_category_display":"inherit","newspack_sponsor_underwriter_style":"inherit","newspack_sponsor_underwriter_placement":"inherit","_EventAllDay":false,"_EventTimezone":"","_EventStartDate":"","_EventEndDate":"","_EventStartDateUTC":"","_EventEndDateUTC":"","_EventShowMap":false,"_EventShowMapLink":false,"_EventURL":"","_EventCost":"","_EventCostDescription":"","_EventCurrencySymbol":"","_EventCurrencyCode":"","_EventCurrencyPosition":"","_EventDateTimeSeparator":"","_EventTimeRangeSeparator":"","_EventOrganizerID":[],"_EventVenueID":[],"_OrganizerEmail":"","_OrganizerPhone":"","_OrganizerWebsite":"","_VenueAddress":"","_VenueCity":"","_VenueCountry":"","_VenueProvince":"","_VenueState":"","_VenueZip":"","_VenuePhone":"","_VenueURL":"","_VenueStateProvince":"","_VenueLat":"","_VenueLng":"","_VenueShowMap":false,"_VenueShowMapLink":false,"_newspack_byline_active":false,"_newspack_byline":"","newspack_hide_updated_date":false,"newspack_show_updated_date":false,"newspack_featured_image_position":"","newspack_post_subtitle":"","newspack_article_summary_title":"Overview:","newspack_article_summary":"","_jetpack_memberships_contains_paid_content":false,"footnotes":""},"categories":[334],"tags":[1540,448],"newspack_spnsrs_tax":[],"coauthors":[3924],"class_list":["post-7420","post","type-post","status-publish","format-standard","has-post-thumbnail","hentry","category-noticias-del-dia","tag-el-salvador-pais","tag-trafico-de-armas","entry"],"parsely":{"version":"1.1.0","canonical_url":"https:\/\/insightcrime.org\/es\/noticias\/noticias-del-dia\/oficial-militar-elsalvador-condenado-trafico-armas\/","smart_links":{"inbound":0,"outbound":0},"traffic_boost_suggestions_count":0,"meta":{"@context":"https:\/\/schema.org","@type":"NewsArticle","headline":"Oficial militar de El Salvador condenado por un caso de tr\u00e1fico de armas","url":"http:\/\/insightcrime.org\/es\/noticias\/noticias-del-dia\/oficial-militar-elsalvador-condenado-trafico-armas\/","mainEntityOfPage":{"@type":"WebPage","@id":"http:\/\/insightcrime.org\/es\/noticias\/noticias-del-dia\/oficial-militar-elsalvador-condenado-trafico-armas\/"},"thumbnailUrl":"https:\/\/i0.wp.com\/insightcrime.org\/wp-content\/uploads\/2014\/12\/es-20141201_ElSalvador_ArmsTrafficking_Military_Convicted.jpg?resize=150%2C150&quality=100&ssl=1","image":{"@type":"ImageObject","url":"https:\/\/i0.wp.com\/insightcrime.org\/wp-content\/uploads\/2014\/12\/es-20141201_ElSalvador_ArmsTrafficking_Military_Convicted.jpg?fit=312%2C207&quality=100&ssl=1"},"articleSection":"Noticias del d\u00eda","author":[{"@type":"Person","name":"David Gagne"}],"creator":["David Gagne"],"publisher":{"@type":"Organization","name":"InSight Crime","logo":"https:\/\/insightcrime.org\/wp-content\/uploads\/2023\/08\/logo.png"},"keywords":["el salvador","tr\u00e1fico de armas"],"dateCreated":"2017-03-28T00:05:49Z","datePublished":"2017-03-28T00:05:49Z","dateModified":"2023-04-24T20:42:36Z"},"rendered":"<meta name=\"parsely-title\" content=\"Oficial militar de El Salvador condenado por un caso de tr\u00e1fico de armas\" \/>\n<meta name=\"parsely-link\" content=\"http:\/\/insightcrime.org\/es\/noticias\/noticias-del-dia\/oficial-militar-elsalvador-condenado-trafico-armas\/\" \/>\n<meta name=\"parsely-type\" content=\"post\" \/>\n<meta name=\"parsely-image-url\" content=\"https:\/\/i0.wp.com\/insightcrime.org\/wp-content\/uploads\/2014\/12\/es-20141201_ElSalvador_ArmsTrafficking_Military_Convicted.jpg?resize=150%2C150&amp;quality=100&amp;ssl=1\" \/>\n<meta name=\"parsely-pub-date\" content=\"2017-03-28T00:05:49Z\" \/>\n<meta name=\"parsely-section\" content=\"Noticias del d\u00eda\" \/>\n<meta name=\"parsely-tags\" content=\"el salvador,tr\u00e1fico de armas\" \/>\n<meta name=\"parsely-author\" content=\"David Gagne\" \/>","tracker_url":"https:\/\/cdn.parsely.com\/keys\/insightcrime.org\/p.js"},"jetpack_sharing_enabled":true,"jetpack-related-posts":[{"id":308587,"url":"https:\/\/insightcrime.org\/es\/noticias\/como-corrupcion-alimenta-desvio-armas-en-america-latina\/","url_meta":{"origin":7420,"position":0},"title":"C\u00f3mo la corrupci\u00f3n alimenta el desv\u00edo de armas en Am\u00e9rica Latina","author":"Zuzanna Schoennett","date":"1 de mayo de 2025","format":false,"excerpt":"La corrupci\u00f3n, seg\u00fan un reciente informe de Transparency International, es un componente clave de las redes de tr\u00e1fico de armas que desv\u00edan armamento estatal hacia las manos del crimen organizado.","rel":"","context":"En \u00abNoticias\u00bb","block_context":{"text":"Noticias","link":"https:\/\/insightcrime.org\/es\/category\/noticias\/"},"img":{"alt_text":"","src":"https:\/\/i0.wp.com\/insightcrime.org\/wp-content\/uploads\/2025\/05\/Juan-Carlos-Lozano-Proceso.jpg?fit=350%2C250&quality=100&ssl=1&resize=350%2C200","width":350,"height":200},"classes":[]},{"id":200718,"url":"https:\/\/insightcrime.org\/es\/noticias\/arsenales-militares-fuente-armas-pandillas-grupos-criminales-latinoamericanos\/","url_meta":{"origin":7420,"position":1},"title":"Arsenales militares son fuente de armas para pandillas y grupos criminales latinoamericanos","author":"Chris Dalby","date":"4 de octubre de 2022","format":false,"excerpt":"Corrupci\u00f3n en las filas, falta de supervisi\u00f3n y seguimiento, y una mediocre legislaci\u00f3n son las responsables de que las armas y munici\u00f3n de los ej\u00e9rcitos latinoamericanos lleguen a manos de grupos criminales, como concluy\u00f3 un informe de la ONU.","rel":"","context":"En \u00abNoticias\u00bb","block_context":{"text":"Noticias","link":"https:\/\/insightcrime.org\/es\/category\/noticias\/"},"img":{"alt_text":"Armas del ej\u00e9rcito de Paraguay decomisadas en un operativo","src":"https:\/\/i0.wp.com\/insightcrime.org\/wp-content\/uploads\/2022\/10\/slider1-1-1.jpeg?fit=350%2C250&quality=100&ssl=1&resize=350%2C200","width":350,"height":200},"classes":[]},{"id":126210,"url":"https:\/\/insightcrime.org\/es\/noticias\/el-salvador-armas-ilegales\/","url_meta":{"origin":7420,"position":2},"title":"Decomisos de miles de armas no paran flujos ilegales en El Salvador","author":"Victoria Dittmar","date":"29 de octubre de 2020","format":false,"excerpt":"Las autoridades salvadore\u00f1as aseguraron recientemente que su estrategia para combatir a las pandillas ha dado como resultado el decomiso de miles de armas. Sin\u00a0embargo, esto afecta poco a las pandillas y no logra detener los continuos flujos de armas hacia El Salvador.","rel":"","context":"En \u00abNoticias\u00bb","block_context":{"text":"Noticias","link":"https:\/\/insightcrime.org\/es\/category\/noticias\/"},"img":{"alt_text":"","src":"https:\/\/i0.wp.com\/insightcrime.org\/wp-content\/uploads\/2020\/10\/El-Salvador-Weapons-Seizures.jpg?fit=350%2C250&quality=100&ssl=1&resize=350%2C200","width":350,"height":200},"classes":[]},{"id":138663,"url":"https:\/\/insightcrime.org\/es\/noticias-crimen-organizado-el-salvador\/morazan-el-salvador\/","url_meta":{"origin":7420,"position":3},"title":"Moraz\u00e1n, El Salvador","author":"InSight Crime","date":"22 de marzo de 2021","format":false,"excerpt":"En Moraz\u00e1n hay una presencia menor del crimen organizado transnacional. Existen ciertas cantidades de ganado y alimentos que son contrabandeadas por carreteras sin vigilancia a lo largo de la frontera del departamento con Honduras.","rel":"","context":"En \u00abEl Salvador\u00bb","block_context":{"text":"El Salvador","link":"https:\/\/insightcrime.org\/es\/category\/noticias-crimen-organizado-el-salvador\/"},"img":{"alt_text":"","src":"https:\/\/i0.wp.com\/insightcrime.org\/wp-content\/uploads\/2021\/03\/ElSalvador-SFGotera-ElSalvador-12-01-2021-LaPaginaSV.jpg?fit=350%2C250&quality=100&ssl=1&resize=350%2C200","width":350,"height":200},"classes":[]},{"id":138605,"url":"https:\/\/insightcrime.org\/es\/noticias-crimen-organizado-el-salvador\/cabanas-el-salvador\/","url_meta":{"origin":7420,"position":4},"title":"Caba\u00f1as, El Salvador","author":"InSight Crime","date":"22 de marzo de 2021","format":false,"excerpt":"Aparte de alg\u00fan trasiego de contrabando entre Caba\u00f1as y el vecino Honduras, no hay indicios de que en el departamento se lleven a cabo delitos transnacionales importantes.","rel":"","context":"En \u00abEl Salvador\u00bb","block_context":{"text":"El Salvador","link":"https:\/\/insightcrime.org\/es\/category\/noticias-crimen-organizado-el-salvador\/"},"img":{"alt_text":"","src":"https:\/\/i0.wp.com\/insightcrime.org\/wp-content\/uploads\/2021\/03\/ElSalvador-IlobascoMarket-ElSalvador-12-01-2021-GettyImages.jpg?fit=350%2C250&quality=100&ssl=1&resize=350%2C200","width":350,"height":200},"classes":[]},{"id":138628,"url":"https:\/\/insightcrime.org\/es\/noticias-crimen-organizado-el-salvador\/chalatenango-el-salvador\/","url_meta":{"origin":7420,"position":5},"title":"Chalatenango, El Salvador","author":"InSight Crime","date":"22 de marzo de 2021","format":false,"excerpt":"Aunque no es un centro importante para el crimen organizado transnacional, el departamento de Chalatenango es punto de tr\u00e1nsito de migrantes, armas y narc\u00f3ticos.","rel":"","context":"En \u00abEl Salvador\u00bb","block_context":{"text":"El Salvador","link":"https:\/\/insightcrime.org\/es\/category\/noticias-crimen-organizado-el-salvador\/"},"img":{"alt_text":"","src":"https:\/\/i0.wp.com\/insightcrime.org\/wp-content\/uploads\/2021\/03\/ElSalvador-ChalatenangoCabacera-ElSalvador-12-01-2021-MarvinSolis.jpg?fit=350%2C250&quality=100&ssl=1&resize=350%2C200","width":350,"height":200},"classes":[]}],"jetpack_featured_media_url":"https:\/\/i0.wp.com\/insightcrime.org\/wp-content\/uploads\/2014\/12\/es-20141201_ElSalvador_ArmsTrafficking_Military_Convicted.jpg?fit=312%2C207&quality=100&ssl=1","_links":{"self":[{"href":"https:\/\/insightcrime.org\/es\/wp-json\/wp\/v2\/posts\/7420","targetHints":{"allow":["GET"]}}],"collection":[{"href":"https:\/\/insightcrime.org\/es\/wp-json\/wp\/v2\/posts"}],"about":[{"href":"https:\/\/insightcrime.org\/es\/wp-json\/wp\/v2\/types\/post"}],"author":[{"embeddable":true,"href":"https:\/\/insightcrime.org\/es\/wp-json\/wp\/v2\/users\/36"}],"replies":[{"embeddable":true,"href":"https:\/\/insightcrime.org\/es\/wp-json\/wp\/v2\/comments?post=7420"}],"version-history":[{"count":2,"href":"https:\/\/insightcrime.org\/es\/wp-json\/wp\/v2\/posts\/7420\/revisions"}],"predecessor-version":[{"id":66651,"href":"https:\/\/insightcrime.org\/es\/wp-json\/wp\/v2\/posts\/7420\/revisions\/66651"}],"wp:featuredmedia":[{"embeddable":true,"href":"https:\/\/insightcrime.org\/es\/wp-json\/wp\/v2\/media\/41678"}],"wp:attachment":[{"href":"https:\/\/insightcrime.org\/es\/wp-json\/wp\/v2\/media?parent=7420"}],"wp:term":[{"taxonomy":"category","embeddable":true,"href":"https:\/\/insightcrime.org\/es\/wp-json\/wp\/v2\/categories?post=7420"},{"taxonomy":"post_tag","embeddable":true,"href":"https:\/\/insightcrime.org\/es\/wp-json\/wp\/v2\/tags?post=7420"},{"taxonomy":"newspack_spnsrs_tax","embeddable":true,"href":"https:\/\/insightcrime.org\/es\/wp-json\/wp\/v2\/newspack_spnsrs_tax?post=7420"},{"taxonomy":"author","embeddable":true,"href":"https:\/\/insightcrime.org\/es\/wp-json\/wp\/v2\/coauthors?post=7420"}],"curies":[{"name":"wp","href":"https:\/\/api.w.org\/{rel}","templated":true}]}}