{"id":74300,"date":"2017-10-17T00:00:00","date_gmt":"2017-10-17T05:00:00","guid":{"rendered":"https:\/\/insightcrime.org\/noticias\/analisis-noticias\/por-que-es-dificil-salirse-pandillas-el-salvador-entrevista-jose-miguel-cruz\/"},"modified":"2023-04-24T16:25:22","modified_gmt":"2023-04-24T21:25:22","slug":"por-que-es-dificil-salirse-pandillas-el-salvador-entrevista-jose-miguel-cruz","status":"publish","type":"post","link":"https:\/\/insightcrime.org\/es\/news\/interview\/por-que-es-dificil-salirse-pandillas-el-salvador-entrevista-jose-miguel-cruz\/","title":{"rendered":"Por qu\u00e9 es tan dif\u00edcil salirse de las pandillas de El Salvador: entrevista con el investigador Jos\u00e9 Miguel Cruz"},"content":{"rendered":"\n<p class=\"wp-block-paragraph\"><em>Cerca del 85 por ciento de los miembros de las pandillas de El Salvador han pensado en distanciarse de sus pandillas o salirse permanentemente de ellas, pero dado que no existen suficientes informes de casos exitosos, se sabe poco sobre este proceso. En marzo de 2017, un <a href=\"https:\/\/es.insightcrime.org\/noticias\/noticias-del-dia\/investigacion-explica-obstaculos-dejar-pandillas-el-salvador\/\" target=\"_blank\" rel=\"noopener\">estudio<\/a> realizado por Florida International University (FIU) examin\u00f3 la din\u00e1mica en torno a la peligrosa decisi\u00f3n de abandonar las pandillas y a los desaf\u00edos que enfrentan los expandilleros que buscan reintegrarse a la sociedad.<\/em><\/p>\n\n\n\n<p class=\"wp-block-paragraph\"><em>InSight Crime habl\u00f3 con Jos\u00e9 Miguel Cruz, el investigador principal del informe, para profundizar sobre este tema. La siguiente es una transcripci\u00f3n de la conversaci\u00f3n.<\/em><\/p>\n\n\n\n<p class=\"wp-block-paragraph\"><strong>IC:<\/strong> Usted realiz\u00f3 docenas de entrevistas y encuest\u00f3 a m\u00e1s de mil pandilleros activos y retirados. Casi el 70 por ciento de ellos dijeron que hab\u00edan pensado en abandonar la pandilla. \u00bfQu\u00e9 es lo significativo de ese hallazgo?<\/p>\n\n\n\n<p class=\"wp-block-paragraph\"><strong>JMC:<\/strong> Es una proporci\u00f3n alta y est\u00e1 muy relacionada con la literatura de psicolog\u00eda del desarrollo. Cuando se llega a cierta edad y se sale de la adolescencia, nuestra visi\u00f3n del mundo cambia significativamente. Y eso determina la opini\u00f3n sobre las pandillas.<\/p>\n\n\n\n<p class=\"wp-block-paragraph\">La mayor\u00eda de los chicos se unen a las pandillas cuando tienen cerca de 14 a\u00f1os, en un momento en el que s\u00f3lo quieren ser parte de un grupo, encontrar estabilidad y una identidad que les pueda ayudar a responder ciertas preguntas sobre lo que son o sobre su posici\u00f3n en la sociedad. Pero una vez superan esa fase, esas cosas pasan y piensan: \u201cBueno, las decisiones que tom\u00e9 hace tres o cuatro a\u00f1os son cosa del pasado. No deb\u00ed haber hecho eso. Ahora estoy aqu\u00ed y tengo que enfrentarlo. Pero si tuviera la oportunidad, me gustar\u00eda abandonar la pandilla y cambiar mi vida porque ahora me doy cuenta de que no tengo ning\u00fan futuro\u201d.<\/p>\n\n\n\n<p class=\"wp-block-paragraph\">Esto ocurre sobre todo porque algunos de ellos se unen a las pandillas pensando que ser\u00e1n asesinados muy pronto. Cuando cumplen los 18 o 19 a\u00f1os, no han sido asesinados, contin\u00faan vivos y tienen que enfrentar la pregunta de \u201c\u00bfqu\u00e9 voy a hacer con mi vida ahora?\u201d. Quiz\u00e1 en ese momento ya tienen hijos a los que quieren cuidar, lo que tambi\u00e9n cambia su opini\u00f3n sobre la pandilla. Y por eso es que la mayor\u00eda dicen que les gustar\u00eda salir de la pandilla, especialmente a medida que se hacen mayores.<\/p>\n\n\n\n<p class=\"wp-block-paragraph\"><span style=\"color: #800000;\"><strong>VEA TAMBI\u00c9N:<\/strong><\/span> <a href=\"https:\/\/es.insightcrime.org\/indepth\/pandillas\/\" target=\"_blank\" rel=\"noopener\">InDepth: Cobertura sobre las pandillas<\/a><\/p>\n\n\n\n<p class=\"wp-block-paragraph\"><strong>IC:<\/strong> \u00bfDe qu\u00e9 manera un pandillero puede salirse de una pandilla o distanciarse de ella?<\/p>\n\n\n\n<p class=\"wp-block-paragraph\"><strong>JMC:<\/strong> La principal forma de desertar o abandonar la pandilla consiste en vincularse a la Iglesia y convertirse en cristiano evang\u00e9lico. Ese es el motivo aceptado y aprobado por la mayor\u00eda de las pandillas. O tambi\u00e9n pueden huir del pa\u00eds o cambiarse de barrio. En un pa\u00eds tan peque\u00f1o como El Salvador, dado el control territorial de las pandillas, es muy dif\u00edcil mudarse de un barrio a otro. As\u00ed que la mejor soluci\u00f3n en muchas ocasiones consiste en salir del pa\u00eds.<\/p>\n\n\n\n<p class=\"wp-block-paragraph\">Otra posibilidad es una especie de negociaci\u00f3n con la pandilla para obtener la condici\u00f3n de \u201ccalmado\u201d. En esta situaci\u00f3n, el pandillero no abandona completamente su pandilla, no puede renegar de ella, y tiene que permanecer fiel al grupo, pero no participa en sus actividades, ni es considerado ya como parte de su estructura.<\/p>\n\n\n\n<p class=\"wp-block-paragraph\"><strong>IC:<\/strong> La descripci\u00f3n que en el informe se hace de un \u201ccalmado\u201d trae a la memoria la de un reservista del ej\u00e9rcito que se puede llamar si la pandilla est\u00e1 en una situaci\u00f3n dif\u00edcil.<\/p>\n\n\n\n<p class=\"wp-block-paragraph\"><strong>JMC:<\/strong> Es una condici\u00f3n similar, pero con una diferencia: cuando el calmado es convocado, no es para participar en un acto violento, en un ataque o en un asesinato. A los calmados generalmente se les llama de nuevo para esconder armas (pero no para usarlas) o para pasar informaci\u00f3n sobre alguien, transportar dinero o servir como mensajeros.<\/p>\n\n\n\n<p class=\"wp-block-paragraph\"><strong>IC:<\/strong> \u00bfSon llamados sobre todo para servicios log\u00edsticos?<\/p>\n\n\n\n<p class=\"wp-block-paragraph\"><strong>JMC:<\/strong> S\u00ed. No los llaman para entregarles un arma y pedirles que maten a alguien. Las pandillas tienden a respetar la condici\u00f3n de calmado una vez que la han otorgado, y no les piden que participen en las actividades m\u00e1s violentas de la pandilla.<\/p>\n\n\n\n<figure class=\"wp-block-image is-resized\"><img data-recalc-dims=\"1\" loading=\"lazy\" decoding=\"async\" src=\"https:\/\/i0.wp.com\/insightcrime.org\/wp-content\/uploads\/2017\/10\/17-10-17_pandillas_ms13.png?resize=550%2C265&#038;quality=100&#038;ssl=1\" alt=\"17 10 17 pandillas ms13\" class=\"wp-image-74298\" height=\"265\" width=\"550\" srcset=\"https:\/\/i0.wp.com\/insightcrime.org\/wp-content\/uploads\/2017\/10\/17-10-17_pandillas_ms13.png?w=370&amp;quality=100&amp;ssl=1 370w, https:\/\/i0.wp.com\/insightcrime.org\/wp-content\/uploads\/2017\/10\/17-10-17_pandillas_ms13.png?w=400&amp;quality=100&amp;ssl=1 400w\" sizes=\"auto, (max-width: 550px) 100vw, 550px\" \/><\/figure>\n\n\n\n<p class=\"has-text-align-center wp-block-paragraph\"><em>(Gr\u00e1fico cortes\u00eda de FIU)<\/em><\/p>\n\n\n\n<p class=\"wp-block-paragraph\"><strong>IC:<\/strong> \u00bfPor qu\u00e9 las pandillas respetan tanto a las iglesias? \u00bfHay comunicaci\u00f3n directa entre los funcionarios de la Iglesia y los l\u00edderes de las pandillas? \u00bfO siempre ha sido as\u00ed, una regla t\u00e1cita?<\/p>\n\n\n\n<p class=\"wp-block-paragraph\"><strong>JMC:<\/strong> Es una buena pregunta y mi respuesta honesta es que no s\u00e9. Todav\u00eda no entiendo por qu\u00e9 las pandillas respetan tanto a las Iglesias, especialmente a las evang\u00e9licas. Pueden decir que tienen el mismo respeto por la Iglesia Cat\u00f3lica o las otras Iglesias, pero, en realidad, las \u00fanicas en las que permiten que sus miembros se rehabiliten sin mayores consecuencias para ellos son las Iglesias evang\u00e9licas.<\/p>\n\n\n\n<p class=\"wp-block-paragraph\">Puedo explicar por qu\u00e9 resulta ventajoso desde la perspectiva individual del pandillero: b\u00e1sicamente, la Iglesia sustituye la experiencia de la pandilla. Se convierte en un tipo de experiencia integral, casi totalizadora. Abarca todo en la vida, de la misma forma en que lo hace la pandilla con sus miembros activos. Pero desde la perspectiva de las pandillas, todav\u00eda no tengo una respuesta satisfactoria en cuanto a por qu\u00e9 aceptan las Iglesias evang\u00e9licas.<\/p>\n\n\n\n<p class=\"wp-block-paragraph\"><strong>IC:<\/strong> \u00bfY esto aplica para todas las pandillas?<\/p>\n\n\n\n<p class=\"wp-block-paragraph\"><strong>JMC:<\/strong> S\u00ed; pero \u00bfqu\u00e9 mecanismos llevan a todas estas organizaciones a permitir este proceso? \u00bfPor qu\u00e9 los l\u00edderes de las pandillas lo aceptan? Tal vez \u2014y aqu\u00ed estoy especulando\u2014 porque los l\u00edderes pueden pensar que quieren seguir ese mismo camino en alg\u00fan momento.<\/p>\n\n\n\n<p class=\"wp-block-paragraph\"><strong><span style=\"color: #800000;\">VEA TAMBI\u00c9N:<\/span><\/strong> <a href=\"https:\/\/es.insightcrime.org\/noticias\/analisis\/intervencion-divina-pandilleros-el-salvador-encontraron-dios\/\" target=\"_blank\" rel=\"noopener\">Intervenci\u00f3n divina: los pandilleros de El Salvador que encontraron a Dios<\/a><\/p>\n\n\n\n<p class=\"wp-block-paragraph\"><strong>IC:<\/strong> El mayor desincentivo para abandonar las pandillas es la inseguridad, pues m\u00e1s de la mitad de los encuestados dicen que ellos o sus familias hab\u00edan sido amenazados. E incluso cuando han logrado salir, los desertores pueden recibir amenazas de las pandillas rivales, ser acosados por las fuerzas de seguridad gubernamentales, o discriminados por la sociedad. \u00bfQu\u00e9 medidas adoptan las autoridades para ayudar a los pandilleros en su proceso de rehabilitaci\u00f3n?<\/p>\n\n\n\n<p class=\"wp-block-paragraph\"><strong>JMC:<\/strong> No creo que el gobierno salvadore\u00f1o est\u00e9 haciendo ning\u00fan esfuerzo significativo en absoluto. B\u00e1sicamente, el gobierno est\u00e1 permitiendo que algunas organizaciones de la sociedad civil lleven a cabo alg\u00fan tipo de rehabilitaci\u00f3n, pero s\u00f3lo en cierta medida y con algunas dificultades. El sistema penitenciario cuenta con algunos programas, pero realmente no les presta mucha atenci\u00f3n. En mi opini\u00f3n, est\u00e1 m\u00e1s interesado en endurecer las medidas y sanciones contra los pandilleros.<\/p>\n\n\n\n<p class=\"wp-block-paragraph\">Es posible que los funcionarios del gobierno digan que est\u00e1n trabajando en la rehabilitaci\u00f3n, que quieren que los miembros de las pandillas se reintegren a la sociedad, e incluso pueden tener algunos programas sobre el papel, pero, en realidad, veo que no sucede nada, y pienso que el gobierno no est\u00e1 realmente interesado en adelantar programas de rehabilitaci\u00f3n. La idea que prevalece entre los organismos policiales \u2014que actualmente est\u00e1n encargados sobre todo de las pol\u00edticas relacionadas con las pandillas\u2014 es que los pandilleros no pueden ser rehabilitados, as\u00ed que \u00bfpara qu\u00e9 desperdiciar recursos en estos intentos si estos chicos no tienen redenci\u00f3n posible?<\/p>\n\n\n\n<p class=\"wp-block-paragraph\"><strong>IC:<\/strong> Como en estudios previos, este informe se\u00f1ala que los j\u00f3venes se unen a las pandillas en busca de un sentido de pertenencia y v\u00ednculos sociales. Pero usted descubri\u00f3 adem\u00e1s una nueva din\u00e1mica: que un n\u00famero creciente de personas se unen a las pandillas en b\u00fasqueda de recursos econ\u00f3micos \u2014en otras palabras, como una elecci\u00f3n de carrera\u2014.<\/p>\n\n\n\n<p class=\"wp-block-paragraph\"><strong>JMC:<\/strong> S\u00ed, eso es nuevo. Actualmente no hay oportunidades econ\u00f3micas para muchos j\u00f3venes. La mayor\u00eda de ellos han desertado del sistema educativo. Dado que no hay posibilidades econ\u00f3micas, las pandillas se convierten en una opci\u00f3n de carrera, como usted dice, porque les puede proporcionar recursos, no s\u00f3lo para ellos mismos sino, adem\u00e1s, en algunas ocasiones, tambi\u00e9n para sus familias.<\/p>\n\n\n\n<p class=\"wp-block-paragraph\"><strong>IC:<\/strong> Las estad\u00edsticas de su informe parecen indicar que existe una divisi\u00f3n o grieta en la MS13. Por una parte, los j\u00f3venes se vinculan a la pandilla buscando una segunda familia, pero, por otra parte, los pandilleros mayores buscan respeto, poder y beneficios econ\u00f3micos. El informe incluye una cita ilustrativa sobre esta din\u00e1mica. \u00bfPodr\u00eda ampliar este tema un poco m\u00e1s?<\/p>\n\n\n\n<p class=\"wp-block-paragraph\"><strong>JMC:<\/strong> Estoy de acuerdo con eso, y recuerdo la cita. El pandillero dijo que el l\u00edder ve a los m\u00e1s j\u00f3venes como una fuente de ingresos, y por esa raz\u00f3n no permitir\u00e1 que abandonen la pandilla.<\/p>\n\n\n\n<p class=\"wp-block-paragraph\">La MS13 es particularmente interesante porque, debido a su nivel de estructura y organizaci\u00f3n, en esta tensi\u00f3n se aprecia m\u00e1s una organizaci\u00f3n criminal tradicional que una pandilla. Siguen siendo una pandilla y la mayor\u00eda de sus miembros son j\u00f3venes, pero los l\u00edderes tienen que lidiar con estos chicos y asegurarse de que hagan lo que ellos quieran que hagan, aunque la mayor\u00eda de ellos se unen a la pandilla para ser parte de algo. Esto es muy particular en la MS13, aunque tambi\u00e9n se puede ver algo similar en la pandilla Barrio 18, especialmente en Los Sure\u00f1os.<\/p>\n\n\n\n<p class=\"wp-block-paragraph\"><span style=\"color: #800000;\"><strong>VEA TAMBI\u00c9N:<\/strong><\/span> <a href=\"https:\/\/es.insightcrime.org\/investigaciones\/prisiones-el-salvador-lucha-control-ms13\/\" target=\"_blank\" rel=\"noopener\">Las prisiones de El Salvador y la lucha por el control de MS13<\/a><\/p>\n\n\n\n<p class=\"wp-block-paragraph\"><strong>IC:<\/strong> \u00bfPodr\u00eda esta divisi\u00f3n interna aumentar con el tiempo y llegar a fracturar la MS13?<\/p>\n\n\n\n<p class=\"wp-block-paragraph\"><strong>JMC:<\/strong> Este tipo de organizaciones criminales siempre tienen la posibilidad de dividirse debido a los conflictos por el control territorial y, especialmente, por el control de los mercados criminales. Pero con base en la informaci\u00f3n que apunta a <a href=\"https:\/\/es.insightcrime.org\/noticias\/analisis\/gobierno-salvador-conspiro-faccion-disidente-ms13\/\" target=\"_blank\" rel=\"noopener\">la intervenci\u00f3n del gobierno para tratar de fracturar la MS13<\/a>, creo que es muy poco probable.<\/p>\n\n\n\n<p class=\"wp-block-paragraph\">Puede haber algunas deserciones y tentativas separatistas de algunos l\u00edderes, pero ya que se ha hecho evidente que el gobierno estaba buscando algunas de esas divisiones, creo que es poco probable que se logre porque ello ha deslegitimado a los \u201camotinados\u201d. Y el gobierno contin\u00faa <a href=\"https:\/\/es.insightcrime.org\/noticias\/analisis\/gamechangers-2016-nueva-guerra-civil-carente-ideologia-el-salvador\/\" target=\"_blank\" rel=\"noopener\">enfrascado en esta guerra<\/a> contra las pandillas. Es probable que las pandillas no se fracturen, sino que se aglutinen en torno a l\u00edderes fuertes.<\/p>\n\n\n\n<p class=\"wp-block-paragraph\"><strong>IC:<\/strong> Su informe muestra que, en general, un gran n\u00famero de pandilleros quiere desertar o calmarse, pero eso es algo muy dif\u00edcil de hacer. \u00bfQu\u00e9 acciones deben tomar el gobierno, los expertos, la sociedad civil y los acad\u00e9micos en relaci\u00f3n con la rehabilitaci\u00f3n de los pandilleros?<\/p>\n\n\n\n<p class=\"wp-block-paragraph\"><strong>JMC:<\/strong> Es una pregunta dif\u00edcil porque no hay respuestas f\u00e1ciles para el problema de las pandillas en El Salvador. Lo que se necesita es crear las condiciones para que los pandilleros que quieran desertar y rehabilitarse puedan hacerlo de una manera segura y sostenible. Ello implica, en primer lugar, detener la guerra y reducir la violencia. En segundo lugar, es importante crear mecanismos de justicia para hacer frente a la problem\u00e1tica de los comportamientos criminales previos. En otras palabras, tenemos que enfrentar el hecho de que muchos pandilleros han cometido cr\u00edmenes y que la sociedad debe encontrar la manera de tratar con ellos de manera que no se ignore a las v\u00edctimas, a pesar de que resulte muy dif\u00edcil. Y, en tercer lugar, es importante proporcionar oportunidades de vida, como educaci\u00f3n, trabajo y servicios de rehabilitaci\u00f3n para quienes deseen abandonar las pandillas.<\/p>\n","protected":false},"excerpt":{"rendered":"<p><em>Cerca del 85 por ciento de los miembros de las pandillas de El Salvador han pensado en distanciarse de sus pandillas o salirse permanentemente de ellas, pero dado que no existen suficientes informes de casos exitosos, se sabe poco sobre este proceso. En marzo de 2017, un <a href=\"noticias-del-dia\/investigacion-explica-obstaculos-dejar-pandillas-el-salvador\" target=\"_blank\">estudio<\/a> realizado por Florida International University (FIU) examin\u00f3 la din\u00e1mica en torno a la peligrosa decisi\u00f3n de abandonar las pandillas y a los desaf\u00edos que enfrentan los expandilleros que buscan reintegrarse a la sociedad.<\/em><\/p>\n","protected":false},"author":79,"featured_media":74296,"comment_status":"closed","ping_status":"closed","sticky":false,"template":"","format":"standard","meta":{"newspack_ads_suppress_ads":false,"newspack_popups_has_disabled_popups":false,"newspack_sponsor_sponsorship_scope":"","newspack_sponsor_native_byline_display":"inherit","newspack_sponsor_native_category_display":"inherit","newspack_sponsor_underwriter_style":"inherit","newspack_sponsor_underwriter_placement":"inherit","_EventAllDay":false,"_EventTimezone":"","_EventStartDate":"","_EventEndDate":"","_EventStartDateUTC":"","_EventEndDateUTC":"","_EventShowMap":false,"_EventShowMapLink":false,"_EventURL":"","_EventCost":"","_EventCostDescription":"","_EventCurrencySymbol":"","_EventCurrencyCode":"","_EventCurrencyPosition":"","_EventDateTimeSeparator":"","_EventTimeRangeSeparator":"","_EventOrganizerID":[],"_EventVenueID":[],"_OrganizerEmail":"","_OrganizerPhone":"","_OrganizerWebsite":"","_VenueAddress":"","_VenueCity":"","_VenueCountry":"","_VenueProvince":"","_VenueState":"","_VenueZip":"","_VenuePhone":"","_VenueURL":"","_VenueStateProvince":"","_VenueLat":"","_VenueLng":"","_VenueShowMap":false,"_VenueShowMapLink":false,"_newspack_byline_active":false,"_newspack_byline":"","newspack_hide_updated_date":false,"newspack_show_updated_date":false,"newspack_featured_image_position":"","newspack_post_subtitle":"","newspack_article_summary_title":"Overview:","newspack_article_summary":"","_jetpack_memberships_contains_paid_content":false,"footnotes":""},"categories":[4554],"tags":[568,375,1540,437,552,3474],"newspack_spnsrs_tax":[],"coauthors":[4036],"class_list":["post-74300","post","type-post","status-publish","format-standard","has-post-thumbnail","hentry","category-interview","tag-barrio-18","tag-barrio-18-grupo","tag-el-salvador-pais","tag-que-funciona","tag-ms13","tag-triangulo-del-norte","entry"],"parsely":{"version":"1.1.0","canonical_url":"https:\/\/insightcrime.org\/es\/news\/interview\/por-que-es-dificil-salirse-pandillas-el-salvador-entrevista-jose-miguel-cruz\/","smart_links":{"inbound":0,"outbound":0},"traffic_boost_suggestions_count":0,"meta":{"@context":"https:\/\/schema.org","@type":"NewsArticle","headline":"Por qu\u00e9 es tan dif\u00edcil salirse de las pandillas de El Salvador: entrevista con el investigador Jos\u00e9 Miguel Cruz","url":"http:\/\/insightcrime.org\/es\/news\/interview\/por-que-es-dificil-salirse-pandillas-el-salvador-entrevista-jose-miguel-cruz\/","mainEntityOfPage":{"@type":"WebPage","@id":"http:\/\/insightcrime.org\/es\/news\/interview\/por-que-es-dificil-salirse-pandillas-el-salvador-entrevista-jose-miguel-cruz\/"},"thumbnailUrl":"https:\/\/i0.wp.com\/insightcrime.org\/wp-content\/uploads\/2017\/10\/17-10-05-ESV-gang-interview.jpg?resize=150%2C150&quality=100&ssl=1","image":{"@type":"ImageObject","url":"https:\/\/i0.wp.com\/insightcrime.org\/wp-content\/uploads\/2017\/10\/17-10-05-ESV-gang-interview.jpg?fit=350%2C250&quality=100&ssl=1"},"articleSection":"Q&amp;A","author":[{"@type":"Person","name":"Tristan Clavel"}],"creator":["Tristan Clavel"],"publisher":{"@type":"Organization","name":"InSight Crime","logo":"https:\/\/insightcrime.org\/wp-content\/uploads\/2023\/08\/logo.png"},"keywords":["barrio 18","el salvador","lo que funciona","ms13","tri\u00e1ngulo del norte"],"dateCreated":"2017-10-17T05:00:00Z","datePublished":"2017-10-17T05:00:00Z","dateModified":"2023-04-24T21:25:22Z"},"rendered":"<meta name=\"parsely-title\" content=\"Por qu\u00e9 es tan dif\u00edcil salirse de las pandillas de El Salvador: entrevista con el investigador Jos\u00e9 Miguel Cruz\" \/>\n<meta name=\"parsely-link\" content=\"http:\/\/insightcrime.org\/es\/news\/interview\/por-que-es-dificil-salirse-pandillas-el-salvador-entrevista-jose-miguel-cruz\/\" \/>\n<meta name=\"parsely-type\" content=\"post\" \/>\n<meta name=\"parsely-image-url\" content=\"https:\/\/i0.wp.com\/insightcrime.org\/wp-content\/uploads\/2017\/10\/17-10-05-ESV-gang-interview.jpg?resize=150%2C150&amp;quality=100&amp;ssl=1\" \/>\n<meta name=\"parsely-pub-date\" content=\"2017-10-17T05:00:00Z\" \/>\n<meta name=\"parsely-section\" content=\"Q&amp;A\" \/>\n<meta name=\"parsely-tags\" content=\"barrio 18,el salvador,lo que funciona,ms13,tri\u00e1ngulo del norte\" \/>\n<meta name=\"parsely-author\" content=\"Tristan Clavel\" \/>","tracker_url":"https:\/\/cdn.parsely.com\/keys\/insightcrime.org\/p.js"},"jetpack_sharing_enabled":true,"jetpack-related-posts":[{"id":128491,"url":"https:\/\/insightcrime.org\/es\/noticias\/ms13-infiltro-gobierno-el-salvador\/","url_meta":{"origin":74300,"position":0},"title":"La MS13 infiltr\u00f3 de nuevo a un gobierno local en El Salvador","author":"Victoria Dittmar","date":"18 de diciembre de 2020","format":false,"excerpt":"Un alcalde en el oriente de El Salvador est\u00e1 acusado de financiar a la MS13 y de coordinar al menos dos homicidios con la pandilla. Esto, nuevamente, ilustra las oscuras alianzas que han llegado a formar pandilleros y pol\u00edticos. En la madrugada del 15 de diciembre, la Fiscal\u00eda General de\u2026","rel":"","context":"En \u00abNoticias\u00bb","block_context":{"text":"Noticias","link":"https:\/\/insightcrime.org\/es\/category\/noticias\/"},"img":{"alt_text":"","src":"https:\/\/i0.wp.com\/insightcrime.org\/wp-content\/uploads\/2020\/08\/20-08-07-MS13-Pt2.jpg?fit=350%2C250&quality=100&ssl=1&resize=350%2C200","width":350,"height":200},"classes":[]},{"id":249301,"url":"https:\/\/insightcrime.org\/es\/investigaciones\/como-gobierno-bukele-sometio-pandillas\/","url_meta":{"origin":74300,"position":1},"title":"C\u00f3mo el gobierno de Bukele someti\u00f3 a las pandillas: resumen y principales hallazgos","author":"Alex Papadovassilakis","date":"6 de diciembre de 2023","format":false,"excerpt":"En marzo de 2022, el gobierno de El Salvador lanz\u00f3 una de las ofensivas de seguridad m\u00e1s implacables de su historia en su m\u00e1s reciente intento por debilitar a las tres principales pandillas del pa\u00eds: la Mara Salvatrucha (MS13), el Barrio 18 Revolucionarios (18R) y el Barrio Sure\u00f1os (18S).","rel":"","context":"En \u00abInvestigaciones\u00bb","block_context":{"text":"Investigaciones","link":"https:\/\/insightcrime.org\/es\/category\/investigaciones\/"},"img":{"alt_text":"","src":"https:\/\/i0.wp.com\/insightcrime.org\/wp-content\/uploads\/2023\/11\/El-Salvador-Cover-Cap-1-Dic-2023.jpg?fit=1200%2C576&quality=100&ssl=1&resize=350%2C200","width":350,"height":200,"srcset":"https:\/\/i0.wp.com\/insightcrime.org\/wp-content\/uploads\/2023\/11\/El-Salvador-Cover-Cap-1-Dic-2023.jpg?fit=1200%2C576&quality=100&ssl=1&resize=350%2C200 1x, https:\/\/i0.wp.com\/insightcrime.org\/wp-content\/uploads\/2023\/11\/El-Salvador-Cover-Cap-1-Dic-2023.jpg?fit=1200%2C576&quality=100&ssl=1&resize=525%2C300 1.5x, https:\/\/i0.wp.com\/insightcrime.org\/wp-content\/uploads\/2023\/11\/El-Salvador-Cover-Cap-1-Dic-2023.jpg?fit=1200%2C576&quality=100&ssl=1&resize=700%2C400 2x, https:\/\/i0.wp.com\/insightcrime.org\/wp-content\/uploads\/2023\/11\/El-Salvador-Cover-Cap-1-Dic-2023.jpg?fit=1200%2C576&quality=100&ssl=1&resize=1050%2C600 3x"},"classes":[]},{"id":249413,"url":"https:\/\/insightcrime.org\/es\/investigaciones\/pandillas-fuga-como-mano-dura-bukele-llevo-pandillas-clandestinidad\/","url_meta":{"origin":74300,"position":2},"title":"Pandillas a la fuga: C\u00f3mo la mano dura de Bukele llev\u00f3 a las pandillas a la clandestinidad","author":"Alex Papadovassilakis","date":"6 de diciembre de 2023","format":false,"excerpt":"Al huir de El Salvador, Felipe* se uni\u00f3 a una larga lista de pandilleros y expandilleros que buscan refugio en el extranjero, principalmente en M\u00e9xico, Centroam\u00e9rica y Estados Unidos. Otros, ante la falta de dinero para viajar o de un medio para pasar seguros, permanecen escondidos en El Salvador.\u00a0 InSight\u2026","rel":"","context":"En \u00abInvestigaciones\u00bb","block_context":{"text":"Investigaciones","link":"https:\/\/insightcrime.org\/es\/category\/investigaciones\/"},"img":{"alt_text":"","src":"https:\/\/i0.wp.com\/insightcrime.org\/wp-content\/uploads\/2023\/11\/El-Salvador-Cover-Cap-4-Dic-2023.jpg?fit=1200%2C576&quality=100&ssl=1&resize=350%2C200","width":350,"height":200,"srcset":"https:\/\/i0.wp.com\/insightcrime.org\/wp-content\/uploads\/2023\/11\/El-Salvador-Cover-Cap-4-Dic-2023.jpg?fit=1200%2C576&quality=100&ssl=1&resize=350%2C200 1x, https:\/\/i0.wp.com\/insightcrime.org\/wp-content\/uploads\/2023\/11\/El-Salvador-Cover-Cap-4-Dic-2023.jpg?fit=1200%2C576&quality=100&ssl=1&resize=525%2C300 1.5x, https:\/\/i0.wp.com\/insightcrime.org\/wp-content\/uploads\/2023\/11\/El-Salvador-Cover-Cap-4-Dic-2023.jpg?fit=1200%2C576&quality=100&ssl=1&resize=700%2C400 2x, https:\/\/i0.wp.com\/insightcrime.org\/wp-content\/uploads\/2023\/11\/El-Salvador-Cover-Cap-4-Dic-2023.jpg?fit=1200%2C576&quality=100&ssl=1&resize=1050%2C600 3x"},"classes":[]},{"id":166221,"url":"https:\/\/insightcrime.org\/es\/noticias\/evidencias-negociaciones-pandillas-desmienten-presidente-el-salvador\/","url_meta":{"origin":74300,"position":3},"title":"Evidencias de negociaciones con pandillas desmienten al presidente de El Salvador","author":"Seth Robbins","date":"24 de agosto de 2021","format":false,"excerpt":"Una investigaci\u00f3n que hab\u00eda sido descartada por el exfiscal general de El Salvador ha proporcionado abundantes evidencias de que la administraci\u00f3n del presidente Nayib Bukele negoci\u00f3 en secreto con tres de las violentas pandillas callejeras del pa\u00eds.","rel":"","context":"En \u00abNoticias\u00bb","block_context":{"text":"Noticias","link":"https:\/\/insightcrime.org\/es\/category\/noticias\/"},"img":{"alt_text":"","src":"https:\/\/i0.wp.com\/insightcrime.org\/wp-content\/uploads\/2021\/08\/Bukele_Gang_Negotiations.jpg?fit=350%2C250&quality=100&ssl=1&resize=350%2C200","width":350,"height":200},"classes":[]},{"id":179395,"url":"https:\/\/insightcrime.org\/es\/noticias\/esquema-barrio-18-desvio-fondos-destinados-pandemia-el-salvador\/","url_meta":{"origin":74300,"position":4},"title":"Esquema de Barrio 18 desvi\u00f3 fondos destinados a la pandemia en El Salvador","author":"Alex Papadovassilakis","date":"1 de marzo de 2022","format":false,"excerpt":"Una investigaci\u00f3n en torno a docenas de integrantes de Barrio 18 en El Salvador hdemostrado que la pandilla conspir\u00f3 con vendedores ambulantes para desviar dineros destinados a ofrecer ayudas durante la pandemia, lo que pone de manifiesto la infiltraci\u00f3n de los pandilleros en el sector informal para obtener ganancias financieras.","rel":"","context":"En \u00abNoticias\u00bb","block_context":{"text":"Noticias","link":"https:\/\/insightcrime.org\/es\/category\/noticias\/"},"img":{"alt_text":"","src":"https:\/\/i0.wp.com\/insightcrime.org\/wp-content\/uploads\/2022\/03\/Barrio18-ElSalvador.jpeg?fit=300%2C200&quality=100&ssl=1&resize=350%2C200","width":350,"height":200},"classes":[]},{"id":138692,"url":"https:\/\/insightcrime.org\/es\/noticias-crimen-organizado-el-salvador\/san-miguel-el-salvador\/","url_meta":{"origin":74300,"position":5},"title":"San Miguel, El Salvador","author":"InSight Crime","date":"22 de marzo de 2021","format":false,"excerpt":"San Miguel fue un importante centro operativo del cartel de Los Perrones, el cual alguna vez fue bastante poderoso. Es adem\u00e1s un semillero de actividad pandillera.","rel":"","context":"En \u00abEl Salvador\u00bb","block_context":{"text":"El Salvador","link":"https:\/\/insightcrime.org\/es\/category\/noticias-crimen-organizado-el-salvador\/"},"img":{"alt_text":"","src":"https:\/\/i0.wp.com\/insightcrime.org\/wp-content\/uploads\/2021\/03\/ElSalvador-MercadoMigueleno-Extorsion-12-01-21-ElSalvadorcom.jpg?fit=350%2C250&quality=100&ssl=1&resize=350%2C200","width":350,"height":200},"classes":[]}],"jetpack_featured_media_url":"https:\/\/i0.wp.com\/insightcrime.org\/wp-content\/uploads\/2017\/10\/17-10-05-ESV-gang-interview.jpg?fit=350%2C250&quality=100&ssl=1","_links":{"self":[{"href":"https:\/\/insightcrime.org\/es\/wp-json\/wp\/v2\/posts\/74300","targetHints":{"allow":["GET"]}}],"collection":[{"href":"https:\/\/insightcrime.org\/es\/wp-json\/wp\/v2\/posts"}],"about":[{"href":"https:\/\/insightcrime.org\/es\/wp-json\/wp\/v2\/types\/post"}],"author":[{"embeddable":true,"href":"https:\/\/insightcrime.org\/es\/wp-json\/wp\/v2\/users\/79"}],"replies":[{"embeddable":true,"href":"https:\/\/insightcrime.org\/es\/wp-json\/wp\/v2\/comments?post=74300"}],"version-history":[{"count":3,"href":"https:\/\/insightcrime.org\/es\/wp-json\/wp\/v2\/posts\/74300\/revisions"}],"predecessor-version":[{"id":75271,"href":"https:\/\/insightcrime.org\/es\/wp-json\/wp\/v2\/posts\/74300\/revisions\/75271"}],"wp:featuredmedia":[{"embeddable":true,"href":"https:\/\/insightcrime.org\/es\/wp-json\/wp\/v2\/media\/74296"}],"wp:attachment":[{"href":"https:\/\/insightcrime.org\/es\/wp-json\/wp\/v2\/media?parent=74300"}],"wp:term":[{"taxonomy":"category","embeddable":true,"href":"https:\/\/insightcrime.org\/es\/wp-json\/wp\/v2\/categories?post=74300"},{"taxonomy":"post_tag","embeddable":true,"href":"https:\/\/insightcrime.org\/es\/wp-json\/wp\/v2\/tags?post=74300"},{"taxonomy":"newspack_spnsrs_tax","embeddable":true,"href":"https:\/\/insightcrime.org\/es\/wp-json\/wp\/v2\/newspack_spnsrs_tax?post=74300"},{"taxonomy":"author","embeddable":true,"href":"https:\/\/insightcrime.org\/es\/wp-json\/wp\/v2\/coauthors?post=74300"}],"curies":[{"name":"wp","href":"https:\/\/api.w.org\/{rel}","templated":true}]}}