{"id":7444,"date":"2014-12-10T11:36:44","date_gmt":"2017-03-28T00:05:58","guid":{"rendered":"http:\/\/newwp.insightcrime.org?p=7444"},"modified":"2023-04-24T15:42:44","modified_gmt":"2023-04-24T20:42:44","slug":"onu-conflicto-colombia-conversaciones-paz","status":"publish","type":"post","link":"https:\/\/insightcrime.org\/es\/noticias\/noticias-del-dia\/onu-conflicto-colombia-conversaciones-paz\/","title":{"rendered":"ONU mide el conflicto de Colombia durante las conversaciones de paz"},"content":{"rendered":"\n<p class=\"wp-block-paragraph\">Un nuevo informe de las Naciones Unidas ofrece una idea de la escala del conflicto en Colombia desde que el grupo guerrillero de las FARC inici\u00f3 conversaciones de paz con el gobierno en 2012, a\u00fan mientras las negociaciones siguen en el limbo tras la captura de un general militar en noviembre.<\/p>\n\n\n\n<p class=\"wp-block-paragraph\">Aproximadamente, 50.000 v\u00edctimas fueron desplazadas debido a las acciones de la guerrilla de las FARC desde noviembre de 2012 a junio de 2014, <a href=\"https:\/\/www.eltiempo.com\/contenido\/politica\/justicia\/ARCHIVO\/ARCHIVO-14948417-0.pdf\" target=\"_blank\">seg\u00fan un informe reciente <\/a>de la Oficina de Coordinaci\u00f3n de Asuntos Humanitarios (OCHA) de las Naciones Unidas.<\/p>\n\n\n\n<p class=\"wp-block-paragraph\">Esta cifra representa aproximadamente el 17 por ciento de las m\u00e1s de 300.000 v\u00edctimas de desplazamiento en Colombia durante ese per\u00edodo. Los enfrentamientos entre las FARC y el ej\u00e9rcito colombiano representaron un 27 por ciento adicional de los desplazamientos.<\/p>\n\n\n\n<p class=\"wp-block-paragraph\">Entre tanto, los grupos conocidos como \u201cBACRIM\u201d, acr\u00f3nimo de \u201cbandas criminales\u201d, fueron responsables del 23 por ciento de los desplazamientos, y \u201cotros\u201d grupos estuvieron detr\u00e1s del 30 por ciento, seg\u00fan el informe de la OCHA.<\/p>\n\n\n\n<p class=\"wp-block-paragraph\">El informe de la OCHA tambi\u00e9n incluy\u00f3 cifras ligeramente diferentes de la unidad de v\u00edctimas de Colombia, conocida como la UARIV, las cuales se\u00f1alan que los grupos guerrilleros -incluyendo tanto a las FARC como al Ej\u00e9rcito de Liberaci\u00f3n Nacional (ELN)- fueron los responsables del 48 por ciento de los desplazamientos, las BACRIM del 19 por ciento, y los actores \u201cdesconocidos\u201d del 31 por ciento.<\/p>\n\n\n\n<p class=\"wp-block-paragraph\">Los desplazamientos se concentraron en la regi\u00f3n Pac\u00edfica del pa\u00eds, as\u00ed como en el departamento de Antioquia.<\/p>\n\n\n\n<p class=\"wp-block-paragraph\">Adem\u00e1s, el informe de la OCHA se\u00f1al\u00f3 que desde que comenzaron las conversaciones de paz, el 10,5 por ciento de los casos de extorsi\u00f3n reportados en Colombia fueron atribuidos a las FARC o al ELN, sin aclarar de d\u00f3nde hab\u00eda obtenido esta cifra.<\/p>\n\n\n\n<p class=\"wp-block-paragraph\">El informe tambi\u00e9n se\u00f1al\u00f3 que \u201cuno de cada cinco\u201d secuestros en Colombia involucraron a las FARC o al ELN, aunque la delincuencia com\u00fan fue la responsable de la mayor\u00eda de los casos -el 76 por ciento.<\/p>\n\n\n\n<h3 class=\"wp-block-heading\">An\u00e1lisis de InSight Crime<\/h3>\n\n\n\n<p class=\"wp-block-paragraph\">Cuando se trata de la pregunta de si las FARC han sido los principales motores del conflicto en Colombia desde que comenzaron las conversaciones de paz, las cifras del informe de la OCHA no presentan una respuesta muy tajante. El informe adem\u00e1s presenta explicaciones ocasionales y poco claras sobre el origen de sus estad\u00edsticas.<\/p>\n\n\n\n<p class=\"wp-block-paragraph\"><strong><span style=\"color: #800000\">VEA TAMBI\u00c9N:<\/span><\/strong> <a href=\"\/noticias-sobre-crimen-organizado-en-colombia\/farc\" target=\"_blank\">Noticias y perfil de las FARC<\/a><\/p>\n\n\n\n<p class=\"wp-block-paragraph\">Algunas de las cifras que provienen del informe de la OCHA ciertamente se podr\u00edan utilizar para presentar el argumento de que otros actores, adem\u00e1s de las FARC, <span style=\"background-color: #ffffff\">siguen siendo<\/span> los principales actores del conflicto. Incluso si las FARC y el ELN fueran los responsables del 48 por ciento de los desplazamientos en Colombia, en conjunto, las BACRIM y los actores \u201cdesconocidos\u201d, ser\u00edan los responsables del 50 por ciento, seg\u00fan las cifras de UARIV citadas en el informe.<\/p>\n","protected":false},"excerpt":{"rendered":"<p>Un nuevo informe de las Naciones Unidas ofrece una idea de la escala del conflicto en Colombia desde que el grupo guerrillero de las FARC inici\u00f3 conversaciones de paz con el gobierno en 2012, a\u00fan mientras las negociaciones siguen en el limbo tras la captura de un general militar en noviembre.<\/p>\n","protected":false},"author":36,"featured_media":41721,"comment_status":"closed","ping_status":"closed","sticky":false,"template":"","format":"standard","meta":{"newspack_ads_suppress_ads":false,"newspack_popups_has_disabled_popups":false,"newspack_sponsor_sponsorship_scope":"","newspack_sponsor_native_byline_display":"inherit","newspack_sponsor_native_category_display":"inherit","newspack_sponsor_underwriter_style":"inherit","newspack_sponsor_underwriter_placement":"inherit","_EventAllDay":false,"_EventTimezone":"","_EventStartDate":"","_EventEndDate":"","_EventStartDateUTC":"","_EventEndDateUTC":"","_EventShowMap":false,"_EventShowMapLink":false,"_EventURL":"","_EventCost":"","_EventCostDescription":"","_EventCurrencySymbol":"","_EventCurrencyCode":"","_EventCurrencyPosition":"","_EventDateTimeSeparator":"","_EventTimeRangeSeparator":"","_EventOrganizerID":[],"_EventVenueID":[],"_OrganizerEmail":"","_OrganizerPhone":"","_OrganizerWebsite":"","_VenueAddress":"","_VenueCity":"","_VenueCountry":"","_VenueProvince":"","_VenueState":"","_VenueZip":"","_VenuePhone":"","_VenueURL":"","_VenueStateProvince":"","_VenueLat":"","_VenueLng":"","_VenueShowMap":false,"_VenueShowMapLink":false,"_newspack_byline_active":false,"_newspack_byline":"","newspack_hide_updated_date":false,"newspack_show_updated_date":false,"newspack_featured_image_position":"","newspack_post_subtitle":"","newspack_article_summary_title":"Overview:","newspack_article_summary":"","_jetpack_memberships_contains_paid_content":false,"footnotes":""},"categories":[334],"tags":[368,466,1542],"newspack_spnsrs_tax":[],"coauthors":[3924,3660],"class_list":["post-7444","post","type-post","status-publish","format-standard","has-post-thumbnail","hentry","category-noticias-del-dia","tag-colombia-pais","tag-desplazados","tag-farc-ep","entry"],"parsely":{"version":"1.1.0","canonical_url":"https:\/\/insightcrime.org\/es\/noticias\/noticias-del-dia\/onu-conflicto-colombia-conversaciones-paz\/","smart_links":{"inbound":0,"outbound":0},"traffic_boost_suggestions_count":0,"meta":{"@context":"https:\/\/schema.org","@type":"NewsArticle","headline":"ONU mide el conflicto de Colombia durante las conversaciones de paz","url":"http:\/\/insightcrime.org\/es\/noticias\/noticias-del-dia\/onu-conflicto-colombia-conversaciones-paz\/","mainEntityOfPage":{"@type":"WebPage","@id":"http:\/\/insightcrime.org\/es\/noticias\/noticias-del-dia\/onu-conflicto-colombia-conversaciones-paz\/"},"thumbnailUrl":"https:\/\/i0.wp.com\/insightcrime.org\/wp-content\/uploads\/2014\/12\/es-2014.12.09ColombiaFARCAlQaeda.jpg?resize=150%2C150&quality=100&ssl=1","image":{"@type":"ImageObject","url":"https:\/\/i0.wp.com\/insightcrime.org\/wp-content\/uploads\/2014\/12\/es-2014.12.09ColombiaFARCAlQaeda.jpg?fit=270%2C187&quality=100&ssl=1"},"articleSection":"Noticias del d\u00eda","author":[{"@type":"Person","name":"David Gagne"},{"@type":"Person","name":"Elyssa Pachico"}],"creator":["David Gagne","Elyssa Pachico"],"publisher":{"@type":"Organization","name":"InSight Crime","logo":"https:\/\/insightcrime.org\/wp-content\/uploads\/2023\/08\/logo.png"},"keywords":["colombia","desplazados","farc"],"dateCreated":"2017-03-28T00:05:58Z","datePublished":"2017-03-28T00:05:58Z","dateModified":"2023-04-24T20:42:44Z"},"rendered":"<meta name=\"parsely-title\" content=\"ONU mide el conflicto de Colombia durante las conversaciones de paz\" \/>\n<meta name=\"parsely-link\" content=\"http:\/\/insightcrime.org\/es\/noticias\/noticias-del-dia\/onu-conflicto-colombia-conversaciones-paz\/\" \/>\n<meta name=\"parsely-type\" content=\"post\" \/>\n<meta name=\"parsely-image-url\" content=\"https:\/\/i0.wp.com\/insightcrime.org\/wp-content\/uploads\/2014\/12\/es-2014.12.09ColombiaFARCAlQaeda.jpg?resize=150%2C150&amp;quality=100&amp;ssl=1\" \/>\n<meta name=\"parsely-pub-date\" content=\"2017-03-28T00:05:58Z\" \/>\n<meta name=\"parsely-section\" content=\"Noticias del d\u00eda\" \/>\n<meta name=\"parsely-tags\" content=\"colombia,desplazados,farc\" \/>\n<meta name=\"parsely-author\" content=\"David Gagne\" \/>\n<meta name=\"parsely-author\" content=\"Elyssa Pachico\" \/>","tracker_url":"https:\/\/cdn.parsely.com\/keys\/insightcrime.org\/p.js"},"jetpack_sharing_enabled":true,"jetpack-related-posts":[{"id":135173,"url":"https:\/\/insightcrime.org\/es\/noticias\/triplican-victimas-falsos-positivos-colombia\/","url_meta":{"origin":7444,"position":0},"title":"N\u00famero de v\u00edctimas por falsos positivos en Colombia triplica lo reportado","author":"Parker Asmann","date":"19 de febrero de 2021","format":false,"excerpt":"Un tribunal especial ha anunciado que el n\u00famero de v\u00edctimas conectadas al esc\u00e1ndalo de los falsos positivos en Colombia es casi tres veces mayor de lo que se se hab\u00eda informado.","rel":"","context":"En \u00abNoticias\u00bb","block_context":{"text":"Noticias","link":"https:\/\/insightcrime.org\/es\/category\/noticias\/"},"img":{"alt_text":"","src":"https:\/\/i0.wp.com\/insightcrime.org\/wp-content\/uploads\/2021\/02\/21-02-18-Colombia-Falsos-Positivos.jpg?fit=350%2C250&quality=100&ssl=1&resize=350%2C200","width":350,"height":200},"classes":[]},{"id":190786,"url":"https:\/\/insightcrime.org\/es\/noticias\/preguntas-deja-informe-comision-verdad-presidente-electo-colombia\/","url_meta":{"origin":7444,"position":1},"title":"Las preguntas que deja el informe de la Comisi\u00f3n de la Verdad para el presidente electo de Colombia","author":"Javier Lizcano Villalba","date":"12 de julio de 2022","format":false,"excerpt":"La Comisi\u00f3n de la Verdad present\u00f3 su Informe Final en Bogot\u00e1, Colombia, sobre la realidad del conflicto interno en el pa\u00eds. Adem\u00e1s de entregar una radiograf\u00eda del pa\u00eds, deja varios interrogantes para el nuevo gobierno.","rel":"","context":"En \u00abNoticias\u00bb","block_context":{"text":"Noticias","link":"https:\/\/insightcrime.org\/es\/category\/noticias\/"},"img":{"alt_text":"Gustavo Petro recibe el Informe Final de la Comisi\u00f3n de la Verdad","src":"https:\/\/i0.wp.com\/insightcrime.org\/wp-content\/uploads\/2022\/07\/A2-AP_22179626340637.jpg?fit=1200%2C690&quality=100&ssl=1&resize=350%2C200","width":350,"height":200,"srcset":"https:\/\/i0.wp.com\/insightcrime.org\/wp-content\/uploads\/2022\/07\/A2-AP_22179626340637.jpg?fit=1200%2C690&quality=100&ssl=1&resize=350%2C200 1x, https:\/\/i0.wp.com\/insightcrime.org\/wp-content\/uploads\/2022\/07\/A2-AP_22179626340637.jpg?fit=1200%2C690&quality=100&ssl=1&resize=525%2C300 1.5x, https:\/\/i0.wp.com\/insightcrime.org\/wp-content\/uploads\/2022\/07\/A2-AP_22179626340637.jpg?fit=1200%2C690&quality=100&ssl=1&resize=700%2C400 2x, https:\/\/i0.wp.com\/insightcrime.org\/wp-content\/uploads\/2022\/07\/A2-AP_22179626340637.jpg?fit=1200%2C690&quality=100&ssl=1&resize=1050%2C600 3x"},"classes":[]},{"id":178094,"url":"https:\/\/insightcrime.org\/es\/noticias\/interminable-guerra-cocaina-putumayo-colombia\/","url_meta":{"origin":7444,"position":2},"title":"La guerra sin fin por la coca\u00edna en Putumayo, Colombia","author":"Juliana Manjarr\u00e9s","date":"23 de febrero de 2022","format":false,"excerpt":"Antes basti\u00f3n guerrillero y siempre departamento cocalero, Putumayo, al sur de Colombia, vive un nuevo estallido de violencia en medio de la guerra entre facciones disidentes de las FARC.","rel":"","context":"En \u00abNoticias\u00bb","block_context":{"text":"Noticias","link":"https:\/\/insightcrime.org\/es\/category\/noticias\/"},"img":{"alt_text":"","src":"https:\/\/i0.wp.com\/insightcrime.org\/wp-content\/uploads\/2022\/02\/Imagen-1-1.jpg?fit=350%2C250&quality=100&ssl=1&resize=350%2C200","width":350,"height":200},"classes":[]},{"id":169368,"url":"https:\/\/insightcrime.org\/es\/noticias\/disidentes-farc-intentan-asesinar-gobernador-colombia\/","url_meta":{"origin":7444,"position":3},"title":"Disidentes de las FARC intentan asesinar repetidamente a gobernador de Colombia","author":"Juan Diego Posada","date":"14 de octubre de 2021","format":false,"excerpt":"El gobernador del departamento central de Meta en Colombia ha sobrevivido a dos intentos de asesinato consecutivos, un caso raro de un ataque continuado contra un alto funcionario p\u00fablico por parte de la guerrilla colombiana.","rel":"","context":"En \u00abNoticias\u00bb","block_context":{"text":"Noticias","link":"https:\/\/insightcrime.org\/es\/category\/noticias\/"},"img":{"alt_text":"Meta governor Juan Guillermo Zuluaga looks at the camera during a meeting","src":"https:\/\/i0.wp.com\/insightcrime.org\/wp-content\/uploads\/2021\/10\/juan-guillermo-zuluaga-gobernador-del-meta-4_38729783_20211012213104.jpg?fit=350%2C250&quality=100&ssl=1&resize=350%2C200","width":350,"height":200},"classes":[]},{"id":150190,"url":"https:\/\/insightcrime.org\/es\/noticias\/pandemia-no-detuvo-desplazamientos-colombia\/","url_meta":{"origin":7444,"position":4},"title":"La pandemia no detuvo los desplazamientos en Colombia","author":"Juan Diego Posada","date":"12 de julio de 2021","format":false,"excerpt":"La pandemia no ha hecho nada para reducir los enfrentamientos entre actores criminales en Colombia, con un aumento de la violencia a principios de 2021, lo que ha disparado el n\u00famero de personas que huyen de sus hogares.","rel":"","context":"En \u00abNoticias\u00bb","block_context":{"text":"Noticias","link":"https:\/\/insightcrime.org\/es\/category\/noticias\/"},"img":{"alt_text":"","src":"https:\/\/i0.wp.com\/insightcrime.org\/wp-content\/uploads\/2019\/03\/Colombia-Displacement.jpg?fit=350%2C250&quality=100&ssl=1&resize=350%2C200","width":350,"height":200},"classes":[]},{"id":197080,"url":"https:\/\/insightcrime.org\/es\/noticias\/puede-gustavo-petro-superar-desafio-paz-total-colombia\/","url_meta":{"origin":7444,"position":5},"title":"\u00bfPuede Gustavo Petro superar el violento desaf\u00edo de la &#8216;paz total&#8217; en Colombia?","author":"Sara Garcia","date":"6 de septiembre de 2022","format":false,"excerpt":"El proyecto de paz del reci\u00e9n posesionado presidente de Colombia; amenazado por ataque en el sur de pa\u00eds.","rel":"","context":"En \u00abNoticias\u00bb","block_context":{"text":"Noticias","link":"https:\/\/insightcrime.org\/es\/category\/noticias\/"},"img":{"alt_text":"Colombia President Gustavo Petro","src":"https:\/\/i0.wp.com\/insightcrime.org\/wp-content\/uploads\/2022\/09\/gustavo-petro-2.jpeg?fit=350%2C250&quality=100&ssl=1&resize=350%2C200","width":350,"height":200},"classes":[]}],"jetpack_featured_media_url":"https:\/\/i0.wp.com\/insightcrime.org\/wp-content\/uploads\/2014\/12\/es-2014.12.09ColombiaFARCAlQaeda.jpg?fit=270%2C187&quality=100&ssl=1","_links":{"self":[{"href":"https:\/\/insightcrime.org\/es\/wp-json\/wp\/v2\/posts\/7444","targetHints":{"allow":["GET"]}}],"collection":[{"href":"https:\/\/insightcrime.org\/es\/wp-json\/wp\/v2\/posts"}],"about":[{"href":"https:\/\/insightcrime.org\/es\/wp-json\/wp\/v2\/types\/post"}],"author":[{"embeddable":true,"href":"https:\/\/insightcrime.org\/es\/wp-json\/wp\/v2\/users\/36"}],"replies":[{"embeddable":true,"href":"https:\/\/insightcrime.org\/es\/wp-json\/wp\/v2\/comments?post=7444"}],"version-history":[{"count":1,"href":"https:\/\/insightcrime.org\/es\/wp-json\/wp\/v2\/posts\/7444\/revisions"}],"predecessor-version":[{"id":23810,"href":"https:\/\/insightcrime.org\/es\/wp-json\/wp\/v2\/posts\/7444\/revisions\/23810"}],"wp:featuredmedia":[{"embeddable":true,"href":"https:\/\/insightcrime.org\/es\/wp-json\/wp\/v2\/media\/41721"}],"wp:attachment":[{"href":"https:\/\/insightcrime.org\/es\/wp-json\/wp\/v2\/media?parent=7444"}],"wp:term":[{"taxonomy":"category","embeddable":true,"href":"https:\/\/insightcrime.org\/es\/wp-json\/wp\/v2\/categories?post=7444"},{"taxonomy":"post_tag","embeddable":true,"href":"https:\/\/insightcrime.org\/es\/wp-json\/wp\/v2\/tags?post=7444"},{"taxonomy":"newspack_spnsrs_tax","embeddable":true,"href":"https:\/\/insightcrime.org\/es\/wp-json\/wp\/v2\/newspack_spnsrs_tax?post=7444"},{"taxonomy":"author","embeddable":true,"href":"https:\/\/insightcrime.org\/es\/wp-json\/wp\/v2\/coauthors?post=7444"}],"curies":[{"name":"wp","href":"https:\/\/api.w.org\/{rel}","templated":true}]}}