{"id":7472,"date":"2014-12-18T20:10:32","date_gmt":"2017-03-28T00:06:10","guid":{"rendered":"http:\/\/newwp.insightcrime.org?p=7472"},"modified":"2023-04-24T15:42:56","modified_gmt":"2023-04-24T20:42:56","slug":"importante-sicario-urabenos-capturado-espana","status":"publish","type":"post","link":"https:\/\/insightcrime.org\/es\/noticias\/noticias-del-dia\/importante-sicario-urabenos-capturado-espana\/","title":{"rendered":"Importante sicario de Los Gaitanistas es capturado en Espa\u00f1a"},"content":{"rendered":"\n<p class=\"wp-block-paragraph\">Un presunto miembro de alto rango de la organizaci\u00f3n criminal m\u00e1s poderosa de Colombia, Los Gaitanistas, fue capturado recientemente Espa\u00f1a, lo que podr\u00eda ser una se\u00f1al de un aumento en la competencia por los mercados de drogas europeos entre pesos pesados del hampa de Latinoam\u00e9rica.<\/p>\n\n\n\n<p class=\"wp-block-paragraph\">El presunto miembro de un grupo de sicarios de Los Gaitanistas, tambi\u00e9n conocidos como Clan del Golfo, Urabe\u00f1os y Autodefensas Gaitanistas de Colombia (AGC), V\u00edctor Alonso Mosquera P\u00e9rez alias \u201cPalomo\u201d, fue capturado el 12 de diciembre en un barrio de alta gama en Madrid en una operaci\u00f3n conjunta entre la Administraci\u00f3n para el Control de Drogas de Estados Unidos (DEA, por sus siglas en ingl\u00e9s) y la polic\u00eda civil espa\u00f1ola, <a href=\"https:\/\/www.elcolombiano.com\/colombia\/jefe-de-los-urabenos-fue-capturado-en-urbanizacion-donde-viven-estrellas-del-real-madrid-YG910001\" target=\"_blank\" rel=\"noopener\">inform\u00f3 El Colombiano<\/a>.<\/p>\n\n\n\n<p class=\"wp-block-paragraph\">Mosquera empez\u00f3 a viajar a Espa\u00f1a hace seis meses por \u00f3rdenes de uno de los principales comandantes de las AGC, Dar\u00edo Antonio \u00dasuga alias \u201cOtoniel\u201d, para llevar a cabo \u201cajustes de cuentas\u201d o asesinatos a miembros de organizaciones rivales de tr\u00e1fico de drogas, <a href=\"https:\/\/www.elespectador.com\/noticias\/judicial\/cae-espana-el-jefe-de-sicarios-del-clan-usuga-articulo-532784\" target=\"_blank\" rel=\"noopener\">inform\u00f3 El Espectador<\/a>.<\/p>\n\n\n\n<p class=\"wp-block-paragraph\">Hace un a\u00f1o Mosquera hab\u00eda acordado entregar informaci\u00f3n a la DEA sobre rutas de tr\u00e1fico de drogas y sobre los l\u00edderes de las AGC; sin embargo, huy\u00f3 durante las negociaciones y desde entonces ha sido buscado por las autoridades de Estados Unidos, <a href=\"https:\/\/www.eltiempo.com\/politica\/justicia\/el-negro-mosquera-el-narco-que-engano-a-la-dea\/14974883\" target=\"_blank\" rel=\"noopener\">inform\u00f3 El Tiempo<\/a>.<\/p>\n\n\n\n<p class=\"wp-block-paragraph\">Las autoridades espa\u00f1olas a\u00fan tienen que definir si Mosquera ser\u00e1 extraditado a Colombia o a Estados Unidos, a donde presuntamente trafic\u00f3 m\u00e1s de una tonelada de coca\u00edna entre 2010 y 2013, <a href=\"https:\/\/www.eltiempo.com\/politica\/justicia\/carro-de-narco-aparece-en-video-de-regueton\/14980741\" target=\"_blank\" rel=\"noopener\">inform\u00f3 El Tiempo<\/a>.<\/p>\n\n\n\n<h3 class=\"wp-block-heading\">An\u00e1lisis de InSight Crime<\/h3>\n\n\n\n<p class=\"wp-block-paragraph\">El hecho de que Otoniel enviara a un sicario de alto nivel a Espa\u00f1a para llevar a cabo asesinatos contra organizaciones rivales de tr\u00e1fico de drogas sugiere que la competencia por las rutas de tr\u00e1fico del pa\u00eds se est\u00e1 calentando. Los colombianos han sido considerados por mucho tiempo como quienes controlan el mercado de drogas en Espa\u00f1a, y la<a href=\"https:\/\/es.insightcrime.org\/noticias\/noticias-del-dia\/colombianos-usan-experiencia-quimica-mover-cocaina-espana\/\" target=\"_blank\" rel=\"noopener\"> polic\u00eda espa\u00f1ola ha dicho a InSight Crime<\/a> que han establecido entre 12 y 20 \u201coficinas de cobro\u201d, que sirven como jueces no oficiales del comercio de drogas en el pa\u00eds.<\/p>\n\n\n\n<p class=\"wp-block-paragraph\">Sin embargo,<a href=\"https:\/\/es.insightcrime.org\/noticias\/analisis\/los-carteles-mexicanos-se-tomaron-el-control-del-trafico-de-drogas-en-espana\/\" target=\"_blank\" rel=\"noopener\"> informes de principios de 2014<\/a> indican que tres organizaciones criminales de M\u00e9xico \u2013el Cartel de Sinaloa, los Zetas y los Caballeros Templarios- ahora tienen presencia en Espa\u00f1a, con el fin de sacar a los colombianos y usar a Espa\u00f1a como trampol\u00edn para las operaciones de tr\u00e1fico a trav\u00e9s de Europa. Pese a que hay pocas indicaciones de que esto ya haya pasado, la incautaci\u00f3n de una cantidad r\u00e9cord de <a href=\"https:\/\/es.insightcrime.org\/noticias\/analisis\/incautacion-record-metanfetamina-espana-expansion-criminal-mexico\/\" target=\"_blank\" rel=\"noopener\">metanfetamina proveniente de M\u00e9xico<\/a> en Espa\u00f1a provee m\u00e1s pistas de que algunas organizaciones criminales diferentes a las colombianas han aumentado su habilidad de mover drogas a trav\u00e9s del pa\u00eds.<\/p>\n\n\n\n<p class=\"wp-block-paragraph\"><span style=\"color: #800000;\"><strong>VEA TAMBI\u00c9N:<\/strong><\/span> <a href=\"\/component\/tags\/tag\/385-crimen-organizado-europeo\" target=\"_blank\" rel=\"noopener\">Cobertura sobre crimen organizado europeo<\/a><\/p>\n\n\n\n<p class=\"wp-block-paragraph\">Dadas las medidas severas que han sido tomadas en M\u00e9xico y Colombia, adem\u00e1s del <a href=\"https:\/\/es.insightcrime.org\/noticias\/noticias-del-dia\/europol-advierte-de-la-presencia-de-carteles-mexicanos-en-europa\/\" target=\"_blank\" rel=\"noopener\">sustancialmente alto precio<\/a> en el mercado de la coca\u00edna en Europa que es incluso m\u00e1s alto que en Estados Unidos, no es una sorpresa que organizaciones criminales latinoamericanas est\u00e9n buscando aumentar su presencia de tr\u00e1fico de drogas en Espa\u00f1a y otras partes del continente.<\/p>\n","protected":false},"excerpt":{"rendered":"<p>Un presunto miembro de alto rango de la organizaci\u00f3n criminal m\u00e1s poderosa de Colombia, los Urabe\u00f1os, fue capturado recientemente Espa\u00f1a, lo que podr\u00eda ser una se\u00f1al de un aumento en la competencia por los mercados de drogas europeos entre pesos pesados del hampa de Latinoam\u00e9rica.<\/p>\n","protected":false},"author":36,"featured_media":41787,"comment_status":"closed","ping_status":"closed","sticky":false,"template":"","format":"standard","meta":{"newspack_ads_suppress_ads":false,"newspack_popups_has_disabled_popups":false,"newspack_sponsor_sponsorship_scope":"","newspack_sponsor_native_byline_display":"inherit","newspack_sponsor_native_category_display":"inherit","newspack_sponsor_underwriter_style":"inherit","newspack_sponsor_underwriter_placement":"inherit","_EventAllDay":false,"_EventTimezone":"","_EventStartDate":"","_EventEndDate":"","_EventStartDateUTC":"","_EventEndDateUTC":"","_EventShowMap":false,"_EventShowMapLink":false,"_EventURL":"","_EventCost":"","_EventCostDescription":"","_EventCurrencySymbol":"","_EventCurrencyCode":"","_EventCurrencyPosition":"","_EventDateTimeSeparator":"","_EventTimeRangeSeparator":"","_EventOrganizerID":[],"_EventVenueID":[],"_OrganizerEmail":"","_OrganizerPhone":"","_OrganizerWebsite":"","_VenueAddress":"","_VenueCity":"","_VenueCountry":"","_VenueProvince":"","_VenueState":"","_VenueZip":"","_VenuePhone":"","_VenueURL":"","_VenueStateProvince":"","_VenueLat":"","_VenueLng":"","_VenueShowMap":false,"_VenueShowMapLink":false,"_newspack_byline_active":false,"_newspack_byline":"","newspack_hide_updated_date":false,"newspack_show_updated_date":false,"newspack_featured_image_position":"","newspack_post_subtitle":"","newspack_article_summary_title":"Overview:","newspack_article_summary":"","_jetpack_memberships_contains_paid_content":false,"footnotes":""},"categories":[334],"tags":[449,368,2927],"newspack_spnsrs_tax":[],"coauthors":[3924],"class_list":["post-7472","post","type-post","status-publish","format-standard","has-post-thumbnail","hentry","category-noticias-del-dia","tag-cocaina-europa-crimen-organizado","tag-colombia-pais","tag-gaitanistas","entry"],"parsely":{"version":"1.1.0","canonical_url":"https:\/\/insightcrime.org\/es\/noticias\/noticias-del-dia\/importante-sicario-urabenos-capturado-espana\/","smart_links":{"inbound":0,"outbound":0},"traffic_boost_suggestions_count":0,"meta":{"@context":"https:\/\/schema.org","@type":"NewsArticle","headline":"Importante sicario de Los Gaitanistas es capturado en Espa\u00f1a","url":"http:\/\/insightcrime.org\/es\/noticias\/noticias-del-dia\/importante-sicario-urabenos-capturado-espana\/","mainEntityOfPage":{"@type":"WebPage","@id":"http:\/\/insightcrime.org\/es\/noticias\/noticias-del-dia\/importante-sicario-urabenos-capturado-espana\/"},"thumbnailUrl":"https:\/\/i0.wp.com\/insightcrime.org\/wp-content\/uploads\/2014\/12\/es-2014.12.18.MosqColombia.jpg?resize=150%2C150&quality=100&ssl=1","image":{"@type":"ImageObject","url":"https:\/\/i0.wp.com\/insightcrime.org\/wp-content\/uploads\/2014\/12\/es-2014.12.18.MosqColombia.jpg?fit=250%2C166&quality=100&ssl=1"},"articleSection":"Noticias del d\u00eda","author":[{"@type":"Person","name":"David Gagne"}],"creator":["David Gagne"],"publisher":{"@type":"Organization","name":"InSight Crime","logo":"https:\/\/insightcrime.org\/wp-content\/uploads\/2023\/08\/logo.png"},"keywords":["coca\u00edna europa","colombia","gaitanistas"],"dateCreated":"2017-03-28T00:06:10Z","datePublished":"2017-03-28T00:06:10Z","dateModified":"2023-04-24T20:42:56Z"},"rendered":"<meta name=\"parsely-title\" content=\"Importante sicario de Los Gaitanistas es capturado en Espa\u00f1a\" \/>\n<meta name=\"parsely-link\" content=\"http:\/\/insightcrime.org\/es\/noticias\/noticias-del-dia\/importante-sicario-urabenos-capturado-espana\/\" \/>\n<meta name=\"parsely-type\" content=\"post\" \/>\n<meta name=\"parsely-image-url\" content=\"https:\/\/i0.wp.com\/insightcrime.org\/wp-content\/uploads\/2014\/12\/es-2014.12.18.MosqColombia.jpg?resize=150%2C150&amp;quality=100&amp;ssl=1\" \/>\n<meta name=\"parsely-pub-date\" content=\"2017-03-28T00:06:10Z\" \/>\n<meta name=\"parsely-section\" content=\"Noticias del d\u00eda\" \/>\n<meta name=\"parsely-tags\" content=\"coca\u00edna europa,colombia,gaitanistas\" \/>\n<meta name=\"parsely-author\" content=\"David Gagne\" \/>","tracker_url":"https:\/\/cdn.parsely.com\/keys\/insightcrime.org\/p.js"},"jetpack_sharing_enabled":true,"jetpack-related-posts":[{"id":233231,"url":"https:\/\/insightcrime.org\/es\/investigaciones\/espana-base-crimen-organizado-latinoamericano-europa\/","url_meta":{"origin":7472,"position":0},"title":"Espa\u00f1a: La base del crimen organizado latinoamericano en Europa","author":"Douwe den Held","date":"9 de febrero de 2021","format":false,"excerpt":"El 30 de abril de 1984, el Mercedes en que el ministro de Justicia de Colombia, Rodrigo Lara Bonilla, se dirig\u00eda a casa despu\u00e9s del trabajo, fue ametrallado por los temidos sicarios del narcotraficante Pablo Escobar.","rel":"","context":"En \u00abInvestigaciones\u00bb","block_context":{"text":"Investigaciones","link":"https:\/\/insightcrime.org\/es\/category\/investigaciones\/"},"img":{"alt_text":"","src":"https:\/\/i0.wp.com\/insightcrime.org\/wp-content\/uploads\/2021\/02\/Cocaine-pipeline-drug-smuggling-europe-Chapter-4.jpg?fit=1200%2C450&quality=100&ssl=1&resize=350%2C200","width":350,"height":200,"srcset":"https:\/\/i0.wp.com\/insightcrime.org\/wp-content\/uploads\/2021\/02\/Cocaine-pipeline-drug-smuggling-europe-Chapter-4.jpg?fit=1200%2C450&quality=100&ssl=1&resize=350%2C200 1x, https:\/\/i0.wp.com\/insightcrime.org\/wp-content\/uploads\/2021\/02\/Cocaine-pipeline-drug-smuggling-europe-Chapter-4.jpg?fit=1200%2C450&quality=100&ssl=1&resize=525%2C300 1.5x, https:\/\/i0.wp.com\/insightcrime.org\/wp-content\/uploads\/2021\/02\/Cocaine-pipeline-drug-smuggling-europe-Chapter-4.jpg?fit=1200%2C450&quality=100&ssl=1&resize=700%2C400 2x, https:\/\/i0.wp.com\/insightcrime.org\/wp-content\/uploads\/2021\/02\/Cocaine-pipeline-drug-smuggling-europe-Chapter-4.jpg?fit=1200%2C450&quality=100&ssl=1&resize=1050%2C600 3x"},"classes":[]},{"id":212048,"url":"https:\/\/insightcrime.org\/es\/noticias\/asesinato-lider-gaitanista-refleja-divisiones-paz-total-colombia\/","url_meta":{"origin":7472,"position":1},"title":"Asesinato de l\u00edder gaitanista refleja divisiones internas frente a la Paz Total en Colombia","author":"Sara Garcia","date":"6 de marzo de 2023","format":false,"excerpt":"El asesinato de un alto mando de las Autodefensas Gaitanistas de Colombia (AGC) a manos de sus propios hombres revela la discordia dentro de la organizaci\u00f3n criminal mientras se prepara para negociar con el gobierno colombiano como parte de la estrategia \"Paz Total\".","rel":"","context":"En \u00abNoticias\u00bb","block_context":{"text":"Noticias","link":"https:\/\/insightcrime.org\/es\/category\/noticias\/"},"img":{"alt_text":"Wilmer Antonio Giraldo Quiroz, alias \"Siopas\", un alto miembro de las Autodefensas Gaitanistas de Colombia (AGC)","src":"https:\/\/i0.wp.com\/insightcrime.org\/wp-content\/uploads\/2023\/03\/siopas-jpg-resized-e1678119794306.jpeg?fit=350%2C250&quality=100&ssl=1&resize=350%2C200","width":350,"height":200},"classes":[]},{"id":172884,"url":"https:\/\/insightcrime.org\/es\/noticias\/operacion-destapa-los-tentaculos-de-los-urabenos-en-panama\/","url_meta":{"origin":7472,"position":2},"title":"Operaci\u00f3n destapa los tent\u00e1culos de Los Gaitanistas en Panam\u00e1","author":"Lara Loaiza","date":"6 de diciembre de 2021","format":false,"excerpt":"Una serie de arrestos de personas vinculadas con los Urabe\u00f1os en Panam\u00e1 dan cuenta del alcance de la red de narcotr\u00e1fico del grupo fuera de Colombia.","rel":"","context":"En \u00abNoticias\u00bb","block_context":{"text":"Noticias","link":"https:\/\/insightcrime.org\/es\/category\/noticias\/"},"img":{"alt_text":"Autoridades paname\u00f1as incautaron casi $ 10 millones vinculados al grupo colombiano Los Urabenos","src":"https:\/\/i0.wp.com\/insightcrime.org\/wp-content\/uploads\/2021\/12\/61a971c67218b.jpeg?fit=350%2C250&quality=100&ssl=1&resize=350%2C200","width":350,"height":200},"classes":[]},{"id":316596,"url":"https:\/\/insightcrime.org\/es\/noticias\/series-anuales\/insights-del-verano-2025-chiquito-malo-comandante-confederacion-criminal-autodefensas-gaitanistas-colombia\/","url_meta":{"origin":7472,"position":3},"title":"Chiquito Malo: el comandante de la confederaci\u00f3n criminal de las Autodefensas Gaitanistas de Colombia","author":"InSight Crime","date":"21 de agosto de 2025","format":false,"excerpt":"\u00bfQui\u00e9n es Chiquito Malo? El m\u00e1ximo comandante de los Gaitanistas, una de las estructuras criminales m\u00e1s grandes de Colombia, con presencia en m\u00e1s de la mitad de los departamentos del pa\u00eds. Un cerebro criminal, que ha dirigido la guerra de los Gaitanistas contra los grupos armados colombianos y ha gestionado\u2026","rel":"","context":"En \u00abNoticias\u00bb","block_context":{"text":"Noticias","link":"https:\/\/insightcrime.org\/es\/category\/noticias\/"},"img":{"alt_text":"","src":"https:\/\/i0.wp.com\/insightcrime.org\/wp-content\/uploads\/2025\/08\/Cover-Chiquito-maloESP-Summer-InSights-2025.jpg?fit=1200%2C690&quality=100&ssl=1&resize=350%2C200","width":350,"height":200,"srcset":"https:\/\/i0.wp.com\/insightcrime.org\/wp-content\/uploads\/2025\/08\/Cover-Chiquito-maloESP-Summer-InSights-2025.jpg?fit=1200%2C690&quality=100&ssl=1&resize=350%2C200 1x, https:\/\/i0.wp.com\/insightcrime.org\/wp-content\/uploads\/2025\/08\/Cover-Chiquito-maloESP-Summer-InSights-2025.jpg?fit=1200%2C690&quality=100&ssl=1&resize=525%2C300 1.5x, https:\/\/i0.wp.com\/insightcrime.org\/wp-content\/uploads\/2025\/08\/Cover-Chiquito-maloESP-Summer-InSights-2025.jpg?fit=1200%2C690&quality=100&ssl=1&resize=700%2C400 2x, https:\/\/i0.wp.com\/insightcrime.org\/wp-content\/uploads\/2025\/08\/Cover-Chiquito-maloESP-Summer-InSights-2025.jpg?fit=1200%2C690&quality=100&ssl=1&resize=1050%2C600 3x"},"classes":[]},{"id":166445,"url":"https:\/\/insightcrime.org\/es\/noticias\/apuesta-urabenos-venezuela-podria-fallando\/","url_meta":{"origin":7472,"position":4},"title":"La apuesta de Los Gaitanistas por Venezuela podr\u00eda estar fallando","author":"Juan Diego Posada","date":"2 de septiembre de 2021","format":false,"excerpt":"Los Urabe\u00f1os, uno de los grupos de narcotr\u00e1fico dominantes en Colombia, aparentemente est\u00e1n intensificando sus operaciones a lo largo de la frontera entre Colombia y Venezuela, una t\u00e1ctica que probablemente fomentar\u00e1 m\u00e1s violencia en una regi\u00f3n ya de por s\u00ed peligrosa.","rel":"","context":"En \u00abNoticias\u00bb","block_context":{"text":"Noticias","link":"https:\/\/insightcrime.org\/es\/category\/noticias\/"},"img":{"alt_text":"Urabe\u00f1os ","src":"https:\/\/i0.wp.com\/insightcrime.org\/wp-content\/uploads\/2021\/09\/capturados_clan_del_golfo_0.jpg?fit=350%2C250&quality=100&ssl=1&resize=350%2C200","width":350,"height":200},"classes":[]},{"id":233349,"url":"https:\/\/insightcrime.org\/es\/noticias-crimen-organizado-colombia\/urabenos-perfil\/","url_meta":{"origin":7472,"position":5},"title":"Clan del Golfo &#8211; Autodefensas Gaitanistas de Colombia","author":"InSight Crime","date":"13 de mayo de 2026","format":false,"excerpt":"El Clan del Golfo, tambi\u00e9n conocido como Autodefensas Gaitanistas de Colombia (AGC) y Urabe\u00f1os, surgi\u00f3 de las cenizas del movimiento paramilitar colombiano y se convirti\u00f3 en una fuerza criminal con alcance nacional.","rel":"","context":"En \u00abColombia\u00bb","block_context":{"text":"Colombia","link":"https:\/\/insightcrime.org\/es\/category\/noticias-crimen-organizado-colombia\/"},"img":{"alt_text":"Imagen InSight Crime Autodefensas Gaitanistas de Colombia (AGC), Clan del Golfo, Urabe\u00f1os","src":"https:\/\/i0.wp.com\/insightcrime.org\/wp-content\/uploads\/2026\/06\/Grupo-Criminal-AGC-Clan-del-Golfo-1.jpg?fit=1200%2C900&quality=100&ssl=1&resize=350%2C200","width":350,"height":200,"srcset":"https:\/\/i0.wp.com\/insightcrime.org\/wp-content\/uploads\/2026\/06\/Grupo-Criminal-AGC-Clan-del-Golfo-1.jpg?fit=1200%2C900&quality=100&ssl=1&resize=350%2C200 1x, https:\/\/i0.wp.com\/insightcrime.org\/wp-content\/uploads\/2026\/06\/Grupo-Criminal-AGC-Clan-del-Golfo-1.jpg?fit=1200%2C900&quality=100&ssl=1&resize=525%2C300 1.5x, https:\/\/i0.wp.com\/insightcrime.org\/wp-content\/uploads\/2026\/06\/Grupo-Criminal-AGC-Clan-del-Golfo-1.jpg?fit=1200%2C900&quality=100&ssl=1&resize=700%2C400 2x, https:\/\/i0.wp.com\/insightcrime.org\/wp-content\/uploads\/2026\/06\/Grupo-Criminal-AGC-Clan-del-Golfo-1.jpg?fit=1200%2C900&quality=100&ssl=1&resize=1050%2C600 3x"},"classes":[]}],"jetpack_featured_media_url":"https:\/\/i0.wp.com\/insightcrime.org\/wp-content\/uploads\/2014\/12\/es-2014.12.18.MosqColombia.jpg?fit=250%2C166&quality=100&ssl=1","_links":{"self":[{"href":"https:\/\/insightcrime.org\/es\/wp-json\/wp\/v2\/posts\/7472","targetHints":{"allow":["GET"]}}],"collection":[{"href":"https:\/\/insightcrime.org\/es\/wp-json\/wp\/v2\/posts"}],"about":[{"href":"https:\/\/insightcrime.org\/es\/wp-json\/wp\/v2\/types\/post"}],"author":[{"embeddable":true,"href":"https:\/\/insightcrime.org\/es\/wp-json\/wp\/v2\/users\/36"}],"replies":[{"embeddable":true,"href":"https:\/\/insightcrime.org\/es\/wp-json\/wp\/v2\/comments?post=7472"}],"version-history":[{"count":2,"href":"https:\/\/insightcrime.org\/es\/wp-json\/wp\/v2\/posts\/7472\/revisions"}],"predecessor-version":[{"id":212170,"href":"https:\/\/insightcrime.org\/es\/wp-json\/wp\/v2\/posts\/7472\/revisions\/212170"}],"wp:featuredmedia":[{"embeddable":true,"href":"https:\/\/insightcrime.org\/es\/wp-json\/wp\/v2\/media\/41787"}],"wp:attachment":[{"href":"https:\/\/insightcrime.org\/es\/wp-json\/wp\/v2\/media?parent=7472"}],"wp:term":[{"taxonomy":"category","embeddable":true,"href":"https:\/\/insightcrime.org\/es\/wp-json\/wp\/v2\/categories?post=7472"},{"taxonomy":"post_tag","embeddable":true,"href":"https:\/\/insightcrime.org\/es\/wp-json\/wp\/v2\/tags?post=7472"},{"taxonomy":"newspack_spnsrs_tax","embeddable":true,"href":"https:\/\/insightcrime.org\/es\/wp-json\/wp\/v2\/newspack_spnsrs_tax?post=7472"},{"taxonomy":"author","embeddable":true,"href":"https:\/\/insightcrime.org\/es\/wp-json\/wp\/v2\/coauthors?post=7472"}],"curies":[{"name":"wp","href":"https:\/\/api.w.org\/{rel}","templated":true}]}}