{"id":7508,"date":"2015-01-13T05:14:00","date_gmt":"2015-01-13T10:14:00","guid":{"rendered":"http:\/\/newwp.insightcrime.org?p=7508"},"modified":"2023-04-24T15:43:08","modified_gmt":"2023-04-24T20:43:08","slug":"asesinato-policias-genera-miedo-venezuela","status":"publish","type":"post","link":"https:\/\/insightcrime.org\/es\/noticias\/noticias-del-dia\/asesinato-policias-genera-miedo-venezuela\/","title":{"rendered":"Asesinato de polic\u00edas genera miedo en Venezuela"},"content":{"rendered":"\n<p class=\"wp-block-paragraph\">El reciente asesinato de cinco polic\u00edas en la capital de Venezuela plantea la cuesti\u00f3n de si los polic\u00edas, ahora temerosos, continuar\u00e1n enfrentando el crimen activamente en un momento en el que el gobierno los est\u00e1 enviando a vigilar los supermercados y a controlar las protestas.<\/p>\n\n\n\n<p class=\"wp-block-paragraph\"><a href=\"https:\/\/www.el-nacional.com\/sucesos\/policias-asesinados-horas_0_554944566.html\" target=\"_blank\">Seg\u00fan El Nacional<\/a>, de los cinco polic\u00edas que fueron asesinados en Caracas la semana pasada, por lo menos dos eran miembros de la Polic\u00eda Nacional Bolivariana, organismo destinado a actuar en la ciudad como una fuerza de polic\u00eda comunitaria altamente capacitada.<\/p>\n\n\n\n<p class=\"wp-block-paragraph\">El Nacional<a href=\"https:\/\/www.el-nacional.com\/sucesos\/salimos-abuscar-hampa_0_554344684.html\" target=\"_blank\"> tambi\u00e9n inform\u00f3 que<\/a> hubo 132 polic\u00edas asesinados en Caracas en 2014 \u2014un incremento del 32 por ciento con respecto a las cifras de 2013\u2014. El peri\u00f3dico entrevist\u00f3 a varios agentes, quienes se\u00f1alaron que muchos polic\u00edas se sent\u00edan amenazados y estaban haciendo lo m\u00ednimo para prevenir y detener el crimen durante sus patrullajes.<\/p>\n\n\n\n<p class=\"wp-block-paragraph\">\u201cYa no salimos a buscar al hampa porque ella nos puede buscar a nosotros\u201d dijo un agente de polic\u00eda al peri\u00f3dico.<\/p>\n\n\n\n<p class=\"wp-block-paragraph\">El diario tambi\u00e9n inform\u00f3 que hay m\u00e1s polic\u00edas caraque\u00f1os interesados en trabajar en la seguridad privada, pues la perciben como una opci\u00f3n m\u00e1s segura que el trabajo policial. Seg\u00fan El Nacional, en Sucre, municipio ubicado en el \u00e1rea metropolitana de Caracas, el 30 por ciento de la fuerza policial ha renunciado desde 2012, mientras que en otro municipio, Baruta, solo en el mes de diciembre 40 agentes de polic\u00eda expresaron su inter\u00e9s por trabajar en la seguridad privada.<\/p>\n\n\n\n<h3 class=\"wp-block-heading\">An\u00e1lisis de InSight Crime<\/h3>\n\n\n\n<p class=\"wp-block-paragraph\">Si los polic\u00edas de Caracas se siguen sintiendo amenazados, existe el riesgo de que cada vez m\u00e1s agentes contin\u00faen utilizando la fuerza excesiva para responder a las amenazas percibidas. La polic\u00eda venezolana es particularmente violenta: casi 3.500 personas murieron en enfrentamientos con la polic\u00eda de Venezuela el a\u00f1o pasado, seg\u00fan la ONG&nbsp;<a href=\"\/noticias\/analisis\/venezuela-pais-mas-peligroso-latinoamerica\" target=\"_blank\">Observatorio Venezolano de Violencia<\/a>. Seg\u00fan informes, el pasado 10 de enero <a href=\"https:\/\/www.eluniversal.com\/sucesos\/150110\/masacres-dejan-15-muertos-en-aragua-y-anzoategui\" target=\"_blank\">ocho personas murieron<\/a> en el noreste de Venezuela en un enfrentamiento con las fuerzas de seguridad, entre las que se encontraba el Cuerpo de Investigaciones Cient\u00edficas, Penales y Criminal\u00edsticas (CICPC).<\/p>\n\n\n\n<p class=\"wp-block-paragraph\">Tambi\u00e9n cabe preguntar, si efectivamente la moral de la polic\u00eda est\u00e1 en decadencia, \u00bfcu\u00e1l ser\u00eda la respuesta de los agentes en caso de que se presenten nuevas manifestaciones de descontento social en Venezuela? Recientemente, el presidente Nicol\u00e1s Maduro <a href=\"\/noticias\/noticias-del-dia\/epidemia-delincuencial-venezuela-envia-tropas-supermercados\" target=\"_blank\">pidi\u00f3 a las fuerzas de seguridad<\/a> que vigilaran el orden en los supermercados, dado que se siguen presentando largas filas para comprar productos b\u00e1sicos. En el peor de los casos, si se presentan disturbios, la polic\u00eda puede no estar dispuesta a ponerse en peligro.<\/p>\n\n\n\n<p class=\"wp-block-paragraph\">Los asesinatos de polic\u00edas son solo una manifestaci\u00f3n de la violencia generalizada en Venezuela, donde en 2014 se presentaron cerca de 16.500 homicidios. <a href=\"https:\/\/www.el-nacional.com\/sucesos\/cadaveres-ingresados-Bello-Monte-semana_0_554344582.html\" target=\"_blank\">Un total de 18 cuerpos<\/a> fueron llevados a la morgue de Caracas la semana pasada, entre ellos <a href=\"https:\/\/www.el-nacional.com\/sucesos\/Asesinaron-Guardia-Honor-Presidencial-resistirse_0_554344585.html\" target=\"_blank\">un miembro de la guardia presidencial<\/a>.<\/p>\n","protected":false},"excerpt":{"rendered":"<p>El reciente asesinato de cinco polic\u00edas en la capital de Venezuela plantea la cuesti\u00f3n de si los polic\u00edas, ahora temerosos, continuar\u00e1n enfrentando el crimen activamente en un momento en el que el gobierno los est\u00e1 enviando a vigilar los supermercados y a controlar las protestas.<\/p>\n","protected":false},"author":4,"featured_media":41849,"comment_status":"closed","ping_status":"closed","sticky":false,"template":"","format":"standard","meta":{"newspack_ads_suppress_ads":false,"newspack_popups_has_disabled_popups":false,"newspack_sponsor_sponsorship_scope":"","newspack_sponsor_native_byline_display":"inherit","newspack_sponsor_native_category_display":"inherit","newspack_sponsor_underwriter_style":"inherit","newspack_sponsor_underwriter_placement":"inherit","_EventAllDay":false,"_EventTimezone":"","_EventStartDate":"","_EventEndDate":"","_EventStartDateUTC":"","_EventEndDateUTC":"","_EventShowMap":false,"_EventShowMapLink":false,"_EventURL":"","_EventCost":"","_EventCostDescription":"","_EventCurrencySymbol":"","_EventCurrencyCode":"","_EventCurrencyPosition":"","_EventDateTimeSeparator":"","_EventTimeRangeSeparator":"","_EventOrganizerID":[],"_EventVenueID":[],"_OrganizerEmail":"","_OrganizerPhone":"","_OrganizerWebsite":"","_VenueAddress":"","_VenueCity":"","_VenueCountry":"","_VenueProvince":"","_VenueState":"","_VenueZip":"","_VenuePhone":"","_VenueURL":"","_VenueStateProvince":"","_VenueLat":"","_VenueLng":"","_VenueShowMap":false,"_VenueShowMapLink":false,"_newspack_byline_active":false,"_newspack_byline":"","newspack_hide_updated_date":false,"newspack_show_updated_date":false,"newspack_featured_image_position":"","newspack_post_subtitle":"","newspack_article_summary_title":"Overview:","newspack_article_summary":"","_jetpack_memberships_contains_paid_content":false,"footnotes":""},"categories":[334],"tags":[400],"newspack_spnsrs_tax":[],"coauthors":[3660],"class_list":["post-7508","post","type-post","status-publish","format-standard","has-post-thumbnail","hentry","category-noticias-del-dia","tag-venezuela-pais","entry"],"parsely":{"version":"1.1.0","canonical_url":"https:\/\/insightcrime.org\/es\/noticias\/noticias-del-dia\/asesinato-policias-genera-miedo-venezuela\/","smart_links":{"inbound":0,"outbound":0},"traffic_boost_suggestions_count":0,"meta":{"@context":"https:\/\/schema.org","@type":"NewsArticle","headline":"Asesinato de polic\u00edas genera miedo en Venezuela","url":"http:\/\/insightcrime.org\/es\/noticias\/noticias-del-dia\/asesinato-policias-genera-miedo-venezuela\/","mainEntityOfPage":{"@type":"WebPage","@id":"http:\/\/insightcrime.org\/es\/noticias\/noticias-del-dia\/asesinato-policias-genera-miedo-venezuela\/"},"thumbnailUrl":"https:\/\/i0.wp.com\/insightcrime.org\/wp-content\/uploads\/2015\/01\/es-2015-01-14-Venezuela-Police.jpg?resize=150%2C150&quality=100&ssl=1","image":{"@type":"ImageObject","url":"https:\/\/i0.wp.com\/insightcrime.org\/wp-content\/uploads\/2015\/01\/es-2015-01-14-Venezuela-Police.jpg?fit=250%2C163&quality=100&ssl=1"},"articleSection":"Noticias del d\u00eda","author":[{"@type":"Person","name":"Elyssa Pachico"}],"creator":["Elyssa Pachico"],"publisher":{"@type":"Organization","name":"InSight Crime","logo":"https:\/\/insightcrime.org\/wp-content\/uploads\/2023\/08\/logo.png"},"keywords":["venezuela"],"dateCreated":"2015-01-13T10:14:00Z","datePublished":"2015-01-13T10:14:00Z","dateModified":"2023-04-24T20:43:08Z"},"rendered":"<meta name=\"parsely-title\" content=\"Asesinato de polic\u00edas genera miedo en Venezuela\" \/>\n<meta name=\"parsely-link\" content=\"http:\/\/insightcrime.org\/es\/noticias\/noticias-del-dia\/asesinato-policias-genera-miedo-venezuela\/\" \/>\n<meta name=\"parsely-type\" content=\"post\" \/>\n<meta name=\"parsely-image-url\" content=\"https:\/\/i0.wp.com\/insightcrime.org\/wp-content\/uploads\/2015\/01\/es-2015-01-14-Venezuela-Police.jpg?resize=150%2C150&amp;quality=100&amp;ssl=1\" \/>\n<meta name=\"parsely-pub-date\" content=\"2015-01-13T10:14:00Z\" \/>\n<meta name=\"parsely-section\" content=\"Noticias del d\u00eda\" \/>\n<meta name=\"parsely-tags\" content=\"venezuela\" \/>\n<meta name=\"parsely-author\" content=\"Elyssa Pachico\" \/>","tracker_url":"https:\/\/cdn.parsely.com\/keys\/insightcrime.org\/p.js"},"jetpack_sharing_enabled":true,"jetpack-related-posts":[{"id":167718,"url":"https:\/\/insightcrime.org\/es\/noticias\/policia-venezuela-ofrece-sedes-concretar-ventas-facebook-marketplace\/","url_meta":{"origin":7508,"position":0},"title":"Secuestradores de Venezuela enga\u00f1an a v\u00edctimas haci\u00e9ndose pasar por vendedores de autos","author":"Unidad Investigativa de Venezuela","date":"22 de septiembre de 2021","format":false,"excerpt":"Ante una ola de robos, secuestros y homicidios relacionados con fraudes en ventas por Facebook, la polic\u00eda cient\u00edfica de Venezuela decidi\u00f3 abrir sus sedes para las personas que quieran concretar compras en esta plataforma.","rel":"","context":"En \u00abNoticias\u00bb","block_context":{"text":"Noticias","link":"https:\/\/insightcrime.org\/es\/category\/noticias\/"},"img":{"alt_text":"fraudes relacionados con ventas por Facebook en Venezuela","src":"https:\/\/i0.wp.com\/insightcrime.org\/wp-content\/uploads\/2021\/09\/unnamed.jpg?fit=350%2C250&quality=100&ssl=1&resize=350%2C200","width":350,"height":200},"classes":[]},{"id":165013,"url":"https:\/\/insightcrime.org\/es\/noticias\/venezuela-dejo-ser-segura-para-koki-companeros\/","url_meta":{"origin":7508,"position":1},"title":"\u00bfVenezuela dej\u00f3 de ser segura para El Koki y sus compa\u00f1eros?","author":"Unidad Investigativa de Venezuela","date":"6 de agosto de 2021","format":false,"excerpt":"La polic\u00eda de Venezuela asesin\u00f3 a un reconocido l\u00edder pandillero, mientras que otros al parecer se esconden en Colombia, lo que plantea interrogantes sobre el estado de una de las estructuras criminales m\u00e1s poderosas de Caracas y de su l\u00edder El Koki.","rel":"","context":"En \u00abNoticias\u00bb","block_context":{"text":"Noticias","link":"https:\/\/insightcrime.org\/es\/category\/noticias\/"},"img":{"alt_text":"EL Koki, l\u00edder de la megabanda de la Cota 905","src":"https:\/\/i0.wp.com\/insightcrime.org\/wp-content\/uploads\/2021\/08\/El-Koki_Venezuela_Gang.jpg?fit=350%2C251&quality=100&ssl=1&resize=350%2C200","width":350,"height":200},"classes":[]},{"id":186516,"url":"https:\/\/insightcrime.org\/es\/noticias\/tras-muerte-koki-bandas-vuelven-agitar-cota-905-caracas\/","url_meta":{"origin":7508,"position":2},"title":"Tras muerte de El Koki, bandas vuelven a agitar a Cota 905 en Caracas","author":"Unidad Investigativa de Venezuela","date":"31 de mayo de 2022","format":false,"excerpt":"Hace casi cuatro meses, el enemigo p\u00fablico n\u00famero uno de Venezuela, El Koki, cay\u00f3 muerto por las balas de las fuerzas de seguridad, pero esto no trajo la paz al distrito Cota 905, su antiguo fort\u00edn en Caracas.","rel":"","context":"En \u00abNoticias\u00bb","block_context":{"text":"Noticias","link":"https:\/\/insightcrime.org\/es\/category\/noticias\/"},"img":{"alt_text":"Estaci\u00f3n de polic\u00eda atacada con granadas en Cota 905, Caracas","src":"https:\/\/i0.wp.com\/insightcrime.org\/wp-content\/uploads\/2022\/05\/ezgif-2-a150966070-1.jpg?fit=350%2C250&quality=100&ssl=1&resize=350%2C200","width":350,"height":200},"classes":[]},{"id":150522,"url":"https:\/\/insightcrime.org\/es\/noticias\/presidente-haiti-asesinado-puerto-principe\/","url_meta":{"origin":7508,"position":3},"title":"Presidente de Hait\u00ed asesinado en Puerto Pr\u00edncipe","author":"Parker Asmann","date":"7 de julio de 2021","format":false,"excerpt":"Un comando armado asesin\u00f3 al presidente de Hait\u00ed Jovenel Mo\u00efse y han herido de gravedad a la primera dama Martine Mo\u00efse durante un ataque coordinado en su residencia. Este es el caso m\u00e1s reciente de violencia de alto perfil en la isla caribe\u00f1a y ocurre en el marco de recientes\u2026","rel":"","context":"En \u00abNoticias\u00bb","block_context":{"text":"Noticias","link":"https:\/\/insightcrime.org\/es\/category\/noticias\/"},"img":{"alt_text":"","src":"https:\/\/i0.wp.com\/insightcrime.org\/wp-content\/uploads\/2021\/07\/21-07-07-Jovenel-Moise-Murder-Haiti.jpg?fit=350%2C250&quality=100&ssl=1&resize=350%2C200","width":350,"height":200},"classes":[]},{"id":194973,"url":"https:\/\/insightcrime.org\/es\/noticias\/abundan-preguntas-torno-asesinato-jefe-policia-sinaloa-mexico\/","url_meta":{"origin":7508,"position":4},"title":"Abundan las preguntas en torno al asesinato de jefe de polic\u00eda de Sinaloa, M\u00e9xico","author":"Parker Asmann","date":"9 de agosto de 2022","format":false,"excerpt":"Ha habido poca claridad en torno al asesinato de un jefe de polic\u00eda local en el norte de M\u00e9xico, en tanto los funcionarios investigan qui\u00e9n pudo haber ordenado el asesinato y por qu\u00e9.","rel":"","context":"En \u00abNoticias\u00bb","block_context":{"text":"Noticias","link":"https:\/\/insightcrime.org\/es\/category\/noticias\/"},"img":{"alt_text":"jefe de la polic\u00eda de Culiac\u00e1n asesinado","src":"https:\/\/i0.wp.com\/insightcrime.org\/wp-content\/uploads\/2022\/08\/2022-08-09-Culiaca%CC%81n-Police-Chief-Murder.jpg?fit=350%2C250&quality=100&ssl=1&resize=350%2C200","width":350,"height":200},"classes":[]},{"id":194762,"url":"https:\/\/insightcrime.org\/es\/noticias\/por-que-policia-carreteras-brasil-esta-matando-tantas-personas\/","url_meta":{"origin":7508,"position":5},"title":"\u00bfPor qu\u00e9 la polic\u00eda de carreteras de Brasil est\u00e1 matando a tantas personas?","author":"Chris Dalby","date":"9 de agosto de 2022","format":false,"excerpt":"Una reciente investigaci\u00f3n en Brasil ha revelado que el presidente Jair Bolsonaro convirti\u00f3 a la polic\u00eda de carreteras del pa\u00eds en un modelo para sus planes de seguridad nacional, lo que ha llevado a un aumento alarmante en los asesinatos.","rel":"","context":"En \u00abNoticias\u00bb","block_context":{"text":"Noticias","link":"https:\/\/insightcrime.org\/es\/category\/noticias\/"},"img":{"alt_text":"Agentes de la Polic\u00eda de Carreteras de Brasil (PRF)","src":"https:\/\/i0.wp.com\/insightcrime.org\/wp-content\/uploads\/2022\/08\/ezgif-1-1c8c6e23df.jpg?fit=984%2C652&quality=100&ssl=1&resize=350%2C200","width":350,"height":200,"srcset":"https:\/\/i0.wp.com\/insightcrime.org\/wp-content\/uploads\/2022\/08\/ezgif-1-1c8c6e23df.jpg?fit=984%2C652&quality=100&ssl=1&resize=350%2C200 1x, https:\/\/i0.wp.com\/insightcrime.org\/wp-content\/uploads\/2022\/08\/ezgif-1-1c8c6e23df.jpg?fit=984%2C652&quality=100&ssl=1&resize=525%2C300 1.5x, https:\/\/i0.wp.com\/insightcrime.org\/wp-content\/uploads\/2022\/08\/ezgif-1-1c8c6e23df.jpg?fit=984%2C652&quality=100&ssl=1&resize=700%2C400 2x"},"classes":[]}],"jetpack_featured_media_url":"https:\/\/i0.wp.com\/insightcrime.org\/wp-content\/uploads\/2015\/01\/es-2015-01-14-Venezuela-Police.jpg?fit=250%2C163&quality=100&ssl=1","_links":{"self":[{"href":"https:\/\/insightcrime.org\/es\/wp-json\/wp\/v2\/posts\/7508","targetHints":{"allow":["GET"]}}],"collection":[{"href":"https:\/\/insightcrime.org\/es\/wp-json\/wp\/v2\/posts"}],"about":[{"href":"https:\/\/insightcrime.org\/es\/wp-json\/wp\/v2\/types\/post"}],"author":[{"embeddable":true,"href":"https:\/\/insightcrime.org\/es\/wp-json\/wp\/v2\/users\/4"}],"replies":[{"embeddable":true,"href":"https:\/\/insightcrime.org\/es\/wp-json\/wp\/v2\/comments?post=7508"}],"version-history":[{"count":1,"href":"https:\/\/insightcrime.org\/es\/wp-json\/wp\/v2\/posts\/7508\/revisions"}],"predecessor-version":[{"id":23939,"href":"https:\/\/insightcrime.org\/es\/wp-json\/wp\/v2\/posts\/7508\/revisions\/23939"}],"wp:featuredmedia":[{"embeddable":true,"href":"https:\/\/insightcrime.org\/es\/wp-json\/wp\/v2\/media\/41849"}],"wp:attachment":[{"href":"https:\/\/insightcrime.org\/es\/wp-json\/wp\/v2\/media?parent=7508"}],"wp:term":[{"taxonomy":"category","embeddable":true,"href":"https:\/\/insightcrime.org\/es\/wp-json\/wp\/v2\/categories?post=7508"},{"taxonomy":"post_tag","embeddable":true,"href":"https:\/\/insightcrime.org\/es\/wp-json\/wp\/v2\/tags?post=7508"},{"taxonomy":"newspack_spnsrs_tax","embeddable":true,"href":"https:\/\/insightcrime.org\/es\/wp-json\/wp\/v2\/newspack_spnsrs_tax?post=7508"},{"taxonomy":"author","embeddable":true,"href":"https:\/\/insightcrime.org\/es\/wp-json\/wp\/v2\/coauthors?post=7508"}],"curies":[{"name":"wp","href":"https:\/\/api.w.org\/{rel}","templated":true}]}}