{"id":75159,"date":"2017-12-25T09:00:38","date_gmt":"2017-12-25T14:00:38","guid":{"rendered":"https:\/\/insightcrime.org\/?p=75159"},"modified":"2023-04-24T16:25:49","modified_gmt":"2023-04-24T21:25:49","slug":"narcotraficantes-religiosos-en-brasil-tienen-su-propia-guerra-santa","status":"publish","type":"post","link":"https:\/\/insightcrime.org\/es\/noticias\/analisis\/narcotraficantes-religiosos-en-brasil-tienen-su-propia-guerra-santa\/","title":{"rendered":"Narcotraficantes religiosos en Brasil tienen su propia \u00abguerra santa\u00bb"},"content":{"rendered":"\n<p class=\"wp-block-paragraph\">La expresi\u00f3n \u201cnarcotraficante evang\u00e9lico\u201d puede parecer incoherente, pero en R\u00edo de Janeiro es un fen\u00f3meno cada vez m\u00e1s com\u00fan.<\/p>\n\n\n\n<p class=\"wp-block-paragraph\">El <a href=\"https:\/\/www.religionfacts.com\/neo-pentecostalism\" target=\"_blank\" rel=\"noopener\">cristianismo carism\u00e1tico<\/a> ha ido en<a href=\"https:\/\/theconversation.com\/in-censoring-a-queer-museum-brazil-edges-closer-to-authoritarianism-84199\" target=\"_blank\" rel=\"noopener\"> aumento en todo Brasil<\/a>. Incluso R\u00edo, una ciudad famosa por su libertinaje, eligi\u00f3 a un <a href=\"https:\/\/theconversation.com\/rio-de-janeiros-new-evangelical-mayor-could-threaten-the-citys-famed-diversity-68138\" target=\"_blank\" rel=\"noopener\">alcalde evang\u00e9lico<\/a> el a\u00f1o pasado. El protestantismo evang\u00e9lico est\u00e1 actualmente tan extendido en R\u00edo que incluso algunos de los m\u00e1s conocidos narcotraficantes de la ciudad dicen estar difundiendo el Evangelio.<\/p>\n\n\n\n<p class=\"wp-block-paragraph\">Yo me dedico al estudio de la <a href=\"https:\/\/www.weforum.org\/agenda\/authors\/robert-muggah\" target=\"_blank\" rel=\"noopener\">violencia en Latinoam\u00e9rica<\/a>, y he observado un fuerte aumento en los informes de cr\u00edmenes por motivos religiosos en R\u00edo de Janeiro durante el a\u00f1o pasado, en particular en cuanto a los <a href=\"https:\/\/america.aljazeera.com\/articles\/2014\/9\/13\/prejudice-againstcandombleworshippersincreasesinbrazil.html\" target=\"_blank\" rel=\"noopener\">ataques a los \u201cterreiros\u201d<\/a> \u2014los templos tradicionales del Candombl\u00e9 y la Umbanda\u2014.<\/p>\n\n\n\n<p class=\"wp-block-paragraph\"><strong><em>*Este art\u00edculo fue publicado originalmente en <a href=\"https:\/\/theconversation.com\/us\" target=\"_blank\" rel=\"noopener\">The Conversation<\/a>. Fue editado y publicado con permiso. No representa necesariamente las opiniones de InSight Crime. Vea el original&nbsp;<a href=\"https:\/\/theconversation.com\/in-brazil-religious-gang-leaders-say-theyre-waging-a-holy-war-86097\" target=\"_blank\" rel=\"noopener\">aqu\u00ed<\/a>.<\/em><\/strong><\/p>\n\n\n\n<h3 class=\"wp-block-heading\">El giro evang\u00e9lico en Brasil<\/h3>\n\n\n\n<p class=\"wp-block-paragraph\">La persecuci\u00f3n de estas <a href=\"https:\/\/rlp.hds.harvard.edu\/faq\/african-derived-religions-brazil\" target=\"_blank\" rel=\"noopener\">religiones afrobrasile\u00f1as<\/a>, cuyos adeptos son en general brasile\u00f1os pobres y de raza negra, ha<a href=\"https:\/\/www.publicadireito.com.br\/artigos\/?cod=13d83d3841ae1b92\" target=\"_blank\" rel=\"noopener\"> existido desde el siglo XIX<\/a>. Pero los estudios en R\u00edo \u2014tanto los m\u00edos como los de otros investigadores del crimen\u2014 se\u00f1alan que la actual ola de intolerancia religiosa es m\u00e1s acentuada y m\u00e1s violenta que antes.<\/p>\n\n\n\n<p class=\"wp-block-paragraph\">Si bien las estad\u00edsticas que confirman esta nueva tendencia son a\u00fan deficientes, el aumento de los cr\u00edmenes de odio religioso parece coincidir con la propagaci\u00f3n del protestantismo evang\u00e9lico en Brasil.<\/p>\n\n\n\n<p class=\"wp-block-paragraph\">Hoy en d\u00eda, aproximadamente una cuarta parte de los brasile\u00f1os se identifican como protestantes \u2014un 5 por ciento m\u00e1s que en la d\u00e9cada de los sesenta\u2014. Muchos de los protestantes del pa\u00eds asisten a las ceremonias religiosas tradicionales. Pero las vertientes de <a href=\"https:\/\/www.alternet.org\/belief\/dramatic-religious-shift-brazil-evangelicals-are-rapidly-overtaking-catholics\" target=\"_blank\" rel=\"noopener\">mayor crecimiento<\/a> en Brasil son las <a href=\"https:\/\/www.pewforum.org\/2013\/07\/18\/brazils-changing-religious-landscape\/\" target=\"_blank\" rel=\"noopener\">Iglesias Pentecostal y Neopentecostal<\/a> \u2014lo cual incluye la Asamblea de Dios y la Iglesia Universal del Reino de Dios, que han gozado de amplia aceptaci\u00f3n\u2014.<\/p>\n\n\n\n<p class=\"wp-block-paragraph\">Lo mismo ocurre en el \u00e1mbito pol\u00edtico. Los legisladores evang\u00e9licos tienen actualmente <a href=\"https:\/\/www1.folha.uol.com.br\/poder\/2017\/08\/1910522-evangelicos-apostam-em-distritao-para-ampliar-bancada-na-camara.shtml\" target=\"_blank\" rel=\"noopener\">85 de los 513 esca\u00f1os<\/a> en la C\u00e1mara de Representantes del Congreso de Brasil, lo que significa que la derecha religiosa est\u00e1 <a href=\"https:\/\/www.thenation.com\/article\/amid-crisis-in-brazil-the-evangelical-bloc-emerges-as-a-political-power\/\" target=\"_blank\" rel=\"noopener\">influyendo en el debate nacional<\/a> sobre los <a href=\"https:\/\/www.washingtonpost.com\/world\/the_americas\/in-brazils-political-crisis-a-powerful-new-force-evangelical-christians\/2016\/05\/26\/5c8b9bdc-1c7d-11e6-82c2-a7dcb313287d_story.html?utm_term=.70e21e1a00e0\" target=\"_blank\" rel=\"noopener\">derechos de los gay<\/a>, la igualdad racial, la salud reproductiva de las mujeres, la educaci\u00f3n y otros asuntos sociales.<\/p>\n\n\n\n<p class=\"wp-block-paragraph\">Entre 2000 y 2010, en R\u00edo de Janeiro hubo un <a href=\"https:\/\/www.alternet.org\/belief\/dramatic-religious-shift-brazil-evangelicals-are-rapidly-overtaking-catholics\" target=\"_blank\" rel=\"noopener\">aumento del 30 por ciento<\/a> en los evang\u00e9licos. Durante el mismo per\u00edodo, el n\u00famero de cat\u00f3licos y adeptos del Candombl\u00e9 y la Umbanda disminuy\u00f3 en un <a href=\"https:\/\/m.folha.uol.com.br\/poder\/2016\/12\/1844365-deixam-de-ser-catolicos-ao-menos-9-milhoes-afirma-datafolha.shtml?mobile\" target=\"_blank\" rel=\"noopener\">9 y un 23 por ciento<\/a>, respectivamente.<\/p>\n\n\n\n<p class=\"wp-block-paragraph\">La mayor\u00eda de los conversos son personas pobres que se ven atra\u00eddas por la doctrina evang\u00e9lica de la<a href=\"https:\/\/www.ft.com\/content\/9047c83c-197d-11e5-a130-2e7db721f996\" target=\"_blank\" rel=\"noopener\"> salvaci\u00f3n personal<\/a>. Los l\u00edderes evang\u00e9licos de las favelas pobres de R\u00edo suelen transmitir un mensaje de fidelidad, pureza y prosperidad.<\/p>\n\n\n\n<p class=\"wp-block-paragraph\">Y algunos tienen una idea vaga de las <a href=\"https:\/\/www.washingtonpost.com\/world\/the_americas\/afro-brazilian-religions-struggle-against-evangelical-hostility\/2015\/02\/05\/b6a30c6e-aaf9-11e4-8876-460b1144cbc1_story.html?utm_term=.d4789175e2c8\" target=\"_blank\" rel=\"noopener\">religiones afrobrasile\u00f1as<\/a>. Para los predicadores que defienden una cosmovisi\u00f3n espiritual binaria, los cristianos \u201cbuenos\u201d deben librar una guerra santa contra los practicantes \u201cmalos\u201d del Candombl\u00e9 y la Umbanda.<\/p>\n\n\n\n<p class=\"wp-block-paragraph\">Como <a href=\"https:\/\/portais4.ufes.br\/posgrad\/teses\/tese_3321_Wal%E9ria_Vieira_de_Almeida.pdf\" target=\"_blank\" rel=\"noopener\">escribi\u00f3<\/a> en 1997 Edir Macedo, el multimillonario obispo de la Iglesia Universal del Reino de Dios, <a href=\"https:\/\/blogs.universal.org\/bispomacedo\/2012\/05\/19\/orixas-caboclos-e-guias-deuses-ou-demonios\/\" target=\"_blank\" rel=\"noopener\">en su libro<\/a> \u201cOrix\u00e1s, caboclos y falsos dioses o demonios\u201d, las religiones afrobrasile\u00f1as \u201cbuscan alejarnos de Dios. Son enemigos de \u00c9l y de la raza humana [\u2026] Esta lucha con Satan\u00e1s es necesaria [\u2026] para la salvaci\u00f3n eterna\u201d.<\/p>\n\n\n\n<p class=\"wp-block-paragraph\">Se vendieron m\u00e1s de tres millones de copias de este libro, el cual fue <a href=\"https:\/\/www1.folha.uol.com.br\/folha\/cotidiano\/ult95u115122.shtml\" target=\"_blank\" rel=\"noopener\">prohibido por las autoridades federales<\/a> en 2005.<\/p>\n\n\n\n<h3 class=\"wp-block-heading\">La \u201climpieza\u201d religiosa<\/h3>\n\n\n\n<p class=\"wp-block-paragraph\">Para <a href=\"https:\/\/negrobelchior.cartacapital.com.br\/trafico-igrejas-evangelicas-e-intolerancia-religiosa\/\" target=\"_blank\" rel=\"noopener\">algunos analistas<\/a>, esta interpretaci\u00f3n teol\u00f3gica no es m\u00e1s que una velada discriminaci\u00f3n religiosa.<\/p>\n\n\n\n<p class=\"wp-block-paragraph\">Aun as\u00ed, los feligreses \u2014entre los que se encuentra un pu\u00f1ado de capos de la droga que controlan las favelas de R\u00edo\u2014 est\u00e1n acatando el grito de guerra. Para estos criminales evang\u00e9licos, el Candombl\u00e9 y la Umbanda son obra de Satan\u00e1s y deben ser erradicados terreiro tras terreiro.<\/p>\n\n\n\n<p class=\"wp-block-paragraph\">Un ejemplo de ello es Fernandinho Guarabu, un capo de 38 a\u00f1os de edad de la pandilla <a href=\"https:\/\/es.insightcrime.org\/brasil-crimen-organizado\/tercer-comando-puro\/\" target=\"_blank\" rel=\"noopener\">Terceiro Comando Puro<\/a>, de R\u00edo de Janeiro. Ostentando un tatuaje de Jesucristo, Guarabu se ha vuelto famoso por<a href=\"https:\/\/g1.globo.com\/rio-de-janeiro\/noticia\/traficante-mais-antigo-no-poder-no-rio-guarabu-garante-liberdade-com-olheiros-e-propina-a-pms-da-ilha-diz-policia.ghtml\" target=\"_blank\" rel=\"noopener\"> \u201climpiar\u201d violentamente<\/a> a su comunidad \u2014la favela Morro do Dend\u00ea\u2014 de los practicantes de las religiones afrobrasile\u00f1as.<\/p>\n\n\n\n<div class=\"pull-quotes\">\n<div class=\"pull-quotes-body\">En algunas zonas de R\u00edo controladas por las pandillas, el solo hecho de llevar los atuendos religiosos del Candombl\u00e9 y la Umbanda es un delito que se puede castigar con la expulsi\u00f3n.<\/div>\n<\/div>\n\n\n\n<p class=\"wp-block-paragraph\">Seg\u00fan una l\u00ednea de <a href=\"https:\/\/www.rj.gov.br\/web\/imprensa\/exibeconteudo?article-id=4285777\" target=\"_blank\" rel=\"noopener\">atenci\u00f3n telef\u00f3nica estatal<\/a> dedicada a rastrear la intolerancia religiosa, m\u00e1s de 30 terreiros fueron destruidos en menos de 20 d\u00edas durante el mes de septiembre de 2017, y desde 2015 han aumentado los informes de discriminaci\u00f3n religiosa en un 119 por ciento.<\/p>\n\n\n\n<p class=\"wp-block-paragraph\">Los adeptos a las religiones afrobrasile\u00f1as que viven en \u00e1reas controladas por pandillas reportan adem\u00e1s acosos personales. A menudo, a los devotos se les proh\u00edbe practicar su fe, y quienes son descubiertos llevando los atuendos religiosos del Candombl\u00e9 y la Umbanda pueden llegar a ser expulsados de la comunidad.<\/p>\n\n\n\n<p class=\"wp-block-paragraph\">Seg\u00fan los representantes de la <a href=\"https:\/\/ccir.org.br\/\" target=\"_blank\" rel=\"noopener\">Comisi\u00f3n de Lucha contra la Intolerancia Religiosa<\/a>, que fue conformada recientemente, los narcotraficantes son responsables de un n\u00famero considerable de estos casos.<\/p>\n\n\n\n<h3 class=\"wp-block-heading\">La conexi\u00f3n entre las prisiones y la Iglesia<\/h3>\n\n\n\n<p class=\"wp-block-paragraph\">Quiz\u00e1 estas cruzadas contra el Candombl\u00e9 y la Umbanda fueron inspiradas por un peque\u00f1o grupo de predicadores evang\u00e9licos en las favelas de R\u00edo de Janeiro, pero el problema se hizo m\u00e1s grave en las prisiones.<\/p>\n\n\n\n<p class=\"wp-block-paragraph\">Una d\u00e9cada de guerra contra las drogas ha llevado a los <a href=\"https:\/\/theconversation.com\/how-the-war-on-drugs-fuels-deadly-prison-riots-in-brazil-67337\" target=\"_blank\" rel=\"noopener\">encarcelamientos masivos<\/a>. Las hacinadas prisiones estatales de Brasil est\u00e1n <a href=\"https:\/\/www.nytimes.com\/2017\/01\/04\/opinion\/brazils-deadly-prison-system.html\" target=\"_blank\" rel=\"noopener\">esencialmente regidas<\/a> por alguna de las dos organizaciones de narcotraficantes rivales, mientras que el gobierno ejerce el control s\u00f3lo nominalmente.<\/p>\n\n\n\n<p class=\"wp-block-paragraph\">Durante mucho tiempo, las pandillas han <a href=\"https:\/\/www.washingtonpost.com\/news\/monkey-cage\/wp\/2017\/01\/17\/brazils-prison-massacres-are-a-frightening-window-into-gang-warfare\/?utm_term=.69f863159190\" target=\"_blank\" rel=\"noopener\">reclutado a sus miembros<\/a> en las prisiones, y aquellos que se encuentran encarcelados se dedican a organizar el tr\u00e1fico de drogas y a extorsionar a las empresas.<\/p>\n\n\n\n<p class=\"wp-block-paragraph\"><span style=\"color: #800000;\"><strong>VEA TAMBI\u00c9N:<\/strong><\/span><a href=\"https:\/\/es.insightcrime.org\/indepth\/pandillas\/\" target=\"_blank\" rel=\"noopener\"> Cobertura InDepth: Pandillas<\/a><\/p>\n\n\n\n<p class=\"wp-block-paragraph\">Adem\u00e1s, los grupos de creyentes tambi\u00e9n<a href=\"https:\/\/www.reuters.com\/article\/us-brazil-drugs-church\/brazil-evangelicals-seek-drug-gangs-lost-souls-idUSN0132664320080915\" target=\"_blank\" rel=\"noopener\"> han solido trabajar<\/a> con los prisioneros. <a href=\"https:\/\/www.nytimes.com\/2015\/09\/12\/world\/americas\/turning-to-religion-in-prison-brazilian-ends-up-on-other-side-of-the-bars.html\" target=\"_blank\" rel=\"noopener\">La Iglesia Universal<\/a> y la <a href=\"https:\/\/www.adventistreview.org\/church-news\/story5485-55-inmates-baptized-in-brazilian-prison\" target=\"_blank\" rel=\"noopener\">Iglesia Adventista del S\u00e9ptimo D\u00eda<\/a>, entre otras comunidades, adelantan programas en esas mismas prisiones, que incluyen desde tratamientos farmacol\u00f3gicos hasta la justicia restaurativa.<\/p>\n\n\n\n<p class=\"wp-block-paragraph\">Antes estos <a href=\"https:\/\/carceraria.org.br\/tag\/igreja-catolica\" target=\"_blank\" rel=\"noopener\">cultos<\/a> eran <a href=\"https:\/\/www.fbac.org.br\/index.php\/en\/realidade-atual\/map-of-the-apacs-in-brazil\" target=\"_blank\" rel=\"noopener\">predominantemente cat\u00f3licos<\/a>. Hoy en d\u00eda, de las 100 organizaciones de tipo religioso subcontratadas para ejecutar programas sociales en las prisiones, <a href=\"https:\/\/global.oup.com\/academic\/product\/if-i-give-my-soul-9780190238995?cc=us&amp;lang=en&amp;\" target=\"_blank\" rel=\"noopener\">81 son Iglesias evang\u00e9licas<\/a>.<\/p>\n\n\n\n<p class=\"wp-block-paragraph\">Como resultado, el Cristianismo Carism\u00e1tico se ha extendido r\u00e1pidamente por el sistema de justicia criminal. Las conversiones en las c\u00e1rceles son frecuentes. Los reclusos conversos suelen ser alojados en secciones separadas que sobresalen por su <a href=\"https:\/\/conservancy.umn.edu\/bitstream\/handle\/11299\/137508\/Johnson_umn_0130E_13041.pdf?sequence=1\" target=\"_blank\" rel=\"noopener\">orden y limpieza<\/a>. Algunos incluso han <a href=\"https:\/\/www.researchonreligion.org\/church-organization\/andrew-johnson-on-pentecostals-in-prison-in-brazil\" target=\"_blank\" rel=\"noopener\">establecido sus propios cultos<\/a> dentro de las c\u00e1rceles.<\/p>\n\n\n\n<h3 class=\"wp-block-heading\">La vida en Baixada Fluminense<\/h3>\n\n\n\n<p class=\"wp-block-paragraph\">A los capos de la droga que se encuentran encarcelados, el desarrollo de relaciones positivas con los pastores locales de R\u00edo les puede ayudar a afianzar su poder una vez obtienen su libertad.<\/p>\n\n\n\n<p class=\"wp-block-paragraph\">Los traficantes conversos controlan muchas de las favelas de la ciudad, pero el centro de la violencia evang\u00e9lica relacionada con el tr\u00e1fico es Baixada Fluminense, un conjunto de municipios en los suburbios pobres del norte de R\u00edo.<\/p>\n\n\n\n<p class=\"wp-block-paragraph\">Durante los \u00faltimos cien a\u00f1os, en la zona se han presentado <a href=\"https:\/\/puc-riodigital.com.puc-rio.br\/Texto\/Desafios-2015\/Explosao-demografica%2C-o-grande-no-da-Regiao-Metropolitana-25497.html#.WfKEnFtSyUk\" target=\"_blank\" rel=\"noopener\">olas migratorias<\/a> provenientes del norte y el noreste de Brasil, donde abundan las religiones afrobrasile\u00f1as. En Baixada Fluminense existen actualmente al menos 253 <a href=\"https:\/\/www.nima.puc-rio.br\/cgi\/cgilua.exe\/sys\/start.htm?tpl=home\" target=\"_blank\" rel=\"noopener\">terreiros Candombl\u00e9 y Umbanda<\/a>, m\u00e1s que en cualquier otro municipio del estado.<\/p>\n\n\n\n<p class=\"wp-block-paragraph\"><span style=\"color: #800000;\"><strong>VEA TAMBI\u00c9N:&nbsp;<\/strong><\/span><a href=\"https:\/\/es.insightcrime.org\/noticias\/analisis\/intervencion-divina-pandilleros-el-salvador-encontraron-dios\/\" target=\"_blank\" rel=\"noopener\">Intervenci\u00f3n divina: los pandilleros de El Salvador que encontraron a Dios<\/a><\/p>\n\n\n\n<p class=\"wp-block-paragraph\">Baixada Fluminense es adem\u00e1s una de las zonas m\u00e1s peligrosas de R\u00edo. Las tasas de homicidio han disminuido levemente en la mayor parte de la ciudad durante la \u00faltima d\u00e9cada, mas no ha sido as\u00ed en Baixada Fluminense. Seg\u00fan el <a href=\"https:\/\/www.isp.rj.gov.br\/\" target=\"_blank\" rel=\"noopener\">Instituto de Seguridad P\u00fablica<\/a>, 1.486 de los 4.197 homicidios reportados en el estado en lo que va corrido de 2017 ocurrieron en dicha zona.<\/p>\n\n\n\n<p class=\"wp-block-paragraph\">Descrita por sus habitantes como un \u201cOeste salvaje\u201d, en esta \u00e1rea habitan funcionarios <a href=\"https:\/\/apublica.org\/2017\/09\/a-baixada-fluminense-e-invisivel\/\" target=\"_blank\" rel=\"noopener\">p\u00fablicos corruptos<\/a> que han trabajado durante mucho tiempo con <a href=\"https:\/\/bandnewsfmrio.band.uol.com.br\/editorias-detalhes\/mp-denuncia-milicianos-da-baixada-fluminense\" target=\"_blank\" rel=\"noopener\">milicias y grupos<\/a> de mafiosos para intimidar a sus rivales. Esta pr\u00e1ctica \u2014llamada \u201cclientelismo\u201d\u2014 les permite a los narcotraficantes, sean evang\u00e9licos o no, operar impunemente.<\/p>\n\n\n\n<h3 class=\"wp-block-heading\">Las reacciones<\/h3>\n\n\n\n<p class=\"wp-block-paragraph\">Los funcionarios del estado de R\u00edo de Janeiro est\u00e1n observando con preocupaci\u00f3n esta nueva fuente de violencia. Tras los ataques a los terreiros afrobrasile\u00f1os en Nova Iga\u00e7u, un municipio en Baixada Fluminense, se puso en marcha la <a href=\"https:\/\/www.rj.gov.br\/web\/sedhmi\/exibeconteudo?article-id=4258439\" target=\"_blank\" rel=\"noopener\">Comisi\u00f3n Conjunta de Apoyo a las V\u00edctimas de Ataques Contra las Instituciones Religiosas<\/a>.<\/p>\n\n\n\n<p class=\"wp-block-paragraph\">Trabajando en conjunto con una<a href=\"https:\/\/agenciabrasil.ebc.com.br\/direitos-humanos\/noticia\/2017-08\/rio-tera-delegacia-especializada-para-combater-crimes-raciais-e\" target=\"_blank\" rel=\"noopener\"> nueva fuerza de tarea<\/a> establecida recientemente y dedicada a la lucha contra los cr\u00edmenes raciales y la intolerancia, la comisi\u00f3n estatal tiene como objetivo trazar un mapa de la violencia religiosa y resolver los casos pendientes, incluidos los que involucran a los narcotraficantes evang\u00e9licos. Tambi\u00e9n har\u00e1 recomendaciones para prevenir la violencia que se lleva a cabo en nombre de Dios.<\/p>\n\n\n\n<p class=\"wp-block-paragraph\">Los creyentes tambi\u00e9n est\u00e1n reaccionando. En septiembre de 2017, unas 50.000 personas participaron en la <a href=\"https:\/\/brasil.estadao.com.br\/noticias\/rio-de-janeiro,marcha-no-rio-pede-liberdade-religiosa,70002005117\" target=\"_blank\" rel=\"noopener\">10\u00aa Marcha Anual de R\u00edo por la Libertad Religiosa<\/a>, el mayor n\u00famero de personas que el evento haya convocado desde su creaci\u00f3n. La ic\u00f3nica playa de Copacabana se llen\u00f3 de evang\u00e9licos, cat\u00f3licos, baha\u00edes, budistas, jud\u00edos, hare krishnas y miembros de otras religiones \u2014todos vestidos de blanco y marchando en solidaridad con los afrobrasile\u00f1os\u2014.<\/p>\n\n\n\n<p class=\"wp-block-paragraph\">En la diversidad religiosa brasile\u00f1a hay conflicto, es cierto, pero tambi\u00e9n hay unidad.<\/p>\n\n\n\n<p class=\"wp-block-paragraph\"><em>Dandara Tinoco particip\u00f3 en la publicaci\u00f3n de este art\u00edculo.<\/em><\/p>\n\n\n\n<p class=\"wp-block-paragraph\"><em>*Este art\u00edculo fue publicado originalmente en <a href=\"https:\/\/theconversation.com\/us\" target=\"_blank\" rel=\"noopener\">The Conversation<\/a>. Fue editado y publicado con permiso. No representa necesariamente las opiniones de InSight Crime. Vea el original&nbsp;<a href=\"https:\/\/theconversation.com\/in-brazil-religious-gang-leaders-say-theyre-waging-a-holy-war-86097\" target=\"_blank\" rel=\"noopener\">aqu\u00ed<\/a>.<\/em><\/p>\n","protected":false},"excerpt":{"rendered":"<p>La expresi\u00f3n \u00abnarcotraficante evang\u00e9lico\u00bb puede parecer incoherente, pero en R\u00edo de Janeiro es un fen\u00f3meno cada vez m\u00e1s com\u00fan.<\/p>\n","protected":false},"author":152,"featured_media":75709,"comment_status":"closed","ping_status":"closed","sticky":false,"template":"","format":"standard","meta":{"newspack_ads_suppress_ads":false,"newspack_popups_has_disabled_popups":false,"newspack_sponsor_sponsorship_scope":"","newspack_sponsor_native_byline_display":"inherit","newspack_sponsor_native_category_display":"inherit","newspack_sponsor_underwriter_style":"inherit","newspack_sponsor_underwriter_placement":"inherit","_EventAllDay":false,"_EventTimezone":"","_EventStartDate":"","_EventEndDate":"","_EventStartDateUTC":"","_EventEndDateUTC":"","_EventShowMap":false,"_EventShowMapLink":false,"_EventURL":"","_EventCost":"","_EventCostDescription":"","_EventCurrencySymbol":"","_EventCurrencyCode":"","_EventCurrencyPosition":"","_EventDateTimeSeparator":"","_EventTimeRangeSeparator":"","_EventOrganizerID":[],"_EventVenueID":[],"_OrganizerEmail":"","_OrganizerPhone":"","_OrganizerWebsite":"","_VenueAddress":"","_VenueCity":"","_VenueCountry":"","_VenueProvince":"","_VenueState":"","_VenueZip":"","_VenuePhone":"","_VenueURL":"","_VenueStateProvince":"","_VenueLat":"","_VenueLng":"","_VenueShowMap":false,"_VenueShowMapLink":false,"_newspack_byline_active":false,"_newspack_byline":"","newspack_hide_updated_date":false,"newspack_show_updated_date":false,"newspack_featured_image_position":"","newspack_post_subtitle":"","newspack_article_summary_title":"Overview:","newspack_article_summary":"","_jetpack_memberships_contains_paid_content":false,"footnotes":""},"categories":[340],"tags":[405,500,3021],"newspack_spnsrs_tax":[],"coauthors":[3873],"class_list":["post-75159","post","type-post","status-publish","format-standard","has-post-thumbnail","hentry","category-analisis","tag-brasil","tag-narcocultura","tag-prisiones-es","entry"],"parsely":{"version":"1.1.0","canonical_url":"https:\/\/insightcrime.org\/es\/noticias\/analisis\/narcotraficantes-religiosos-en-brasil-tienen-su-propia-guerra-santa\/","smart_links":{"inbound":0,"outbound":0},"traffic_boost_suggestions_count":0,"meta":{"@context":"https:\/\/schema.org","@type":"NewsArticle","headline":"Narcotraficantes religiosos en Brasil tienen su propia \u00abguerra santa\u00bb","url":"http:\/\/insightcrime.org\/es\/noticias\/analisis\/narcotraficantes-religiosos-en-brasil-tienen-su-propia-guerra-santa\/","mainEntityOfPage":{"@type":"WebPage","@id":"http:\/\/insightcrime.org\/es\/noticias\/analisis\/narcotraficantes-religiosos-en-brasil-tienen-su-propia-guerra-santa\/"},"thumbnailUrl":"https:\/\/i0.wp.com\/insightcrime.org\/wp-content\/uploads\/2017\/12\/17-12-01-Brazil-Religion.jpg?resize=150%2C150&quality=100&ssl=1","image":{"@type":"ImageObject","url":"https:\/\/i0.wp.com\/insightcrime.org\/wp-content\/uploads\/2017\/12\/17-12-01-Brazil-Religion.jpg?fit=350%2C250&quality=100&ssl=1"},"articleSection":"An\u00e1lisis","author":[{"@type":"Person","name":"Robert Muggah"}],"creator":["Robert Muggah"],"publisher":{"@type":"Organization","name":"InSight Crime","logo":"https:\/\/insightcrime.org\/wp-content\/uploads\/2023\/08\/logo.png"},"keywords":["brasil","narcocultura","prisiones"],"dateCreated":"2017-12-25T14:00:38Z","datePublished":"2017-12-25T14:00:38Z","dateModified":"2023-04-24T21:25:49Z"},"rendered":"<meta name=\"parsely-title\" content=\"Narcotraficantes religiosos en Brasil tienen su propia \u00abguerra santa\u00bb\" \/>\n<meta name=\"parsely-link\" content=\"http:\/\/insightcrime.org\/es\/noticias\/analisis\/narcotraficantes-religiosos-en-brasil-tienen-su-propia-guerra-santa\/\" \/>\n<meta name=\"parsely-type\" content=\"post\" \/>\n<meta name=\"parsely-image-url\" content=\"https:\/\/i0.wp.com\/insightcrime.org\/wp-content\/uploads\/2017\/12\/17-12-01-Brazil-Religion.jpg?resize=150%2C150&amp;quality=100&amp;ssl=1\" \/>\n<meta name=\"parsely-pub-date\" content=\"2017-12-25T14:00:38Z\" \/>\n<meta name=\"parsely-section\" content=\"An\u00e1lisis\" \/>\n<meta name=\"parsely-tags\" content=\"brasil,narcocultura,prisiones\" \/>\n<meta name=\"parsely-author\" content=\"Robert Muggah\" \/>","tracker_url":"https:\/\/cdn.parsely.com\/keys\/insightcrime.org\/p.js"},"jetpack_sharing_enabled":true,"jetpack-related-posts":[{"id":196728,"url":"https:\/\/insightcrime.org\/es\/noticias\/entrevistas\/milicias-religiosas-masculinidades-guerreras-rio-de-janeiro\/","url_meta":{"origin":75159,"position":0},"title":"C\u00f3mo se mezclan las milicias religiosas y las masculinidades guerreras en R\u00edo de Janeiro","author":"Alessandro Ford","date":"5 de septiembre de 2022","format":false,"excerpt":"La violencia religiosa y el g\u00e9nero: claves en al constante crisis de seguridad en R\u00edo de Janeiro","rel":"","context":"En \u00abQ&amp;A\u00bb","block_context":{"text":"Q&amp;A","link":"https:\/\/insightcrime.org\/es\/category\/noticias\/entrevistas\/"},"img":{"alt_text":"Polic\u00eda apunta su rifle contra una mujer en una calle en R\u00edo de Janeiro","src":"https:\/\/i0.wp.com\/insightcrime.org\/wp-content\/uploads\/2022\/09\/4627.jpg?fit=350%2C250&quality=100&ssl=1&resize=350%2C200","width":350,"height":200},"classes":[]},{"id":148660,"url":"https:\/\/insightcrime.org\/es\/noticias\/muerte-importante-lider-miliciano-brasil-deja-dudas\/","url_meta":{"origin":75159,"position":1},"title":"Muerte de importante l\u00edder  miliciano en Brasil deja m\u00e1s preguntas que respuestas","author":"Chris Dalby","date":"16 de junio de 2021","format":false,"excerpt":"El principal l\u00edder de las milicias de Rio de Janeiro fue acribillado por la polic\u00eda, lo que puede desbaratar la hip\u00f3tesis de que las milicias de la ciudad ten\u00edan protecci\u00f3n gracias a sus conexiones con las autoridades. Pero, \u00bfse trat\u00f3 de una acci\u00f3n aislada o del inicio de un verdadero\u2026","rel":"","context":"En \u00abNoticias\u00bb","block_context":{"text":"Noticias","link":"https:\/\/insightcrime.org\/es\/category\/noticias\/"},"img":{"alt_text":"","src":"https:\/\/i0.wp.com\/insightcrime.org\/wp-content\/uploads\/2021\/06\/20201016091941_al-menos-12-muertos-en-operacia-n-d_tn0.jpg?fit=350%2C250&quality=100&ssl=1&resize=350%2C200","width":350,"height":200},"classes":[]},{"id":125840,"url":"https:\/\/insightcrime.org\/es\/noticias\/narcotraficantes-brasil-futbol\/","url_meta":{"origin":75159,"position":2},"title":"Narcotraficantes de Brasil usan partidos de f\u00fatbol para distribuir droga","author":"Juan Diego Posada","date":"27 de octubre de 2020","format":false,"excerpt":"Aprovechando la afici\u00f3n por el f\u00fatbol en Brasil, los narcotraficantes de R\u00edo de Janeiro estar\u00edan organizando partidos de f\u00fatbol en los sitios donde controlan la venta de drogas \u2014una novedad dentro de la ya intricada relaci\u00f3n entre el balompi\u00e9 y el crimen organizado\u2014.","rel":"","context":"En \u00abNoticias\u00bb","block_context":{"text":"Noticias","link":"https:\/\/insightcrime.org\/es\/category\/noticias\/"},"img":{"alt_text":"","src":"https:\/\/i0.wp.com\/insightcrime.org\/wp-content\/uploads\/2020\/10\/Partidos-de-los-millones.jpg?fit=350%2C250&quality=100&ssl=1&resize=350%2C200","width":350,"height":200},"classes":[]},{"id":147884,"url":"https:\/\/insightcrime.org\/es\/noticias\/gatonet-conexiones-tv-ilegales-financian-milicias-rio\/","url_meta":{"origin":75159,"position":3},"title":"Gatonet: las conexiones de TV ilegales que financian a las milicias en R\u00edo","author":"Saskia Wright","date":"10 de junio de 2021","format":false,"excerpt":"Bienes ra\u00edces, electricidad, gas, agua, las milicias se han convertido en proveedores cruciales, aunque ilegales, de servicios b\u00e1sicos para millones de residentes de Rio de Janeiro. Pero uno de estos servicios ha resultado muy rentable, una red clandestina de televisi\u00f3n por suscripci\u00f3n conocida como gatonet.","rel":"","context":"En \u00abNoticias\u00bb","block_context":{"text":"Noticias","link":"https:\/\/insightcrime.org\/es\/category\/noticias\/"},"img":{"alt_text":"A man watches TV set-top box used by gatonet","src":"https:\/\/i0.wp.com\/insightcrime.org\/wp-content\/uploads\/2021\/06\/20191028070017.jpg?fit=350%2C250&quality=100&ssl=1&resize=350%2C200","width":350,"height":200},"classes":[]},{"id":83323,"url":"https:\/\/insightcrime.org\/es\/noticias-crimen-organizado-brasil\/comando-rojo\/","url_meta":{"origin":75159,"position":4},"title":"Comando Vermelho","author":"InSight Crime","date":"13 de agosto de 2026","format":false,"excerpt":"El Comando Rojo (Comando Vermelho, CV) es el grupo criminal m\u00e1s antiguo de Brasil, conformado en una prisi\u00f3n de R\u00edo de Janeiro en los a\u00f1os setenta como un grupo de autoprotecci\u00f3n de los prisioneros. Comenz\u00f3 con delitos menores, como asaltos y robos a bancos, pero en los a\u00f1os ochenta el\u2026","rel":"","context":"En \u00abBrasil\u00bb","block_context":{"text":"Brasil","link":"https:\/\/insightcrime.org\/es\/category\/noticias-crimen-organizado-brasil\/"},"img":{"alt_text":"Comando Vermelho (Comando Rojo).","src":"https:\/\/i0.wp.com\/insightcrime.org\/wp-content\/uploads\/2026\/05\/Grupo-Criminal-Comando-Vermelho.jpg?fit=1200%2C900&quality=100&ssl=1&resize=350%2C200","width":350,"height":200,"srcset":"https:\/\/i0.wp.com\/insightcrime.org\/wp-content\/uploads\/2026\/05\/Grupo-Criminal-Comando-Vermelho.jpg?fit=1200%2C900&quality=100&ssl=1&resize=350%2C200 1x, https:\/\/i0.wp.com\/insightcrime.org\/wp-content\/uploads\/2026\/05\/Grupo-Criminal-Comando-Vermelho.jpg?fit=1200%2C900&quality=100&ssl=1&resize=525%2C300 1.5x, https:\/\/i0.wp.com\/insightcrime.org\/wp-content\/uploads\/2026\/05\/Grupo-Criminal-Comando-Vermelho.jpg?fit=1200%2C900&quality=100&ssl=1&resize=700%2C400 2x, https:\/\/i0.wp.com\/insightcrime.org\/wp-content\/uploads\/2026\/05\/Grupo-Criminal-Comando-Vermelho.jpg?fit=1200%2C900&quality=100&ssl=1&resize=1050%2C600 3x"},"classes":[]},{"id":186926,"url":"https:\/\/insightcrime.org\/es\/noticias\/campana-rio-comando-rojo-aumenta-numero-muertos\/","url_meta":{"origin":75159,"position":5},"title":"Campa\u00f1a de R\u00edo contra Comando Rojo logra poco pero aumenta el n\u00famero de muertos","author":"Scott Mistler-Ferguson","date":"30 de mayo de 2022","format":false,"excerpt":"El operativo de la polic\u00eda la semana en R\u00edo de Janeiro, que dej\u00f3 hasta 26 muertos, marc\u00f3 otra escalada de una campa\u00f1a de seguridad contra el Comando Rojo, que deja hasta ahora docenas de muertos y puede terminar beneficiando a otra facci\u00f3n criminal completamente distinta.","rel":"","context":"En \u00abNoticias\u00bb","block_context":{"text":"Noticias","link":"https:\/\/insightcrime.org\/es\/category\/noticias\/"},"img":{"alt_text":"An armored military police vehicle in Vila Cruzeiro","src":"https:\/\/i0.wp.com\/insightcrime.org\/wp-content\/uploads\/2022\/05\/War-in-Vila-Cruzeiro.jpeg?fit=350%2C250&quality=100&ssl=1&resize=350%2C200","width":350,"height":200},"classes":[]}],"jetpack_featured_media_url":"https:\/\/i0.wp.com\/insightcrime.org\/wp-content\/uploads\/2017\/12\/17-12-01-Brazil-Religion.jpg?fit=350%2C250&quality=100&ssl=1","_links":{"self":[{"href":"https:\/\/insightcrime.org\/es\/wp-json\/wp\/v2\/posts\/75159","targetHints":{"allow":["GET"]}}],"collection":[{"href":"https:\/\/insightcrime.org\/es\/wp-json\/wp\/v2\/posts"}],"about":[{"href":"https:\/\/insightcrime.org\/es\/wp-json\/wp\/v2\/types\/post"}],"author":[{"embeddable":true,"href":"https:\/\/insightcrime.org\/es\/wp-json\/wp\/v2\/users\/152"}],"replies":[{"embeddable":true,"href":"https:\/\/insightcrime.org\/es\/wp-json\/wp\/v2\/comments?post=75159"}],"version-history":[{"count":5,"href":"https:\/\/insightcrime.org\/es\/wp-json\/wp\/v2\/posts\/75159\/revisions"}],"predecessor-version":[{"id":76548,"href":"https:\/\/insightcrime.org\/es\/wp-json\/wp\/v2\/posts\/75159\/revisions\/76548"}],"wp:featuredmedia":[{"embeddable":true,"href":"https:\/\/insightcrime.org\/es\/wp-json\/wp\/v2\/media\/75709"}],"wp:attachment":[{"href":"https:\/\/insightcrime.org\/es\/wp-json\/wp\/v2\/media?parent=75159"}],"wp:term":[{"taxonomy":"category","embeddable":true,"href":"https:\/\/insightcrime.org\/es\/wp-json\/wp\/v2\/categories?post=75159"},{"taxonomy":"post_tag","embeddable":true,"href":"https:\/\/insightcrime.org\/es\/wp-json\/wp\/v2\/tags?post=75159"},{"taxonomy":"newspack_spnsrs_tax","embeddable":true,"href":"https:\/\/insightcrime.org\/es\/wp-json\/wp\/v2\/newspack_spnsrs_tax?post=75159"},{"taxonomy":"author","embeddable":true,"href":"https:\/\/insightcrime.org\/es\/wp-json\/wp\/v2\/coauthors?post=75159"}],"curies":[{"name":"wp","href":"https:\/\/api.w.org\/{rel}","templated":true}]}}