{"id":7530,"date":"2015-01-20T20:06:39","date_gmt":"2017-03-28T00:06:34","guid":{"rendered":"http:\/\/newwp.insightcrime.org?p=7530"},"modified":"2023-04-24T15:43:16","modified_gmt":"2023-04-24T20:43:16","slug":"muerte-fiscal-argentina-nueva-investigacion-fallida","status":"publish","type":"post","link":"https:\/\/insightcrime.org\/es\/noticias\/noticias-del-dia\/muerte-fiscal-argentina-nueva-investigacion-fallida\/","title":{"rendered":"Muerte de fiscal en Argentina, una nueva investigaci\u00f3n fallida"},"content":{"rendered":"\n<p class=\"wp-block-paragraph\">La muerte del fiscal Alberto Nisman \u2014quien acus\u00f3 a la presidenta Cristina Kirchner de encubrir una investigaci\u00f3n sobre un atentado en 1994\u2014 es el m\u00e1s reciente suceso en una serie de casos pol\u00edticamente sensibles que han involucrado muertes misteriosas, en medio de irregularidades generalizadas en el sistema judicial de Argentina.<\/p>\n\n\n\n<p class=\"wp-block-paragraph\">Nisman fue encontrado en su apartamento el 18 de enero, junto a una pistola y un casquillo de bala. La semana anterior <a href=\"https:\/\/uk.reuters.com\/article\/2015\/01\/14\/uk-argentina-iran-idUKKBN0KN22A20150114\" target=\"_blank\">hab\u00eda se\u00f1alado<\/a> que la presidenta Cristina Fern\u00e1ndez y el canciller H\u00e9ctor Timerman formaban parte de un \u201cencubrimiento agravado\u201d de la investigaci\u00f3n sobre el papel de Ir\u00e1n en el bombardeo a un centro comunitario jud\u00edo en 1994, que dej\u00f3 como resultado 85 muertos.<\/p>\n\n\n\n<p class=\"wp-block-paragraph\">Nisman estaba citado para testificar ante el Congreso el 19 de enero sobre los resultados de su investigaci\u00f3n, y se encontraba bajo protecci\u00f3n policial por las amenazas en su contra. Varios periodistas de la regi\u00f3n publicaron tuits acerca de las entrevistas que hab\u00edan programado con Nisman antes de que su cuerpo fuera encontrado, y expresaron sus dudas sobre si la muerte realmente fue un suicidio.<\/p>\n\n\n\n<blockquote class=\"wp-block-quote is-layout-flow wp-block-quote-is-layout-flow\">\n<p class=\"wp-block-paragraph\">Argentine prosecutor Nisman told me in e-mail Saturday that he was \u201cobviously\u201d interested in doing an interview this week. Seemed confident.<\/p>\n\n\n\n<p class=\"wp-block-paragraph\">\u2014 Andres Oppenheimer (@oppenheimera) <a href=\"https:\/\/twitter.com\/oppenheimera\/status\/557188508360519682\">January 19, 2015<\/a><\/p>\n<\/blockquote>\n\n\n\n<blockquote class=\"wp-block-quote is-layout-flow wp-block-quote-is-layout-flow\">\n<p class=\"wp-block-paragraph\">Prosecutor Nisman found dead after charging CFK with cover-up Iran\u2019s alleged 1994 AMIA bombing. He had promised me interview for tomorrow.<\/p>\n\n\n\n<p class=\"wp-block-paragraph\">\u2014 Uki Go\u00f1i (@ukigoni) <a href=\"https:\/\/twitter.com\/ukigoni\/status\/557063383724621825\">January 19, 2015<\/a><\/p>\n<\/blockquote>\n\n\n\n<blockquote class=\"wp-block-quote is-layout-flow wp-block-quote-is-layout-flow\">\n<p class=\"wp-block-paragraph\"><a href=\"https:\/\/twitter.com\/hashtag\/MuerteDeNisman?src=hash\">#MuerteDeNisman<\/a> Conoc\u00ed al Fiscal, era honesto y estaba amenazado de muerte. El suicidio es una conducta que no coincide con su personalidad.<\/p>\n\n\n\n<p class=\"wp-block-paragraph\">\u2014 Roman Lejtman (@romanlejtman16) <a href=\"https:\/\/twitter.com\/romanlejtman16\/status\/557181109461860352\">January 19, 2015<\/a><\/p>\n<\/blockquote>\n\n\n\n<h3 class=\"wp-block-heading\">An\u00e1lisis de InSight Crime<\/h3>\n\n\n\n<p class=\"wp-block-paragraph\">Esta no ser\u00eda la primera vez que un caso judicial de esta envergadura en Argentina, con importantes implicaciones pol\u00edticas, involucra una muerte repentina y misteriosa. Otros ejemplos incluyen:<\/p>\n\n\n\n<ul class=\"wp-block-list\">\n<li>En 1998, un capit\u00e1n retirado de la marina, que fue testigo clave en un caso de tr\u00e1fico de armas que involucraba ventas ilegales a Ecuador y Croacia, <a href=\"https:\/\/www.pagina12.com.ar\/1998\/98-08\/98-08-26\/pag03.htm\" target=\"_blank\">fue encontrado muerto<\/a> de un disparo en la cabeza.<\/li>\n\n\n\n<li>En 2003, una mujer cuyo testimonio era clave en ese mismo caso <a href=\"https:\/\/edant.clarin.com\/diario\/2003\/03\/04\/p-01601.htm\" target=\"_blank\">fue encontrada muerta<\/a>. Aparentemente habr\u00eda saltado del balc\u00f3n de su apartamento ubicado en el piso 10 de un edificio y fue encontrada en ropa interior y con un cuchillo cerca de su mano.<\/li>\n\n\n\n<li>En 1998, un empresario involucrado en un masivo caso de sobornos relacionado con cuotas pagadas por IBM Argentina, <a href=\"https:\/\/www.pagina12.com.ar\/1998\/98-10\/98-10-05\/pag03.htm\" target=\"_blank\">fue encontrado colgado<\/a> en una obra de construcci\u00f3n. Los tribunales dictaminaron que fue un suicidio, pero su familia insiste en que se trat\u00f3 de un asesinato.<\/li>\n<\/ul>\n\n\n\n<p class=\"wp-block-paragraph\">Sin embargo, Nisman, no era un testigo, sino un fiscal que hab\u00eda se\u00f1alado que los niveles m\u00e1s altos del liderazgo pol\u00edtico argentino estaban obstruyendo la justicia. El experto en temas argentinos y analista pol\u00edtico Eamonn MacDonagh afirma que la muerte de Nisman es \u201cde enorme importancia\u201d.<\/p>\n\n\n\n<p class=\"wp-block-paragraph\">\u201cLa conclusi\u00f3n ser\u00e1 que se trat\u00f3 de un suicidio y que no hubo terceros implicados. Absolutamente nadie lo va a creer\u201d, predijo.<\/p>\n\n\n\n<p class=\"wp-block-paragraph\">MacDonagh a\u00f1adi\u00f3 que \u201cse puede decir\u201d que la resoluci\u00f3n insatisfactoria de muchos casos pol\u00edticos que implican muertes misteriosas \u201ctiene algo que ver con la cultura peronista\u201d, haciendo referencia al movimiento pol\u00edtico argentino encabezado, entre otras personas, por Kirchner y su difunto esposo N\u00e9stor. \u201c\u00c9ste [el peronismo] no implica asesinar a muchas personas, pero tampoco es reacio a matar si es absolutamente necesario\u201d, dijo.<\/p>\n\n\n\n<p class=\"wp-block-paragraph\">La presidenta Kirchner ha enfrentado otros esc\u00e1ndalos \u2014<a href=\"\/noticias\/noticias-del-dia\/presidencia-argentina-escandalo-trafico-precursores-quimicos\" target=\"_blank\">algunos de ellos relacionados con tr\u00e1fico de drogas<\/a>\u2014 que han puesto en entredicho la solidez del Estado de derecho en Argentina. Un informe <a href=\"\/noticias\/analisis\/escandalos-narcocorrupcion-argentina-informe\" target=\"_blank\">publicado el a\u00f1o pasado<\/a> por el grupo de expertos del Centro de Evaluaci\u00f3n y Estrategia Internacional (International Assessment and Strategy Center \u2013 IASC) detalla otras investigaciones en curso en las que Kirchner ha sido acusada de falta de cooperaci\u00f3n.<\/p>\n","protected":false},"excerpt":{"rendered":"<p>La muerte del fiscal Alberto Nisman \u0097quien acus\u00f3 a la presidenta Cristina Kirchner de encubrir una investigaci\u00f3n sobre un atentado en 1994\u0097 es el m\u00e1s reciente suceso en una serie de casos pol\u00edticamente sensibles que han involucrado muertes misteriosas, en medio de irregularidades generalizadas en el sistema judicial de Argentina.<\/p>\n","protected":false},"author":4,"featured_media":41891,"comment_status":"closed","ping_status":"closed","sticky":false,"template":"","format":"standard","meta":{"newspack_ads_suppress_ads":false,"newspack_popups_has_disabled_popups":false,"newspack_sponsor_sponsorship_scope":"","newspack_sponsor_native_byline_display":"inherit","newspack_sponsor_native_category_display":"inherit","newspack_sponsor_underwriter_style":"inherit","newspack_sponsor_underwriter_placement":"inherit","_EventAllDay":false,"_EventTimezone":"","_EventStartDate":"","_EventEndDate":"","_EventStartDateUTC":"","_EventEndDateUTC":"","_EventShowMap":false,"_EventShowMapLink":false,"_EventURL":"","_EventCost":"","_EventCostDescription":"","_EventCurrencySymbol":"","_EventCurrencyCode":"","_EventCurrencyPosition":"","_EventDateTimeSeparator":"","_EventTimeRangeSeparator":"","_EventOrganizerID":[],"_EventVenueID":[],"_OrganizerEmail":"","_OrganizerPhone":"","_OrganizerWebsite":"","_VenueAddress":"","_VenueCity":"","_VenueCountry":"","_VenueProvince":"","_VenueState":"","_VenueZip":"","_VenuePhone":"","_VenueURL":"","_VenueStateProvince":"","_VenueLat":"","_VenueLng":"","_VenueShowMap":false,"_VenueShowMapLink":false,"_newspack_byline_active":false,"_newspack_byline":"","newspack_hide_updated_date":false,"newspack_show_updated_date":false,"newspack_featured_image_position":"","newspack_post_subtitle":"","newspack_article_summary_title":"Overview:","newspack_article_summary":"","_jetpack_memberships_contains_paid_content":false,"footnotes":""},"categories":[334],"tags":[428],"newspack_spnsrs_tax":[],"coauthors":[3660],"class_list":["post-7530","post","type-post","status-publish","format-standard","has-post-thumbnail","hentry","category-noticias-del-dia","tag-argentina-pais","entry"],"parsely":{"version":"1.1.0","canonical_url":"https:\/\/insightcrime.org\/es\/noticias\/noticias-del-dia\/muerte-fiscal-argentina-nueva-investigacion-fallida\/","smart_links":{"inbound":0,"outbound":0},"traffic_boost_suggestions_count":0,"meta":{"@context":"https:\/\/schema.org","@type":"NewsArticle","headline":"Muerte de fiscal en Argentina, una nueva investigaci\u00f3n fallida","url":"http:\/\/insightcrime.org\/es\/noticias\/noticias-del-dia\/muerte-fiscal-argentina-nueva-investigacion-fallida\/","mainEntityOfPage":{"@type":"WebPage","@id":"http:\/\/insightcrime.org\/es\/noticias\/noticias-del-dia\/muerte-fiscal-argentina-nueva-investigacion-fallida\/"},"thumbnailUrl":"https:\/\/i0.wp.com\/insightcrime.org\/wp-content\/uploads\/2015\/01\/es-2015-01-19-Nisman.jpg?resize=150%2C140&quality=100&ssl=1","image":{"@type":"ImageObject","url":"https:\/\/i0.wp.com\/insightcrime.org\/wp-content\/uploads\/2015\/01\/es-2015-01-19-Nisman.jpg?fit=250%2C140&quality=100&ssl=1"},"articleSection":"Noticias del d\u00eda","author":[{"@type":"Person","name":"Elyssa Pachico"}],"creator":["Elyssa Pachico"],"publisher":{"@type":"Organization","name":"InSight Crime","logo":"https:\/\/insightcrime.org\/wp-content\/uploads\/2023\/08\/logo.png"},"keywords":["argentina"],"dateCreated":"2017-03-28T00:06:34Z","datePublished":"2017-03-28T00:06:34Z","dateModified":"2023-04-24T20:43:16Z"},"rendered":"<meta name=\"parsely-title\" content=\"Muerte de fiscal en Argentina, una nueva investigaci\u00f3n fallida\" \/>\n<meta name=\"parsely-link\" content=\"http:\/\/insightcrime.org\/es\/noticias\/noticias-del-dia\/muerte-fiscal-argentina-nueva-investigacion-fallida\/\" \/>\n<meta name=\"parsely-type\" content=\"post\" \/>\n<meta name=\"parsely-image-url\" content=\"https:\/\/i0.wp.com\/insightcrime.org\/wp-content\/uploads\/2015\/01\/es-2015-01-19-Nisman.jpg?resize=150%2C140&amp;quality=100&amp;ssl=1\" \/>\n<meta name=\"parsely-pub-date\" content=\"2017-03-28T00:06:34Z\" \/>\n<meta name=\"parsely-section\" content=\"Noticias del d\u00eda\" \/>\n<meta name=\"parsely-tags\" content=\"argentina\" \/>\n<meta name=\"parsely-author\" content=\"Elyssa Pachico\" \/>","tracker_url":"https:\/\/cdn.parsely.com\/keys\/insightcrime.org\/p.js"},"jetpack_sharing_enabled":true,"jetpack-related-posts":[{"id":298731,"url":"https:\/\/insightcrime.org\/es\/noticias\/gamechangers-2024-dinero-narco-poder-politico-americas\/","url_meta":{"origin":7530,"position":0},"title":"GameChangers 2024: C\u00f3mo el dinero del narco lleg\u00f3 hasta lo m\u00e1s alto del poder pol\u00edtico en las Am\u00e9ricas","author":"Steven Dudley","date":"3 de enero de 2025","format":false,"excerpt":"El a\u00f1o 2024 ofreci\u00f3 algunos recordatorios contundentes de que el dinero del narcotr\u00e1fico puede llegar a los niveles m\u00e1s altos de la pol\u00edtica. Desde Honduras hasta M\u00e9xico y Colombia, acusaciones de contribuciones provenientes del narcotr\u00e1fico sacudieron los cimientos del poder y alteraron las relaciones internacionales.","rel":"","context":"En \u00abAudio\u00bb","block_context":{"text":"Audio","link":"https:\/\/insightcrime.org\/es\/category\/audio-es\/"},"img":{"alt_text":"","src":"https:\/\/i0.wp.com\/insightcrime.org\/wp-content\/uploads\/2024\/12\/6-Gamechangers-2024-President-Under-Investigation.jpg?fit=1200%2C576&quality=100&ssl=1&resize=350%2C200","width":350,"height":200,"srcset":"https:\/\/i0.wp.com\/insightcrime.org\/wp-content\/uploads\/2024\/12\/6-Gamechangers-2024-President-Under-Investigation.jpg?fit=1200%2C576&quality=100&ssl=1&resize=350%2C200 1x, https:\/\/i0.wp.com\/insightcrime.org\/wp-content\/uploads\/2024\/12\/6-Gamechangers-2024-President-Under-Investigation.jpg?fit=1200%2C576&quality=100&ssl=1&resize=525%2C300 1.5x, https:\/\/i0.wp.com\/insightcrime.org\/wp-content\/uploads\/2024\/12\/6-Gamechangers-2024-President-Under-Investigation.jpg?fit=1200%2C576&quality=100&ssl=1&resize=700%2C400 2x, https:\/\/i0.wp.com\/insightcrime.org\/wp-content\/uploads\/2024\/12\/6-Gamechangers-2024-President-Under-Investigation.jpg?fit=1200%2C576&quality=100&ssl=1&resize=1050%2C600 3x"},"classes":[]},{"id":233247,"url":"https:\/\/insightcrime.org\/es\/investigaciones\/caso-judicial-brasil-desorden-pcc\/","url_meta":{"origin":7530,"position":1},"title":"Caso judicial en Brasil muestra desorden al interior del PCC","author":"Steven Dudley","date":"16 de diciembre de 2020","format":false,"excerpt":"El PCC suele ser considerada la pandilla criminal m\u00e1s poderosa de Brasil, pero un caso judicial que se adelant\u00f3 recientemente en su contra traza una imagen que desmiente la reputaci\u00f3n del grupo como una organizaci\u00f3n criminal transnacional estricta y jer\u00e1rquica.","rel":"","context":"En \u00abInvestigaciones\u00bb","block_context":{"text":"Investigaciones","link":"https:\/\/insightcrime.org\/es\/category\/investigaciones\/"},"img":{"alt_text":"","src":"https:\/\/i0.wp.com\/insightcrime.org\/wp-content\/uploads\/2020\/12\/PCC-Chapter-4.jpg?fit=1200%2C450&quality=100&ssl=1&resize=350%2C200","width":350,"height":200,"srcset":"https:\/\/i0.wp.com\/insightcrime.org\/wp-content\/uploads\/2020\/12\/PCC-Chapter-4.jpg?fit=1200%2C450&quality=100&ssl=1&resize=350%2C200 1x, https:\/\/i0.wp.com\/insightcrime.org\/wp-content\/uploads\/2020\/12\/PCC-Chapter-4.jpg?fit=1200%2C450&quality=100&ssl=1&resize=525%2C300 1.5x, https:\/\/i0.wp.com\/insightcrime.org\/wp-content\/uploads\/2020\/12\/PCC-Chapter-4.jpg?fit=1200%2C450&quality=100&ssl=1&resize=700%2C400 2x, https:\/\/i0.wp.com\/insightcrime.org\/wp-content\/uploads\/2020\/12\/PCC-Chapter-4.jpg?fit=1200%2C450&quality=100&ssl=1&resize=1050%2C600 3x"},"classes":[]},{"id":300716,"url":"https:\/\/insightcrime.org\/es\/noticias\/paraguay-el-alcance-mortifero-de-la-delincuencia-transnacional\/","url_meta":{"origin":7530,"position":2},"title":"De Paraguay a Colombia: El alcance mort\u00edfero de la delincuencia transnacional","author":"Christopher Newton","date":"29 de enero de 2025","format":false,"excerpt":"El hallazgo de nuevas pruebas asociadas a un difunto testigo en el caso de Marcelo Pecci expone detalles sobre el alcance transnacional de quienes orquestaron el magnicidio del fiscal paraguayo.","rel":"","context":"En \u00abNoticias\u00bb","block_context":{"text":"Noticias","link":"https:\/\/insightcrime.org\/es\/category\/noticias\/"},"img":{"alt_text":"","src":"https:\/\/i0.wp.com\/insightcrime.org\/wp-content\/uploads\/2025\/01\/correagaleano.jpg?fit=350%2C250&quality=100&ssl=1&resize=350%2C200","width":350,"height":200},"classes":[]},{"id":232463,"url":"https:\/\/insightcrime.org\/es\/noticias\/impasse-eleccion-fiscal-general-honduras-debilita-lucha-corrupcion\/","url_meta":{"origin":7530,"position":3},"title":"Impasse en elecci\u00f3n de fiscal general en Honduras debilita la lucha contra la corrupci\u00f3n","author":"Anastasia Austin","date":"11 de septiembre de 2023","format":false,"excerpt":"El Congreso de Honduras no se pone de acuerdo sobre la designaci\u00f3n de un nuevo fiscal general, una muestra de las trabas pol\u00edticas para crear una estrategia efectiva contra el crimen organizado y la corrupci\u00f3n.","rel":"","context":"En \u00abNoticias\u00bb","block_context":{"text":"Noticias","link":"https:\/\/insightcrime.org\/es\/category\/noticias\/"},"img":{"alt_text":"La Fiscal\u00eda General de Honduras sigue sin cabeza despu\u00e9s de que el Congreso no lograra votar para elegir un nuevo fiscal general.","src":"https:\/\/i0.wp.com\/insightcrime.org\/wp-content\/uploads\/2023\/09\/principal_fiscales_mp-1.jpg?fit=350%2C250&quality=100&ssl=1&resize=350%2C200","width":350,"height":200},"classes":[]},{"id":203186,"url":"https:\/\/insightcrime.org\/es\/noticias\/porque-impunidad-lavado-dinero-honduras\/","url_meta":{"origin":7530,"position":4},"title":"Por qu\u00e9 est\u00e1 quedando en la impunidad el lavado de dinero en Honduras","author":"Sean Doherty","date":"1 de noviembre de 2022","format":false,"excerpt":"Un a\u00f1o despu\u00e9s de la reforma de Honduras a su ley sobre lavado de dinero, han quedado en libertad docenas de personas se\u00f1aladas de tener v\u00ednculos con el crimen organizado, y se especula que es un intento por proteger a quienes est\u00e1n en el poder.","rel":"","context":"En \u00abNoticias\u00bb","block_context":{"text":"Noticias","link":"https:\/\/insightcrime.org\/es\/category\/noticias\/"},"img":{"alt_text":"Seth y Roberto Paisano Wood despu\u00e9s de ser capturados en Honduras","src":"https:\/\/i0.wp.com\/insightcrime.org\/wp-content\/uploads\/2022\/11\/hermanos_450527_20211112122556-1.jpg?fit=350%2C250&quality=100&ssl=1&resize=350%2C200","width":350,"height":200},"classes":[]},{"id":323364,"url":"https:\/\/insightcrime.org\/es\/noticias\/como-la-causa-los-cuadernos-de-las-coimas-amenaza-a-una-expresidenta-en-argentina\/","url_meta":{"origin":7530,"position":5},"title":"C\u00f3mo la causa \u2018Los cuadernos de las coimas\u2019 amenaza a una expresidenta en Argentina","author":"Creusa Mu\u00f1oz","date":"6 de noviembre de 2025","format":false,"excerpt":"Este 6 de noviembre comenz\u00f3 el juicio oral y p\u00fablico por \u201cLos cuadernos de las coimas\u201d, el caso de corrupci\u00f3n m\u00e1s grande de la historia argentina, que investiga un esquema sistem\u00e1tico de sobornos de alto perfil pol\u00edtico y empresarial que oper\u00f3 durante 2003 y 2015, y que tendr\u00eda presuntamente como\u2026","rel":"","context":"En \u00abNoticias\u00bb","block_context":{"text":"Noticias","link":"https:\/\/insightcrime.org\/es\/category\/noticias\/"},"img":{"alt_text":"","src":"https:\/\/i0.wp.com\/insightcrime.org\/wp-content\/uploads\/2025\/11\/Flagship-Feature-Image-Cuadernos-de-las-coimas-1.jpg?fit=1200%2C690&quality=100&ssl=1&resize=350%2C200","width":350,"height":200,"srcset":"https:\/\/i0.wp.com\/insightcrime.org\/wp-content\/uploads\/2025\/11\/Flagship-Feature-Image-Cuadernos-de-las-coimas-1.jpg?fit=1200%2C690&quality=100&ssl=1&resize=350%2C200 1x, https:\/\/i0.wp.com\/insightcrime.org\/wp-content\/uploads\/2025\/11\/Flagship-Feature-Image-Cuadernos-de-las-coimas-1.jpg?fit=1200%2C690&quality=100&ssl=1&resize=525%2C300 1.5x, https:\/\/i0.wp.com\/insightcrime.org\/wp-content\/uploads\/2025\/11\/Flagship-Feature-Image-Cuadernos-de-las-coimas-1.jpg?fit=1200%2C690&quality=100&ssl=1&resize=700%2C400 2x, https:\/\/i0.wp.com\/insightcrime.org\/wp-content\/uploads\/2025\/11\/Flagship-Feature-Image-Cuadernos-de-las-coimas-1.jpg?fit=1200%2C690&quality=100&ssl=1&resize=1050%2C600 3x"},"classes":[]}],"jetpack_featured_media_url":"https:\/\/i0.wp.com\/insightcrime.org\/wp-content\/uploads\/2015\/01\/es-2015-01-19-Nisman.jpg?fit=250%2C140&quality=100&ssl=1","_links":{"self":[{"href":"https:\/\/insightcrime.org\/es\/wp-json\/wp\/v2\/posts\/7530","targetHints":{"allow":["GET"]}}],"collection":[{"href":"https:\/\/insightcrime.org\/es\/wp-json\/wp\/v2\/posts"}],"about":[{"href":"https:\/\/insightcrime.org\/es\/wp-json\/wp\/v2\/types\/post"}],"author":[{"embeddable":true,"href":"https:\/\/insightcrime.org\/es\/wp-json\/wp\/v2\/users\/4"}],"replies":[{"embeddable":true,"href":"https:\/\/insightcrime.org\/es\/wp-json\/wp\/v2\/comments?post=7530"}],"version-history":[{"count":1,"href":"https:\/\/insightcrime.org\/es\/wp-json\/wp\/v2\/posts\/7530\/revisions"}],"predecessor-version":[{"id":23981,"href":"https:\/\/insightcrime.org\/es\/wp-json\/wp\/v2\/posts\/7530\/revisions\/23981"}],"wp:featuredmedia":[{"embeddable":true,"href":"https:\/\/insightcrime.org\/es\/wp-json\/wp\/v2\/media\/41891"}],"wp:attachment":[{"href":"https:\/\/insightcrime.org\/es\/wp-json\/wp\/v2\/media?parent=7530"}],"wp:term":[{"taxonomy":"category","embeddable":true,"href":"https:\/\/insightcrime.org\/es\/wp-json\/wp\/v2\/categories?post=7530"},{"taxonomy":"post_tag","embeddable":true,"href":"https:\/\/insightcrime.org\/es\/wp-json\/wp\/v2\/tags?post=7530"},{"taxonomy":"newspack_spnsrs_tax","embeddable":true,"href":"https:\/\/insightcrime.org\/es\/wp-json\/wp\/v2\/newspack_spnsrs_tax?post=7530"},{"taxonomy":"author","embeddable":true,"href":"https:\/\/insightcrime.org\/es\/wp-json\/wp\/v2\/coauthors?post=7530"}],"curies":[{"name":"wp","href":"https:\/\/api.w.org\/{rel}","templated":true}]}}