{"id":7544,"date":"2015-01-26T15:52:41","date_gmt":"2017-03-28T00:06:39","guid":{"rendered":"http:\/\/newwp.insightcrime.org?p=7544"},"modified":"2023-04-24T15:43:21","modified_gmt":"2023-04-24T20:43:21","slug":"nuevo-testimonio-sugiere-masacre-iguala-motivada-rivalidad-entre-grupos","status":"publish","type":"post","link":"https:\/\/insightcrime.org\/es\/noticias\/noticias-del-dia\/nuevo-testimonio-sugiere-masacre-iguala-motivada-rivalidad-entre-grupos\/","title":{"rendered":"Nuevo testimonio sugiere que masacre de Iguala estuvo motivada por rivalidad entre grupos"},"content":{"rendered":"\n<p class=\"wp-block-paragraph\">Casi cuatro meses despu\u00e9s de la desaparici\u00f3n de 43 estudiantes que se dirig\u00edan a una protesta en el estado de Guerrero, M\u00e9xico, siguen apareciendo detalles de un caso que se ha convertido en el centro de protestas masivas y la cr\u00edtica internacional.<\/p>\n\n\n\n<p class=\"wp-block-paragraph\">Seg\u00fan <a href=\"https:\/\/news.vice.com\/article\/the-executioners-what-the-government-hasnt-said-about-the-mexico-student-massacre\" target=\"_blank\">testimonios obtenidos por VICE<\/a>, miembros de Guerreros Unidos, el grupo criminal que supuestamente llev\u00f3 a cabo los ataques, dicen que cre\u00edan que entre los estudiantes que se dirig\u00edan a Iguala hab\u00eda miembros de la pandilla rival Los Rojos. Si esta declaraci\u00f3n es cierta, el movimiento de los estudiantes habr\u00eda sido percibido como una incursi\u00f3n en territorio de Guerreros Unidos.<\/p>\n\n\n\n<p class=\"wp-block-paragraph\">Aunque l\u00edderes estudiantiles niegan cualquier afiliaci\u00f3n con Los Rojos, esta nueva informaci\u00f3n puede proporcionar pistas sobre la raz\u00f3n por la que fueron atacados. Explicaciones anteriores se han centrado en el exalcalde de Iguala y su esposa, quienes han sido<a href=\"https:\/\/es.insightcrime.org\/noticias\/analisis\/masacre-iguala-relaciones-publicas-arde-en-llamas\/\" target=\"_blank\"> identificados<\/a> como los autores intelectuales del ataque. (Para un resumen completo del caso de los estudiantes desaparecidos, haga clic en la l\u00ednea de tiempo de InSight Crime abajo).<\/p>\n\n\n\n<p class=\"wp-block-paragraph\">Por otro lado, el 22 de enero pasado <a href=\"https:\/\/www.amnesty.org\/en\/news\/mexico-investigation-enforced-disappearance-43-students-far-conclusive-2015-01-22\" target=\"_blank\">Amnist\u00eda Internacional critic\u00f3<\/a> severamente a la Procuradur\u00eda General de la Rep\u00fablica (PGR), y se\u00f1al\u00f3 que se debe investigar a\u00fan m\u00e1s al ej\u00e9rcito.<\/p>\n\n\n\n<p class=\"wp-block-paragraph\">La cr\u00edtica de la organizaci\u00f3n de defensa de derechos humanos se produjo un d\u00eda despu\u00e9s de que un equipo de cient\u00edficos forenses austr\u00edacos afirm\u00f3 que no pudieron identificar el ADN de los restos encontrados en una fosa com\u00fan en Guerrero.<\/p>\n\n\n\n<h3 class=\"wp-block-heading\">An\u00e1lisis de Insight Crime&nbsp;<\/h3>\n\n\n\n<p class=\"wp-block-paragraph\">Dado que muchos mexicanos culpan al gobierno federal por esta tragedia, la administraci\u00f3n de Pe\u00f1a Nieto se apresur\u00f3 a mantener su credibilidad. Luego de que se present\u00f3 como una investigaci\u00f3n inusualmente abierta \u2014una <a href=\"https:\/\/es.insightcrime.org\/noticias\/noticias-del-dia\/autopsia-contrasta-tipica-respuesta-gobierno-mexico\/\" target=\"_blank\">autopsia fue filmada y puesta a disposici\u00f3n del p\u00fablico<\/a>\u2014 informaciones recientes han cuestionado reiteradamente la versi\u00f3n oficial.<\/p>\n\n\n\n<p class=\"wp-block-paragraph\">Sin embargo, el testimonio sobre Los Rojos tambi\u00e9n puede ser impreciso. <a href=\"https:\/\/es.insightcrime.org\/noticias\/noticias-del-dia\/autopsia-contrasta-tipica-respuesta-gobierno-mexico\/\" target=\"_blank\">Una investigaci\u00f3n realizada <\/a>en diciembre de 2014 por la revista Proceso indic\u00f3 que testigos que declararon sobre el ataque fueron torturados, lo cual debilit\u00f3 sus versiones sobre los acontecimientos.<\/p>\n\n\n\n<p class=\"wp-block-paragraph\">Proceso tambi\u00e9n revel\u00f3 que la polic\u00eda federal sab\u00eda sobre el desplazamiento de los estudiantes cuando salieron de su instituto en Ayotzinapa y que incluso les dispararon esa misma noche.<\/p>\n\n\n\n<p class=\"wp-block-paragraph\"><span style=\"color: #800000;\"><strong>VEA TAMBI\u00c9N:<\/strong><\/span> <a href=\"\/noticias-sobre-crimen-organizado-en-mexico\" target=\"_blank\">Noticias y perfiles de M\u00e9xico<\/a><\/p>\n\n\n\n<p class=\"wp-block-paragraph\">Aun as\u00ed, se desconoce el destino de los cuerpos. Cient\u00edficos forenses de la Universidad Aut\u00f3noma de M\u00e9xico (UNAM) <a href=\"https:\/\/es.insightcrime.org\/noticias\/noticias-del-dia\/nuevas-dudas-empanan-historia-masacre-estudiantes-mexico\/\" target=\"_blank\">anunciaron recientemente<\/a> que quiz\u00e1 los cuerpos de los estudiantes no fueron quemados en un vertedero de basura en Cocula (supuesto sitio de la masacre), lo que a\u00f1ade peso a la hip\u00f3tesis de que fueron<a href=\"https:\/\/es.insightcrime.org\/noticias\/noticias-del-dia\/estudiantes-desaparecidos-mexico-fueron-incinerados-crematorio-ejercito\/\" target=\"_blank\"> incinerados en un crematorio del ej\u00e9rcito<\/a> cercano al sitio.<\/p>\n\n\n\n<p class=\"wp-block-paragraph\">El gobierno mexicano sostiene que la polic\u00eda federal y el ej\u00e9rcito no estuvieron implicados en el caso. En un evento realizado el 20 de enero en el Wilson Center en Washington DC, Ariel Moutsatsos, ministro para Prensa y Asuntos P\u00fablicos en la Embajada de M\u00e9xico en Estados Unidos, dijo que la investigaci\u00f3n ha sido \u201cperfectamente articulada\u201d y \u201ces veraz, aunque se crea o no\u201d.&nbsp;<\/p>\n\n\n\n<p class=\"wp-block-paragraph\"><iframe loading=\"lazy\" src=\"https:\/\/cdn.knightlab.com\/libs\/timeline\/latest\/embed\/index.html?source=0AlhIuy5x5rQWdGdPclByX3VKRkhaYzR0SWJ3NXlKVGc&amp;font=Bevan-PotanoSans&amp;maptype=toner&amp;lang=en&amp;height=650\" width=\"100%\" height=\"650\" frameborder=\"0\"><\/iframe><\/p>\n","protected":false},"excerpt":{"rendered":"<p>Casi cuatro meses despu\u00e9s de la desaparici\u00f3n de 43 estudiantes que se dirig\u00edan a una protesta en el estado de Guerrero, M\u00e9xico, siguen apareciendo detalles de un caso que se ha convertido en el centro de protestas masivas y la cr\u00edtica internacional.<\/p>\n","protected":false},"author":40,"featured_media":41920,"comment_status":"closed","ping_status":"closed","sticky":false,"template":"","format":"standard","meta":{"newspack_ads_suppress_ads":false,"newspack_popups_has_disabled_popups":false,"newspack_sponsor_sponsorship_scope":"","newspack_sponsor_native_byline_display":"inherit","newspack_sponsor_native_category_display":"inherit","newspack_sponsor_underwriter_style":"inherit","newspack_sponsor_underwriter_placement":"inherit","_EventAllDay":false,"_EventTimezone":"","_EventStartDate":"","_EventEndDate":"","_EventStartDateUTC":"","_EventEndDateUTC":"","_EventShowMap":false,"_EventShowMapLink":false,"_EventURL":"","_EventCost":"","_EventCostDescription":"","_EventCurrencySymbol":"","_EventCurrencyCode":"","_EventCurrencyPosition":"","_EventDateTimeSeparator":"","_EventTimeRangeSeparator":"","_EventOrganizerID":[],"_EventVenueID":[],"_OrganizerEmail":"","_OrganizerPhone":"","_OrganizerWebsite":"","_VenueAddress":"","_VenueCity":"","_VenueCountry":"","_VenueProvince":"","_VenueState":"","_VenueZip":"","_VenuePhone":"","_VenueURL":"","_VenueStateProvince":"","_VenueLat":"","_VenueLng":"","_VenueShowMap":false,"_VenueShowMapLink":false,"_newspack_byline_active":false,"_newspack_byline":"","newspack_hide_updated_date":false,"newspack_show_updated_date":false,"newspack_featured_image_position":"","newspack_post_subtitle":"","newspack_article_summary_title":"Overview:","newspack_article_summary":"","_jetpack_memberships_contains_paid_content":false,"footnotes":""},"categories":[334],"tags":[3471,450,451,406],"newspack_spnsrs_tax":[],"coauthors":[3935],"class_list":["post-7544","post","type-post","status-publish","format-standard","has-post-thumbnail","hentry","category-noticias-del-dia","tag-ayotzinapa-es","tag-derechos-humanos","tag-los-guerreros-unidos","tag-mexico-pais","entry"],"parsely":{"version":"1.1.0","canonical_url":"https:\/\/insightcrime.org\/es\/noticias\/noticias-del-dia\/nuevo-testimonio-sugiere-masacre-iguala-motivada-rivalidad-entre-grupos\/","smart_links":{"inbound":0,"outbound":0},"traffic_boost_suggestions_count":0,"meta":{"@context":"https:\/\/schema.org","@type":"NewsArticle","headline":"Nuevo testimonio sugiere que masacre de Iguala estuvo motivada por rivalidad entre grupos","url":"http:\/\/insightcrime.org\/es\/noticias\/noticias-del-dia\/nuevo-testimonio-sugiere-masacre-iguala-motivada-rivalidad-entre-grupos\/","mainEntityOfPage":{"@type":"WebPage","@id":"http:\/\/insightcrime.org\/es\/noticias\/noticias-del-dia\/nuevo-testimonio-sugiere-masacre-iguala-motivada-rivalidad-entre-grupos\/"},"thumbnailUrl":"https:\/\/i0.wp.com\/insightcrime.org\/wp-content\/uploads\/2015\/01\/es-15-01-23-mexico-igualaprotests.jpg?resize=150%2C150&quality=100&ssl=1","image":{"@type":"ImageObject","url":"https:\/\/i0.wp.com\/insightcrime.org\/wp-content\/uploads\/2015\/01\/es-15-01-23-mexico-igualaprotests.jpg?fit=250%2C167&quality=100&ssl=1"},"articleSection":"Noticias del d\u00eda","author":[{"@type":"Person","name":"Loren Riesenfeld"}],"creator":["Loren Riesenfeld"],"publisher":{"@type":"Organization","name":"InSight Crime","logo":"https:\/\/insightcrime.org\/wp-content\/uploads\/2023\/08\/logo.png"},"keywords":["ayotzinapa","derechos humanos","guerreros unidos","m\u00e9xico"],"dateCreated":"2017-03-28T00:06:39Z","datePublished":"2017-03-28T00:06:39Z","dateModified":"2023-04-24T20:43:21Z"},"rendered":"<meta name=\"parsely-title\" content=\"Nuevo testimonio sugiere que masacre de Iguala estuvo motivada por rivalidad entre grupos\" \/>\n<meta name=\"parsely-link\" content=\"http:\/\/insightcrime.org\/es\/noticias\/noticias-del-dia\/nuevo-testimonio-sugiere-masacre-iguala-motivada-rivalidad-entre-grupos\/\" \/>\n<meta name=\"parsely-type\" content=\"post\" \/>\n<meta name=\"parsely-image-url\" content=\"https:\/\/i0.wp.com\/insightcrime.org\/wp-content\/uploads\/2015\/01\/es-15-01-23-mexico-igualaprotests.jpg?resize=150%2C150&amp;quality=100&amp;ssl=1\" \/>\n<meta name=\"parsely-pub-date\" content=\"2017-03-28T00:06:39Z\" \/>\n<meta name=\"parsely-section\" content=\"Noticias del d\u00eda\" \/>\n<meta name=\"parsely-tags\" content=\"ayotzinapa,derechos humanos,guerreros unidos,m\u00e9xico\" \/>\n<meta name=\"parsely-author\" content=\"Loren Riesenfeld\" \/>","tracker_url":"https:\/\/cdn.parsely.com\/keys\/insightcrime.org\/p.js"},"jetpack_sharing_enabled":true,"jetpack-related-posts":[{"id":7759,"url":"https:\/\/insightcrime.org\/es\/noticias-crimen-organizado-mexico\/guerreros-unidos\/","url_meta":{"origin":7544,"position":0},"title":"Guerreros Unidos","author":"InSight Crime","date":"13 de agosto de 2026","format":false,"excerpt":"Guerreros Unidos es un grupo escindido de la OBL, que opera en la regi\u00f3n central de M\u00e9xico. El grupo se dedica principalmente a la extorsi\u00f3n y el secuestro, pero tambi\u00e9n trafica drogas a Estados Unidos. Los Guerreros Unidos se caracterizan por sus t\u00e1cticas agresivas y por el uso de la\u2026","rel":"","context":"En \u00abM\u00e9xico\u00bb","block_context":{"text":"M\u00e9xico","link":"https:\/\/insightcrime.org\/es\/category\/noticias-crimen-organizado-mexico\/"},"img":{"alt_text":"Guerreros Unidos","src":"https:\/\/i0.wp.com\/insightcrime.org\/wp-content\/uploads\/2026\/06\/Grupo-Criminal-Guerreros-Unidos.jpg?fit=1200%2C900&quality=100&ssl=1&resize=350%2C200","width":350,"height":200,"srcset":"https:\/\/i0.wp.com\/insightcrime.org\/wp-content\/uploads\/2026\/06\/Grupo-Criminal-Guerreros-Unidos.jpg?fit=1200%2C900&quality=100&ssl=1&resize=350%2C200 1x, https:\/\/i0.wp.com\/insightcrime.org\/wp-content\/uploads\/2026\/06\/Grupo-Criminal-Guerreros-Unidos.jpg?fit=1200%2C900&quality=100&ssl=1&resize=525%2C300 1.5x, https:\/\/i0.wp.com\/insightcrime.org\/wp-content\/uploads\/2026\/06\/Grupo-Criminal-Guerreros-Unidos.jpg?fit=1200%2C900&quality=100&ssl=1&resize=700%2C400 2x, https:\/\/i0.wp.com\/insightcrime.org\/wp-content\/uploads\/2026\/06\/Grupo-Criminal-Guerreros-Unidos.jpg?fit=1200%2C900&quality=100&ssl=1&resize=1050%2C600 3x"},"classes":[]},{"id":183344,"url":"https:\/\/insightcrime.org\/es\/noticias\/lider-rojos-arrestado-michoacan-mexico-grupo-avanza\/","url_meta":{"origin":7544,"position":1},"title":"L\u00edder de Los Rojos es arrestado en Michoac\u00e1n, M\u00e9xico, mientras el grupo avanza","author":"Alessandro Ford","date":"25 de abril de 2022","format":false,"excerpt":"El municipio de Tepalcatepec, en el estado de Michoac\u00e1n, al sur de M\u00e9xico, ha sido durante mucho tiempo una de las zonas m\u00e1s violentas del pa\u00eds, con el CJNG luchando contra una serie de rivales. El arresto del l\u00edder de los Rojos, una banda fuertemente vinculada al vecino estado de\u2026","rel":"","context":"En \u00abNoticias\u00bb","block_context":{"text":"Noticias","link":"https:\/\/insightcrime.org\/es\/category\/noticias\/"},"img":{"alt_text":"Expansi\u00f3n de Los Rojos en M\u00e9xico","src":"https:\/\/i0.wp.com\/insightcrime.org\/wp-content\/uploads\/2022\/04\/2745758-copy.jpeg?fit=350%2C250&quality=100&ssl=1&resize=350%2C200","width":350,"height":200},"classes":[]},{"id":124636,"url":"https:\/\/insightcrime.org\/es\/noticias\/negligencia-en-caso-ayotzinapa-mexico\/","url_meta":{"origin":7544,"position":2},"title":"Hallan m\u00e1s negligencia en el manejo del caso Ayotzinapa en M\u00e9xico","author":"Parker Asmann","date":"26 de septiembre de 2020","format":false,"excerpt":"Un reciente informe se\u00f1ala que las autoridades de M\u00e9xico no enviaron los fragmentos \u00f3seos hallados en relaci\u00f3n con la investigaci\u00f3n de Ayotzinapa para su an\u00e1lisis, ni investigaron m\u00e1s a fondo el \u00e1rea donde fueron encontrados, lo que demuestra el alto nivel de negligencia en el manejo del caso por parte\u2026","rel":"","context":"En \u00abNoticias\u00bb","block_context":{"text":"Noticias","link":"https:\/\/insightcrime.org\/es\/category\/noticias\/"},"img":{"alt_text":"","src":"https:\/\/i0.wp.com\/insightcrime.org\/wp-content\/uploads\/2020\/09\/20-09-25-Ayotzinapa-6-Years.jpg?fit=350%2C250&quality=100&ssl=1&resize=350%2C200","width":350,"height":200},"classes":[]},{"id":268355,"url":"https:\/\/insightcrime.org\/es\/noticias\/violencia-criminal-paraliza-estado-guerrero-mexico\/","url_meta":{"origin":7544,"position":3},"title":"Violencia criminal paraliza al estado de Guerrero, M\u00e9xico","author":"Sara Garcia","date":"13 de febrero de 2024","format":false,"excerpt":"La reciente ola de violencia en Guerrero, M\u00e9xico, pone de relieve la disputa entre varios grupos criminales por el control de la extorsi\u00f3n en el estado sure\u00f1o, al tiempo que resalta m\u00faltiples factores de inseguridad en la regi\u00f3n.","rel":"","context":"En \u00abNoticias\u00bb","block_context":{"text":"Noticias","link":"https:\/\/insightcrime.org\/es\/category\/noticias\/"},"img":{"alt_text":"","src":"https:\/\/i0.wp.com\/insightcrime.org\/wp-content\/uploads\/2024\/02\/2024-02-08-Violencia-Guerrero-Mex.jpeg?fit=350%2C250&quality=100&ssl=1&resize=350%2C200","width":350,"height":200},"classes":[]},{"id":200935,"url":"https:\/\/insightcrime.org\/es\/noticias\/mexico-ejercito-crimen-abusos-derechos-humanos\/","url_meta":{"origin":7544,"position":4},"title":"Ej\u00e9rcito de M\u00e9xico seguir\u00e1 combatiendo crimen a pesar de abusos de derechos humanos","author":"Peter Appleby","date":"6 de octubre de 2022","format":false,"excerpt":"El presidente Andr\u00e9s Manuel L\u00f3pez Obrador no logra imponerse sobre los grupos criminales a pesar de apoyarse cada vez m\u00e1s en las fuerzas armadas de M\u00e9xico contra todas las evidencias de abusos de derechos humanos por parte de esa entidad que han salido a la luz en los \u00faltimos meses.","rel":"","context":"En \u00abNoticias\u00bb","block_context":{"text":"Noticias","link":"https:\/\/insightcrime.org\/es\/category\/noticias\/"},"img":{"alt_text":"Formaci\u00f3n de soldados del Ej\u00e9rcito Mexicano","src":"https:\/\/i0.wp.com\/insightcrime.org\/wp-content\/uploads\/2022\/10\/mexico-army-1.jpeg?fit=350%2C250&quality=100&ssl=1&resize=350%2C200","width":350,"height":200},"classes":[]},{"id":66150,"url":"https:\/\/insightcrime.org\/es\/noticias-crimen-organizado-mexico\/organizacion-beltran-leyva\/","url_meta":{"origin":7544,"position":5},"title":"Organizaci\u00f3n Beltr\u00e1n Leyva","author":"InSight Crime","date":"6 de octubre de 2021","format":false,"excerpt":"Liderada por los hermanos Beltr\u00e1n Leyva, esta organizaci\u00f3n narcotraficante mexicana trabaj\u00f3 con el Cartel de Sinaloa hasta 2008, cuando se separaron y se desat\u00f3 una sangrienta batalla entre los dos grupos. La OBL, una de las organizaciones criminales m\u00e1s poderosas de M\u00e9xico, se ha visto gravemente debilitada por numerosos arrestos\u2026","rel":"","context":"En \u00abM\u00e9xico\u00bb","block_context":{"text":"M\u00e9xico","link":"https:\/\/insightcrime.org\/es\/category\/noticias-crimen-organizado-mexico\/"},"img":{"alt_text":"Organizaci\u00f3n Beltr\u00e1n Leyva","src":"https:\/\/i0.wp.com\/insightcrime.org\/wp-content\/uploads\/2026\/06\/Grupo-Criminal-Organizacion-Beltran-Leyva-1.jpg?fit=1200%2C900&quality=100&ssl=1&resize=350%2C200","width":350,"height":200,"srcset":"https:\/\/i0.wp.com\/insightcrime.org\/wp-content\/uploads\/2026\/06\/Grupo-Criminal-Organizacion-Beltran-Leyva-1.jpg?fit=1200%2C900&quality=100&ssl=1&resize=350%2C200 1x, https:\/\/i0.wp.com\/insightcrime.org\/wp-content\/uploads\/2026\/06\/Grupo-Criminal-Organizacion-Beltran-Leyva-1.jpg?fit=1200%2C900&quality=100&ssl=1&resize=525%2C300 1.5x, https:\/\/i0.wp.com\/insightcrime.org\/wp-content\/uploads\/2026\/06\/Grupo-Criminal-Organizacion-Beltran-Leyva-1.jpg?fit=1200%2C900&quality=100&ssl=1&resize=700%2C400 2x, https:\/\/i0.wp.com\/insightcrime.org\/wp-content\/uploads\/2026\/06\/Grupo-Criminal-Organizacion-Beltran-Leyva-1.jpg?fit=1200%2C900&quality=100&ssl=1&resize=1050%2C600 3x"},"classes":[]}],"jetpack_featured_media_url":"https:\/\/i0.wp.com\/insightcrime.org\/wp-content\/uploads\/2015\/01\/es-15-01-23-mexico-igualaprotests.jpg?fit=250%2C167&quality=100&ssl=1","_links":{"self":[{"href":"https:\/\/insightcrime.org\/es\/wp-json\/wp\/v2\/posts\/7544","targetHints":{"allow":["GET"]}}],"collection":[{"href":"https:\/\/insightcrime.org\/es\/wp-json\/wp\/v2\/posts"}],"about":[{"href":"https:\/\/insightcrime.org\/es\/wp-json\/wp\/v2\/types\/post"}],"author":[{"embeddable":true,"href":"https:\/\/insightcrime.org\/es\/wp-json\/wp\/v2\/users\/40"}],"replies":[{"embeddable":true,"href":"https:\/\/insightcrime.org\/es\/wp-json\/wp\/v2\/comments?post=7544"}],"version-history":[{"count":1,"href":"https:\/\/insightcrime.org\/es\/wp-json\/wp\/v2\/posts\/7544\/revisions"}],"predecessor-version":[{"id":24011,"href":"https:\/\/insightcrime.org\/es\/wp-json\/wp\/v2\/posts\/7544\/revisions\/24011"}],"wp:featuredmedia":[{"embeddable":true,"href":"https:\/\/insightcrime.org\/es\/wp-json\/wp\/v2\/media\/41920"}],"wp:attachment":[{"href":"https:\/\/insightcrime.org\/es\/wp-json\/wp\/v2\/media?parent=7544"}],"wp:term":[{"taxonomy":"category","embeddable":true,"href":"https:\/\/insightcrime.org\/es\/wp-json\/wp\/v2\/categories?post=7544"},{"taxonomy":"post_tag","embeddable":true,"href":"https:\/\/insightcrime.org\/es\/wp-json\/wp\/v2\/tags?post=7544"},{"taxonomy":"newspack_spnsrs_tax","embeddable":true,"href":"https:\/\/insightcrime.org\/es\/wp-json\/wp\/v2\/newspack_spnsrs_tax?post=7544"},{"taxonomy":"author","embeddable":true,"href":"https:\/\/insightcrime.org\/es\/wp-json\/wp\/v2\/coauthors?post=7544"}],"curies":[{"name":"wp","href":"https:\/\/api.w.org\/{rel}","templated":true}]}}