{"id":7550,"date":"2015-01-27T17:22:23","date_gmt":"2017-03-28T00:06:41","guid":{"rendered":"http:\/\/newwp.insightcrime.org?p=7550"},"modified":"2023-04-24T15:43:24","modified_gmt":"2023-04-24T20:43:24","slug":"alcalde-ordeno-policia-asesinar-periodista-mexico-funcionario","status":"publish","type":"post","link":"https:\/\/insightcrime.org\/es\/noticias\/noticias-del-dia\/alcalde-ordeno-policia-asesinar-periodista-mexico-funcionario\/","title":{"rendered":"Alcalde orden\u00f3 a polic\u00eda asesinar a un periodista en M\u00e9xico: funcionario"},"content":{"rendered":"\n<p class=\"wp-block-paragraph\">Un expolic\u00eda en el estado de Veracruz, M\u00e9xico, ha confesado el asesinato de un periodista por \u00f3rdenes de un alcalde local, lo cual, de ser cierto, se sumar\u00eda a una lista creciente de descarados actos de corrupci\u00f3n a nivel municipal.<\/p>\n\n\n\n<p class=\"wp-block-paragraph\">El 25 de enero, el procurador de Veracruz anunci\u00f3 que el expolic\u00eda Clemente No\u00e9 Rodr\u00edguez Mart\u00ednez hab\u00eda admitido cometer el asesinato del periodista Mois\u00e9s S\u00e1nchez por \u00f3rdenes de Mart\u00edn L\u00f3pez Meneses, subdirector de la polic\u00eda municipal de la ciudad de Medell\u00edn de Bravo, <a href=\"https:\/\/www.milenio.com\/policia\/Moises_Sanchez_periodista-secuestro_Moises_Sanchez-PGJ_Veracruz_0_452354955.html\" target=\"_blank\">inform\u00f3 Milenio.<\/a> Supuestamente, Omar Cruz, el alcalde de la ciudad, le dio instrucciones a Meneses para llevar a cabo el asesinato.<\/p>\n\n\n\n<p class=\"wp-block-paragraph\">Las autoridades encontraron el cuerpo de S\u00e1nchez \u2014quien <a href=\"https:\/\/mexico.cnn.com\/nacional\/2015\/01\/03\/el-periodista-de-veracruz-moises-sanchez-es-reportado-como-desaparecido\" target=\"_blank\">fue sacado de su casa<\/a> por un grupo de hombres armados a principios de enero\u2014 el 24 de enero. Seg\u00fan Rodr\u00edguez, el cuerpo de S\u00e1nchez fue decapitado y mutilado antes de ser arrojado a una fosa, <a href=\"https:\/\/bigstory.ap.org\/article\/c29cb13cf15047ab83b599cda6b68b4b\/missing-mexican-journalist-found-dead-veracruz-state\" target=\"_blank\">inform\u00f3 Associated Press<\/a>.<\/p>\n\n\n\n<p class=\"wp-block-paragraph\">Familiares de S\u00e1nchez dijeron a Associated Press que el periodista hab\u00eda recibido amenazas por sus reportajes sobre corrupci\u00f3n gubernamental y violencia en la zona.<\/p>\n\n\n\n<p class=\"wp-block-paragraph\">Rodr\u00edguez identific\u00f3 a otros cinco expolic\u00edas, que dijo estaban involucrados en el asesinato. Cruz se encuentra <a href=\"https:\/\/www.milenio.com\/policia\/Imputan_a_alcalde_muerte_de_periodista_veracruzano-alcalde_planea_muerte_periodista_0_452954706.html\" target=\"_blank\">actualmente bajo investigaci\u00f3n<\/a> por sus presuntos v\u00ednculos con el caso.<\/p>\n\n\n\n<h3 class=\"wp-block-heading\">An\u00e1lisis de InSight Crime<\/h3>\n\n\n\n<p class=\"wp-block-paragraph\">El presunto asesinato de un periodista por \u00f3rdenes de un alcalde local llega en un momento inoportuno para el gobierno mexicano, que actualmente se enfrenta a un <a href=\"\/noticias\/noticias-del-dia\/nuevo-testimonio-sugiere-masacre-iguala-motivada-rivalidad-entre-grupos\" target=\"_blank\">creciente escepticismo<\/a> sobre la versi\u00f3n oficial de la desaparici\u00f3n de 43 estudiantes en el estado de Guerrero en septiembre pasado. Un informe de investigaci\u00f3n encontr\u00f3 que los funcionarios pudieron haber <a href=\"\/noticias\/noticias-del-dia\/mexico-torturo-perpetradores-masacre-estudiantil-informe\" target=\"_blank\">utilizado la tortura<\/a> para obtener testimonios de los presuntos autores de la masacre, mientras que <a href=\"\/noticias\/noticias-del-dia\/nuevas-dudas-empanan-historia-masacre-estudiantes-mexico\" target=\"_blank\">nueva evidencia forense<\/a> refuta la versi\u00f3n oficial de lo que habr\u00eda sucedido con los cuerpos de los estudiantes.<\/p>\n\n\n\n<p class=\"wp-block-paragraph\">El caso de los estudiantes desaparecidos ha recibido considerable atenci\u00f3n nacional e internacional, en parte debido a <a href=\"\/noticias\/noticias-del-dia\/mexico-culpa-alcalde-esposa-desaparicion-estudiantes\" target=\"_blank\">la presunta participaci\u00f3n de un alcalde local<\/a> y agentes de la polic\u00eda, pero el asesinato de S\u00e1nchez es un recordatorio de que la corrupci\u00f3n entre los funcionarios del gobierno municipal se ha extendido por todo M\u00e9xico. En el \u00faltimo a\u00f1o, <a href=\"\/noticias\/noticias-del-dia\/alcaldesa-mexico-vinculos-caballeros-templarios-arrestada-asesinato-extorsion\" target=\"_blank\">varios alcaldes en el turbulento estado de Michoac\u00e1n<\/a> han sido relacionados con el grupo criminal de los Caballeros Templarios. Un alto funcionario mexicano declar\u00f3 recientemente que tres de cada cuatro municipios del pa\u00eds eran susceptibles a la penetraci\u00f3n del crimen organizado.<\/p>\n\n\n\n<p class=\"wp-block-paragraph\"><strong><span style=\"color: #800000\">VEA TAMBI\u00c9N:<\/span><\/strong> <a href=\"\/noticias-sobre-crimen-organizado-en-mexico\" target=\"_blank\">Noticias y perfiles de M\u00e9xico<\/a><\/p>\n\n\n\n<p class=\"wp-block-paragraph\">El caso de S\u00e1nchez tambi\u00e9n destaca los riesgos a los que se enfrentan los periodistas que informan sobre corrupci\u00f3n y crimen, tanto en Veracruz como en el resto del pa\u00eds. El asesinato de S\u00e1nchez marca la und\u00e9cima muerte de periodistas en Veracruz desde diciembre de 2010; M\u00e9xico es considerado uno de los pa\u00edses m\u00e1s peligrosos <a href=\"\/news\/briefs\/on-world-press-freedom-day-3-journalists-found-dead-in-mexico\" target=\"_blank\">para ejercer el periodismo en Latinoam\u00e9rica<\/a>.<\/p>\n","protected":false},"excerpt":{"rendered":"<p>Un expolic\u00eda en el estado de Veracruz, M\u00e9xico, ha confesado el asesinato de un periodista por \u00f3rdenes de un alcalde local, lo cual, de ser cierto, se sumar\u00eda a una lista creciente de descarados actos de corrupci\u00f3n a nivel municipal.<\/p>\n","protected":false},"author":36,"featured_media":41926,"comment_status":"closed","ping_status":"closed","sticky":false,"template":"","format":"standard","meta":{"newspack_ads_suppress_ads":false,"newspack_popups_has_disabled_popups":false,"newspack_sponsor_sponsorship_scope":"","newspack_sponsor_native_byline_display":"inherit","newspack_sponsor_native_category_display":"inherit","newspack_sponsor_underwriter_style":"inherit","newspack_sponsor_underwriter_placement":"inherit","_EventAllDay":false,"_EventTimezone":"","_EventStartDate":"","_EventEndDate":"","_EventStartDateUTC":"","_EventEndDateUTC":"","_EventShowMap":false,"_EventShowMapLink":false,"_EventURL":"","_EventCost":"","_EventCostDescription":"","_EventCurrencySymbol":"","_EventCurrencyCode":"","_EventCurrencyPosition":"","_EventDateTimeSeparator":"","_EventTimeRangeSeparator":"","_EventOrganizerID":[],"_EventVenueID":[],"_OrganizerEmail":"","_OrganizerPhone":"","_OrganizerWebsite":"","_VenueAddress":"","_VenueCity":"","_VenueCountry":"","_VenueProvince":"","_VenueState":"","_VenueZip":"","_VenuePhone":"","_VenueURL":"","_VenueStateProvince":"","_VenueLat":"","_VenueLng":"","_VenueShowMap":false,"_VenueShowMapLink":false,"_newspack_byline_active":false,"_newspack_byline":"","newspack_hide_updated_date":false,"newspack_show_updated_date":false,"newspack_featured_image_position":"","newspack_post_subtitle":"","newspack_article_summary_title":"Overview:","newspack_article_summary":"","_jetpack_memberships_contains_paid_content":false,"footnotes":""},"categories":[334],"tags":[406],"newspack_spnsrs_tax":[],"coauthors":[3924],"class_list":["post-7550","post","type-post","status-publish","format-standard","has-post-thumbnail","hentry","category-noticias-del-dia","tag-mexico-pais","entry"],"parsely":{"version":"1.1.0","canonical_url":"https:\/\/insightcrime.org\/es\/noticias\/noticias-del-dia\/alcalde-ordeno-policia-asesinar-periodista-mexico-funcionario\/","smart_links":{"inbound":0,"outbound":0},"traffic_boost_suggestions_count":0,"meta":{"@context":"https:\/\/schema.org","@type":"NewsArticle","headline":"Alcalde orden\u00f3 a polic\u00eda asesinar a un periodista en M\u00e9xico: funcionario","url":"http:\/\/insightcrime.org\/es\/noticias\/noticias-del-dia\/alcalde-ordeno-policia-asesinar-periodista-mexico-funcionario\/","mainEntityOfPage":{"@type":"WebPage","@id":"http:\/\/insightcrime.org\/es\/noticias\/noticias-del-dia\/alcalde-ordeno-policia-asesinar-periodista-mexico-funcionario\/"},"thumbnailUrl":"https:\/\/i0.wp.com\/insightcrime.org\/wp-content\/uploads\/2015\/01\/es-15-01-26-Mexico-alcalde.jpg?resize=150%2C150&quality=100&ssl=1","image":{"@type":"ImageObject","url":"https:\/\/i0.wp.com\/insightcrime.org\/wp-content\/uploads\/2015\/01\/es-15-01-26-Mexico-alcalde.jpg?fit=250%2C169&quality=100&ssl=1"},"articleSection":"Noticias del d\u00eda","author":[{"@type":"Person","name":"David Gagne"}],"creator":["David Gagne"],"publisher":{"@type":"Organization","name":"InSight Crime","logo":"https:\/\/insightcrime.org\/wp-content\/uploads\/2023\/08\/logo.png"},"keywords":["m\u00e9xico"],"dateCreated":"2017-03-28T00:06:41Z","datePublished":"2017-03-28T00:06:41Z","dateModified":"2023-04-24T20:43:24Z"},"rendered":"<meta name=\"parsely-title\" content=\"Alcalde orden\u00f3 a polic\u00eda asesinar a un periodista en M\u00e9xico: funcionario\" \/>\n<meta name=\"parsely-link\" content=\"http:\/\/insightcrime.org\/es\/noticias\/noticias-del-dia\/alcalde-ordeno-policia-asesinar-periodista-mexico-funcionario\/\" \/>\n<meta name=\"parsely-type\" content=\"post\" \/>\n<meta name=\"parsely-image-url\" content=\"https:\/\/i0.wp.com\/insightcrime.org\/wp-content\/uploads\/2015\/01\/es-15-01-26-Mexico-alcalde.jpg?resize=150%2C150&amp;quality=100&amp;ssl=1\" \/>\n<meta name=\"parsely-pub-date\" content=\"2017-03-28T00:06:41Z\" \/>\n<meta name=\"parsely-section\" content=\"Noticias del d\u00eda\" \/>\n<meta name=\"parsely-tags\" content=\"m\u00e9xico\" \/>\n<meta name=\"parsely-author\" content=\"David Gagne\" \/>","tracker_url":"https:\/\/cdn.parsely.com\/keys\/insightcrime.org\/p.js"},"jetpack_sharing_enabled":true,"jetpack-related-posts":[{"id":176977,"url":"https:\/\/insightcrime.org\/es\/noticias\/ataques-asesinatos-periodistas-escandalizan-mexico\/","url_meta":{"origin":7550,"position":0},"title":"Ataques y asesinatos de periodistas escandalizan a M\u00e9xico","author":"Parker Asmann","date":"28 de enero de 2022","format":false,"excerpt":"El inicio de 2022 en M\u00e9xico ha estado te\u00f1ido de sangre de periodistas, muertos a tiros, pu\u00f1aladas o emboscados, mientras las autoridades siguen acusando a las organizaciones criminales.","rel":"","context":"En \u00abNoticias\u00bb","block_context":{"text":"Noticias","link":"https:\/\/insightcrime.org\/es\/category\/noticias\/"},"img":{"alt_text":"Los asesinatos de periodistas en M\u00e9xico no paran","src":"https:\/\/i0.wp.com\/insightcrime.org\/wp-content\/uploads\/2022\/01\/2022-01-27-Mex-Journo-Killings.jpg?fit=350%2C250&quality=100&ssl=1&resize=350%2C200","width":350,"height":200},"classes":[]},{"id":146174,"url":"https:\/\/insightcrime.org\/es\/noticias\/asesinatos-periodistas-revelan-mano-negra-crimen-organizado\/","url_meta":{"origin":7550,"position":1},"title":"Asesinatos de periodistas revelan la mano negra del crimen organizado","author":"Saskia Wright","date":"24 de mayo de 2021","format":false,"excerpt":"De los casi 140 periodistas asesinados en M\u00e9xico, Colombia, Brasil y Honduras en la \u00faltima d\u00e9cada, cerca de la mitad cubr\u00edan temas de crimen organizado.","rel":"","context":"En \u00abNoticias\u00bb","block_context":{"text":"Noticias","link":"https:\/\/insightcrime.org\/es\/category\/noticias\/"},"img":{"alt_text":"","src":"https:\/\/i0.wp.com\/insightcrime.org\/wp-content\/uploads\/2021\/05\/5184.jpg?fit=350%2C250&quality=100&ssl=1&resize=350%2C200","width":350,"height":200},"classes":[]},{"id":147366,"url":"https:\/\/insightcrime.org\/es\/noticias\/veracruz-estado-mas-peligroso-mexico-homicidios-politicos\/","url_meta":{"origin":7550,"position":2},"title":"Por qu\u00e9 Veracruz es el estado m\u00e1s peligroso de M\u00e9xico en homicidios de pol\u00edticos","author":"Max Radwin","date":"3 de junio de 2021","format":false,"excerpt":"Postularse a un cargo de elecci\u00f3n popular en M\u00e9xico es una actividad de alto riesgo. Para el 31 de mayo, una semana antes de las elecciones locales del 6 de junio, hab\u00edan sido asesinados al menos 89 candidatos pol\u00edticos durante la actual campa\u00f1a.","rel":"","context":"En \u00abNoticias\u00bb","block_context":{"text":"Noticias","link":"https:\/\/insightcrime.org\/es\/category\/noticias\/"},"img":{"alt_text":"","src":"https:\/\/i0.wp.com\/insightcrime.org\/wp-content\/uploads\/2021\/06\/Veracruz-politicians.jpg?fit=1200%2C690&quality=100&ssl=1&resize=350%2C200","width":350,"height":200,"srcset":"https:\/\/i0.wp.com\/insightcrime.org\/wp-content\/uploads\/2021\/06\/Veracruz-politicians.jpg?fit=1200%2C690&quality=100&ssl=1&resize=350%2C200 1x, https:\/\/i0.wp.com\/insightcrime.org\/wp-content\/uploads\/2021\/06\/Veracruz-politicians.jpg?fit=1200%2C690&quality=100&ssl=1&resize=525%2C300 1.5x, https:\/\/i0.wp.com\/insightcrime.org\/wp-content\/uploads\/2021\/06\/Veracruz-politicians.jpg?fit=1200%2C690&quality=100&ssl=1&resize=700%2C400 2x, https:\/\/i0.wp.com\/insightcrime.org\/wp-content\/uploads\/2021\/06\/Veracruz-politicians.jpg?fit=1200%2C690&quality=100&ssl=1&resize=1050%2C600 3x"},"classes":[]},{"id":294058,"url":"https:\/\/insightcrime.org\/es\/noticias\/decapitacion-alcalde-inquietante-senal-crisis-eguridad-nueva-presidenta-mexico\/","url_meta":{"origin":7550,"position":3},"title":"Decapitaci\u00f3n de un alcalde es una inquietante se\u00f1al de la crisis de seguridad que afronta la nueva presidenta de M\u00e9xico","author":"Parker Asmann","date":"8 de octubre de 2024","format":false,"excerpt":"Un grupo de hombres armados asesin\u00f3 y decapit\u00f3 al alcalde de una importante ciudad del suroeste de M\u00e9xico menos de una semana despu\u00e9s de que asumiera el cargo, resaltando la tit\u00e1nica tarea que enfrenta la nueva presidenta del pa\u00eds para resolver una situaci\u00f3n de seguridad p\u00fablica cada vez m\u00e1s grave.","rel":"","context":"En \u00abNoticias\u00bb","block_context":{"text":"Noticias","link":"https:\/\/insightcrime.org\/es\/category\/noticias\/"},"img":{"alt_text":"Imagen principal: El alcalde de Chilpancingo, Alejandro Arcos Catal\u00e1n, se dirige a la multitud al tomar posesi\u00f3n como edil. Cr\u00e9dito: El Financiero","src":"https:\/\/i0.wp.com\/insightcrime.org\/wp-content\/uploads\/2024\/10\/2024-10-08-Chilpancingo-Killing.jpg?fit=350%2C250&quality=100&ssl=1&resize=350%2C200","width":350,"height":200},"classes":[]},{"id":206431,"url":"https:\/\/insightcrime.org\/es\/noticias\/autoridades-de-zacatecas-mexico-en-linea-de-fuego-por-choques-entre-cjng-y-cartel-de-sinaloa\/","url_meta":{"origin":7550,"position":4},"title":"Autoridades de Zacatecas, M\u00e9xico, en l\u00ednea de fuego por choques entre CJNG y Cartel de Sinaloa","author":"Peter Appleby","date":"7 de diciembre de 2022","format":false,"excerpt":"Los asesinatos de varios funcionarios estatales en Zacatecas, y el asedio de esa estrat\u00e9gica regi\u00f3n para los carteles m\u00e1s poderosos de M\u00e9xico, representan una preocupante escalada de los intentos de estos grupos por controlar el estado.","rel":"","context":"En \u00abNoticias\u00bb","block_context":{"text":"Noticias","link":"https:\/\/insightcrime.org\/es\/category\/noticias\/"},"img":{"alt_text":"","src":"https:\/\/i0.wp.com\/insightcrime.org\/wp-content\/uploads\/2022\/12\/BB599A2F-8336-4A67-9F7D-2195D569B339.jpeg?fit=1200%2C600&quality=100&ssl=1&resize=350%2C200","width":350,"height":200,"srcset":"https:\/\/i0.wp.com\/insightcrime.org\/wp-content\/uploads\/2022\/12\/BB599A2F-8336-4A67-9F7D-2195D569B339.jpeg?fit=1200%2C600&quality=100&ssl=1&resize=350%2C200 1x, https:\/\/i0.wp.com\/insightcrime.org\/wp-content\/uploads\/2022\/12\/BB599A2F-8336-4A67-9F7D-2195D569B339.jpeg?fit=1200%2C600&quality=100&ssl=1&resize=525%2C300 1.5x, https:\/\/i0.wp.com\/insightcrime.org\/wp-content\/uploads\/2022\/12\/BB599A2F-8336-4A67-9F7D-2195D569B339.jpeg?fit=1200%2C600&quality=100&ssl=1&resize=700%2C400 2x, https:\/\/i0.wp.com\/insightcrime.org\/wp-content\/uploads\/2022\/12\/BB599A2F-8336-4A67-9F7D-2195D569B339.jpeg?fit=1200%2C600&quality=100&ssl=1&resize=1050%2C600 3x"},"classes":[]},{"id":232469,"url":"https:\/\/insightcrime.org\/es\/noticias\/expansion-cartel-noreste-causa-homicidios-policias-nuevo-leon-mexico\/","url_meta":{"origin":7550,"position":5},"title":"\u00bfExpansi\u00f3n del Cartel del Noreste es la causa de los homicidios de polic\u00edas en Nuevo Le\u00f3n, M\u00e9xico?","author":"Parker Asmann","date":"7 de septiembre de 2023","format":false,"excerpt":"Los asesinatos de agentes de polic\u00eda en el estado de Nuevo Le\u00f3n, al norte de M\u00e9xico, han aumentado 143% entre 2019 y 2022 en medio de un repunte general de los homicidios, que coincide con la expansi\u00f3n del Cartel del Noreste en el estado.","rel":"","context":"En \u00abNoticias\u00bb","block_context":{"text":"Noticias","link":"https:\/\/insightcrime.org\/es\/category\/noticias\/"},"img":{"alt_text":"Expansi\u00f3n del Cartel del Noreste en Nuevo Le\u00f3n ser\u00eda la causa de los asesinatos de polic\u00edas en el estado","src":"https:\/\/i0.wp.com\/insightcrime.org\/wp-content\/uploads\/2023\/09\/2023-09-07-Nuevo-Leon-Police-1.jpg?fit=350%2C250&quality=100&ssl=1&resize=350%2C200","width":350,"height":200},"classes":[]}],"jetpack_featured_media_url":"https:\/\/i0.wp.com\/insightcrime.org\/wp-content\/uploads\/2015\/01\/es-15-01-26-Mexico-alcalde.jpg?fit=250%2C169&quality=100&ssl=1","_links":{"self":[{"href":"https:\/\/insightcrime.org\/es\/wp-json\/wp\/v2\/posts\/7550","targetHints":{"allow":["GET"]}}],"collection":[{"href":"https:\/\/insightcrime.org\/es\/wp-json\/wp\/v2\/posts"}],"about":[{"href":"https:\/\/insightcrime.org\/es\/wp-json\/wp\/v2\/types\/post"}],"author":[{"embeddable":true,"href":"https:\/\/insightcrime.org\/es\/wp-json\/wp\/v2\/users\/36"}],"replies":[{"embeddable":true,"href":"https:\/\/insightcrime.org\/es\/wp-json\/wp\/v2\/comments?post=7550"}],"version-history":[{"count":1,"href":"https:\/\/insightcrime.org\/es\/wp-json\/wp\/v2\/posts\/7550\/revisions"}],"predecessor-version":[{"id":24017,"href":"https:\/\/insightcrime.org\/es\/wp-json\/wp\/v2\/posts\/7550\/revisions\/24017"}],"wp:featuredmedia":[{"embeddable":true,"href":"https:\/\/insightcrime.org\/es\/wp-json\/wp\/v2\/media\/41926"}],"wp:attachment":[{"href":"https:\/\/insightcrime.org\/es\/wp-json\/wp\/v2\/media?parent=7550"}],"wp:term":[{"taxonomy":"category","embeddable":true,"href":"https:\/\/insightcrime.org\/es\/wp-json\/wp\/v2\/categories?post=7550"},{"taxonomy":"post_tag","embeddable":true,"href":"https:\/\/insightcrime.org\/es\/wp-json\/wp\/v2\/tags?post=7550"},{"taxonomy":"newspack_spnsrs_tax","embeddable":true,"href":"https:\/\/insightcrime.org\/es\/wp-json\/wp\/v2\/newspack_spnsrs_tax?post=7550"},{"taxonomy":"author","embeddable":true,"href":"https:\/\/insightcrime.org\/es\/wp-json\/wp\/v2\/coauthors?post=7550"}],"curies":[{"name":"wp","href":"https:\/\/api.w.org\/{rel}","templated":true}]}}