{"id":75810,"date":"2017-12-04T14:55:04","date_gmt":"2017-12-04T19:55:04","guid":{"rendered":"https:\/\/insightcrime.org\/?p=75810"},"modified":"2023-04-24T16:26:02","modified_gmt":"2023-04-24T21:26:02","slug":"mexico-da-pasos-hacia-consolidacion-rol-ejercito-como-agente-lucha-contra-crimen","status":"publish","type":"post","link":"https:\/\/insightcrime.org\/es\/noticias\/noticias-del-dia\/mexico-da-pasos-hacia-consolidacion-rol-ejercito-como-agente-lucha-contra-crimen\/","title":{"rendered":"M\u00e9xico da pasos hacia la consolidaci\u00f3n del rol del ej\u00e9rcito como agente de lucha contra el crimen"},"content":{"rendered":"\n<p class=\"wp-block-paragraph\">Los legisladores mexicanos dieron un paso adelante para consolidar el rol del ej\u00e9rcito en la lucha contra el crimen organizado, pese a las voces cr\u00edticas que preguntan por la implementaci\u00f3n de los mecanismos de vigilancia para garantizar la rendici\u00f3n de cuentas y la transparencia.<\/p>\n\n\n\n<p class=\"wp-block-paragraph\">El 30 de noviembre, la c\u00e1mara baja del Congreso de M\u00e9xico, la c\u00e1mara de diputados, aprob\u00f3 la <a href=\"https:\/\/sil.gobernacion.gob.mx\/Archivos\/Documentos\/2016\/11\/asun_3441153_20161104_1478014676.pdf\" target=\"_blank\" rel=\"noopener\">Ley de Seguridad Interior<\/a>, seg\u00fan informaci\u00f3n de <a href=\"https:\/\/www.animalpolitico.com\/2017\/11\/diputados-aprueban-ley-seguridad-interior\/\" target=\"_blank\" rel=\"noopener\">Animal Pol\u00edtico<\/a>. El proyecto de ley pasar\u00e1 ahora al Senado para continuar el debate.<\/p>\n\n\n\n<p class=\"wp-block-paragraph\">De ser aprobado, este proyecto de ley dar\u00eda al presidente la facultad de ordenar la intervenci\u00f3n de las fuerzas armadas del pa\u00eds en situaciones que \u201camenacen la seguridad interna\u201d. Tambi\u00e9n dar\u00eda la faculta al ej\u00e9rcito de emplear cualquier \u201cm\u00e9todo de extracci\u00f3n de informaci\u00f3n dentro del marco legal\u201d en la realizaci\u00f3n de labores de inteligencia, entre otros.<\/p>\n\n\n\n<p class=\"wp-block-paragraph\"><span style=\"color: #800000;\"><strong>VEA TAMBI\u00c9N:<\/strong><\/span> <a href=\"https:\/\/es.insightcrime.org\/noticias-sobre-crimen-organizado-en-mexico\/\" target=\"_blank\" rel=\"noopener\">Noticias y perfiles de M\u00e9xico<\/a><\/p>\n\n\n\n<p class=\"wp-block-paragraph\">El debate sobre el proyecto de ley se da en el marco del deterioro de la situaci\u00f3n de seguridad en el pa\u00eds. Los 2.371 homicidios cometidos en octubre lo dejan como el <a href=\"https:\/\/www.animalpolitico.com\/2017\/11\/en-octubre-cada-18-minutos-hubo-un-homicidio-en-el-pais-guerrero-el-estado-mas-violento\/\" target=\"_blank\" rel=\"noopener\">mes m\u00e1s violento<\/a> en lo corrido de 2017. M\u00e1s a\u00fan, este a\u00f1o se dirige a situarse como <a href=\"https:\/\/www.huffingtonpost.com.mx\/2017\/10\/10\/mexico-en-el-camino-directo-a-tener-el-ano-mas-violento-en-la-historia_a_23239015\/\" target=\"_blank\" rel=\"noopener\">el m\u00e1s letal<\/a> de la historia moderna del pa\u00eds.<\/p>\n\n\n\n<p class=\"wp-block-paragraph\">Pese a que la facultad del ej\u00e9rcito est\u00e1 expresada claramente en el proyecto de ley, el secretario de Gobernaci\u00f3n de M\u00e9xico Miguel \u00c1ngel Osorio Chong declar\u00f3 en un <a href=\"https:\/\/www.gob.mx\/segob\/prensa\/la-iniciativa-de-ley-de-seguridad-interior-no-significa-militarizar-el-pais-osorio-chong\" target=\"_blank\" rel=\"noopener\">bolet\u00edn de prensa<\/a> que la ley \u201cno pretende militarizar el pa\u00eds\u201d.<\/p>\n\n\n\n<h3 class=\"wp-block-heading\">An\u00e1lisis de InSight Crime<\/h3>\n\n\n\n<p class=\"wp-block-paragraph\">La medida para convertir en ley la intervenci\u00f3n militar no es precisamente una sorpresa. La administraci\u00f3n de Enrique Pe\u00f1a Nieto <a href=\"https:\/\/es.insightcrime.org\/noticias\/analisis\/guerra-mexico-contra-crimen-decada-fracasos-militarizados\/\" target=\"_blank\" rel=\"noopener\">ha preferido<\/a> por largo tiempo al ej\u00e9rcito sobre la polic\u00eda en la lucha contra el crimen organizado. La decisi\u00f3n de M\u00e9xico de ampliar el rol del ej\u00e9rcito tambi\u00e9n sigue una<a href=\"https:\/\/es.insightcrime.org\/noticias\/analisis\/canto-de-sirena-militarizacion-latinoamerica\/\" target=\"_blank\" rel=\"noopener\"> tendencia regional<\/a>.<\/p>\n\n\n\n<p class=\"wp-block-paragraph\">Sin embargo, cuando se da luz verde a las fuerzas armadas para intervenir en problemas de seguridad nacional, es m\u00e1s dif\u00edcil llevarlos a rendir cuentas. Al contrario de la polic\u00eda, que en la mayor\u00eda de los pa\u00edses trabaja bajo la jurisdicci\u00f3n del ministerio del interior y est\u00e1 sujeta a organismos legales y regulatorios dirigidos por civiles, las fuerzas armadas normalmente tienen organismos regulatorios y judiciales paralelos.<\/p>\n\n\n\n<p class=\"wp-block-paragraph\"><span style=\"color: #800000;\"><strong>VEA TAMBI\u00c9N:<\/strong><\/span><a href=\"https:\/\/es.insightcrime.org\/tag\/politicas-de-seguridad\/\" target=\"_blank\" rel=\"noopener\"> Cobertura sobre Pol\u00edticas de seguridad<\/a><\/p>\n\n\n\n<p class=\"wp-block-paragraph\">En M\u00e9xico esto <a href=\"https:\/\/es.insightcrime.org\/noticias\/noticias-del-dia\/reformas-mexico-logran-impedir-abusos-ejercito-informe\/\" target=\"_blank\" rel=\"noopener\">ya ha sido un problema<\/a>. Un <a href=\"https:\/\/es.insightcrime.org\/noticias\/noticias-del-dia\/reformas-mexico-logran-impedir-abusos-ejercito-informe\/\" target=\"_blank\" rel=\"noopener\">informe<\/a> reciente de la Oficina en Washington para Asuntos de Latinoam\u00e9rica (WOLA por sus siglas en ingl\u00e9s) hall\u00f3 que las autoridades castrenses obstruyen y dilatan las investigaciones sobre presuntos abusos cometidos por sus miembros \u201creteniendo, falsificando o saboteando evidencias y declaraciones\u201d.<\/p>\n\n\n\n<p class=\"wp-block-paragraph\">Otros pa\u00edses enfrentan dilemas similares. Los legisladores brasile\u00f1os, por citar un ejemplo, aprobaron recientemente una <a href=\"https:\/\/es.insightcrime.org\/noticias\/noticias-del-dia\/disposicion-senado-brasil-podria-proteger-militares-acusados-violaciones\/\" target=\"_blank\" rel=\"noopener\">controvertida medida<\/a> que dar\u00eda al ej\u00e9rcito jurisdicci\u00f3n en casos de abusos cometidos por las fuerzas armadas, una ilustraci\u00f3n de c\u00f3mo las fuerzas armadas pueden llegar a controlar el acceso a la informaci\u00f3n en casos de mala conducta.<\/p>\n","protected":false},"excerpt":{"rendered":"<p>Los legisladores mexicanos dieron un paso adelante para consolidar el rol del ej\u00e9rcito en la lucha contra el crimen organizado, pese a las voces cr\u00edticas que preguntan por la implementaci\u00f3n de los mecanismos de vigilancia para garantizar la rendici\u00f3n y de cuentas y la transparencia.<\/p>\n","protected":false},"author":90,"featured_media":75638,"comment_status":"closed","ping_status":"closed","sticky":false,"template":"","format":"standard","meta":{"newspack_ads_suppress_ads":false,"newspack_popups_has_disabled_popups":false,"newspack_sponsor_sponsorship_scope":"","newspack_sponsor_native_byline_display":"inherit","newspack_sponsor_native_category_display":"inherit","newspack_sponsor_underwriter_style":"inherit","newspack_sponsor_underwriter_placement":"inherit","_EventAllDay":false,"_EventTimezone":"","_EventStartDate":"","_EventEndDate":"","_EventStartDateUTC":"","_EventEndDateUTC":"","_EventShowMap":false,"_EventShowMapLink":false,"_EventURL":"","_EventCost":"","_EventCostDescription":"","_EventCurrencySymbol":"","_EventCurrencyCode":"","_EventCurrencyPosition":"","_EventDateTimeSeparator":"","_EventTimeRangeSeparator":"","_EventOrganizerID":[],"_EventVenueID":[],"_OrganizerEmail":"","_OrganizerPhone":"","_OrganizerWebsite":"","_VenueAddress":"","_VenueCity":"","_VenueCountry":"","_VenueProvince":"","_VenueState":"","_VenueZip":"","_VenuePhone":"","_VenueURL":"","_VenueStateProvince":"","_VenueLat":"","_VenueLng":"","_VenueShowMap":false,"_VenueShowMapLink":false,"_newspack_byline_active":false,"_newspack_byline":"","newspack_hide_updated_date":false,"newspack_show_updated_date":false,"newspack_featured_image_position":"","newspack_post_subtitle":"","newspack_article_summary_title":"Overview:","newspack_article_summary":"","_jetpack_memberships_contains_paid_content":false,"footnotes":""},"categories":[334],"tags":[406,438],"newspack_spnsrs_tax":[],"coauthors":[4065],"class_list":["post-75810","post","type-post","status-publish","format-standard","has-post-thumbnail","hentry","category-noticias-del-dia","tag-mexico-pais","tag-politicas-de-seguridad","entry"],"parsely":{"version":"1.1.0","canonical_url":"https:\/\/insightcrime.org\/es\/noticias\/noticias-del-dia\/mexico-da-pasos-hacia-consolidacion-rol-ejercito-como-agente-lucha-contra-crimen\/","smart_links":{"inbound":0,"outbound":0},"traffic_boost_suggestions_count":0,"meta":{"@context":"https:\/\/schema.org","@type":"NewsArticle","headline":"M\u00e9xico da pasos hacia la consolidaci\u00f3n del rol del ej\u00e9rcito como agente de lucha contra el crimen","url":"http:\/\/insightcrime.org\/es\/noticias\/noticias-del-dia\/mexico-da-pasos-hacia-consolidacion-rol-ejercito-como-agente-lucha-contra-crimen\/","mainEntityOfPage":{"@type":"WebPage","@id":"http:\/\/insightcrime.org\/es\/noticias\/noticias-del-dia\/mexico-da-pasos-hacia-consolidacion-rol-ejercito-como-agente-lucha-contra-crimen\/"},"thumbnailUrl":"https:\/\/i0.wp.com\/insightcrime.org\/wp-content\/uploads\/2017\/12\/17-12-01-Mex-Security-Policy.jpg?resize=150%2C150&quality=100&ssl=1","image":{"@type":"ImageObject","url":"https:\/\/i0.wp.com\/insightcrime.org\/wp-content\/uploads\/2017\/12\/17-12-01-Mex-Security-Policy.jpg?fit=350%2C250&quality=100&ssl=1"},"articleSection":"Noticias del d\u00eda","author":[{"@type":"Person","name":"Parker Asmann"}],"creator":["Parker Asmann"],"publisher":{"@type":"Organization","name":"InSight Crime","logo":"https:\/\/insightcrime.org\/wp-content\/uploads\/2023\/08\/logo.png"},"keywords":["m\u00e9xico","pol\u00edticas de seguridad"],"dateCreated":"2017-12-04T19:55:04Z","datePublished":"2017-12-04T19:55:04Z","dateModified":"2023-04-24T21:26:02Z"},"rendered":"<meta name=\"parsely-title\" content=\"M\u00e9xico da pasos hacia la consolidaci\u00f3n del rol del ej\u00e9rcito como agente de lucha contra el crimen\" \/>\n<meta name=\"parsely-link\" content=\"http:\/\/insightcrime.org\/es\/noticias\/noticias-del-dia\/mexico-da-pasos-hacia-consolidacion-rol-ejercito-como-agente-lucha-contra-crimen\/\" \/>\n<meta name=\"parsely-type\" content=\"post\" \/>\n<meta name=\"parsely-image-url\" content=\"https:\/\/i0.wp.com\/insightcrime.org\/wp-content\/uploads\/2017\/12\/17-12-01-Mex-Security-Policy.jpg?resize=150%2C150&amp;quality=100&amp;ssl=1\" \/>\n<meta name=\"parsely-pub-date\" content=\"2017-12-04T19:55:04Z\" \/>\n<meta name=\"parsely-section\" content=\"Noticias del d\u00eda\" \/>\n<meta name=\"parsely-tags\" content=\"m\u00e9xico,pol\u00edticas de seguridad\" \/>\n<meta name=\"parsely-author\" content=\"Parker Asmann\" \/>","tracker_url":"https:\/\/cdn.parsely.com\/keys\/insightcrime.org\/p.js"},"jetpack_sharing_enabled":true,"jetpack-related-posts":[{"id":128741,"url":"https:\/\/insightcrime.org\/es\/noticias\/implicaciones-reformas-ley-seguridad-ee-uu-mexico-crimen-organizado\/","url_meta":{"origin":75810,"position":0},"title":"Reformas a ley de seguridad obstaculizan lucha de EE. UU. y M\u00e9xico contra el crimen organizado","author":"Parker Asmann","date":"18 de diciembre de 2020","format":false,"excerpt":"Los legisladores de M\u00e9xico aprobaron una nueva ley que limita el poder y restringe las operaciones de los organismos de seguridad extranjeros en el pa\u00eds, lo que plantea serias dudas acerca de los efectos sobre la lucha de M\u00e9xico y Estados Unidos contra los grupos del crimen organizado.","rel":"","context":"En \u00abNoticias\u00bb","block_context":{"text":"Noticias","link":"https:\/\/insightcrime.org\/es\/category\/noticias\/"},"img":{"alt_text":"","src":"https:\/\/i0.wp.com\/insightcrime.org\/wp-content\/uploads\/2020\/12\/20-12-16-US-Mexico-security.jpg?fit=350%2C250&quality=100&ssl=1&resize=350%2C200","width":350,"height":200},"classes":[]},{"id":312355,"url":"https:\/\/insightcrime.org\/es\/noticias\/medidas-punitivas-estados-unidos-dificilmente-frenaran-trafico-fentanilo\/","url_meta":{"origin":75810,"position":1},"title":"Medidas m\u00e1s punitivas de Estados Unidos dif\u00edcilmente frenar\u00e1n el tr\u00e1fico de fentanilo","author":"Parker Asmann","date":"16 de junio de 2025","format":false,"excerpt":"Los legisladores de Estados Unidos hicieron permanente una pol\u00edtica federal que impone sanciones m\u00e1s severas por traficar con fentanilo il\u00edcito y sus an\u00e1logos, pero es poco probable que esta medida punitiva logre debilitar a los grupos del crimen organizado que trafican el letal opioide sint\u00e9tico desde M\u00e9xico.","rel":"","context":"En \u00abNoticias\u00bb","block_context":{"text":"Noticias","link":"https:\/\/insightcrime.org\/es\/category\/noticias\/"},"img":{"alt_text":"","src":"https:\/\/i0.wp.com\/insightcrime.org\/wp-content\/uploads\/2025\/06\/2025-06-16-HALT-Fent-Act.jpg?fit=350%2C250&quality=100&ssl=1&resize=350%2C200","width":350,"height":200},"classes":[]},{"id":319163,"url":"https:\/\/insightcrime.org\/es\/noticias\/como-impactara-nueva-ley-inteligencia-en-mexico-seguridad-publica\/","url_meta":{"origin":75810,"position":2},"title":"C\u00f3mo impactar\u00e1 en la seguridad p\u00fablica la nueva ley de inteligencia de M\u00e9xico","author":"Natalia Hidalgo","date":"1 de septiembre de 2025","format":false,"excerpt":"En julio se aprob\u00f3 la nueva ley de inteligencia en M\u00e9xico para agilizar procesos de investigaci\u00f3n y reducir lagunas en la persecuci\u00f3n del delito, aunque persisten dudas sobre el impacto real que tendr\u00e1 sobre el crimen organizado.","rel":"","context":"En \u00abNoticias\u00bb","block_context":{"text":"Noticias","link":"https:\/\/insightcrime.org\/es\/category\/noticias\/"},"img":{"alt_text":"","src":"https:\/\/i0.wp.com\/insightcrime.org\/wp-content\/uploads\/2025\/09\/FeatureImage1-NameFile.jpg?fit=1200%2C690&quality=100&ssl=1&resize=350%2C200","width":350,"height":200,"srcset":"https:\/\/i0.wp.com\/insightcrime.org\/wp-content\/uploads\/2025\/09\/FeatureImage1-NameFile.jpg?fit=1200%2C690&quality=100&ssl=1&resize=350%2C200 1x, https:\/\/i0.wp.com\/insightcrime.org\/wp-content\/uploads\/2025\/09\/FeatureImage1-NameFile.jpg?fit=1200%2C690&quality=100&ssl=1&resize=525%2C300 1.5x, https:\/\/i0.wp.com\/insightcrime.org\/wp-content\/uploads\/2025\/09\/FeatureImage1-NameFile.jpg?fit=1200%2C690&quality=100&ssl=1&resize=700%2C400 2x, https:\/\/i0.wp.com\/insightcrime.org\/wp-content\/uploads\/2025\/09\/FeatureImage1-NameFile.jpg?fit=1200%2C690&quality=100&ssl=1&resize=1050%2C600 3x"},"classes":[]},{"id":183210,"url":"https:\/\/insightcrime.org\/es\/noticias\/tensa-cooperacion-bilateral-anti-drogasmexicoeeuu\/","url_meta":{"origin":75810,"position":3},"title":"Clausura de unidad \u00e9lite nuevamente replantea cooperaci\u00f3n de seguridad entre M\u00e9xico y EE.UU.","author":"Victoria Dittmar","date":"25 de abril de 2022","format":false,"excerpt":"El gobierno mexicano desmantel\u00f3 una unidad especializada que colaboraba de manera cercana con agentes antidrogas de Estados Unidos, lo que plantea dudas sobre el estado actual de la cooperaci\u00f3n bilateral y la confianza entre ambos gobiernos para tratar con informaci\u00f3n sensible. El 21 de abril, el presidente mexicano Andr\u00e9s Manuel\u2026","rel":"","context":"En \u00abNoticias\u00bb","block_context":{"text":"Noticias","link":"https:\/\/insightcrime.org\/es\/category\/noticias\/"},"img":{"alt_text":"","src":"https:\/\/i0.wp.com\/insightcrime.org\/wp-content\/uploads\/2022\/04\/22-04-21-DEA-agent-Mexico-SIU.png?fit=350%2C250&quality=100&ssl=1&resize=350%2C200","width":350,"height":200},"classes":[]},{"id":322536,"url":"https:\/\/insightcrime.org\/es\/news\/mexico-reducir-crimen-financiero-nueva-ley-antilavado\/","url_meta":{"origin":75810,"position":4},"title":"\u00bfPodr\u00e1 M\u00e9xico reducir el crimen financiero con su nueva Ley Antilavado?","author":"Natalia Hidalgo","date":"24 de octubre de 2025","format":false,"excerpt":"Las reformas a la ley contra el lavado de dinero de M\u00e9xico a comienzos de este a\u00f1o inyectaron un aire de optimismo y representaron un paso clave en la lucha contra el crimen organizado. Sin embargo, los problemas persistentes podr\u00edan obstaculizar el fortalecimiento de los controles sobre las transacciones financieras\u2026","rel":"","context":"En \u00abNews\u00bb","block_context":{"text":"News","link":"https:\/\/insightcrime.org\/category\/news\/"},"img":{"alt_text":"","src":"https:\/\/i0.wp.com\/insightcrime.org\/wp-content\/uploads\/2025\/10\/Flagship-FeatureImage-Reforma-anti-lavado-de-dinero-Sept-2025.jpg?fit=1200%2C690&quality=100&ssl=1&resize=350%2C200","width":350,"height":200,"srcset":"https:\/\/i0.wp.com\/insightcrime.org\/wp-content\/uploads\/2025\/10\/Flagship-FeatureImage-Reforma-anti-lavado-de-dinero-Sept-2025.jpg?fit=1200%2C690&quality=100&ssl=1&resize=350%2C200 1x, https:\/\/i0.wp.com\/insightcrime.org\/wp-content\/uploads\/2025\/10\/Flagship-FeatureImage-Reforma-anti-lavado-de-dinero-Sept-2025.jpg?fit=1200%2C690&quality=100&ssl=1&resize=525%2C300 1.5x, https:\/\/i0.wp.com\/insightcrime.org\/wp-content\/uploads\/2025\/10\/Flagship-FeatureImage-Reforma-anti-lavado-de-dinero-Sept-2025.jpg?fit=1200%2C690&quality=100&ssl=1&resize=700%2C400 2x, https:\/\/i0.wp.com\/insightcrime.org\/wp-content\/uploads\/2025\/10\/Flagship-FeatureImage-Reforma-anti-lavado-de-dinero-Sept-2025.jpg?fit=1200%2C690&quality=100&ssl=1&resize=1050%2C600 3x"},"classes":[]},{"id":135683,"url":"https:\/\/insightcrime.org\/es\/noticias\/senadores-ee-uu-buscan-sancionar-presidente-honduras-crimenes\/","url_meta":{"origin":75810,"position":5},"title":"Senadores de EE. UU. buscan sancionar a presidente de Honduras por cr\u00edmenes","author":"H\u00e9ctor Silva \u00c1valos","date":"24 de febrero de 2021","format":false,"excerpt":"Ocho senadores dem\u00f3cratas de Estados Unidos presentaron un proyecto de ley que busca sancionar a Juan Orlando Hern\u00e1ndez, presidente de Honduras, y miembros de su gobierno por supuestos cr\u00edmenes de corrupci\u00f3n, narcotr\u00e1fico y violaciones a los derechos humanos.","rel":"","context":"En \u00abNoticias\u00bb","block_context":{"text":"Noticias","link":"https:\/\/insightcrime.org\/es\/category\/noticias\/"},"img":{"alt_text":"","src":"https:\/\/i0.wp.com\/insightcrime.org\/wp-content\/uploads\/2018\/06\/18-06-14-JOH.jpg?fit=350%2C250&quality=100&ssl=1&resize=350%2C200","width":350,"height":200},"classes":[]}],"jetpack_featured_media_url":"https:\/\/i0.wp.com\/insightcrime.org\/wp-content\/uploads\/2017\/12\/17-12-01-Mex-Security-Policy.jpg?fit=350%2C250&quality=100&ssl=1","_links":{"self":[{"href":"https:\/\/insightcrime.org\/es\/wp-json\/wp\/v2\/posts\/75810","targetHints":{"allow":["GET"]}}],"collection":[{"href":"https:\/\/insightcrime.org\/es\/wp-json\/wp\/v2\/posts"}],"about":[{"href":"https:\/\/insightcrime.org\/es\/wp-json\/wp\/v2\/types\/post"}],"author":[{"embeddable":true,"href":"https:\/\/insightcrime.org\/es\/wp-json\/wp\/v2\/users\/90"}],"replies":[{"embeddable":true,"href":"https:\/\/insightcrime.org\/es\/wp-json\/wp\/v2\/comments?post=75810"}],"version-history":[{"count":5,"href":"https:\/\/insightcrime.org\/es\/wp-json\/wp\/v2\/posts\/75810\/revisions"}],"predecessor-version":[{"id":75827,"href":"https:\/\/insightcrime.org\/es\/wp-json\/wp\/v2\/posts\/75810\/revisions\/75827"}],"wp:featuredmedia":[{"embeddable":true,"href":"https:\/\/insightcrime.org\/es\/wp-json\/wp\/v2\/media\/75638"}],"wp:attachment":[{"href":"https:\/\/insightcrime.org\/es\/wp-json\/wp\/v2\/media?parent=75810"}],"wp:term":[{"taxonomy":"category","embeddable":true,"href":"https:\/\/insightcrime.org\/es\/wp-json\/wp\/v2\/categories?post=75810"},{"taxonomy":"post_tag","embeddable":true,"href":"https:\/\/insightcrime.org\/es\/wp-json\/wp\/v2\/tags?post=75810"},{"taxonomy":"newspack_spnsrs_tax","embeddable":true,"href":"https:\/\/insightcrime.org\/es\/wp-json\/wp\/v2\/newspack_spnsrs_tax?post=75810"},{"taxonomy":"author","embeddable":true,"href":"https:\/\/insightcrime.org\/es\/wp-json\/wp\/v2\/coauthors?post=75810"}],"curies":[{"name":"wp","href":"https:\/\/api.w.org\/{rel}","templated":true}]}}