{"id":75942,"date":"2017-12-06T12:01:52","date_gmt":"2017-12-06T17:01:52","guid":{"rendered":"https:\/\/insightcrime.org\/?p=75942"},"modified":"2023-04-24T16:26:05","modified_gmt":"2023-04-24T21:26:05","slug":"pandilleros-guardias-acusados-asesinar-director-prision-guatemala","status":"publish","type":"post","link":"https:\/\/insightcrime.org\/es\/noticias\/noticias-del-dia\/pandilleros-guardias-acusados-asesinar-director-prision-guatemala\/","title":{"rendered":"Pandilleros y guardias son acusados de asesinar a director de prisi\u00f3n en Guatemala"},"content":{"rendered":"\n<p class=\"wp-block-paragraph\">Las autoridades de Guatemala han acusado a varios guardias de conspirar con supuestos pandilleros para asesinar al director de una prisi\u00f3n, lo que recuerda que la corrupci\u00f3n generalizada en el sistema penitenciario promueve la violencia y permite el control por parte de los criminales.<\/p>\n\n\n\n<p class=\"wp-block-paragraph\">El 4 de diciembre, la Fiscal\u00eda General de Guatemala<a href=\"https:\/\/www.mp.gob.gt\/noticias\/2017\/12\/04\/investigacion-de-fiscalia-de-delitos-contra-la-vida-permite-captura-de-presuntos-implicados-en-muerte-de-director-de-carcel-de-maxima-seguridad-implicados-guardias-del-sistema-penitenciario\/\" target=\"_blank\" rel=\"noopener\"> anunci\u00f3<\/a> el arresto de cuatro individuos acusados del asesinato, <a href=\"https:\/\/www.prensalibre.com\/ciudades\/escuintla\/ultiman-a-director-de-carcel-de-el-infiernito\" target=\"_blank\" rel=\"noopener\">el 27 de abril<\/a>, de Jos\u00e9 Mar\u00eda P\u00e9rez Corado, exdirector de la prisi\u00f3n de m\u00e1xima seguridad \u201cEl Infiernito\u201d.<\/p>\n\n\n\n<p class=\"wp-block-paragraph\">Seg\u00fan la Fiscal\u00eda General, miembros de la pandilla Barrio 18 planearon y ordenaron el asesinato de P\u00e9rez Corado porque \u00e9ste se neg\u00f3 a otorgarles ciertos privilegios \u2014al parecer derechos a visitas o acceso a tel\u00e9fonos celulares\u2014 a pandilleros encarcelados.<\/p>\n\n\n\n<p class=\"wp-block-paragraph\"><span style=\"color: #800000;\"><strong>VEA TAMBI\u00c9N:<\/strong><\/span> &nbsp;<a href=\"https:\/\/es.insightcrime.org\/noticias-sobre-crimen-organizado-en-guatemala\/\" target=\"_blank\" rel=\"noopener\">Noticias y perfiles de Guatemala<\/a><\/p>\n\n\n\n<p class=\"wp-block-paragraph\">Entre los acusados se encuentran el supuesto pandillero de Barrio 18 Ernesto Alonzo Luarca Quezada, alias \u201cSlapy\u201d, y tres guardias de la prisi\u00f3n. Los cargos contra los implicados incluyen asesinato, conspiraci\u00f3n para cometer asesinato y asociaci\u00f3n il\u00edcita.<\/p>\n\n\n\n<p class=\"wp-block-paragraph\">Otro exdirector de \u201cEl Infiernito\u201d, Am\u00edlcar Corado Gonz\u00e1lez, fue <a href=\"https:\/\/insightcrime.org\/news\/brief\/jailed-gangs-behind-killing-of-guatemala-prison-director\/\" target=\"_blank\" rel=\"noopener\">asesinado<\/a> en el a\u00f1o 2012, supuestamente por \u00f3rdenes de pandilleros presos.<\/p>\n\n\n\n<h3 class=\"wp-block-heading\">An\u00e1lisis de InSight Crime<\/h3>\n\n\n\n<p class=\"wp-block-paragraph\">La corrupci\u00f3n es un viejo problema en el sistema carcelario de Guatemala, y ha sido bastante evidente este a\u00f1o.<\/p>\n\n\n\n<p class=\"wp-block-paragraph\">Por ejemplo, en el mes de mayo surgieron <a href=\"https:\/\/es.insightcrime.org\/noticias\/noticias-del-dia\/alto-funcionario-prisiones-guatemala-es-filmado-negociando-pandillas-informe\/\" target=\"_blank\" rel=\"noopener\">algunos videos<\/a> en el que aparec\u00eda Nicol\u00e1s Garc\u00eda, el entonces director de la sistema penitenciario nacional, negociando con presos de la pandilla Barrio 18 en otra instalaci\u00f3n de m\u00e1xima seguridad. En uno de los videos, uno de los l\u00edderes de la pandilla, Rudy Francisco Alfaro, alias \u201cEl Pitufo\u201d, al parecer amenaza a Garc\u00eda dici\u00e9ndole que se derramar\u00eda sangre si era trasladado a \u201cEl Infiernito\u201d. P\u00e9rez Corado fue asesinado dos meses despu\u00e9s de dicho traslado.<\/p>\n\n\n\n<p class=\"wp-block-paragraph\">Garc\u00eda hab\u00eda sido destituido del alto cargo en el sistema penitenciario nacional en el mes de mayo, <a href=\"https:\/\/es.insightcrime.org\/noticias\/noticias-del-dia\/fuga-patrona-carcel-guatemala-muestra-corrupcion-institucional\/\" target=\"_blank\" rel=\"noopener\">tras la fuga<\/a> de una de las m\u00e1s importantes prisioneras de del pa\u00eds, Marixa Ethelinda Lemus P\u00e9rez, alias \u201cLa Patrona\u201d. Las autoridades afirman que la jefa criminal sali\u00f3 de la prisi\u00f3n con la ayuda de personal de la instituci\u00f3n. (Ella fue <a href=\"https:\/\/es.insightcrime.org\/noticias\/noticias-del-dia\/patrona-fugitiva-guatemala-fue-recapturada-salvador\/\" target=\"_blank\" rel=\"noopener\">capturada<\/a> de nuevo en El Salvador, poco antes del fin de mes.)<\/p>\n\n\n\n<p class=\"wp-block-paragraph\"><span style=\"color: #800000;\"><strong>VEA TAMBI\u00c9N:<\/strong><\/span> <a href=\"https:\/\/es.insightcrime.org\/indepth\/prisiones\/\" target=\"_blank\" rel=\"noopener\">InDepth: cobertura sobre las prisiones<\/a><\/p>\n\n\n\n<p class=\"wp-block-paragraph\">El hacinamiento y la falta de recursos son dos importantes generadores de corrupci\u00f3n en el sistema penitenciario de Guatemala.<\/p>\n\n\n\n<p class=\"wp-block-paragraph\">Cuando las autoridades descubren que no pueden ejercer el control en las <a href=\"https:\/\/es.insightcrime.org\/noticias\/noticias-del-dia\/intento-levantamiento-indica-falta-control-carceles-guatemala\/\" target=\"_blank\" rel=\"noopener\">hacinadas instalaciones<\/a>, suelen asignarles esta tarea a los grupos criminales. Adem\u00e1s, son comunes las quejas por las malas condiciones laborales y los <a href=\"https:\/\/www.prensalibre.com\/guatemala\/justicia\/guardias-del-sistema-penitenciario\" target=\"_blank\" rel=\"noopener\">bajos salarios<\/a>, lo que incentiva a los funcionarios de las prisiones a aceptar sobornos.<\/p>\n\n\n\n<p class=\"wp-block-paragraph\">La continua <a href=\"https:\/\/es.insightcrime.org\/noticias\/noticias-del-dia\/faltan-fondos-para-reformas-de-seguridad-y-justicia-en-triangulo-norte\/\" target=\"_blank\" rel=\"noopener\">escasez financiera<\/a> ha obstaculizado los esfuerzos por mejorar no s\u00f3lo el sistema penitenciario, sino adem\u00e1s otros aspectos de los sistemas policial y judicial de Guatemala. Prensa Libre <a href=\"https:\/\/www.prensalibre.com\/guatemala\/justicia\/ministerio-publico-de-guatemala-y-policia-nacional-civil-afectados-por-no-aprobarse-el-presupuesto\" target=\"_blank\" rel=\"noopener\">inform\u00f3<\/a> recientemente que el presupuesto general de Guatemala para 2018 no ha sido aprobado todav\u00eda, lo que ha llevado a que se detenga la construcci\u00f3n de nuevas prisiones y ha reducido los recursos disponibles para la polic\u00eda y los fiscales.<\/p>\n","protected":false},"excerpt":{"rendered":"<p>Las autoridades de Guatemala han acusado a varios guardias de conspirar con supuestos pandilleros para asesinar al director de una prisi\u00f3n, lo que recuerda que la corrupci\u00f3n generalizada en el sistema penitenciario promueve la violencia y permite el control por parte de los criminales.<\/p>\n","protected":false},"author":90,"featured_media":75858,"comment_status":"closed","ping_status":"closed","sticky":false,"template":"","format":"standard","meta":{"newspack_ads_suppress_ads":false,"newspack_popups_has_disabled_popups":false,"newspack_sponsor_sponsorship_scope":"","newspack_sponsor_native_byline_display":"inherit","newspack_sponsor_native_category_display":"inherit","newspack_sponsor_underwriter_style":"inherit","newspack_sponsor_underwriter_placement":"inherit","_EventAllDay":false,"_EventTimezone":"","_EventStartDate":"","_EventEndDate":"","_EventStartDateUTC":"","_EventEndDateUTC":"","_EventShowMap":false,"_EventShowMapLink":false,"_EventURL":"","_EventCost":"","_EventCostDescription":"","_EventCurrencySymbol":"","_EventCurrencyCode":"","_EventCurrencyPosition":"","_EventDateTimeSeparator":"","_EventTimeRangeSeparator":"","_EventOrganizerID":[],"_EventVenueID":[],"_OrganizerEmail":"","_OrganizerPhone":"","_OrganizerWebsite":"","_VenueAddress":"","_VenueCity":"","_VenueCountry":"","_VenueProvince":"","_VenueState":"","_VenueZip":"","_VenuePhone":"","_VenueURL":"","_VenueStateProvince":"","_VenueLat":"","_VenueLng":"","_VenueShowMap":false,"_VenueShowMapLink":false,"_newspack_byline_active":false,"_newspack_byline":"","newspack_hide_updated_date":false,"newspack_show_updated_date":false,"newspack_featured_image_position":"","newspack_post_subtitle":"","newspack_article_summary_title":"Overview:","newspack_article_summary":"","_jetpack_memberships_contains_paid_content":false,"footnotes":""},"categories":[334],"tags":[374,3021],"newspack_spnsrs_tax":[],"coauthors":[4065,3989],"class_list":["post-75942","post","type-post","status-publish","format-standard","has-post-thumbnail","hentry","category-noticias-del-dia","tag-guatemala-pais","tag-prisiones-es","entry"],"parsely":{"version":"1.1.0","canonical_url":"https:\/\/insightcrime.org\/es\/noticias\/noticias-del-dia\/pandilleros-guardias-acusados-asesinar-director-prision-guatemala\/","smart_links":{"inbound":0,"outbound":0},"traffic_boost_suggestions_count":0,"meta":{"@context":"https:\/\/schema.org","@type":"NewsArticle","headline":"Pandilleros y guardias son acusados de asesinar a director de prisi\u00f3n en Guatemala","url":"http:\/\/insightcrime.org\/es\/noticias\/noticias-del-dia\/pandilleros-guardias-acusados-asesinar-director-prision-guatemala\/","mainEntityOfPage":{"@type":"WebPage","@id":"http:\/\/insightcrime.org\/es\/noticias\/noticias-del-dia\/pandilleros-guardias-acusados-asesinar-director-prision-guatemala\/"},"thumbnailUrl":"https:\/\/i0.wp.com\/insightcrime.org\/wp-content\/uploads\/2017\/12\/17-12-05-El-Infiernito.jpg?resize=150%2C150&quality=100&ssl=1","image":{"@type":"ImageObject","url":"https:\/\/i0.wp.com\/insightcrime.org\/wp-content\/uploads\/2017\/12\/17-12-05-El-Infiernito.jpg?fit=350%2C250&quality=100&ssl=1"},"articleSection":"Noticias del d\u00eda","author":[{"@type":"Person","name":"Parker Asmann"},{"@type":"Person","name":"Mike LaSusa"}],"creator":["Parker Asmann","Mike LaSusa"],"publisher":{"@type":"Organization","name":"InSight Crime","logo":"https:\/\/insightcrime.org\/wp-content\/uploads\/2023\/08\/logo.png"},"keywords":["guatemala","prisiones"],"dateCreated":"2017-12-06T17:01:52Z","datePublished":"2017-12-06T17:01:52Z","dateModified":"2023-04-24T21:26:05Z"},"rendered":"<meta name=\"parsely-title\" content=\"Pandilleros y guardias son acusados de asesinar a director de prisi\u00f3n en Guatemala\" \/>\n<meta name=\"parsely-link\" content=\"http:\/\/insightcrime.org\/es\/noticias\/noticias-del-dia\/pandilleros-guardias-acusados-asesinar-director-prision-guatemala\/\" \/>\n<meta name=\"parsely-type\" content=\"post\" \/>\n<meta name=\"parsely-image-url\" content=\"https:\/\/i0.wp.com\/insightcrime.org\/wp-content\/uploads\/2017\/12\/17-12-05-El-Infiernito.jpg?resize=150%2C150&amp;quality=100&amp;ssl=1\" \/>\n<meta name=\"parsely-pub-date\" content=\"2017-12-06T17:01:52Z\" \/>\n<meta name=\"parsely-section\" content=\"Noticias del d\u00eda\" \/>\n<meta name=\"parsely-tags\" content=\"guatemala,prisiones\" \/>\n<meta name=\"parsely-author\" content=\"Parker Asmann\" \/>\n<meta name=\"parsely-author\" content=\"Mike LaSusa\" \/>","tracker_url":"https:\/\/cdn.parsely.com\/keys\/insightcrime.org\/p.js"},"jetpack_sharing_enabled":true,"jetpack-related-posts":[{"id":289816,"url":"https:\/\/insightcrime.org\/es\/noticias\/arrestos-guardias-penitenciarios-guatemala-muestra-vulnerabilidad-mujeres-reclusas\/","url_meta":{"origin":75942,"position":0},"title":"Detenciones dan cuenta de abusos contra mujeres en c\u00e1rceles de Guatemala","author":"Lara Loaiza","date":"28 de agosto de 2024","format":false,"excerpt":"Autoridades guatemaltecas han llevado a cabo m\u00faltiples arrestos de guardias de prisiones implicados en esquemas de explotaci\u00f3n sexual que victimizan a las mujeres encarceladas.","rel":"","context":"En \u00abNoticias\u00bb","block_context":{"text":"Noticias","link":"https:\/\/insightcrime.org\/es\/category\/noticias\/"},"img":{"alt_text":"","src":"https:\/\/i0.wp.com\/insightcrime.org\/wp-content\/uploads\/2024\/08\/Guatemala-prison-sexual-abuse.png?fit=350%2C250&quality=100&ssl=1&resize=350%2C200","width":350,"height":200},"classes":[]},{"id":299762,"url":"https:\/\/insightcrime.org\/es\/investigaciones\/ocurrio-cuando-guatemala-intento-despedir-102-guardias-penitenciarios\/","url_meta":{"origin":75942,"position":1},"title":"\u00bfQu\u00e9 ocurri\u00f3 cuando el Ministerio de Gobernaci\u00f3n de Guatemala intent\u00f3 despedir a 102 guardias penitenciarios se\u00f1alados de corrupci\u00f3n?","author":"Alex Papadovassilakis","date":"15 de enero de 2025","format":false,"excerpt":"En junio de 2024, el Ministerio de Gobernaci\u00f3n de Guatemala present\u00f3 una denuncia ante el Ministerio P\u00fablico contra 102 guardias penitenciarios se\u00f1alados de corrupci\u00f3n. Pero los fiscales a\u00fan no han iniciado una investigaci\u00f3n s\u00f3lida sobre el caso y es posible que tengan pocos incentivos para hacerlo.","rel":"","context":"En \u00abAudio\u00bb","block_context":{"text":"Audio","link":"https:\/\/insightcrime.org\/es\/category\/audio-es\/"},"img":{"alt_text":"","src":"https:\/\/i0.wp.com\/insightcrime.org\/wp-content\/uploads\/2025\/01\/Guatemala-Cover-Study-1-InSight-Crime-Ene-2025-1.jpg?fit=1200%2C690&quality=100&ssl=1&resize=350%2C200","width":350,"height":200,"srcset":"https:\/\/i0.wp.com\/insightcrime.org\/wp-content\/uploads\/2025\/01\/Guatemala-Cover-Study-1-InSight-Crime-Ene-2025-1.jpg?fit=1200%2C690&quality=100&ssl=1&resize=350%2C200 1x, https:\/\/i0.wp.com\/insightcrime.org\/wp-content\/uploads\/2025\/01\/Guatemala-Cover-Study-1-InSight-Crime-Ene-2025-1.jpg?fit=1200%2C690&quality=100&ssl=1&resize=525%2C300 1.5x, https:\/\/i0.wp.com\/insightcrime.org\/wp-content\/uploads\/2025\/01\/Guatemala-Cover-Study-1-InSight-Crime-Ene-2025-1.jpg?fit=1200%2C690&quality=100&ssl=1&resize=700%2C400 2x, https:\/\/i0.wp.com\/insightcrime.org\/wp-content\/uploads\/2025\/01\/Guatemala-Cover-Study-1-InSight-Crime-Ene-2025-1.jpg?fit=1200%2C690&quality=100&ssl=1&resize=1050%2C600 3x"},"classes":[]},{"id":333020,"url":"https:\/\/insightcrime.org\/es\/noticias\/como-crisis-pandillera-guatemala-alcanzo-punto-algido\/","url_meta":{"origin":75942,"position":2},"title":"C\u00f3mo la crisis pandillera en Guatemala alcanz\u00f3 un punto \u00e1lgido","author":"Alex Papadovassilakis","date":"18 de febrero de 2026","format":false,"excerpt":"Dos a\u00f1os despu\u00e9s de que el presidente de Guatemala prometiera un enfoque renovado, el pa\u00eds est\u00e1 regresando a la vieja f\u00f3rmula de pol\u00edticas de seguridad de mano dura en medio de un resurgimiento de la violencia asociada a las pandillas.","rel":"","context":"En \u00abNoticias\u00bb","block_context":{"text":"Noticias","link":"https:\/\/insightcrime.org\/es\/category\/noticias\/"},"img":{"alt_text":"MS13 gang violence guatemala ","src":"https:\/\/i0.wp.com\/insightcrime.org\/wp-content\/uploads\/2026\/02\/Feature-Image-A-soldier-patrols-during-a-state-of-emergency-Guatemala-City-AP26021548465526.jpg?fit=1200%2C690&quality=100&ssl=1&resize=350%2C200","width":350,"height":200,"srcset":"https:\/\/i0.wp.com\/insightcrime.org\/wp-content\/uploads\/2026\/02\/Feature-Image-A-soldier-patrols-during-a-state-of-emergency-Guatemala-City-AP26021548465526.jpg?fit=1200%2C690&quality=100&ssl=1&resize=350%2C200 1x, https:\/\/i0.wp.com\/insightcrime.org\/wp-content\/uploads\/2026\/02\/Feature-Image-A-soldier-patrols-during-a-state-of-emergency-Guatemala-City-AP26021548465526.jpg?fit=1200%2C690&quality=100&ssl=1&resize=525%2C300 1.5x, https:\/\/i0.wp.com\/insightcrime.org\/wp-content\/uploads\/2026\/02\/Feature-Image-A-soldier-patrols-during-a-state-of-emergency-Guatemala-City-AP26021548465526.jpg?fit=1200%2C690&quality=100&ssl=1&resize=700%2C400 2x, https:\/\/i0.wp.com\/insightcrime.org\/wp-content\/uploads\/2026\/02\/Feature-Image-A-soldier-patrols-during-a-state-of-emergency-Guatemala-City-AP26021548465526.jpg?fit=1200%2C690&quality=100&ssl=1&resize=1050%2C600 3x"},"classes":[]},{"id":292577,"url":"https:\/\/insightcrime.org\/es\/noticias\/pandillas-ecuador-atacan-directores-prisiones-retomar-control\/","url_meta":{"origin":75942,"position":3},"title":"Pandillas de Ecuador atacan a directores de prisiones para retomar el control","author":"Alicia Florez","date":"23 de septiembre de 2024","format":false,"excerpt":"La noche del 12 de septiembre, hombres armados asesinaron a Mar\u00eda Daniela Icaza, directora de la Penitenciar\u00eda del Litoral de Guayaquil, la c\u00e1rcel masculina m\u00e1s grande del pa\u00eds y el escenario de algunas de las masacres m\u00e1s aterradoras que han sacudido a Ecuador en los \u00faltimos a\u00f1os. El asesinato parece\u2026","rel":"","context":"En \u00abNoticias\u00bb","block_context":{"text":"Noticias","link":"https:\/\/insightcrime.org\/es\/category\/noticias\/"},"img":{"alt_text":"Un agente de polic\u00eda inspecciona el coche de Mar\u00eda Daniela Icaza, tras ser asesinada en Guayaquil ","src":"https:\/\/i0.wp.com\/insightcrime.org\/wp-content\/uploads\/2024\/09\/ecuador-police-guayaquil-prison-murder.jpg?fit=350%2C250&quality=100&ssl=1&resize=350%2C200","width":350,"height":200},"classes":[]},{"id":203481,"url":"https:\/\/insightcrime.org\/es\/noticias\/traslados-lideres-pandillas-detonan-violencia-carcelaria-ecuador\/","url_meta":{"origin":75942,"position":4},"title":"Traslados de l\u00edderes de pandillas son factores de violencia carcelaria en Ecuador","author":"Henry Shuldiner","date":"7 de noviembre de 2022","format":false,"excerpt":"Despu\u00e9s de otra serie de ataques contra las autoridades y la poblaci\u00f3n carcelaria de Ecuador, la estrategia \u00fanica del gobierno de trasladar los pandilleros de una prisi\u00f3n a otra parece ser el detonante de la violencia.","rel":"","context":"En \u00abNoticias\u00bb","block_context":{"text":"Noticias","link":"https:\/\/insightcrime.org\/es\/category\/noticias\/"},"img":{"alt_text":"Autom\u00f3vil incinerado en Guayaquil tras 24 horas de violencia carcelaria de las pandillas en Ecuador","src":"https:\/\/i0.wp.com\/insightcrime.org\/wp-content\/uploads\/2022\/11\/ZEUFGK75NJHX5KJZBY6YRD5UQA-1-1.jpg?fit=350%2C250&quality=100&ssl=1&resize=350%2C200","width":350,"height":200},"classes":[]},{"id":173548,"url":"https:\/\/insightcrime.org\/es\/news\/los-avatares-de-un-arroz-chino-para-colarse-en-una-prision-en-colombia\/","url_meta":{"origin":75942,"position":5},"title":"Los avatares de un arroz chino para colarse en una prisi\u00f3n en Colombia","author":"Gabrielle Gorder","date":"17 de diciembre de 2021","format":false,"excerpt":"El lucrativo negocio de domicilios secretos que ten\u00edan varios guardias penitenciarios en Colombia ofrece otro ejemplo de la diversidad de servicios a los que pueden tener acceso los privados de la libertad.","rel":"","context":"En \u00abNews\u00bb","block_context":{"text":"News","link":"https:\/\/insightcrime.org\/category\/news\/"},"img":{"alt_text":"contrabando-drones-prisiones","src":"https:\/\/i0.wp.com\/insightcrime.org\/wp-content\/uploads\/2021\/12\/drone_colombia_ElPais_11122021.jpg?fit=565%2C440&quality=100&ssl=1&resize=350%2C200","width":350,"height":200,"srcset":"https:\/\/i0.wp.com\/insightcrime.org\/wp-content\/uploads\/2021\/12\/drone_colombia_ElPais_11122021.jpg?fit=565%2C440&quality=100&ssl=1&resize=350%2C200 1x, https:\/\/i0.wp.com\/insightcrime.org\/wp-content\/uploads\/2021\/12\/drone_colombia_ElPais_11122021.jpg?fit=565%2C440&quality=100&ssl=1&resize=525%2C300 1.5x"},"classes":[]}],"jetpack_featured_media_url":"https:\/\/i0.wp.com\/insightcrime.org\/wp-content\/uploads\/2017\/12\/17-12-05-El-Infiernito.jpg?fit=350%2C250&quality=100&ssl=1","_links":{"self":[{"href":"https:\/\/insightcrime.org\/es\/wp-json\/wp\/v2\/posts\/75942","targetHints":{"allow":["GET"]}}],"collection":[{"href":"https:\/\/insightcrime.org\/es\/wp-json\/wp\/v2\/posts"}],"about":[{"href":"https:\/\/insightcrime.org\/es\/wp-json\/wp\/v2\/types\/post"}],"author":[{"embeddable":true,"href":"https:\/\/insightcrime.org\/es\/wp-json\/wp\/v2\/users\/90"}],"replies":[{"embeddable":true,"href":"https:\/\/insightcrime.org\/es\/wp-json\/wp\/v2\/comments?post=75942"}],"version-history":[{"count":3,"href":"https:\/\/insightcrime.org\/es\/wp-json\/wp\/v2\/posts\/75942\/revisions"}],"predecessor-version":[{"id":75946,"href":"https:\/\/insightcrime.org\/es\/wp-json\/wp\/v2\/posts\/75942\/revisions\/75946"}],"wp:featuredmedia":[{"embeddable":true,"href":"https:\/\/insightcrime.org\/es\/wp-json\/wp\/v2\/media\/75858"}],"wp:attachment":[{"href":"https:\/\/insightcrime.org\/es\/wp-json\/wp\/v2\/media?parent=75942"}],"wp:term":[{"taxonomy":"category","embeddable":true,"href":"https:\/\/insightcrime.org\/es\/wp-json\/wp\/v2\/categories?post=75942"},{"taxonomy":"post_tag","embeddable":true,"href":"https:\/\/insightcrime.org\/es\/wp-json\/wp\/v2\/tags?post=75942"},{"taxonomy":"newspack_spnsrs_tax","embeddable":true,"href":"https:\/\/insightcrime.org\/es\/wp-json\/wp\/v2\/newspack_spnsrs_tax?post=75942"},{"taxonomy":"author","embeddable":true,"href":"https:\/\/insightcrime.org\/es\/wp-json\/wp\/v2\/coauthors?post=75942"}],"curies":[{"name":"wp","href":"https:\/\/api.w.org\/{rel}","templated":true}]}}