{"id":76310,"date":"2017-12-15T17:08:39","date_gmt":"2017-12-15T22:08:39","guid":{"rendered":"https:\/\/insightcrime.org\/?p=76310"},"modified":"2023-04-24T16:26:13","modified_gmt":"2023-04-24T21:26:13","slug":"video-grupo-criminal-colombia-urabenos-busca-escapatoria","status":"publish","type":"post","link":"https:\/\/insightcrime.org\/es\/noticias\/analisis\/video-grupo-criminal-colombia-urabenos-busca-escapatoria\/","title":{"rendered":"Video: Grupo criminal de Colombia, Los Gaitanistas busca escapatoria"},"content":{"rendered":"\n<p class=\"wp-block-paragraph\">Tras recibir varios duros golpes, el grupo criminal Los Gaitanistas, de Colombia, ha anunciado un cese el fuego unilateral, como un \u00faltimo intento de negociar con el Gobierno. Los directores de InSight Crime, Steven Dudley y Jeremy McDermott, discuten las posibles consecuencias que tendr\u00eda una rendici\u00f3n de Los Gaitanistas en el tr\u00e1fico de drogas en el pa\u00eds suramericano.<\/p>\n\n\n\n<p class=\"wp-block-paragraph\">Los Gaitanistas, tambi\u00e9n conocidos como Clan del Golfo, Urabe\u00f1os y Autodefensas Gaitanistas de Colombia (AGC), la principal organizaci\u00f3n narcotraficante colombiana actualmente, anunci\u00f3, a trav\u00e9s de una <a href=\"https:\/\/autodefensasgaitanistasdecolombia.org\/agc2\/index.php\/2011-11-25-07-20-55\/160-comunicado-diciembre-13-de-2017\" target=\"_blank\" rel=\"noopener\">declaraci\u00f3n<\/a> del 13 de diciembre, que cesar\u00edan las hostilidades durante la \u00e9poca de Navidad.<\/p>\n\n\n\n<p class=\"wp-block-paragraph\">El documento, que consta de ocho puntos, llama a los otros grupos armados a que tambi\u00e9n suspendan las hostilidades temporalmente. En particular, llaman al Ej\u00e9rcito de Liberaci\u00f3n Nacional (ELN), con quienes las AGC han tenido <a href=\"https:\/\/es.insightcrime.org\/noticias\/analisis\/historia-de-violencia-se-repite-en-choco-departamento-estrategico-de-colombia\/\" target=\"_blank\" rel=\"noopener\">violentos enfrentamientos<\/a> este a\u00f1o, a que haga un alto el fuego en todo el pa\u00eds.<\/p>\n\n\n\n<p class=\"wp-block-paragraph\"><iframe loading=\"lazy\" style=\"border: none; overflow: hidden;\" src=\"https:\/\/www.facebook.com\/plugins\/video.php?href=https%3A%2F%2Fwww.facebook.com%2FInSightCrimeEspanol%2Fvideos%2F1554278541325722%2F&amp;show_text=0&amp;width=560\" width=\"560\" height=\"315\" frameborder=\"0\" scrolling=\"no\" allowfullscreen=\"allowfullscreen\"><\/iframe><\/p>\n\n\n\n<p class=\"wp-block-paragraph\">El presidente Juan Manuel Santos \u201ccalific\u00f3 como positivo el anuncio del Clan del Golfo [como tambi\u00e9n se conoce a las AGC] de cesar actividades militares, pero advirti\u00f3 que la Fuerza P\u00fablica no dejar\u00e1 de ejercer presi\u00f3n contra esta estructura criminal\u201d, como lo se\u00f1ala un <a href=\"https:\/\/es.presidencia.gov.co\/sitios\/busqueda\/noticia\/171214-Ni-en-incautacion-de-coca-ni-en-extradicion-bajaremos-la-guardia-afirma-el-Presidente\/Noticia\" target=\"_blank\" rel=\"noopener\">comunicado de prensa<\/a> de la Presidencia.<\/p>\n\n\n\n<p class=\"wp-block-paragraph\">Esta presi\u00f3n del gobierno ha aumentado en los \u00faltimos tres a\u00f1os, y desde principios de 2015 se lanz\u00f3 la <a href=\"https:\/\/es.insightcrime.org\/noticias\/analisis\/mayor-operativo-persecucion-colombia-ha-logrado-atrapar-objetivo-principal-esta-razon\/\" target=\"_blank\" rel=\"noopener\">Operaci\u00f3n Agamen\u00f3n<\/a>, cuyo objetivo es ir tras las AGC en su basti\u00f3n tradicional, la subregi\u00f3n de Urab\u00e1 en la costa Caribe colombiana. Las operaciones conjuntas entre la polic\u00eda y el ej\u00e9rcito, los bombardeos a\u00e9reos a los campamentos de las AGC, y la creaci\u00f3n, en el <a href=\"https:\/\/www.elcolombiano.com\/colombia\/revivio-el-bloque-de-busqueda-contra-la-mafia-JN3690803\" target=\"_blank\" rel=\"noopener\">a\u00f1o 2016<\/a>, de una unidad especial de la polic\u00eda contra el crimen organizado, denominada \u201cBloque de B\u00fasqueda\u201d, han tenido impactos visibles sobre la estructura criminal.<\/p>\n\n\n\n<p class=\"wp-block-paragraph\">Junto con las<a href=\"https:\/\/es.insightcrime.org\/noticias\/analisis\/enorme-decomiso-cocaina-colombia-muestra-indicios-reorganizacion-hampa\/\" target=\"_blank\" rel=\"noopener\"> incautaciones de toneladas<\/a> de coca\u00edna, &nbsp;que han debilitado al grupo, en pocos meses las fuerzas de seguridad han derribado al segundo y tercer hombre al mando de la agrupaci\u00f3n. Inicialmente, a finales de agosto de este a\u00f1o, con la <a href=\"https:\/\/es.insightcrime.org\/noticias\/noticias-del-dia\/segundo-hombre-mando-urabenos-muere-operativo-seguridad-colombia\/\" target=\"_blank\" rel=\"noopener\">muerte de Roberto Vargas Guti\u00e9rrez<\/a>, alias \u201cGavil\u00e1n\u201d, a manos de las fuerzas de seguridad, y despu\u00e9s, en el mes de noviembre, cuando las autoridades <a href=\"https:\/\/www.elpais.com.co\/judicial\/asi-cayo-alias-inglaterra-segundo-del-clan-del-golfo.html\" target=\"_blank\" rel=\"noopener\">dieron de baja<\/a> al sucesor de Gavil\u00e1n como el segundo hombre al frente del grupo, Luis Orlando Padierma, alias \u201cInglaterra\u201d. <a href=\"https:\/\/www.eltiempo.com\/justicia\/investigacion\/clan-del-golfo-anuncia-cese-unilateral-de-hostilidades-161484\" target=\"_blank\" rel=\"noopener\">Seg\u00fan El Tiempo<\/a>, en los \u00faltimos cuatro a\u00f1os el grupo ha perdido la mitad de sus miembros.<\/p>\n\n\n\n<p class=\"wp-block-paragraph\">Estos golpes han acorralado a Dairo Antonio \u00dasuga, alias \u201cOtoniel\u201d, el cabecilla de las AGC. En septiembre, unos d\u00edas despu\u00e9s de la muerte de Gavil\u00e1n, Otoniel les propuso a las autoridades <a href=\"https:\/\/es.insightcrime.org\/noticias\/analisis\/tras-muerte-de-segundo-al-mando-urabenos-de-colombia-ofrecen-rendicion\/\" target=\"_blank\" rel=\"noopener\">negociar su rendici\u00f3n<\/a>. La reciente declaraci\u00f3n reafirma el deseo de las AGC de entrar en negociaciones de paz con el gobierno, como un <a href=\"https:\/\/www.eltiempo.com\/justicia\/investigacion\/clan-del-golfo-anuncia-cese-unilateral-de-hostilidades-161484\" target=\"_blank\" rel=\"noopener\">intento de convertir<\/a> al grupo en un actor pol\u00edtico.<\/p>\n\n\n\n<p class=\"wp-block-paragraph\">Sin embargo, los comentarios de Santos muestran que la postura oficial es inequ\u00edvoca: no habr\u00e1 conversaciones de paz como las que se han llevado a cabo con las Fuerzas Armadas Revolucionarias de Colombia (FARC) y el ELN. Las \u00fanicas dos opciones para las AGC son entregarse a la justicia, o arriesgarse a ser aniquilados.<\/p>\n\n\n\n<p class=\"wp-block-paragraph\"><span style=\"color: #800000;\"><strong>VEA TAMBI\u00c9N<\/strong>:<\/span> <a href=\"https:\/\/es.insightcrime.org\/tag\/paz-con-las-farc\/\" target=\"_blank\" rel=\"noopener\">Cobertura del acuerdo de paz con las FARC<\/a><\/p>\n\n\n\n<p class=\"wp-block-paragraph\">M\u00e1s all\u00e1 de los par\u00e1metros que tendr\u00eda una posible rendici\u00f3n de las AGC, existe incertidumbre acerca de sus consecuencias para el comercio de las drogas en Colombia y para la criminalidad en el pa\u00eds, que actualmente se compone de redes criminales que interact\u00faan entre s\u00ed.<\/p>\n\n\n\n<p class=\"wp-block-paragraph\">\u201cLa salida de Los Urabe\u00f1os de esta nueva din\u00e1mica ser\u00e1 significativa, pero no generar\u00e1 cambios importantes en la exportaci\u00f3n de coca\u00edna en el pa\u00eds\u201d, se\u00f1al\u00f3 Jeremy McDermott, director de InSight Crime.<\/p>\n\n\n\n<p class=\"wp-block-paragraph\">\u201cS\u00f3lo eliminar\u00e1 uno de los rostros m\u00e1s visibles de dicho comercio en la actualidad, y tal vez habr\u00e1 un cambio geogr\u00e1fico [\u2026] La red criminal podr\u00eda cambiar de centro de operaciones, y trasladarse [de Urab\u00e1] a otra parte del pa\u00eds. Y apostamos a que ser\u00e1 a los Llanos Orientales, cerca de las fronteras con Venezuela y Brasil\u201d.<\/p>\n","protected":false},"excerpt":{"rendered":"<p>Tras recibir varios duros golpes, el grupo criminal Los Urabe\u00f1os, de Colombia, ha anunciado un cese el fuego unilateral, como un \u00faltimo intento de negociar con el Gobierno. Los directores de InSight Crime, Steven Dudley y Jeremy McDermott, discuten las posibles consecuencias que tendr\u00eda una rendici\u00f3n de Los Urabe\u00f1os en el tr\u00e1fico de drogas en el pa\u00eds suramericano.<\/p>\n","protected":false},"author":79,"featured_media":76289,"comment_status":"closed","ping_status":"closed","sticky":false,"template":"","format":"standard","meta":{"newspack_ads_suppress_ads":false,"newspack_popups_has_disabled_popups":false,"newspack_sponsor_sponsorship_scope":"","newspack_sponsor_native_byline_display":"inherit","newspack_sponsor_native_category_display":"inherit","newspack_sponsor_underwriter_style":"inherit","newspack_sponsor_underwriter_placement":"inherit","_EventAllDay":false,"_EventTimezone":"","_EventStartDate":"","_EventEndDate":"","_EventStartDateUTC":"","_EventEndDateUTC":"","_EventShowMap":false,"_EventShowMapLink":false,"_EventURL":"","_EventCost":"","_EventCostDescription":"","_EventCurrencySymbol":"","_EventCurrencyCode":"","_EventCurrencyPosition":"","_EventDateTimeSeparator":"","_EventTimeRangeSeparator":"","_EventOrganizerID":[],"_EventVenueID":[],"_OrganizerEmail":"","_OrganizerPhone":"","_OrganizerWebsite":"","_VenueAddress":"","_VenueCity":"","_VenueCountry":"","_VenueProvince":"","_VenueState":"","_VenueZip":"","_VenuePhone":"","_VenueURL":"","_VenueStateProvince":"","_VenueLat":"","_VenueLng":"","_VenueShowMap":false,"_VenueShowMapLink":false,"_newspack_byline_active":false,"_newspack_byline":"","newspack_hide_updated_date":false,"newspack_show_updated_date":false,"newspack_featured_image_position":"","newspack_post_subtitle":"","newspack_article_summary_title":"Overview:","newspack_article_summary":"","_jetpack_memberships_contains_paid_content":false,"footnotes":""},"categories":[340],"tags":[368,2927,438],"newspack_spnsrs_tax":[],"coauthors":[4036],"class_list":["post-76310","post","type-post","status-publish","format-standard","has-post-thumbnail","hentry","category-analisis","tag-colombia-pais","tag-gaitanistas","tag-politicas-de-seguridad","entry"],"parsely":{"version":"1.1.0","canonical_url":"https:\/\/insightcrime.org\/es\/noticias\/analisis\/video-grupo-criminal-colombia-urabenos-busca-escapatoria\/","smart_links":{"inbound":0,"outbound":0},"traffic_boost_suggestions_count":0,"meta":{"@context":"https:\/\/schema.org","@type":"NewsArticle","headline":"Video: Grupo criminal de Colombia, Los Gaitanistas busca escapatoria","url":"http:\/\/insightcrime.org\/es\/noticias\/analisis\/video-grupo-criminal-colombia-urabenos-busca-escapatoria\/","mainEntityOfPage":{"@type":"WebPage","@id":"http:\/\/insightcrime.org\/es\/noticias\/analisis\/video-grupo-criminal-colombia-urabenos-busca-escapatoria\/"},"thumbnailUrl":"https:\/\/i0.wp.com\/insightcrime.org\/wp-content\/uploads\/2017\/12\/17-12-15-Colombia-Urabe%C3%B1os-ceasfeire.jpg?resize=150%2C150&quality=100&ssl=1","image":{"@type":"ImageObject","url":"https:\/\/i0.wp.com\/insightcrime.org\/wp-content\/uploads\/2017\/12\/17-12-15-Colombia-Urabe%C3%B1os-ceasfeire.jpg?fit=350%2C250&quality=100&ssl=1"},"articleSection":"An\u00e1lisis","author":[{"@type":"Person","name":"Tristan Clavel"}],"creator":["Tristan Clavel"],"publisher":{"@type":"Organization","name":"InSight Crime","logo":"https:\/\/insightcrime.org\/wp-content\/uploads\/2023\/08\/logo.png"},"keywords":["colombia","gaitanistas","pol\u00edticas de seguridad"],"dateCreated":"2017-12-15T22:08:39Z","datePublished":"2017-12-15T22:08:39Z","dateModified":"2023-04-24T21:26:13Z"},"rendered":"<meta name=\"parsely-title\" content=\"Video: Grupo criminal de Colombia, Los Gaitanistas busca escapatoria\" \/>\n<meta name=\"parsely-link\" content=\"http:\/\/insightcrime.org\/es\/noticias\/analisis\/video-grupo-criminal-colombia-urabenos-busca-escapatoria\/\" \/>\n<meta name=\"parsely-type\" content=\"post\" \/>\n<meta name=\"parsely-image-url\" content=\"https:\/\/i0.wp.com\/insightcrime.org\/wp-content\/uploads\/2017\/12\/17-12-15-Colombia-Urabe%C3%B1os-ceasfeire.jpg?resize=150%2C150&amp;quality=100&amp;ssl=1\" \/>\n<meta name=\"parsely-pub-date\" content=\"2017-12-15T22:08:39Z\" \/>\n<meta name=\"parsely-section\" content=\"An\u00e1lisis\" \/>\n<meta name=\"parsely-tags\" content=\"colombia,gaitanistas,pol\u00edticas de seguridad\" \/>\n<meta name=\"parsely-author\" content=\"Tristan Clavel\" \/>","tracker_url":"https:\/\/cdn.parsely.com\/keys\/insightcrime.org\/p.js"},"jetpack_sharing_enabled":true,"jetpack-related-posts":[{"id":232650,"url":"https:\/\/insightcrime.org\/es\/noticias\/ataques-mina-oro-colombia-revelan-empoderamiento-gaitanistas\/","url_meta":{"origin":76310,"position":0},"title":"Ataques a la mayor mina de oro de Colombia revelan empoderamiento de los Gaitanistas","author":"Sean Doherty","date":"9 de junio de 2023","format":false,"excerpt":"Los ataques que ha sufrido la mayor mina de oro de Colombia por parte de los gaitanistas, una de las organizaciones criminales m\u00e1s fuertes del pa\u00eds, pone en evidencia que el grupo tiene cada vez menos reparos en atacar los intereses de empresas poderosas.","rel":"","context":"En \u00abNoticias\u00bb","block_context":{"text":"Noticias","link":"https:\/\/insightcrime.org\/es\/category\/noticias\/"},"img":{"alt_text":"Mineros en t\u00fanel de la mina de Zijin Continental Gold, en Buritic\u00e1, Antioquia, afectada por la miner\u00eda ilegal","src":"https:\/\/i0.wp.com\/insightcrime.org\/wp-content\/uploads\/2023\/09\/Zijin-cropped-1.jpg?fit=350%2C250&quality=100&ssl=1&resize=350%2C200","width":350,"height":200},"classes":[]},{"id":212048,"url":"https:\/\/insightcrime.org\/es\/noticias\/asesinato-lider-gaitanista-refleja-divisiones-paz-total-colombia\/","url_meta":{"origin":76310,"position":1},"title":"Asesinato de l\u00edder gaitanista refleja divisiones internas frente a la Paz Total en Colombia","author":"Sara Garcia","date":"6 de marzo de 2023","format":false,"excerpt":"El asesinato de un alto mando de las Autodefensas Gaitanistas de Colombia (AGC) a manos de sus propios hombres revela la discordia dentro de la organizaci\u00f3n criminal mientras se prepara para negociar con el gobierno colombiano como parte de la estrategia \"Paz Total\".","rel":"","context":"En \u00abNoticias\u00bb","block_context":{"text":"Noticias","link":"https:\/\/insightcrime.org\/es\/category\/noticias\/"},"img":{"alt_text":"Wilmer Antonio Giraldo Quiroz, alias \"Siopas\", un alto miembro de las Autodefensas Gaitanistas de Colombia (AGC)","src":"https:\/\/i0.wp.com\/insightcrime.org\/wp-content\/uploads\/2023\/03\/siopas-jpg-resized-e1678119794306.jpeg?fit=350%2C250&quality=100&ssl=1&resize=350%2C200","width":350,"height":200},"classes":[]},{"id":232490,"url":"https:\/\/insightcrime.org\/es\/noticias\/gaitanistas-tren-de-aragua-enfrentarse-bogota-colombia\/","url_meta":{"origin":76310,"position":2},"title":"Gaitanistas y Tren de Aragua: lejos de enfrentarse en Bogot\u00e1, Colombia","author":"Juan Diego C\u00e1rdenas","date":"29 de agosto de 2023","format":false,"excerpt":"La circulaci\u00f3n de panfletos y video-amenazas de grupos criminales en Bogot\u00e1 reabri\u00f3 el debate sobre la presencia real de estas organizaciones en la capital colombiana, sin embargo, expertos en seguridad ponen en duda su poder.\u00a0","rel":"","context":"En \u00abNoticias\u00bb","block_context":{"text":"Noticias","link":"https:\/\/insightcrime.org\/es\/category\/noticias\/"},"img":{"alt_text":"Personas capturadas por la Polic\u00eda por presunto microtr\u00e1fico","src":"https:\/\/i0.wp.com\/insightcrime.org\/wp-content\/uploads\/2023\/09\/Bogota-disputas-1-1.jpg?fit=350%2C250&quality=100&ssl=1&resize=350%2C200","width":350,"height":200},"classes":[]},{"id":233319,"url":"https:\/\/insightcrime.org\/es\/colombia-organized-crime-news\/los-caparrapos\/","url_meta":{"origin":76310,"position":3},"title":"Los Caparros","author":"InSight Crime","date":"15 de enero de 2024","format":false,"excerpt":"Los Caparros son un grupo criminal colombiano relacionado con el tr\u00e1fico de drogas en Antioquia y C\u00f3rdoba.","rel":"","context":"En \u00abColombia\u00bb","block_context":{"text":"Colombia","link":"https:\/\/insightcrime.org\/category\/colombia-organized-crime-news\/"},"img":{"alt_text":"Grupo criminal - Los Caparros - Colombia.","src":"https:\/\/i0.wp.com\/insightcrime.org\/wp-content\/uploads\/2026\/08\/Grupo-Criminal-Los-Caparros-Colombia.jpg?fit=1200%2C900&quality=100&ssl=1&resize=350%2C200","width":350,"height":200,"srcset":"https:\/\/i0.wp.com\/insightcrime.org\/wp-content\/uploads\/2026\/08\/Grupo-Criminal-Los-Caparros-Colombia.jpg?fit=1200%2C900&quality=100&ssl=1&resize=350%2C200 1x, https:\/\/i0.wp.com\/insightcrime.org\/wp-content\/uploads\/2026\/08\/Grupo-Criminal-Los-Caparros-Colombia.jpg?fit=1200%2C900&quality=100&ssl=1&resize=525%2C300 1.5x, https:\/\/i0.wp.com\/insightcrime.org\/wp-content\/uploads\/2026\/08\/Grupo-Criminal-Los-Caparros-Colombia.jpg?fit=1200%2C900&quality=100&ssl=1&resize=700%2C400 2x, https:\/\/i0.wp.com\/insightcrime.org\/wp-content\/uploads\/2026\/08\/Grupo-Criminal-Los-Caparros-Colombia.jpg?fit=1200%2C900&quality=100&ssl=1&resize=1050%2C600 3x"},"classes":[]},{"id":316596,"url":"https:\/\/insightcrime.org\/es\/noticias\/series-anuales\/insights-del-verano-2025-chiquito-malo-comandante-confederacion-criminal-autodefensas-gaitanistas-colombia\/","url_meta":{"origin":76310,"position":4},"title":"Chiquito Malo: el comandante de la confederaci\u00f3n criminal de las Autodefensas Gaitanistas de Colombia","author":"InSight Crime","date":"21 de agosto de 2025","format":false,"excerpt":"\u00bfQui\u00e9n es Chiquito Malo? El m\u00e1ximo comandante de los Gaitanistas, una de las estructuras criminales m\u00e1s grandes de Colombia, con presencia en m\u00e1s de la mitad de los departamentos del pa\u00eds. Un cerebro criminal, que ha dirigido la guerra de los Gaitanistas contra los grupos armados colombianos y ha gestionado\u2026","rel":"","context":"En \u00abNoticias\u00bb","block_context":{"text":"Noticias","link":"https:\/\/insightcrime.org\/es\/category\/noticias\/"},"img":{"alt_text":"","src":"https:\/\/i0.wp.com\/insightcrime.org\/wp-content\/uploads\/2025\/08\/Cover-Chiquito-maloESP-Summer-InSights-2025.jpg?fit=1200%2C690&quality=100&ssl=1&resize=350%2C200","width":350,"height":200,"srcset":"https:\/\/i0.wp.com\/insightcrime.org\/wp-content\/uploads\/2025\/08\/Cover-Chiquito-maloESP-Summer-InSights-2025.jpg?fit=1200%2C690&quality=100&ssl=1&resize=350%2C200 1x, https:\/\/i0.wp.com\/insightcrime.org\/wp-content\/uploads\/2025\/08\/Cover-Chiquito-maloESP-Summer-InSights-2025.jpg?fit=1200%2C690&quality=100&ssl=1&resize=525%2C300 1.5x, https:\/\/i0.wp.com\/insightcrime.org\/wp-content\/uploads\/2025\/08\/Cover-Chiquito-maloESP-Summer-InSights-2025.jpg?fit=1200%2C690&quality=100&ssl=1&resize=700%2C400 2x, https:\/\/i0.wp.com\/insightcrime.org\/wp-content\/uploads\/2025\/08\/Cover-Chiquito-maloESP-Summer-InSights-2025.jpg?fit=1200%2C690&quality=100&ssl=1&resize=1050%2C600 3x"},"classes":[]},{"id":213190,"url":"https:\/\/insightcrime.org\/es\/noticias\/paz-total-colombia-tropieza-gaitanistas\/","url_meta":{"origin":76310,"position":5},"title":"La Paz Total en Colombia tropieza con la violencia de los Gaitanistas","author":"Javier Lizcano Villalba","date":"24 de marzo de 2023","format":false,"excerpt":"Los recientes ataques por parte de segmentos de las AGC a las fuerzas de seguridad colombianas generan dudas sobre las posturas dentro de la organizaci\u00f3n y la capacidad de sus l\u00edderes para controlar y desmovilizar el grupo.","rel":"","context":"En \u00abNoticias\u00bb","block_context":{"text":"Noticias","link":"https:\/\/insightcrime.org\/es\/category\/noticias\/"},"img":{"alt_text":"Gustavo Petro camina con su esquema de seguridad mientras asiste a una reuni\u00f3n de seguridad","src":"https:\/\/i0.wp.com\/insightcrime.org\/wp-content\/uploads\/2023\/03\/Petro-AGC.jpg?fit=350%2C250&quality=100&ssl=1&resize=350%2C200","width":350,"height":200},"classes":[]}],"jetpack_featured_media_url":"https:\/\/i0.wp.com\/insightcrime.org\/wp-content\/uploads\/2017\/12\/17-12-15-Colombia-Urabe%C3%B1os-ceasfeire.jpg?fit=350%2C250&quality=100&ssl=1","_links":{"self":[{"href":"https:\/\/insightcrime.org\/es\/wp-json\/wp\/v2\/posts\/76310","targetHints":{"allow":["GET"]}}],"collection":[{"href":"https:\/\/insightcrime.org\/es\/wp-json\/wp\/v2\/posts"}],"about":[{"href":"https:\/\/insightcrime.org\/es\/wp-json\/wp\/v2\/types\/post"}],"author":[{"embeddable":true,"href":"https:\/\/insightcrime.org\/es\/wp-json\/wp\/v2\/users\/79"}],"replies":[{"embeddable":true,"href":"https:\/\/insightcrime.org\/es\/wp-json\/wp\/v2\/comments?post=76310"}],"version-history":[{"count":6,"href":"https:\/\/insightcrime.org\/es\/wp-json\/wp\/v2\/posts\/76310\/revisions"}],"predecessor-version":[{"id":211902,"href":"https:\/\/insightcrime.org\/es\/wp-json\/wp\/v2\/posts\/76310\/revisions\/211902"}],"wp:featuredmedia":[{"embeddable":true,"href":"https:\/\/insightcrime.org\/es\/wp-json\/wp\/v2\/media\/76289"}],"wp:attachment":[{"href":"https:\/\/insightcrime.org\/es\/wp-json\/wp\/v2\/media?parent=76310"}],"wp:term":[{"taxonomy":"category","embeddable":true,"href":"https:\/\/insightcrime.org\/es\/wp-json\/wp\/v2\/categories?post=76310"},{"taxonomy":"post_tag","embeddable":true,"href":"https:\/\/insightcrime.org\/es\/wp-json\/wp\/v2\/tags?post=76310"},{"taxonomy":"newspack_spnsrs_tax","embeddable":true,"href":"https:\/\/insightcrime.org\/es\/wp-json\/wp\/v2\/newspack_spnsrs_tax?post=76310"},{"taxonomy":"author","embeddable":true,"href":"https:\/\/insightcrime.org\/es\/wp-json\/wp\/v2\/coauthors?post=76310"}],"curies":[{"name":"wp","href":"https:\/\/api.w.org\/{rel}","templated":true}]}}