{"id":7635,"date":"2015-02-25T15:50:44","date_gmt":"2017-03-28T00:07:14","guid":{"rendered":"http:\/\/newwp.insightcrime.org?p=7635"},"modified":"2023-04-24T15:44:11","modified_gmt":"2023-04-24T20:44:11","slug":"activistas-restitucion-tierras-colombia-enfrentan-crecientes-amenazas","status":"publish","type":"post","link":"https:\/\/insightcrime.org\/es\/noticias\/noticias-del-dia\/activistas-restitucion-tierras-colombia-enfrentan-crecientes-amenazas\/","title":{"rendered":"Activistas de restituci\u00f3n de tierras en Colombia enfrentan crecientes amenazas"},"content":{"rendered":"\n<p class=\"wp-block-paragraph\">Las amenazas documentadas contra activistas de derechos humanos de Colombia se dispararon en 2014, lo cual es una se\u00f1al de los esfuerzos de ciertos oscuros grupos de inter\u00e9s por poner fin a los esfuerzos de restituci\u00f3n de tierras.<\/p>\n\n\n\n<p class=\"wp-block-paragraph\">Alrededor de 626 amenazas contra activistas de derechos humanos fueron documentadas en 2014, un incremento del 71 por ciento frente a los 366 casos del a\u00f1o anterior, se\u00f1al\u00f3 en su \u00faltimo informe la ONG de derechos humanos colombiana Somos Defensores. Los grupos armados que buscan <a href=\"\/news\/analysis\/colombias-anti-land-restitution-army\" target=\"_blank\">sabotear los procesos de paz y de restituci\u00f3n de tierras<\/a> en curso en Colombia fueron responsables de la mayor parte de estas amenazas, en particular Las \u00c1guilas Negras y Los Rastrojos, dijo a InSight Crime Carlos Guevara, director de comunicaciones de la ONG.<\/p>\n\n\n\n<p class=\"wp-block-paragraph\">Tanto Las \u00c1guilas Negras como Los Rastrojos son <a href=\"\/noticias\/analisis\/bacrim-se-vuelve-a-sus-raices-paramilitares-en-la-batalla-por-la-tierra-de-colombia\" target=\"_blank\">descendientes de las Autodefensas Unidas de Colombia <\/a>(AUC), una federaci\u00f3n de grupos paramilitares de derecha constituida en 1996 con el objetivo de luchar contra las guerrillas izquierdistas del pa\u00eds, como las Fuerzas Armadas Revolucionarias de Colombia (FARC) y el Ej\u00e9rcito de Liberaci\u00f3n Nacional (ELN).<\/p>\n\n\n\n<p class=\"wp-block-paragraph\">Adem\u00e1s de estar implicadas en actividades como el narcotr\u00e1fico y el secuestro, las AUC se financiaban mediante el despojo de tierras y el desplazamiento de civiles colombianos. Desde entonces, el control de las tierras de las cuales se apropiaron las AUC ha pasado a los grupos que descendieron de ellas, as\u00ed como a <a href=\"https:\/\/www.hrw.org\/sites\/default\/files\/reports\/colombia0913webwcover.pdf\" target=\"_blank\">terceros que trabajan con grupos armados<\/a>.<\/p>\n\n\n\n<p class=\"wp-block-paragraph\">Seg\u00fan Guevara, los grupos descendientes de las AUC y los intereses de terceros pretenden disuadir a los colombianos y a los activistas de derechos humanos de participar en los esfuerzos de restituci\u00f3n de tierras actuales, as\u00ed como en cualquier reforma agraria que pueda resultar de la firma de un <a href=\"\/noticias\/analisis\/extradicion-capo-paramilitar-implicaciones-acuerdo-paz-con-las-farc\" target=\"_blank\">acuerdo de paz con las FARC<\/a>, el grupo guerrillero m\u00e1s grande de Colombia. Un hecho a\u00fan m\u00e1s preocupante es que Guevara denunci\u00f3 que estos grupos a menudo operan con el apoyo de pol\u00edticos y militares que se oponen al proceso de paz de Colombia.<\/p>\n\n\n\n<p class=\"wp-block-paragraph\">Las guerrillas de Colombia, que han jugado un <a href=\"\/news\/analysis\/farc-is-least-of-colombias-problems-in-land-restitution\" target=\"_blank\">papel similar en el despojo de tierras<\/a> y el desplazamiento de civiles, tambi\u00e9n fueron responsables de las amenazas a activistas de derechos humanos, aunque la mayor parte de las amenazas fueron atribuidas a grupos neoparamilitares, seg\u00fan el informe de Somos Defensores.<\/p>\n\n\n\n<h3 class=\"wp-block-heading\">An\u00e1lisis de InSight Crime<\/h3>\n\n\n\n<p class=\"wp-block-paragraph\">El incremento de las agresiones documentadas contra activistas indica el nivel en que los grupos neoparamilitares y sus presuntos partidarios se sienten amenazados por los esfuerzos de restituci\u00f3n de tierras. Sin bien los asesinatos de activistas de derechos humanos realmente cayeron entre 2013 y 2014, esta tendencia podr\u00eda revertirse, a medida que los esfuerzos de restituci\u00f3n de tierras siguen en marcha y contin\u00faan afectando las tierras robadas por los grupos criminales.<\/p>\n\n\n\n<p class=\"wp-block-paragraph\">La percepci\u00f3n de un ambiente de impunidad, en el que los criminales se sienten libres para amenazar y perjudicar a los activistas de derechos humanos, sin temor a represalias, empeora la situaci\u00f3n. La Fiscal\u00eda General de Colombia todav\u00eda no ha presentado cargos relacionados con las amenazas contra los activistas y participantes en los procesos de restituci\u00f3n de tierras. \u201cLas continuas amenazas y ataques son totalmente previsibles, dada la insuficiencia cr\u00f3nica de Colombia para hacer justicia en relaci\u00f3n tanto con los abusos actuales como con los pasados\u201d, dijo el director de la divisi\u00f3n de las Am\u00e9ricas de Human Rights Watch (HRW), Jos\u00e9 Miguel Vivanco, <a href=\"https:\/\/www.hrw.org\/es\/news\/2013\/09\/17\/colombia-victimas-enfrentan-represalias-por-reclamar-sus-tierras\" target=\"_blank\">en un informe de 2013<\/a>.<\/p>\n\n\n\n<p class=\"wp-block-paragraph\">El robo de tierras y el desplazamiento han sido temas importantes durante el prolongado conflicto interno de Colombia, con un estimado de 4,87 millones de personas desplazadas entre 1985 y 2013, seg\u00fan HRW. La creaci\u00f3n de un entorno en el que las v\u00edctimas puedan reclamar tierras robadas sin ser amenazadas por los intereses de los grupos criminales y de las \u00e9lites es un prerrequisito para cualquier paz duradera, y ser\u00e1 una verdadera prueba de la capacidad del gobierno colombiano para lograr esa paz.&nbsp;<\/p>\n","protected":false},"excerpt":{"rendered":"<p>Las amenazas documentadas contra activistas de derechos humanos de Colombia se dispararon en 2014, lo cual es una se\u00f1al de los esfuerzos de ciertos oscuros grupos de inter\u00e9s por poner fin a los esfuerzos de restituci\u00f3n de tierras.<\/p>\n","protected":false},"author":41,"featured_media":42088,"comment_status":"closed","ping_status":"closed","sticky":false,"template":"","format":"standard","meta":{"newspack_ads_suppress_ads":false,"newspack_popups_has_disabled_popups":false,"newspack_sponsor_sponsorship_scope":"","newspack_sponsor_native_byline_display":"inherit","newspack_sponsor_native_category_display":"inherit","newspack_sponsor_underwriter_style":"inherit","newspack_sponsor_underwriter_placement":"inherit","_EventAllDay":false,"_EventTimezone":"","_EventStartDate":"","_EventEndDate":"","_EventStartDateUTC":"","_EventEndDateUTC":"","_EventShowMap":false,"_EventShowMapLink":false,"_EventURL":"","_EventCost":"","_EventCostDescription":"","_EventCurrencySymbol":"","_EventCurrencyCode":"","_EventCurrencyPosition":"","_EventDateTimeSeparator":"","_EventTimeRangeSeparator":"","_EventOrganizerID":[],"_EventVenueID":[],"_OrganizerEmail":"","_OrganizerPhone":"","_OrganizerWebsite":"","_VenueAddress":"","_VenueCity":"","_VenueCountry":"","_VenueProvince":"","_VenueState":"","_VenueZip":"","_VenuePhone":"","_VenueURL":"","_VenueStateProvince":"","_VenueLat":"","_VenueLng":"","_VenueShowMap":false,"_VenueShowMapLink":false,"_newspack_byline_active":false,"_newspack_byline":"","newspack_hide_updated_date":false,"newspack_show_updated_date":false,"newspack_featured_image_position":"","newspack_post_subtitle":"","newspack_article_summary_title":"Overview:","newspack_article_summary":"","_jetpack_memberships_contains_paid_content":false,"footnotes":""},"categories":[334],"tags":[369,390,368,450],"newspack_spnsrs_tax":[],"coauthors":[3911],"class_list":["post-7635","post","type-post","status-publish","format-standard","has-post-thumbnail","hentry","category-noticias-del-dia","tag-los-aguilas-negras","tag-las-auc","tag-colombia-pais","tag-derechos-humanos","entry"],"parsely":{"version":"1.1.0","canonical_url":"https:\/\/insightcrime.org\/es\/noticias\/noticias-del-dia\/activistas-restitucion-tierras-colombia-enfrentan-crecientes-amenazas\/","smart_links":{"inbound":0,"outbound":0},"traffic_boost_suggestions_count":0,"meta":{"@context":"https:\/\/schema.org","@type":"NewsArticle","headline":"Activistas de restituci\u00f3n de tierras en Colombia enfrentan crecientes amenazas","url":"http:\/\/insightcrime.org\/es\/noticias\/noticias-del-dia\/activistas-restitucion-tierras-colombia-enfrentan-crecientes-amenazas\/","mainEntityOfPage":{"@type":"WebPage","@id":"http:\/\/insightcrime.org\/es\/noticias\/noticias-del-dia\/activistas-restitucion-tierras-colombia-enfrentan-crecientes-amenazas\/"},"thumbnailUrl":"https:\/\/i0.wp.com\/insightcrime.org\/wp-content\/uploads\/2015\/02\/es-22-02HRDefenders.jpg?resize=150%2C150&quality=100&ssl=1","image":{"@type":"ImageObject","url":"https:\/\/i0.wp.com\/insightcrime.org\/wp-content\/uploads\/2015\/02\/es-22-02HRDefenders.jpg?fit=250%2C161&quality=100&ssl=1"},"articleSection":"Noticias del d\u00eda","author":[{"@type":"Person","name":"Arron Daugherty"}],"creator":["Arron Daugherty"],"publisher":{"@type":"Organization","name":"InSight Crime","logo":"https:\/\/insightcrime.org\/wp-content\/uploads\/2023\/08\/logo.png"},"keywords":["\u00e1guilas negras","auc","colombia","derechos humanos"],"dateCreated":"2017-03-28T00:07:14Z","datePublished":"2017-03-28T00:07:14Z","dateModified":"2023-04-24T20:44:11Z"},"rendered":"<meta name=\"parsely-title\" content=\"Activistas de restituci\u00f3n de tierras en Colombia enfrentan crecientes amenazas\" \/>\n<meta name=\"parsely-link\" content=\"http:\/\/insightcrime.org\/es\/noticias\/noticias-del-dia\/activistas-restitucion-tierras-colombia-enfrentan-crecientes-amenazas\/\" \/>\n<meta name=\"parsely-type\" content=\"post\" \/>\n<meta name=\"parsely-image-url\" content=\"https:\/\/i0.wp.com\/insightcrime.org\/wp-content\/uploads\/2015\/02\/es-22-02HRDefenders.jpg?resize=150%2C150&amp;quality=100&amp;ssl=1\" \/>\n<meta name=\"parsely-pub-date\" content=\"2017-03-28T00:07:14Z\" \/>\n<meta name=\"parsely-section\" content=\"Noticias del d\u00eda\" \/>\n<meta name=\"parsely-tags\" content=\"\u00e1guilas negras,auc,colombia,derechos humanos\" \/>\n<meta name=\"parsely-author\" content=\"Arron Daugherty\" \/>","tracker_url":"https:\/\/cdn.parsely.com\/keys\/insightcrime.org\/p.js"},"jetpack_sharing_enabled":true,"jetpack-related-posts":[{"id":147513,"url":"https:\/\/insightcrime.org\/es\/noticias\/grupos-criminales-siguen-pista-restitucion-tierras-colombia\/","url_meta":{"origin":7635,"position":0},"title":"La restituci\u00f3n de tierras: una labor peligrosa en Colombia","author":"Sara Garcia","date":"8 de junio de 2021","format":false,"excerpt":"Los repetidos ataques a los equipos de restituci\u00f3n de tierras en Colombia ponen de relieve los riesgos involucrados en un aspecto poco reportado, pero clave, para el proceso de paz en el pa\u00eds.","rel":"","context":"En \u00abNoticias\u00bb","block_context":{"text":"Noticias","link":"https:\/\/insightcrime.org\/es\/category\/noticias\/"},"img":{"alt_text":"","src":"https:\/\/i0.wp.com\/insightcrime.org\/wp-content\/uploads\/2021\/06\/04062021_restitucion-tierras-Colombia.jpg?fit=1200%2C694&quality=100&ssl=1&resize=350%2C200","width":350,"height":200,"srcset":"https:\/\/i0.wp.com\/insightcrime.org\/wp-content\/uploads\/2021\/06\/04062021_restitucion-tierras-Colombia.jpg?fit=1200%2C694&quality=100&ssl=1&resize=350%2C200 1x, https:\/\/i0.wp.com\/insightcrime.org\/wp-content\/uploads\/2021\/06\/04062021_restitucion-tierras-Colombia.jpg?fit=1200%2C694&quality=100&ssl=1&resize=525%2C300 1.5x, https:\/\/i0.wp.com\/insightcrime.org\/wp-content\/uploads\/2021\/06\/04062021_restitucion-tierras-Colombia.jpg?fit=1200%2C694&quality=100&ssl=1&resize=700%2C400 2x, https:\/\/i0.wp.com\/insightcrime.org\/wp-content\/uploads\/2021\/06\/04062021_restitucion-tierras-Colombia.jpg?fit=1200%2C694&quality=100&ssl=1&resize=1050%2C600 3x"},"classes":[]},{"id":201015,"url":"https:\/\/insightcrime.org\/es\/noticias\/masacres-defensores-ambientales-impunes-lationamerica\/","url_meta":{"origin":7635,"position":1},"title":"Masacres de defensores ambientales siguen impunes en Latinoam\u00e9rica: informe","author":"Peter Appleby","date":"7 de octubre de 2022","format":false,"excerpt":"Latinoam\u00e9rica es, por un amplio margen, la regi\u00f3n m\u00e1s peligrosa del mundo para los activistas ambientales, con siete de sus pa\u00edses entre los primeros diez lugares de un macabro nuevo ranking.","rel":"","context":"En \u00abNoticias\u00bb","block_context":{"text":"Noticias","link":"https:\/\/insightcrime.org\/es\/category\/noticias\/"},"img":{"alt_text":"Manifestantes en Brasil se pronuncian por muertes de activistas","src":"https:\/\/i0.wp.com\/insightcrime.org\/wp-content\/uploads\/2022\/10\/environmental-crime-murder-1.jpeg?fit=350%2C250&quality=100&ssl=1&resize=350%2C200","width":350,"height":200},"classes":[]},{"id":232648,"url":"https:\/\/insightcrime.org\/es\/noticias\/grupos-armados-barreras-acceso-humanitario-colombia\/","url_meta":{"origin":7635,"position":2},"title":"Grupos armados ponen nuevas barreras al acceso humanitario en Colombia\u00a0","author":"Lara Loaiza","date":"13 de junio de 2023","format":false,"excerpt":"Las Naciones Unidas han alertado que grupos armados en varias partes de Colombia est\u00e1n bloqueando el acceso de organizaciones humanitarias.","rel":"","context":"En \u00abNoticias\u00bb","block_context":{"text":"Noticias","link":"https:\/\/insightcrime.org\/es\/category\/noticias\/"},"img":{"alt_text":"","src":"https:\/\/i0.wp.com\/insightcrime.org\/wp-content\/uploads\/2023\/09\/ExFARC-1.jpg?fit=350%2C250&quality=100&ssl=1&resize=350%2C200","width":350,"height":200},"classes":[]},{"id":123957,"url":"https:\/\/insightcrime.org\/es\/noticias\/lideres-sociales-asesinados-peru-pandemia\/","url_meta":{"origin":7635,"position":3},"title":"L\u00edderes sociales son asesinados en Per\u00fa en medio de la pandemia","author":"Katie Jones","date":"17 de septiembre de 2020","format":false,"excerpt":"Cuatro l\u00edderes ind\u00edgenas han sido asesinados en la Amazon\u00eda peruana desde que el gobierno declar\u00f3 el estado de emergencia por Covid-19, lo que indica los riesgos a los que se siguen enfrentando por oponerse a la tala ilegal, la miner\u00eda y el narcotr\u00e1fico, mientras el gobierno tiene la atenci\u00f3n puesta\u2026","rel":"","context":"En \u00abNoticias\u00bb","block_context":{"text":"Noticias","link":"https:\/\/insightcrime.org\/es\/category\/noticias\/"},"img":{"alt_text":"","src":"https:\/\/i0.wp.com\/insightcrime.org\/wp-content\/uploads\/2020\/09\/PuertoMaldonado_Rio_Madre_de_Dios.jpg?fit=350%2C250&quality=100&ssl=1&resize=350%2C200","width":350,"height":200},"classes":[]},{"id":151048,"url":"https:\/\/insightcrime.org\/es\/noticias\/bienes-farc-centro-disputas-entre-disidencias-colombia\/","url_meta":{"origin":7635,"position":4},"title":"Disidencias de las FARC quieren sus tierras de vuelta en Caquet\u00e1 y Meta, Colombia","author":"Alicia Florez","date":"23 de julio de 2021","format":false,"excerpt":"Grupos criminales, que hicieron parte de las desmovilizadas FARC, buscan retomar las propiedades entregadas, lo que ha desencadenado una ola de violencia en el sur y centro de Colombia.","rel":"","context":"En \u00abNoticias\u00bb","block_context":{"text":"Noticias","link":"https:\/\/insightcrime.org\/es\/category\/noticias\/"},"img":{"alt_text":"Varios grupos disidentes de las FARC se enfrentan por recuperar el territorio perdido en el sur de Colombia.","src":"https:\/\/i0.wp.com\/insightcrime.org\/wp-content\/uploads\/2021\/07\/farc-guardian.jpg?fit=350%2C250&quality=100&ssl=1&resize=350%2C200","width":350,"height":200},"classes":[]},{"id":294362,"url":"https:\/\/insightcrime.org\/es\/noticias\/dea-abusos-derechos-humanos-socios-extranjeros\/","url_meta":{"origin":7635,"position":5},"title":"La DEA, en la mira por retrasar informes sobre abusos de sus socios extranjeros","author":"Sam Woolston","date":"10 de octubre de 2024","format":false,"excerpt":"La DEA retras\u00f3 repetidamente la denuncia de violaciones de derechos humanos por parte de las fuerzas de seguridad latinoamericanas en el \u00faltimo esc\u00e1ndalo de la agencia antidroga m\u00e1s influyente del mundo.","rel":"","context":"En \u00abNoticias\u00bb","block_context":{"text":"Noticias","link":"https:\/\/insightcrime.org\/es\/category\/noticias\/"},"img":{"alt_text":"Agentes de la Polic\u00eda Militar de Honduras y de la DEA supervisan la extradici\u00f3n de un presunto miembro de un cartel a Estados Unidos, Tegucigalpa, 26 de abril de 2019.","src":"https:\/\/i0.wp.com\/insightcrime.org\/wp-content\/uploads\/2024\/10\/Jose-Amaya1-2.jpg?fit=350%2C250&quality=100&ssl=1&resize=350%2C200","width":350,"height":200},"classes":[]}],"jetpack_featured_media_url":"https:\/\/i0.wp.com\/insightcrime.org\/wp-content\/uploads\/2015\/02\/es-22-02HRDefenders.jpg?fit=250%2C161&quality=100&ssl=1","_links":{"self":[{"href":"https:\/\/insightcrime.org\/es\/wp-json\/wp\/v2\/posts\/7635","targetHints":{"allow":["GET"]}}],"collection":[{"href":"https:\/\/insightcrime.org\/es\/wp-json\/wp\/v2\/posts"}],"about":[{"href":"https:\/\/insightcrime.org\/es\/wp-json\/wp\/v2\/types\/post"}],"author":[{"embeddable":true,"href":"https:\/\/insightcrime.org\/es\/wp-json\/wp\/v2\/users\/41"}],"replies":[{"embeddable":true,"href":"https:\/\/insightcrime.org\/es\/wp-json\/wp\/v2\/comments?post=7635"}],"version-history":[{"count":1,"href":"https:\/\/insightcrime.org\/es\/wp-json\/wp\/v2\/posts\/7635\/revisions"}],"predecessor-version":[{"id":24179,"href":"https:\/\/insightcrime.org\/es\/wp-json\/wp\/v2\/posts\/7635\/revisions\/24179"}],"wp:featuredmedia":[{"embeddable":true,"href":"https:\/\/insightcrime.org\/es\/wp-json\/wp\/v2\/media\/42088"}],"wp:attachment":[{"href":"https:\/\/insightcrime.org\/es\/wp-json\/wp\/v2\/media?parent=7635"}],"wp:term":[{"taxonomy":"category","embeddable":true,"href":"https:\/\/insightcrime.org\/es\/wp-json\/wp\/v2\/categories?post=7635"},{"taxonomy":"post_tag","embeddable":true,"href":"https:\/\/insightcrime.org\/es\/wp-json\/wp\/v2\/tags?post=7635"},{"taxonomy":"newspack_spnsrs_tax","embeddable":true,"href":"https:\/\/insightcrime.org\/es\/wp-json\/wp\/v2\/newspack_spnsrs_tax?post=7635"},{"taxonomy":"author","embeddable":true,"href":"https:\/\/insightcrime.org\/es\/wp-json\/wp\/v2\/coauthors?post=7635"}],"curies":[{"name":"wp","href":"https:\/\/api.w.org\/{rel}","templated":true}]}}