{"id":7657,"date":"2015-03-03T21:06:27","date_gmt":"2017-03-28T00:07:22","guid":{"rendered":"http:\/\/newwp.insightcrime.org?p=7657"},"modified":"2023-04-24T15:44:23","modified_gmt":"2023-04-24T20:44:23","slug":"peru-derriba-narcovuelo-destino-bolivia","status":"publish","type":"post","link":"https:\/\/insightcrime.org\/es\/noticias\/noticias-del-dia\/peru-derriba-narcovuelo-destino-bolivia\/","title":{"rendered":"Per\u00fa derriba narcovuelo con destino a Bolivia"},"content":{"rendered":"\n<p class=\"wp-block-paragraph\">La polic\u00eda de Per\u00fa derrib\u00f3 un avi\u00f3n con drogas en la infame regi\u00f3n del VRAEM, en una acci\u00f3n que representa el regreso del gobierno a una pol\u00e9mica pol\u00edtica de derribo que pretende poner fin a la actividad ilegal en uno de los m\u00e1s importantes centros de tr\u00e1fico de drogas de la regi\u00f3n. <\/p>\n\n\n\n<p class=\"wp-block-paragraph\">El 26 de febrero, una unidad de operaciones especiales de la agencia antidrogas de Per\u00fa intercept\u00f3 un avi\u00f3n en el extenso e inh\u00f3spito Valle de los R\u00edos Apur\u00edmac, Ene y Mantaro (VRAEM), <a href=\"https:\/\/www.andina.com.pe\/agencia\/noticia-policia-derriba-avioneta-boliviana-288-kg-cocaina-el-vraem-545039.aspx\" target=\"_blank\">inform\u00f3 la agencia de noticias peruana Andina<\/a>. El piloto escap\u00f3 aparentemente, pero la polic\u00eda recuper\u00f3 288 kilogramos de coca\u00edna, equipos de comunicaci\u00f3n y armas de fuego.<\/p>\n\n\n\n<p class=\"wp-block-paragraph\">La polic\u00eda tambi\u00e9n encontr\u00f3 una pista clandestina cerca del avi\u00f3n derribado. En la ciudad donde la polic\u00eda descubri\u00f3 la pista de aterrizaje, los habitantes informaron sobre la existencia de empresas dedicadas a la construcci\u00f3n de pistas de aterrizaje que operan con rapidez y las alquilan a los traficantes de drogas, <a href=\"https:\/\/diariocorreo.pe\/peru\/satipo-cae-avioneta-con-288-kg-de-coca-568192\/\" target=\"_blank\">seg\u00fan Diario Correo.<\/a><\/p>\n\n\n\n<p class=\"wp-block-paragraph\">Este es el primer derribo de un avi\u00f3n cargado de droga desde que Per\u00fa anunci\u00f3 la <a href=\"\/noticias\/noticias-del-dia\/peru-ataca-narcoaviones-zona-exclusion-aerea\" target=\"_blank\">creaci\u00f3n de una zona de exclusi\u00f3n a\u00e9rea <\/a>en el VRAEM en una conferencia de prensa el 4 de febrero, en la que el jefe antidrogas Alberto Ot\u00e1rola dijo que los vuelos no reportados a la aeron\u00e1utica ser\u00edan considerados \u201chostiles e ilegales\u201d.<\/p>\n\n\n\n<h3 class=\"wp-block-heading\">An\u00e1lisis de InSight Crime<\/h3>\n\n\n\n<p class=\"wp-block-paragraph\">Como epicentro del narcotr\u00e1fico en Per\u00fa, el VRAEM produce <a href=\"\/noticias\/noticias-del-dia\/90-cocaina-vraem-peru-se-mueve-por-via-aerea\" target=\"_blank\">unas 200 toneladas de coca\u00edna al a\u00f1o<\/a>, con hasta <a href=\"\/noticias\/analisis\/de-la-paciencia-a-la-negligencia\" target=\"_blank\">diez vuelos diarios de drogas <\/a>que conectan a las regiones productoras de coca con Bolivia y Brasil. El anuncio de la zona de exclusi\u00f3n a\u00e9rea a principios de febrero se vio atenuado por dudas con respecto a temas de capacidad de monitoreo \u2014<a href=\"\/noticias\/analisis\/de-la-paciencia-a-la-negligencia\" target=\"_blank\">la cobertura de radar en el VRAEM es escasa<\/a>\u2014, as\u00ed como a aspectos de seguridad.<\/p>\n\n\n\n<p class=\"wp-block-paragraph\"><strong><span style=\"color: #800000\">VEA TAMBI\u00c9N:<\/span><\/strong> <a href=\"\/noticias-sobre-crimen-organizado-en-peru\" target=\"_blank\">Noticias y perfiles de Per\u00fa<\/a><\/p>\n\n\n\n<p class=\"wp-block-paragraph\"><a href=\"https:\/\/www.icij.org\/project\/us-aid-latin-america\/policies-inconsistent-shooting-suspected-drug-planes\" target=\"_blank\">Seg\u00fan el Consorcio Internacional de Periodistas de Investigaci\u00f3n <\/a>(ICIJ por sus iniciales en ingl\u00e9s), Per\u00fa derrib\u00f3 al menos 30 aviones en los a\u00f1os noventa como parte de un esfuerzo por poner fin al puente a\u00e9reo que une a los productores de coca con las instalaciones de procesamiento en Colombia. La pol\u00edtica de intercepci\u00f3n termin\u00f3 abruptamente despu\u00e9s de un derribo accidental que acab\u00f3 con la vida de una misionera estadounidense y su hija en 2001.<\/p>\n\n\n\n<p class=\"wp-block-paragraph\">El retorno a las pol\u00edticas de derribo es una se\u00f1al de la carencia de estrategias de seguridad efectivas con las que cuentan las autoridades para luchar contra el tr\u00e1fico de drogas en el VRAEM. Los esfuerzos de erradicaci\u00f3n de coca han fracasado en el pasado debido a las <a href=\"\/noticias\/noticias-del-dia\/peru-detiene-planes-erradicacion-forzosa-coca-frente-a-amenaza-sendero-luminoso\" target=\"_blank\">amenazas de Sendero Luminoso<\/a>, que mantiene una insurgencia armada en la regi\u00f3n. La destrucci\u00f3n de pistas clandestinas ha resultado ser ineficaz, pues los narcotraficantes son capaces de reconstruir las pistas <a href=\"\/noticias\/noticias-del-dia\/narcopistas-peru-reconstruyen-24horas\" target=\"_blank\">en menos de 24 horas.<\/a><\/p>\n","protected":false},"excerpt":{"rendered":"<p>La polic\u00eda de Per\u00fa derrib\u00f3 un avi\u00f3n con drogas en la infame regi\u00f3n del VRAEM, en una acci\u00f3n que representa el regreso del gobierno a una pol\u00e9mica pol\u00edtica de derribo que pretende poner fin a la actividad ilegal en uno de los m\u00e1s importantes centros de tr\u00e1fico de drogas de la regi\u00f3n.<\/p>\n","protected":false},"author":40,"featured_media":42132,"comment_status":"closed","ping_status":"closed","sticky":false,"template":"","format":"standard","meta":{"newspack_ads_suppress_ads":false,"newspack_popups_has_disabled_popups":false,"newspack_sponsor_sponsorship_scope":"","newspack_sponsor_native_byline_display":"inherit","newspack_sponsor_native_category_display":"inherit","newspack_sponsor_underwriter_style":"inherit","newspack_sponsor_underwriter_placement":"inherit","_EventAllDay":false,"_EventTimezone":"","_EventStartDate":"","_EventEndDate":"","_EventStartDateUTC":"","_EventEndDateUTC":"","_EventShowMap":false,"_EventShowMapLink":false,"_EventURL":"","_EventCost":"","_EventCostDescription":"","_EventCurrencySymbol":"","_EventCurrencyCode":"","_EventCurrencyPosition":"","_EventDateTimeSeparator":"","_EventTimeRangeSeparator":"","_EventOrganizerID":[],"_EventVenueID":[],"_OrganizerEmail":"","_OrganizerPhone":"","_OrganizerWebsite":"","_VenueAddress":"","_VenueCity":"","_VenueCountry":"","_VenueProvince":"","_VenueState":"","_VenueZip":"","_VenuePhone":"","_VenueURL":"","_VenueStateProvince":"","_VenueLat":"","_VenueLng":"","_VenueShowMap":false,"_VenueShowMapLink":false,"_newspack_byline_active":false,"_newspack_byline":"","newspack_hide_updated_date":false,"newspack_show_updated_date":false,"newspack_featured_image_position":"","newspack_post_subtitle":"","newspack_article_summary_title":"Overview:","newspack_article_summary":"","_jetpack_memberships_contains_paid_content":false,"footnotes":""},"categories":[334],"tags":[409,438],"newspack_spnsrs_tax":[],"coauthors":[3935],"class_list":["post-7657","post","type-post","status-publish","format-standard","has-post-thumbnail","hentry","category-noticias-del-dia","tag-peru-pais","tag-politicas-de-seguridad","entry"],"parsely":{"version":"1.1.0","canonical_url":"https:\/\/insightcrime.org\/es\/noticias\/noticias-del-dia\/peru-derriba-narcovuelo-destino-bolivia\/","smart_links":{"inbound":0,"outbound":0},"traffic_boost_suggestions_count":0,"meta":{"@context":"https:\/\/schema.org","@type":"NewsArticle","headline":"Per\u00fa derriba narcovuelo con destino a Bolivia","url":"http:\/\/insightcrime.org\/es\/noticias\/noticias-del-dia\/peru-derriba-narcovuelo-destino-bolivia\/","mainEntityOfPage":{"@type":"WebPage","@id":"http:\/\/insightcrime.org\/es\/noticias\/noticias-del-dia\/peru-derriba-narcovuelo-destino-bolivia\/"},"thumbnailUrl":"https:\/\/i0.wp.com\/insightcrime.org\/wp-content\/uploads\/2015\/03\/es-15-02-27-peru-2narcoavion.jpg?resize=150%2C150&quality=100&ssl=1","image":{"@type":"ImageObject","url":"https:\/\/i0.wp.com\/insightcrime.org\/wp-content\/uploads\/2015\/03\/es-15-02-27-peru-2narcoavion.jpg?fit=250%2C179&quality=100&ssl=1"},"articleSection":"Noticias del d\u00eda","author":[{"@type":"Person","name":"Loren Riesenfeld"}],"creator":["Loren Riesenfeld"],"publisher":{"@type":"Organization","name":"InSight Crime","logo":"https:\/\/insightcrime.org\/wp-content\/uploads\/2023\/08\/logo.png"},"keywords":["per\u00fa","pol\u00edticas de seguridad"],"dateCreated":"2017-03-28T00:07:22Z","datePublished":"2017-03-28T00:07:22Z","dateModified":"2023-04-24T20:44:23Z"},"rendered":"<meta name=\"parsely-title\" content=\"Per\u00fa derriba narcovuelo con destino a Bolivia\" \/>\n<meta name=\"parsely-link\" content=\"http:\/\/insightcrime.org\/es\/noticias\/noticias-del-dia\/peru-derriba-narcovuelo-destino-bolivia\/\" \/>\n<meta name=\"parsely-type\" content=\"post\" \/>\n<meta name=\"parsely-image-url\" content=\"https:\/\/i0.wp.com\/insightcrime.org\/wp-content\/uploads\/2015\/03\/es-15-02-27-peru-2narcoavion.jpg?resize=150%2C150&amp;quality=100&amp;ssl=1\" \/>\n<meta name=\"parsely-pub-date\" content=\"2017-03-28T00:07:22Z\" \/>\n<meta name=\"parsely-section\" content=\"Noticias del d\u00eda\" \/>\n<meta name=\"parsely-tags\" content=\"per\u00fa,pol\u00edticas de seguridad\" \/>\n<meta name=\"parsely-author\" content=\"Loren Riesenfeld\" \/>","tracker_url":"https:\/\/cdn.parsely.com\/keys\/insightcrime.org\/p.js"},"jetpack_sharing_enabled":true,"jetpack-related-posts":[{"id":212860,"url":"https:\/\/insightcrime.org\/es\/noticias\/sendero-luminoso-ofensiva-peru\/","url_meta":{"origin":7657,"position":0},"title":"Sendero Luminoso se lanza a la ofensiva en Per\u00fa, de nuevo","author":"Christopher Newton","date":"21 de marzo de 2023","format":false,"excerpt":"Los enfrentamientos entre las fuerzas armadas peruanas y una facci\u00f3n de Sendero Luminoso han dejado m\u00e1s de una docena de muertos en 2023, en un nuevo resurgimiento que hace gala de la persistencia del grupo guerrillero.","rel":"","context":"En \u00abNoticias\u00bb","block_context":{"text":"Noticias","link":"https:\/\/insightcrime.org\/es\/category\/noticias\/"},"img":{"alt_text":"Panor\u00e1mica del VRAEM, centro neur\u00e1lgico de Sendero Luminoso y regi\u00f3n cocalera de Per\u00fa","src":"https:\/\/i0.wp.com\/insightcrime.org\/wp-content\/uploads\/2023\/03\/vraem.jpg?fit=350%2C250&quality=100&ssl=1&resize=350%2C200","width":350,"height":200},"classes":[]},{"id":5607,"url":"https:\/\/insightcrime.org\/es\/peru-organized-crime-news\/peru\/","url_meta":{"origin":7657,"position":1},"title":"Perfil de Per\u00fa","author":"InSight Crime","date":"20 de marzo de 2023","format":false,"excerpt":"Aunque la violencia en Per\u00fa ha sido relativamente baja desde el fin de su guerra civil a finales de los a\u00f1os noventa, el tr\u00e1fico de coca\u00edna ha aumentado en el pa\u00eds, superando a Colombia y convirti\u00e9ndose en el mayor productor mundial de coca\u00edna en 2011, seg\u00fan algunas estimaciones. Las ganancias\u2026","rel":"","context":"En \u00abPeru\u00bb","block_context":{"text":"Peru","link":"https:\/\/insightcrime.org\/category\/peru-organized-crime-news\/"},"img":{"alt_text":"Perfil de Per\u00fa","src":"https:\/\/i0.wp.com\/insightcrime.org\/wp-content\/uploads\/2017\/08\/Peru-country-profile-ok-.jpg?fit=1200%2C601&quality=100&ssl=1&resize=350%2C200","width":350,"height":200,"srcset":"https:\/\/i0.wp.com\/insightcrime.org\/wp-content\/uploads\/2017\/08\/Peru-country-profile-ok-.jpg?fit=1200%2C601&quality=100&ssl=1&resize=350%2C200 1x, https:\/\/i0.wp.com\/insightcrime.org\/wp-content\/uploads\/2017\/08\/Peru-country-profile-ok-.jpg?fit=1200%2C601&quality=100&ssl=1&resize=525%2C300 1.5x, https:\/\/i0.wp.com\/insightcrime.org\/wp-content\/uploads\/2017\/08\/Peru-country-profile-ok-.jpg?fit=1200%2C601&quality=100&ssl=1&resize=700%2C400 2x, https:\/\/i0.wp.com\/insightcrime.org\/wp-content\/uploads\/2017\/08\/Peru-country-profile-ok-.jpg?fit=1200%2C601&quality=100&ssl=1&resize=1050%2C600 3x"},"classes":[]},{"id":5608,"url":"https:\/\/insightcrime.org\/es\/noticias-crimen-organizado-peru\/sendero-luminoso-perfil\/","url_meta":{"origin":7657,"position":2},"title":"Sendero Luminoso","author":"InSight Crime","date":"5 de agosto de 2026","format":false,"excerpt":"Sendero Luminoso o el Militarizado Partido Comunista es el \u00faltimo remanente del movimiento guerrillero de finales del siglo XX de Per\u00fa. Aunque se encuentra en declive, a\u00fan conserva influencia en la regi\u00f3n del Valle de los R\u00edos Apur\u00edmac, Ene y Mantaro (VRAEM) debido a su alianza con el narcotr\u00e1fico.","rel":"","context":"En \u00abPer\u00fa\u00bb","block_context":{"text":"Per\u00fa","link":"https:\/\/insightcrime.org\/es\/category\/noticias-crimen-organizado-peru\/"},"img":{"alt_text":"Sendero Luminoso","src":"https:\/\/i0.wp.com\/insightcrime.org\/wp-content\/uploads\/2026\/06\/Grupo-Criminal-Sendero-Luminoso.jpg?fit=1200%2C900&quality=100&ssl=1&resize=350%2C200","width":350,"height":200,"srcset":"https:\/\/i0.wp.com\/insightcrime.org\/wp-content\/uploads\/2026\/06\/Grupo-Criminal-Sendero-Luminoso.jpg?fit=1200%2C900&quality=100&ssl=1&resize=350%2C200 1x, https:\/\/i0.wp.com\/insightcrime.org\/wp-content\/uploads\/2026\/06\/Grupo-Criminal-Sendero-Luminoso.jpg?fit=1200%2C900&quality=100&ssl=1&resize=525%2C300 1.5x, https:\/\/i0.wp.com\/insightcrime.org\/wp-content\/uploads\/2026\/06\/Grupo-Criminal-Sendero-Luminoso.jpg?fit=1200%2C900&quality=100&ssl=1&resize=700%2C400 2x, https:\/\/i0.wp.com\/insightcrime.org\/wp-content\/uploads\/2026\/06\/Grupo-Criminal-Sendero-Luminoso.jpg?fit=1200%2C900&quality=100&ssl=1&resize=1050%2C600 3x"},"classes":[]},{"id":246930,"url":"https:\/\/insightcrime.org\/es\/noticias\/futuro-sendero-luminoso-peru\/","url_meta":{"origin":7657,"position":3},"title":"\u00bfQu\u00e9 le espera al Sendero Luminoso en Per\u00fa?","author":"Gavin Voss","date":"17 de noviembre de 2023","format":false,"excerpt":"El gobierno peruano captur\u00f3 a varios miembros clave del grupo insurgente Sendero Luminoso, el cual mantiene control sobre importantes regiones cocaleras del pa\u00eds.","rel":"","context":"En \u00abNoticias\u00bb","block_context":{"text":"Noticias","link":"https:\/\/insightcrime.org\/es\/category\/noticias\/"},"img":{"alt_text":"Jos\u00e9 Quispe Z\u00fa\u00f1iga escoltado por fuerzas de seguridad peruanas tras su captura en el VRAEM.","src":"https:\/\/i0.wp.com\/insightcrime.org\/wp-content\/uploads\/2023\/08\/victor-quispe-palomino-el-pais-1.jpeg?fit=350%2C250&quality=100&ssl=1&resize=350%2C200","width":350,"height":200},"classes":[]},{"id":232571,"url":"https:\/\/insightcrime.org\/es\/noticias\/coca-peru-expande-nuevas-regiones\/","url_meta":{"origin":7657,"position":4},"title":"La coca en Per\u00fa se expande por nuevas regiones","author":"Gavin Voss","date":"5 de julio de 2023","format":false,"excerpt":"El cultivo de coca en Per\u00fa toc\u00f3 un techo hist\u00f3rico en 2022, con el mayor crecimiento de cultivos por fuera de las \u00e1reas de siembra tradicionales, seg\u00fan dice un nuevo informe del gobierno peruano.","rel":"","context":"En \u00abNoticias\u00bb","block_context":{"text":"Noticias","link":"https:\/\/insightcrime.org\/es\/category\/noticias\/"},"img":{"alt_text":"Una hoja de coca en una plantaci\u00f3n","src":"https:\/\/i0.wp.com\/insightcrime.org\/wp-content\/uploads\/2023\/09\/peru-coca-212-1.jpg?fit=350%2C250&quality=100&ssl=1&resize=350%2C200","width":350,"height":200},"classes":[]},{"id":276853,"url":"https:\/\/insightcrime.org\/es\/noticias\/narcovuelos-caen-centroamerica-mientras-traficantes-varian-metodos\/","url_meta":{"origin":7657,"position":5},"title":"Narcovuelos caen en Centroam\u00e9rica mientras traficantes var\u00edan m\u00e9todos","author":"Alex Papadovassilakis","date":"29 de mayo de 2024","format":false,"excerpt":"En los \u00faltimos tres a\u00f1os, las interceptaciones a\u00e9reas de coca\u00edna en Centroam\u00e9rica han ca\u00eddo dr\u00e1sticamente. Esto sugiere que los narcotraficantes est\u00e1n cambiando su modus operandi, posiblemente en respuesta a una mayor atenci\u00f3n a las rutas a\u00e9reas.","rel":"","context":"En \u00abNoticias\u00bb","block_context":{"text":"Noticias","link":"https:\/\/insightcrime.org\/es\/category\/noticias\/"},"img":{"alt_text":"Security forces guard a burned drug plane in Col\u00f3n. Fuerzas de seguridad custodian una avioneta con droga quemada en Col\u00f3n","src":"https:\/\/i0.wp.com\/insightcrime.org\/wp-content\/uploads\/2023\/08\/Screenshot-2024-05-29-at-09.01.40-2.png?fit=350%2C250&quality=100&ssl=1&resize=350%2C200","width":350,"height":200},"classes":[]}],"jetpack_featured_media_url":"https:\/\/i0.wp.com\/insightcrime.org\/wp-content\/uploads\/2015\/03\/es-15-02-27-peru-2narcoavion.jpg?fit=250%2C179&quality=100&ssl=1","_links":{"self":[{"href":"https:\/\/insightcrime.org\/es\/wp-json\/wp\/v2\/posts\/7657","targetHints":{"allow":["GET"]}}],"collection":[{"href":"https:\/\/insightcrime.org\/es\/wp-json\/wp\/v2\/posts"}],"about":[{"href":"https:\/\/insightcrime.org\/es\/wp-json\/wp\/v2\/types\/post"}],"author":[{"embeddable":true,"href":"https:\/\/insightcrime.org\/es\/wp-json\/wp\/v2\/users\/40"}],"replies":[{"embeddable":true,"href":"https:\/\/insightcrime.org\/es\/wp-json\/wp\/v2\/comments?post=7657"}],"version-history":[{"count":1,"href":"https:\/\/insightcrime.org\/es\/wp-json\/wp\/v2\/posts\/7657\/revisions"}],"predecessor-version":[{"id":24223,"href":"https:\/\/insightcrime.org\/es\/wp-json\/wp\/v2\/posts\/7657\/revisions\/24223"}],"wp:featuredmedia":[{"embeddable":true,"href":"https:\/\/insightcrime.org\/es\/wp-json\/wp\/v2\/media\/42132"}],"wp:attachment":[{"href":"https:\/\/insightcrime.org\/es\/wp-json\/wp\/v2\/media?parent=7657"}],"wp:term":[{"taxonomy":"category","embeddable":true,"href":"https:\/\/insightcrime.org\/es\/wp-json\/wp\/v2\/categories?post=7657"},{"taxonomy":"post_tag","embeddable":true,"href":"https:\/\/insightcrime.org\/es\/wp-json\/wp\/v2\/tags?post=7657"},{"taxonomy":"newspack_spnsrs_tax","embeddable":true,"href":"https:\/\/insightcrime.org\/es\/wp-json\/wp\/v2\/newspack_spnsrs_tax?post=7657"},{"taxonomy":"author","embeddable":true,"href":"https:\/\/insightcrime.org\/es\/wp-json\/wp\/v2\/coauthors?post=7657"}],"curies":[{"name":"wp","href":"https:\/\/api.w.org\/{rel}","templated":true}]}}