{"id":7658,"date":"2015-03-04T14:48:44","date_gmt":"2017-03-28T00:07:23","guid":{"rendered":"http:\/\/newwp.insightcrime.org?p=7658"},"modified":"2023-04-24T15:44:23","modified_gmt":"2023-04-24T20:44:23","slug":"capos-mexico-presentan-queja-condiciones-penitenciarias","status":"publish","type":"post","link":"https:\/\/insightcrime.org\/es\/noticias\/noticias-del-dia\/capos-mexico-presentan-queja-condiciones-penitenciarias\/","title":{"rendered":"Capos de M\u00e9xico presentan queja por condiciones penitenciarias"},"content":{"rendered":"\n<p class=\"wp-block-paragraph\">Algunos de los capos m\u00e1s conocidos de M\u00e9xico han firmado un documento en el que se quejan de los abusos a los derechos humanos en la \u00fanica prisi\u00f3n federal de \u201cm\u00e1xima\u201d seguridad del pa\u00eds, aunque todav\u00eda est\u00e1 por verse si la queja recibir\u00e1 una respuesta significativa en un momento en que el gobierno sigue sacudido por los cr\u00edmenes cometidos contra los ciudadanos respetuosos de la ley.<\/p>\n\n\n\n<p class=\"wp-block-paragraph\">El <a href=\"https:\/\/nayaritenlinea.mx\/2015\/02\/26\/138-reos-del-altiplano-entre-ellos-el-chapo-la-barbie-beltran-y-felix-se-quejan-ante-cndh-de-malos-tratos-y-corrupcion\" target=\"_blank\">medio de noticias locales Nayaritenlinea.mx<\/a> public\u00f3 una petici\u00f3n que al parecer contiene las firmas de 138 reclusos, incluyendo las de conocidos capos mexicanos como Joaqu\u00edn \u201cEl Chapo\u201d Guzm\u00e1n, Edgar Valdez Villareal, alias \u201cLa Barbie\u201d, y Miguel \u00c1ngel F\u00e9lix Gallardo.<\/p>\n\n\n\n<p class=\"wp-block-paragraph\">Seg\u00fan el documento, los reclusos de El Altiplano \u2014prisi\u00f3n ubicada en el Estado de M\u00e9xico\u2014 viven hacinados en celdas, reciben mala alimentaci\u00f3n, sufren regularmente de problemas respiratorios y en la piel debido a las condiciones insalubres y no tienen acceso a servicios adecuados de rehabilitaci\u00f3n m\u00e9dica y social. Adem\u00e1s, los familiares que van a visitarlos son agredidos f\u00edsica y verbalmente por los guardias de la prisi\u00f3n, y las salas de visitas conyugales son de mala calidad.<\/p>\n\n\n\n<p class=\"wp-block-paragraph\">Adicionalmente, la prisi\u00f3n de m\u00e1xima seguridad tambi\u00e9n padece de una rampante corrupci\u00f3n y oprime a los reclusos, todo ante la vista del director de la prisi\u00f3n, Librado Carmona Garc\u00eda, quien ofrece beneficios a los reclusos a cambio de grandes sumas de dinero, seg\u00fan se afirma en la petici\u00f3n.<\/p>\n\n\n\n<p class=\"wp-block-paragraph\">La Comisi\u00f3n Nacional de los Derechos Humanos de M\u00e9xico (CNDH) recibi\u00f3 el documento y dijo que investigar\u00e1 la situaci\u00f3n. La CNDH no hizo comentarios sobre la autenticidad de las firmas del documento o la veracidad de sus afirmaciones.<\/p>\n\n\n\n<h3 class=\"wp-block-heading\">An\u00e1lisis de Insight Crime<\/h3>\n\n\n\n<p class=\"wp-block-paragraph\">El sistema penitenciario mexicano es a menudo asociado con <a href=\"\/news\/briefs\/mexico-deadly-inmate-riot-underscores-poor-prison-conditions\" target=\"_blank\">situaciones horrendas <\/a>y condiciones inhumanas que desde hace mucho tiempo <a href=\"\/noticias\/analisis\/los-obstaculos-y-posibles-soluciones-para-las-prisiones-de-mexico\" target=\"_blank\">han sido denunciadas por agencias independientes<\/a>, por lo que los reclamos de violaciones a los derechos humanos en El Altiplano son totalmente plausibles. Sin embargo, existen razones para cuestionar la autenticidad del documento y sus reclamos.<\/p>\n\n\n\n<p class=\"wp-block-paragraph\">Las autoridades penitenciarias han dicho previamente que capos como El Chapo y La Barbie <a href=\"https:\/\/www.washingtonpost.com\/world\/the_americas\/the-mexican-drug-lord-chapo-guzman-is-in-prison-but-he-might-live-by-his-own-rules\/2014\/08\/28\/1878a689-aeaf-4d4f-a8bc-fca2dab3a02e_story.html\" target=\"_blank\">son mantenidos en aislamiento total<\/a>, y en la mencionada petici\u00f3n tambi\u00e9n se dice que a los reclusos s\u00f3lo se les permite pasar una hora al d\u00eda fuera de sus celdas. Dichas restricciones ponen en duda c\u00f3mo m\u00e1s de 100 reclusos habr\u00edan podido organizarse y hacer circular una petici\u00f3n entre ellos.<\/p>\n\n\n\n<p class=\"wp-block-paragraph\"><strong><span style=\"color: #800000\">VEA TAMBI\u00c9N:<\/span><\/strong> <a href=\"\/component\/tags\/tag\/323-prisiones\" target=\"_blank\">Cobertura sobre prisiones<\/a><\/p>\n\n\n\n<p class=\"wp-block-paragraph\">Por otro lado, seg\u00fan los informes, los reclusos de la c\u00e1rcel, entre ellos los capos mencionados en la reciente petici\u00f3n, <a href=\"\/noticias\/noticias-del-dia\/el-chapo-trabaja-rival-la-barbie-huelga-hambre-prision-mexico\" target=\"_blank\">participaron en una huelga de hambre en 2014<\/a> en protesta por las malas condiciones carcelarias. Adicionalmente, el hecho de que la CNDH est\u00e9 dispuesta a investigar m\u00e1s a fondo la situaci\u00f3n parece otorgar cierta credibilidad a la autenticidad del documento.<\/p>\n\n\n\n<p class=\"wp-block-paragraph\">Sin embargo, <a href=\"\/noticias\/analisis\/forenses-revelan-falta-credibilidad-caso-estudiantes-desaparecidos-mexico\" target=\"_blank\">el presidente Enrique Pe\u00f1a Nieto se encuentra agotado<\/a> por los temas de seguridad ciudadana y corrupci\u00f3n a ra\u00edz del secuestro y desaparici\u00f3n de <a href=\"\/noticias\/analisis\/desaparecidos-iguala-mexico-crimen-anunciado\" target=\"_blank\">43 estudiantes en connivencia con la polic\u00eda local<\/a> en septiembre de 2014, por lo que parece poco probable que el bienestar de los prisioneros est\u00e9 dentro de la lista de prioridades del gobierno en el corto plazo.<\/p>\n","protected":false},"excerpt":{"rendered":"<p>Algunos de los capos m\u00e1s conocidos de M\u00e9xico han firmado un documento en el que se quejan de los abusos a los derechos humanos en la \u00fanica prisi\u00f3n federal de \u0093m\u00e1xima\u0094 seguridad del pa\u00eds, aunque todav\u00eda est\u00e1 por verse si la queja recibir\u00e1 una respuesta significativa en un momento en que el gobierno sigue sacudido por los cr\u00edmenes cometidos contra los ciudadanos respetuosos de la ley.<\/p>\n","protected":false},"author":41,"featured_media":42138,"comment_status":"closed","ping_status":"closed","sticky":false,"template":"","format":"standard","meta":{"newspack_ads_suppress_ads":false,"newspack_popups_has_disabled_popups":false,"newspack_sponsor_sponsorship_scope":"","newspack_sponsor_native_byline_display":"inherit","newspack_sponsor_native_category_display":"inherit","newspack_sponsor_underwriter_style":"inherit","newspack_sponsor_underwriter_placement":"inherit","_EventAllDay":false,"_EventTimezone":"","_EventStartDate":"","_EventEndDate":"","_EventStartDateUTC":"","_EventEndDateUTC":"","_EventShowMap":false,"_EventShowMapLink":false,"_EventURL":"","_EventCost":"","_EventCostDescription":"","_EventCurrencySymbol":"","_EventCurrencyCode":"","_EventCurrencyPosition":"","_EventDateTimeSeparator":"","_EventTimeRangeSeparator":"","_EventOrganizerID":[],"_EventVenueID":[],"_OrganizerEmail":"","_OrganizerPhone":"","_OrganizerWebsite":"","_VenueAddress":"","_VenueCity":"","_VenueCountry":"","_VenueProvince":"","_VenueState":"","_VenueZip":"","_VenuePhone":"","_VenueURL":"","_VenueStateProvince":"","_VenueLat":"","_VenueLng":"","_VenueShowMap":false,"_VenueShowMapLink":false,"_newspack_byline_active":false,"_newspack_byline":"","newspack_hide_updated_date":false,"newspack_show_updated_date":false,"newspack_featured_image_position":"","newspack_post_subtitle":"","newspack_article_summary_title":"Overview:","newspack_article_summary":"","_jetpack_memberships_contains_paid_content":false,"footnotes":""},"categories":[334],"tags":[450,406,3021],"newspack_spnsrs_tax":[],"coauthors":[3911],"class_list":["post-7658","post","type-post","status-publish","format-standard","has-post-thumbnail","hentry","category-noticias-del-dia","tag-derechos-humanos","tag-mexico-pais","tag-prisiones-es","entry"],"parsely":{"version":"1.1.0","canonical_url":"https:\/\/insightcrime.org\/es\/noticias\/noticias-del-dia\/capos-mexico-presentan-queja-condiciones-penitenciarias\/","smart_links":{"inbound":0,"outbound":0},"traffic_boost_suggestions_count":0,"meta":{"@context":"https:\/\/schema.org","@type":"NewsArticle","headline":"Capos de M\u00e9xico presentan queja por condiciones penitenciarias","url":"http:\/\/insightcrime.org\/es\/noticias\/noticias-del-dia\/capos-mexico-presentan-queja-condiciones-penitenciarias\/","mainEntityOfPage":{"@type":"WebPage","@id":"http:\/\/insightcrime.org\/es\/noticias\/noticias-del-dia\/capos-mexico-presentan-queja-condiciones-penitenciarias\/"},"thumbnailUrl":"https:\/\/i0.wp.com\/insightcrime.org\/wp-content\/uploads\/2015\/03\/es-15-02-03-Mexico-Altiplano.jpg?resize=150%2C150&quality=100&ssl=1","image":{"@type":"ImageObject","url":"https:\/\/i0.wp.com\/insightcrime.org\/wp-content\/uploads\/2015\/03\/es-15-02-03-Mexico-Altiplano.jpg?fit=250%2C156&quality=100&ssl=1"},"articleSection":"Noticias del d\u00eda","author":[{"@type":"Person","name":"Arron Daugherty"}],"creator":["Arron Daugherty"],"publisher":{"@type":"Organization","name":"InSight Crime","logo":"https:\/\/insightcrime.org\/wp-content\/uploads\/2023\/08\/logo.png"},"keywords":["derechos humanos","m\u00e9xico","prisiones"],"dateCreated":"2017-03-28T00:07:23Z","datePublished":"2017-03-28T00:07:23Z","dateModified":"2023-04-24T20:44:23Z"},"rendered":"<meta name=\"parsely-title\" content=\"Capos de M\u00e9xico presentan queja por condiciones penitenciarias\" \/>\n<meta name=\"parsely-link\" content=\"http:\/\/insightcrime.org\/es\/noticias\/noticias-del-dia\/capos-mexico-presentan-queja-condiciones-penitenciarias\/\" \/>\n<meta name=\"parsely-type\" content=\"post\" \/>\n<meta name=\"parsely-image-url\" content=\"https:\/\/i0.wp.com\/insightcrime.org\/wp-content\/uploads\/2015\/03\/es-15-02-03-Mexico-Altiplano.jpg?resize=150%2C150&amp;quality=100&amp;ssl=1\" \/>\n<meta name=\"parsely-pub-date\" content=\"2017-03-28T00:07:23Z\" \/>\n<meta name=\"parsely-section\" content=\"Noticias del d\u00eda\" \/>\n<meta name=\"parsely-tags\" content=\"derechos humanos,m\u00e9xico,prisiones\" \/>\n<meta name=\"parsely-author\" content=\"Arron Daugherty\" \/>","tracker_url":"https:\/\/cdn.parsely.com\/keys\/insightcrime.org\/p.js"},"jetpack_sharing_enabled":true,"jetpack-related-posts":[{"id":141310,"url":"https:\/\/insightcrime.org\/es\/noticias\/cierre-carceles-dilata-problema-mexico\/","url_meta":{"origin":7658,"position":0},"title":"Cierre de c\u00e1rceles solo dilata el problema de estos centros en M\u00e9xico","author":"Max Radwin","date":"19 de abril de 2021","format":false,"excerpt":"El cierre de una prisi\u00f3n estatal en M\u00e9xico es una respuesta poco convencional del gobierno frente a las precarias condiciones de los reclusos, pero no ser\u00e1 una soluci\u00f3n definitiva a los problemas de fondo que aquejan a los centros penitenciarios del pa\u00eds.","rel":"","context":"En \u00abNoticias\u00bb","block_context":{"text":"Noticias","link":"https:\/\/insightcrime.org\/es\/category\/noticias\/"},"img":{"alt_text":"","src":"https:\/\/i0.wp.com\/insightcrime.org\/wp-content\/uploads\/2021\/04\/Temascaltepec-Prison.jpg?fit=350%2C250&quality=100&ssl=1&resize=350%2C200","width":350,"height":200},"classes":[]},{"id":289816,"url":"https:\/\/insightcrime.org\/es\/noticias\/arrestos-guardias-penitenciarios-guatemala-muestra-vulnerabilidad-mujeres-reclusas\/","url_meta":{"origin":7658,"position":1},"title":"Detenciones dan cuenta de abusos contra mujeres en c\u00e1rceles de Guatemala","author":"Lara Loaiza","date":"28 de agosto de 2024","format":false,"excerpt":"Autoridades guatemaltecas han llevado a cabo m\u00faltiples arrestos de guardias de prisiones implicados en esquemas de explotaci\u00f3n sexual que victimizan a las mujeres encarceladas.","rel":"","context":"En \u00abNoticias\u00bb","block_context":{"text":"Noticias","link":"https:\/\/insightcrime.org\/es\/category\/noticias\/"},"img":{"alt_text":"","src":"https:\/\/i0.wp.com\/insightcrime.org\/wp-content\/uploads\/2024\/08\/Guatemala-prison-sexual-abuse.png?fit=350%2C250&quality=100&ssl=1&resize=350%2C200","width":350,"height":200},"classes":[]},{"id":278031,"url":"https:\/\/insightcrime.org\/es\/noticias\/torturas-abusos-presos-proliferan-guerra-contra-pandillas-ecuador\/","url_meta":{"origin":7658,"position":2},"title":"Torturas y abusos a presos proliferan en la guerra contra las pandillas en Ecuador","author":"James Bargent","date":"7 de junio de 2024","format":false,"excerpt":"Cuando los militares entraron en la prisi\u00f3n de Latacunga, en Cotopaxi, Ecuador, en la tarde del 14 de enero, los reclusos ya sab\u00edan que ven\u00edan. El d\u00eda anterior, Los Lobos \u2014la pandilla que dirig\u00eda la prisi\u00f3n\u2014 hab\u00edan liberado a los guardias que hab\u00edan tomado como rehenes y se hab\u00eda corrido\u2026","rel":"","context":"En \u00abNoticias\u00bb","block_context":{"text":"Noticias","link":"https:\/\/insightcrime.org\/es\/category\/noticias\/"},"img":{"alt_text":"Ecuadorian soldier stands guard over a line of prisoners. \nUn soldado ecuatoriano patrulla una fila de prisioneros.","src":"https:\/\/i0.wp.com\/insightcrime.org\/wp-content\/uploads\/2024\/06\/Ecuador-Violence-Soldier-stands-guard-over-inmates-at-the-Litoral-Penitentiary-AP24040793801886-A2.jpg?fit=1200%2C690&quality=100&ssl=1&resize=350%2C200","width":350,"height":200,"srcset":"https:\/\/i0.wp.com\/insightcrime.org\/wp-content\/uploads\/2024\/06\/Ecuador-Violence-Soldier-stands-guard-over-inmates-at-the-Litoral-Penitentiary-AP24040793801886-A2.jpg?fit=1200%2C690&quality=100&ssl=1&resize=350%2C200 1x, https:\/\/i0.wp.com\/insightcrime.org\/wp-content\/uploads\/2024\/06\/Ecuador-Violence-Soldier-stands-guard-over-inmates-at-the-Litoral-Penitentiary-AP24040793801886-A2.jpg?fit=1200%2C690&quality=100&ssl=1&resize=525%2C300 1.5x, https:\/\/i0.wp.com\/insightcrime.org\/wp-content\/uploads\/2024\/06\/Ecuador-Violence-Soldier-stands-guard-over-inmates-at-the-Litoral-Penitentiary-AP24040793801886-A2.jpg?fit=1200%2C690&quality=100&ssl=1&resize=700%2C400 2x, https:\/\/i0.wp.com\/insightcrime.org\/wp-content\/uploads\/2024\/06\/Ecuador-Violence-Soldier-stands-guard-over-inmates-at-the-Litoral-Penitentiary-AP24040793801886-A2.jpg?fit=1200%2C690&quality=100&ssl=1&resize=1050%2C600 3x"},"classes":[]},{"id":139218,"url":"https:\/\/insightcrime.org\/es\/noticias\/abusos-sexuales-carceles-mujeres-venezuela\/","url_meta":{"origin":7658,"position":3},"title":"Abusos sexuales abundan en c\u00e1rceles de mujeres en Venezuela","author":"Unidad Investigativa de Venezuela","date":"25 de marzo de 2021","format":false,"excerpt":"La muerte de una joven de 19 a\u00f1os en un calabozo de la polic\u00eda en Venezuela, a causa de un disparo, deja al descubierto una serie de abusos sistem\u00e1ticos por parte de funcionarios policiales, y pone de manifiesto los altos niveles de violencia que enfrentan las mujeres privadas de la\u2026","rel":"","context":"En \u00abNoticias\u00bb","block_context":{"text":"Noticias","link":"https:\/\/insightcrime.org\/es\/category\/noticias\/"},"img":{"alt_text":"","src":"https:\/\/i0.wp.com\/insightcrime.org\/wp-content\/uploads\/2021\/03\/Mujeres-carceles.jpg?fit=350%2C250&quality=100&ssl=1&resize=350%2C200","width":350,"height":200},"classes":[]},{"id":124862,"url":"https:\/\/insightcrime.org\/es\/noticias\/mexico-cerrara-celebre-prision-famosa-por-narcofiestas-y-fuga-de-el-chapo\/","url_meta":{"origin":7658,"position":4},"title":"M\u00e9xico cerrar\u00e1 c\u00e9lebre prisi\u00f3n famosa por narcofiestas y fuga de \u2018El Chapo\u2019","author":"Parker Asmann","date":"30 de septiembre de 2020","format":false,"excerpt":"Una prisi\u00f3n federal que alberg\u00f3 a algunos de los capos m\u00e1s poderosos de M\u00e9xico cerrar\u00e1, marcando as\u00ed el fin de una instalaci\u00f3n que fue testigo desde fugas de alto perfil hasta ostentosas fiestas animadas con narcocorridos.","rel":"","context":"En \u00abNoticias\u00bb","block_context":{"text":"Noticias","link":"https:\/\/insightcrime.org\/es\/category\/noticias\/"},"img":{"alt_text":"","src":"https:\/\/i0.wp.com\/insightcrime.org\/wp-content\/uploads\/2020\/09\/20-09-29-Puente-Grande-Mexico.jpg?fit=350%2C250&quality=100&ssl=1&resize=350%2C200","width":350,"height":200},"classes":[]},{"id":279081,"url":"https:\/\/insightcrime.org\/es\/noticias\/carceles-venezuela-siguen-fuera-control-despues-intervencion-estatal\/","url_meta":{"origin":7658,"position":5},"title":"C\u00e1rceles en Venezuela siguen fuera de control despu\u00e9s de intervenci\u00f3n estatal","author":"Unidad Investigativa de Venezuela","date":"12 de junio de 2024","format":false,"excerpt":"Pese a que las autoridades venezolanas celebraron el restablecimiento del orden carcelario, despu\u00e9s de varias operaciones para retomar el control de las prisiones \u2013en poder de l\u00edderes carcelarios, conocidos como pranes\u2013 los episodios de violencia y la crisis humanitaria del sistema penitenciario contin\u00faan.","rel":"","context":"En \u00abNoticias\u00bb","block_context":{"text":"Noticias","link":"https:\/\/insightcrime.org\/es\/category\/noticias\/"},"img":{"alt_text":"","src":"https:\/\/i0.wp.com\/insightcrime.org\/wp-content\/uploads\/2024\/06\/Huelga-pacifica-presos-Venezuela.jpg?fit=350%2C250&quality=100&ssl=1&resize=350%2C200","width":350,"height":200},"classes":[]}],"jetpack_featured_media_url":"https:\/\/i0.wp.com\/insightcrime.org\/wp-content\/uploads\/2015\/03\/es-15-02-03-Mexico-Altiplano.jpg?fit=250%2C156&quality=100&ssl=1","_links":{"self":[{"href":"https:\/\/insightcrime.org\/es\/wp-json\/wp\/v2\/posts\/7658","targetHints":{"allow":["GET"]}}],"collection":[{"href":"https:\/\/insightcrime.org\/es\/wp-json\/wp\/v2\/posts"}],"about":[{"href":"https:\/\/insightcrime.org\/es\/wp-json\/wp\/v2\/types\/post"}],"author":[{"embeddable":true,"href":"https:\/\/insightcrime.org\/es\/wp-json\/wp\/v2\/users\/41"}],"replies":[{"embeddable":true,"href":"https:\/\/insightcrime.org\/es\/wp-json\/wp\/v2\/comments?post=7658"}],"version-history":[{"count":1,"href":"https:\/\/insightcrime.org\/es\/wp-json\/wp\/v2\/posts\/7658\/revisions"}],"predecessor-version":[{"id":24229,"href":"https:\/\/insightcrime.org\/es\/wp-json\/wp\/v2\/posts\/7658\/revisions\/24229"}],"wp:featuredmedia":[{"embeddable":true,"href":"https:\/\/insightcrime.org\/es\/wp-json\/wp\/v2\/media\/42138"}],"wp:attachment":[{"href":"https:\/\/insightcrime.org\/es\/wp-json\/wp\/v2\/media?parent=7658"}],"wp:term":[{"taxonomy":"category","embeddable":true,"href":"https:\/\/insightcrime.org\/es\/wp-json\/wp\/v2\/categories?post=7658"},{"taxonomy":"post_tag","embeddable":true,"href":"https:\/\/insightcrime.org\/es\/wp-json\/wp\/v2\/tags?post=7658"},{"taxonomy":"newspack_spnsrs_tax","embeddable":true,"href":"https:\/\/insightcrime.org\/es\/wp-json\/wp\/v2\/newspack_spnsrs_tax?post=7658"},{"taxonomy":"author","embeddable":true,"href":"https:\/\/insightcrime.org\/es\/wp-json\/wp\/v2\/coauthors?post=7658"}],"curies":[{"name":"wp","href":"https:\/\/api.w.org\/{rel}","templated":true}]}}