{"id":7686,"date":"2015-03-16T14:58:03","date_gmt":"2017-03-28T00:07:38","guid":{"rendered":"http:\/\/newwp.insightcrime.org?p=7686"},"modified":"2023-04-24T15:44:36","modified_gmt":"2023-04-24T20:44:36","slug":"aumentan-incautaciones-armas-alto-poder-rio-de-janeiro","status":"publish","type":"post","link":"https:\/\/insightcrime.org\/es\/noticias\/noticias-del-dia\/aumentan-incautaciones-armas-alto-poder-rio-de-janeiro\/","title":{"rendered":"Aumentan incautaciones de armas de alto poder en R\u00edo de Janeiro"},"content":{"rendered":"\n<p class=\"wp-block-paragraph\">Las cifras de incautaci\u00f3n de armas en Brasil sugieren que los criminales de R\u00edo de Janeiro est\u00e1n buscando armas cada vez m\u00e1s potentes, lo que explica las razones del lanzamiento de una nueva unidad de inteligencia especializada en el tr\u00e1fico de armas en la ciudad.<\/p>\n\n\n\n<p class=\"wp-block-paragraph\">Las armas clasificadas como \u201ccategor\u00eda A\u201d, como fusiles, ametralladoras y subametralladoras, representaron casi el 40 por ciento de las armas incautadas en R\u00edo en 2013, lo que representa un aumento del 33 por ciento desde 2009, <a href=\"https:\/\/brasil.estadao.com.br\/blogs\/estadao-rio\/rio-registra-pico-de-apreensoes-de-armas-mais-letais-em-2013\/\" target=\"_blank\">inform\u00f3 Estad\u00e3o.<\/a><\/p>\n\n\n\n<p class=\"wp-block-paragraph\">Tambi\u00e9n en 2013, a\u00f1o en el que se incautaron 8.101 armas, se revirti\u00f3 la tendencia a la disminuci\u00f3n en las incautaciones de armas, pues \u00e9stas subieron por primera vez desde 2009.<\/p>\n\n\n\n<p class=\"wp-block-paragraph\">Seg\u00fan Estad\u00e3o, el jefe de la Polic\u00eda Civil de R\u00edo de Janeiro, Fernando Veloso, dijo que el 47 por ciento de las armas incautadas proven\u00edan de Estados Unidos, y muchas de ellas hab\u00edan pasado por Paraguay antes de ser contrabandeadas a Brasil.<\/p>\n\n\n\n<p class=\"wp-block-paragraph\">Otra fuente importante son los arsenales de las fuerzas de seguridad, lo cual se evidencia por la<a href=\"https:\/\/noticias.r7.com\/rio-de-janeiro\/pm-instaura-inquerito-para-investigar-sumico-de-26-armas-e-municoes-de-deposito-em-niteroi-07022015\" target=\"_blank\"> desaparici\u00f3n de 26 armas<\/a>, entre ellas 11 fusiles, tres ametralladoras y tres escopetas de un dep\u00f3sito de la Polic\u00eda Militar de R\u00edo el mes pasado.<\/p>\n\n\n\n<p class=\"wp-block-paragraph\">Las nuevas cifras de incautaciones de armas, publicadas por el Instituto de Seguridad P\u00fablica (ISP), se dieron tras la declaraci\u00f3n del secretario de Seguridad del estado de R\u00edo, Jos\u00e9 Mariano Beltrame, quien asegur\u00f3 que el Departamento de Seguridad del Estado va a crear un nuevo centro de inteligencia para controlar el tr\u00e1fico de armas en R\u00edo.<\/p>\n\n\n\n<p class=\"wp-block-paragraph\">Dicha unidad, que comenzar\u00e1 a trabajar en junio, reunir\u00e1 a militares, civiles y polic\u00edas federales para mejorar la vigilancia de las fronteras del estado de R\u00edo de Janeiro, <a href=\"https:\/\/brasil.estadao.com.br\/noticias\/rio-de-janeiro,rio-vai-criar-nucleo-de-inteligencia-contra-trafico-de-armas,1647556\" target=\"_blank\">inform\u00f3 Estad\u00e3o.<\/a><\/p>\n\n\n\n<h3 class=\"wp-block-heading\">An\u00e1lisis de InSight Crime<\/h3>\n\n\n\n<p class=\"wp-block-paragraph\">Cerca del 90 por ciento de los asesinatos llevados a cabo en Brasil <a href=\"\/noticias\/analisis\/leyes-de-armas-mas-estrictas-reducen-la-violencia-en-latinoamerica\" target=\"_blank\">involucran armas de fuego<\/a>, y seg\u00fan Small Arms Survey<i>,<\/i> en el pa\u00eds hay hasta 9,6 millones de armas ilegales.<\/p>\n\n\n\n<p class=\"wp-block-paragraph\">Las pandillas que operan en muchas de las favelas de R\u00edo han preferido siempre las armas de alto poder. Estas armas pueden ser muy destructivas en estos densos ambientes urbanos, y la polic\u00eda dice que el uso de estas armas ha contribuido a la <a href=\"\/noticias\/analisis\/comando-vermelho-brasil-policia-combate\" target=\"_blank\">pol\u00e9mica militarizaci\u00f3n de sus operaciones<\/a>, ya que deben responder con armas similares.<\/p>\n\n\n\n<p class=\"wp-block-paragraph\"><strong><span style=\"color: #800000\">VEA TAMBI\u00c9N<\/span><\/strong>: <a href=\"\/noticias-sobre-crimen-organizado-en-brasil\" target=\"_blank\">Noticias y perfiles de Brasil<\/a><\/p>\n\n\n\n<p class=\"wp-block-paragraph\">Sin embargo, <a href=\"\/news\/briefs\/northeast-brazil-suffers-highest-gun-deaths-study\" target=\"_blank\">seg\u00fan un informe <\/a>de la organizaci\u00f3n no gubernamental Centro Brasile\u00f1o de Estudios Latinoamericanos (Cebela), en el estado de R\u00edo se present\u00f3 un tremendo descenso del 44 por ciento en las muertes con armas entre 2000 y 2010, Asimismo, las tasas de homicidios en la ciudad, as\u00ed como en todo el Estado, han seguido una <a href=\"\/noticias\/noticias-del-dia\/aumenta-crimen-estado-rio-janeiro\" target=\"_blank\">tendencia a la baja desde entonces<\/a>. Esto en gran parte se ha atribuido a la Unidad de Polic\u00eda Pacificadora (UPP), cuyas unidades de polic\u00eda especializadas han ocupado las favelas conflictivas.<\/p>\n\n\n\n<p class=\"wp-block-paragraph\">No obstante, en el \u00faltimo a\u00f1o ha habido crecientes se\u00f1ales de un <a href=\"\/noticias\/noticias-del-dia\/ataque-en-base-de-la-upp-es-signo-de-grietas-en-el-programa-de-pacificacion-de-rio-de-janeiro\" target=\"_blank\">resurgimiento de la actividad de las pandillas <\/a>en varias favelas ocupadas por la UPP, y el aumento en las incautaciones de armas de alto poder es un recordatorio de que las redes de crimen organizado de R\u00edo siguen siendo una amenaza significativa para la seguridad de la ciudad y el estado.<\/p>\n","protected":false},"excerpt":{"rendered":"<p>Las cifras de incautaci\u00f3n de armas en Brasil sugieren que los criminales de R\u00edo de Janeiro est\u00e1n buscando armas cada vez m\u00e1s potentes, lo que explica las razones del lanzamiento de una nueva unidad de inteligencia especializada en el tr\u00e1fico de armas en la ciudad.<\/p>\n","protected":false},"author":16,"featured_media":42202,"comment_status":"closed","ping_status":"closed","sticky":false,"template":"","format":"standard","meta":{"newspack_ads_suppress_ads":false,"newspack_popups_has_disabled_popups":false,"newspack_sponsor_sponsorship_scope":"","newspack_sponsor_native_byline_display":"inherit","newspack_sponsor_native_category_display":"inherit","newspack_sponsor_underwriter_style":"inherit","newspack_sponsor_underwriter_placement":"inherit","_EventAllDay":false,"_EventTimezone":"","_EventStartDate":"","_EventEndDate":"","_EventStartDateUTC":"","_EventEndDateUTC":"","_EventShowMap":false,"_EventShowMapLink":false,"_EventURL":"","_EventCost":"","_EventCostDescription":"","_EventCurrencySymbol":"","_EventCurrencyCode":"","_EventCurrencyPosition":"","_EventDateTimeSeparator":"","_EventTimeRangeSeparator":"","_EventOrganizerID":[],"_EventVenueID":[],"_OrganizerEmail":"","_OrganizerPhone":"","_OrganizerWebsite":"","_VenueAddress":"","_VenueCity":"","_VenueCountry":"","_VenueProvince":"","_VenueState":"","_VenueZip":"","_VenuePhone":"","_VenueURL":"","_VenueStateProvince":"","_VenueLat":"","_VenueLng":"","_VenueShowMap":false,"_VenueShowMapLink":false,"_newspack_byline_active":false,"_newspack_byline":"","newspack_hide_updated_date":false,"newspack_show_updated_date":false,"newspack_featured_image_position":"","newspack_post_subtitle":"","newspack_article_summary_title":"Overview:","newspack_article_summary":"","_jetpack_memberships_contains_paid_content":false,"footnotes":""},"categories":[334],"tags":[405,448],"newspack_spnsrs_tax":[],"coauthors":[3821],"class_list":["post-7686","post","type-post","status-publish","format-standard","has-post-thumbnail","hentry","category-noticias-del-dia","tag-brasil","tag-trafico-de-armas","entry"],"parsely":{"version":"1.1.0","canonical_url":"https:\/\/insightcrime.org\/es\/noticias\/noticias-del-dia\/aumentan-incautaciones-armas-alto-poder-rio-de-janeiro\/","smart_links":{"inbound":0,"outbound":0},"traffic_boost_suggestions_count":0,"meta":{"@context":"https:\/\/schema.org","@type":"NewsArticle","headline":"Aumentan incautaciones de armas de alto poder en R\u00edo de Janeiro","url":"http:\/\/insightcrime.org\/es\/noticias\/noticias-del-dia\/aumentan-incautaciones-armas-alto-poder-rio-de-janeiro\/","mainEntityOfPage":{"@type":"WebPage","@id":"http:\/\/insightcrime.org\/es\/noticias\/noticias-del-dia\/aumentan-incautaciones-armas-alto-poder-rio-de-janeiro\/"},"thumbnailUrl":"https:\/\/i0.wp.com\/insightcrime.org\/wp-content\/uploads\/2015\/03\/es-15-03-12-Brazil-Rio-Arms.jpg?resize=150%2C150&quality=100&ssl=1","image":{"@type":"ImageObject","url":"https:\/\/i0.wp.com\/insightcrime.org\/wp-content\/uploads\/2015\/03\/es-15-03-12-Brazil-Rio-Arms.jpg?fit=240%2C196&quality=100&ssl=1"},"articleSection":"Noticias del d\u00eda","author":[{"@type":"Person","name":"James Bargent"}],"creator":["James Bargent"],"publisher":{"@type":"Organization","name":"InSight Crime","logo":"https:\/\/insightcrime.org\/wp-content\/uploads\/2023\/08\/logo.png"},"keywords":["brasil","tr\u00e1fico de armas"],"dateCreated":"2017-03-28T00:07:38Z","datePublished":"2017-03-28T00:07:38Z","dateModified":"2023-04-24T20:44:36Z"},"rendered":"<meta name=\"parsely-title\" content=\"Aumentan incautaciones de armas de alto poder en R\u00edo de Janeiro\" \/>\n<meta name=\"parsely-link\" content=\"http:\/\/insightcrime.org\/es\/noticias\/noticias-del-dia\/aumentan-incautaciones-armas-alto-poder-rio-de-janeiro\/\" \/>\n<meta name=\"parsely-type\" content=\"post\" \/>\n<meta name=\"parsely-image-url\" content=\"https:\/\/i0.wp.com\/insightcrime.org\/wp-content\/uploads\/2015\/03\/es-15-03-12-Brazil-Rio-Arms.jpg?resize=150%2C150&amp;quality=100&amp;ssl=1\" \/>\n<meta name=\"parsely-pub-date\" content=\"2017-03-28T00:07:38Z\" \/>\n<meta name=\"parsely-section\" content=\"Noticias del d\u00eda\" \/>\n<meta name=\"parsely-tags\" content=\"brasil,tr\u00e1fico de armas\" \/>\n<meta name=\"parsely-author\" content=\"James Bargent\" \/>","tracker_url":"https:\/\/cdn.parsely.com\/keys\/insightcrime.org\/p.js"},"jetpack_sharing_enabled":true,"jetpack-related-posts":[{"id":322865,"url":"https:\/\/insightcrime.org\/es\/noticias\/pandillas-brasil-recurren-cada-vez-armamento-artesanal\/","url_meta":{"origin":7686,"position":0},"title":"Armas improvisadas fortalecen a las pandillas en Brasil","author":"Deborah Bonello","date":"29 de octubre de 2025","format":false,"excerpt":"En entrevista con InSight Crime un investigador expone los hallazgos de un estudio reciente sobre la proliferaci\u00f3n de armas en Brasil.","rel":"","context":"En \u00abNoticias\u00bb","block_context":{"text":"Noticias","link":"https:\/\/insightcrime.org\/es\/category\/noticias\/"},"img":{"alt_text":"Ghost guns are on the rise in Brazil's criminal landscape","src":"https:\/\/i0.wp.com\/insightcrime.org\/wp-content\/uploads\/2025\/10\/QAweaponsbrazil.jpg?fit=800%2C612&quality=100&ssl=1&resize=350%2C200","width":350,"height":200,"srcset":"https:\/\/i0.wp.com\/insightcrime.org\/wp-content\/uploads\/2025\/10\/QAweaponsbrazil.jpg?fit=800%2C612&quality=100&ssl=1&resize=350%2C200 1x, https:\/\/i0.wp.com\/insightcrime.org\/wp-content\/uploads\/2025\/10\/QAweaponsbrazil.jpg?fit=800%2C612&quality=100&ssl=1&resize=525%2C300 1.5x, https:\/\/i0.wp.com\/insightcrime.org\/wp-content\/uploads\/2025\/10\/QAweaponsbrazil.jpg?fit=800%2C612&quality=100&ssl=1&resize=700%2C400 2x"},"classes":[]},{"id":265016,"url":"https:\/\/insightcrime.org\/es\/noticias\/trafico-armas-europeas-pone-paraguay-contra-cuerdas\/","url_meta":{"origin":7686,"position":1},"title":"El tr\u00e1fico de armas europeas pone a Paraguay contra las cuerdas","author":"Beatriz Vicent Fern\u00e1ndez","date":"11 de enero de 2024","format":false,"excerpt":"Miles de armas de origen europeo y turco incautadas en Brasil junto con extensas redes de corrupci\u00f3n muestran la extensi\u00f3n del mercado ilegal de armas en Paraguay.","rel":"","context":"En \u00abNoticias\u00bb","block_context":{"text":"Noticias","link":"https:\/\/insightcrime.org\/es\/category\/noticias\/"},"img":{"alt_text":"Rifles incautados durante la Operaci\u00f3n Dakovo.","src":"https:\/\/i0.wp.com\/insightcrime.org\/wp-content\/uploads\/2024\/01\/armas_Dakovo2.jpg?fit=350%2C250&quality=100&ssl=1&resize=350%2C200","width":350,"height":200},"classes":[]},{"id":232725,"url":"https:\/\/insightcrime.org\/es\/noticias\/cuatro-conclusiones-informe-caricom-armas\/","url_meta":{"origin":7686,"position":2},"title":"Cuatro conclusiones del informe de CARICOM sobre armas de fuego","author":"Gavin Voss","date":"4 de mayo de 2023","format":false,"excerpt":"La violencia de las pandillas aumenta los niveles de homicidios en el Caribe, atizados por armas estadounidenses; seg\u00fan un informe publicado recientemente, mientras que los l\u00edderes de la regi\u00f3n buscan incrementar la cooperaci\u00f3n contra el tr\u00e1fico de armas.","rel":"","context":"En \u00abNoticias\u00bb","block_context":{"text":"Noticias","link":"https:\/\/insightcrime.org\/es\/category\/noticias\/"},"img":{"alt_text":"Armas de tipo militar incautadas por autoridades estadounidenses","src":"https:\/\/i0.wp.com\/insightcrime.org\/wp-content\/uploads\/2023\/09\/Caribbean-Guns-Haiti-Arms-Trafficking-AP-1.jpeg?fit=350%2C250&quality=100&ssl=1&resize=350%2C200","width":350,"height":200},"classes":[]},{"id":210280,"url":"https:\/\/insightcrime.org\/es\/noticias\/captura-policias-brasil-ejemplifica-corrupcion\/","url_meta":{"origin":7686,"position":3},"title":"Captura de polic\u00edas en Brasil ejemplifica la corrupci\u00f3n en la instituci\u00f3n","author":"Chris Dalby","date":"14 de febrero de 2023","format":false,"excerpt":"En Brasil, aumentan los temores acerca de que la colusi\u00f3n de las fuerzas de seguridad con los criminales se est\u00e9 complejizando en todo el pa\u00eds.","rel":"","context":"En \u00abNoticias\u00bb","block_context":{"text":"Noticias","link":"https:\/\/insightcrime.org\/es\/category\/noticias\/"},"img":{"alt_text":"Patrullas de polic\u00eda frente a la sede de la polic\u00eda en Fortaleza, Cear\u00e1, Brasil","src":"https:\/\/i0.wp.com\/insightcrime.org\/wp-content\/uploads\/2023\/02\/image0-2-1-1.jpeg?fit=350%2C250&quality=100&ssl=1&resize=350%2C200","width":350,"height":200},"classes":[]},{"id":232538,"url":"https:\/\/insightcrime.org\/es\/noticias\/armas-desapariciones-sobrepoblacion-carcelaria-problemas-brasil\/","url_meta":{"origin":7686,"position":4},"title":"Armas, desapariciones y sobrepoblaci\u00f3n carcelaria: los problemas de Brasil se agudizan","author":"Chris Dalby","date":"1 de agosto de 2023","format":false,"excerpt":"Desde prisiones derruidas y sobrepobladas hasta decenas de miles de desapariciones anuales, el panorama de la seguridad en Brasil es desolador.","rel":"","context":"En \u00abNoticias\u00bb","block_context":{"text":"Noticias","link":"https:\/\/insightcrime.org\/es\/category\/noticias\/"},"img":{"alt_text":"Prisoners at the door of an overloaded jail cell in Brazil.","src":"https:\/\/i0.wp.com\/insightcrime.org\/wp-content\/uploads\/2023\/09\/ezgif-5-b85a4d337b-1-1-1.jpg?fit=350%2C250&quality=100&ssl=1&resize=350%2C200","width":350,"height":200},"classes":[]},{"id":189234,"url":"https:\/\/insightcrime.org\/es\/noticias\/las-armas-legales-nuevo-objetivo-bandas-criminales-brasil\/","url_meta":{"origin":7686,"position":5},"title":"Armas legales: el nuevo objetivo de las bandas criminales en Brasil","author":"Scott Mistler-Ferguson","date":"23 de junio de 2022","format":false,"excerpt":"La flexibilizaci\u00f3n de las restricciones a la posesi\u00f3n de armas de fuego en Brasil est\u00e1 creando nuevos canales para que los grupos criminales las obtengan por medios legales, una tendencia preocupante en un pa\u00eds que lleva mucho tiempo sufriendo la violencia con armas de fuego. La polic\u00eda brasile\u00f1a incaut\u00f3 m\u00faltiples\u2026","rel":"","context":"En \u00abNoticias\u00bb","block_context":{"text":"Noticias","link":"https:\/\/insightcrime.org\/es\/category\/noticias\/"},"img":{"alt_text":"Multiple high-powered rifles seized ","src":"https:\/\/i0.wp.com\/insightcrime.org\/wp-content\/uploads\/2022\/06\/CAC-Seizures-2.jpeg?fit=350%2C250&quality=100&ssl=1&resize=350%2C200","width":350,"height":200},"classes":[]}],"jetpack_featured_media_url":"https:\/\/i0.wp.com\/insightcrime.org\/wp-content\/uploads\/2015\/03\/es-15-03-12-Brazil-Rio-Arms.jpg?fit=240%2C196&quality=100&ssl=1","_links":{"self":[{"href":"https:\/\/insightcrime.org\/es\/wp-json\/wp\/v2\/posts\/7686","targetHints":{"allow":["GET"]}}],"collection":[{"href":"https:\/\/insightcrime.org\/es\/wp-json\/wp\/v2\/posts"}],"about":[{"href":"https:\/\/insightcrime.org\/es\/wp-json\/wp\/v2\/types\/post"}],"author":[{"embeddable":true,"href":"https:\/\/insightcrime.org\/es\/wp-json\/wp\/v2\/users\/16"}],"replies":[{"embeddable":true,"href":"https:\/\/insightcrime.org\/es\/wp-json\/wp\/v2\/comments?post=7686"}],"version-history":[{"count":1,"href":"https:\/\/insightcrime.org\/es\/wp-json\/wp\/v2\/posts\/7686\/revisions"}],"predecessor-version":[{"id":24293,"href":"https:\/\/insightcrime.org\/es\/wp-json\/wp\/v2\/posts\/7686\/revisions\/24293"}],"wp:featuredmedia":[{"embeddable":true,"href":"https:\/\/insightcrime.org\/es\/wp-json\/wp\/v2\/media\/42202"}],"wp:attachment":[{"href":"https:\/\/insightcrime.org\/es\/wp-json\/wp\/v2\/media?parent=7686"}],"wp:term":[{"taxonomy":"category","embeddable":true,"href":"https:\/\/insightcrime.org\/es\/wp-json\/wp\/v2\/categories?post=7686"},{"taxonomy":"post_tag","embeddable":true,"href":"https:\/\/insightcrime.org\/es\/wp-json\/wp\/v2\/tags?post=7686"},{"taxonomy":"newspack_spnsrs_tax","embeddable":true,"href":"https:\/\/insightcrime.org\/es\/wp-json\/wp\/v2\/newspack_spnsrs_tax?post=7686"},{"taxonomy":"author","embeddable":true,"href":"https:\/\/insightcrime.org\/es\/wp-json\/wp\/v2\/coauthors?post=7686"}],"curies":[{"name":"wp","href":"https:\/\/api.w.org\/{rel}","templated":true}]}}