{"id":7729,"date":"2015-04-01T14:57:23","date_gmt":"2017-03-28T00:08:01","guid":{"rendered":"http:\/\/newwp.insightcrime.org?p=7729"},"modified":"2023-04-24T15:44:54","modified_gmt":"2023-04-24T20:44:54","slug":"trafico-ninos-ecuador-estados-unidos-infierno","status":"publish","type":"post","link":"https:\/\/insightcrime.org\/es\/noticias\/analisis\/trafico-ninos-ecuador-estados-unidos-infierno\/","title":{"rendered":"Tr\u00e1fico de ni\u00f1os: de Ecuador a Estados Unidos, pasando por el infierno"},"content":{"rendered":"\n<p class=\"wp-block-paragraph\">Ni\u00f1os ecuatorianos se est\u00e1n yendo, por decenas, con rumbo a los Estados Unidos. No llevan visado, s\u00ed equipaje ligero.<\/p>\n\n\n\n<p class=\"wp-block-paragraph\">Hay gente \u2014\u201ccoyoteros\u201d en Ecuador, \u201cpolleros\u201d en M\u00e9xico\u2014&nbsp; que est\u00e1 cobrando por la traves\u00eda. Hasta US$20.000 por cada uno. Los padres de los menores los quieren all\u00e1 y est\u00e1n dispuestos a pagar lo que sea, aunque por eso, sus hijos tengan que vivir la peor experiencia de sus cortas vidas. Y en ciertas ocasiones, los ni\u00f1os no pueden llegar y regresan; y en otras, mueren en el camino, sin que la familia se pueda reunir una \u00faltima vez.<\/p>\n\n\n\n<p class=\"wp-block-paragraph\">En Estados Unidos, la llegada de <a href=\"\/noticias\/analisis\/no-es-un-lugar-para-los-ninos-exodo-juventud-centroamerica\" target=\"_blank\">miles de ni\u00f1os que cruzan sin compa\u00f1\u00eda la frontera<\/a> \u201490.000 hasta el cierre del 2014 seg\u00fan la proyecci\u00f3n del Departamento de Seguridad Nacional\u2014 <a href=\"\/noticias\/analisis\/ninos-migrantes-no-acompanados-exodo-centroamerica\" target=\"_blank\">ya es considerada una crisis humanitaria<\/a>. El fen\u00f3meno, ha motivado intensas reuniones de las m\u00e1ximas autoridades de los gobiernos de Guatemala, El Salvador y Honduras, de donde provienen la inmensa mayor\u00eda de estos menores. Tambi\u00e9n se ha pronunciado el presidente de la Asamblea General de la Organizaci\u00f3n de las Naciones Unidas (ONU), Ban Ki-Moon, el presidente norteamericano Barack Obama y su hom\u00f3logo mexicano Enrique Pe\u00f1a Nieto, que trat\u00f3 la problem\u00e1tica en una reuni\u00f3n con el Secretario de Estado del Vaticano. Todos aseguran que buscan soluciones para ponerle un freno a la situaci\u00f3n.<\/p>\n\n\n\n<p class=\"wp-block-paragraph\"><strong><em>Este art\u00edculo fue publicado originalmente por <a href=\"https:\/\/lahistoria.ec\/2014\/07\/14\/trafico-de-ninos-de-ecuador-al-infierno\/\" target=\"_blank\">La Historia<\/a> en 2014, en colaboraci\u00f3n con <a href=\"https:\/\/connectas.org\/trafico-de-ninos-de-ecuador-eeuu-pasando-por-el-infierno\/\" target=\"_blank\">Connectas<\/a>, y fue editado y republicado con permiso. Vea el art\u00edculo original <a href=\"https:\/\/lahistoria.ec\/2014\/07\/14\/trafico-de-ninos-de-ecuador-al-infierno\/\" target=\"_blank\">aqu\u00ed<\/a>.<\/em><\/strong><\/p>\n\n\n\n<p class=\"wp-block-paragraph\">Pero en Ecuador, ninguna autoridad de primer nivel ha dicho ni una palabra al respecto. Eso s\u00ed, todos se han referido a Nohem\u00ed \u00c1lvarez Quillay, la ni\u00f1a de 12 a\u00f1os que muri\u00f3 en un albergue mexicano, tras ser frustrado su paso de Ciudad Ju\u00e1rez hacia la frontera. En este caso, se han iniciado sendas investigaciones y la viceministra de Movilidad, Mar\u00eda Land\u00e1zuri se ha trasladado a M\u00e9xico a \u201cexigir\u201d que se esclarezca la muerte ocurrida en marzo de 2014. Las autoridades han dado su p\u00e9same y lamentado la desgracia. Incluso el presidente Rafael Correa, en su paso por Nueva York en el mes de abril, fue a darles un abrazo a los padres de la menor, ilegales en esa ciudad, que pusieron \u2014como tantos\u2014, a su peque\u00f1a en la boca del lobo.<\/p>\n\n\n\n<p class=\"wp-block-paragraph\">Pero del resto de ni\u00f1os que salen del pa\u00eds y que no son pocos, nada se dice. Y tampoco la justicia lo investiga, como reconoce el fiscal de la provincia de Ca\u00f1ar Romeo G\u00e1rate, quien sobre tr\u00e1fico de ni\u00f1os solo indaga la muerte de Nohem\u00ed, \u201cel \u00fanico caso\u201d que recuerda.<\/p>\n\n\n\n<p class=\"wp-block-paragraph\"><strong><span style=\"color: #800000\">VEA TAMBI\u00c9N:<\/span><\/strong> <a href=\"\/component\/tags\/tag\/321-trafico-humano\" target=\"_blank\">Cobertura sobre el tr\u00e1fico de personas<\/a><\/p>\n\n\n\n<h3 class=\"wp-block-heading\">Honduras, un trampol\u00edn al sue\u00f1o americano<\/h3>\n\n\n\n<p class=\"wp-block-paragraph\">Desde que en 2007 se elimin\u00f3 el visado entre Honduras y Ecuador, los viajes sin retorno se dispararon. Entre los a\u00f1os 2007 y 2013, se perdi\u00f3 el rastro de 992 ni\u00f1os que salieron del pa\u00eds v\u00eda a\u00e9rea con destino a ese pa\u00eds centroamericano. La Historia ha obtenido esa cifra contrastando las estad\u00edsticas migratorias de salidas y entradas internacionales que reposan en el Archivo Nacional de Datos (Anda). Un total de 1.286 menores de entre 0 y 14 a\u00f1os viajaron a Honduras durante ese periodo, pero solo 294 retornaron. La cifra se acrecienta con los adolescentes de entre 15 y 19 a\u00f1os, de los cuales, 5.255 no volvieron de su viaje a Honduras.<\/p>\n\n\n\n<div class=\"pull-quotes-right\">\n<div class=\"pull-quotes-body\">Desde que en 2007 se elimin\u00f3 el visado entre Honduras y Ecuador, los viajes sin retorno se dispararon.&nbsp;<\/div>\n<\/div>\n\n\n\n<p class=\"wp-block-paragraph\">Pero por cada ni\u00f1o se van 20 adultos. Es as\u00ed que en ese mismo periodo, 21.403 viajeros mayores de 20 a\u00f1os se fueron para no volver. La supresi\u00f3n del visado se hizo para \u201cfomentar principalmente el turismo bilateral\u201d, seg\u00fan comunic\u00f3 la Canciller\u00eda en ese entonces, pero de los 27.650 ecuatorianos que no regresaron de Honduras entre 2007 y 2013, 22.678 dijeron que se iban por turismo.&nbsp;&nbsp;<\/p>\n\n\n\n<p class=\"wp-block-paragraph\">\u201cSe debe legislar sobre esa situaci\u00f3n para evitar que se siga dando, porque es un \u00e1mbito nom\u00e1s el judicial donde nosotros intervenimos, despu\u00e9s es el Estado que debe crear una pol\u00edtica m\u00e1s directa para solucionar esto\u201d, asegura Romeo G\u00e1rate, fiscal de Ca\u00f1ar.<\/p>\n\n\n\n<p class=\"wp-block-paragraph\">G\u00e1rate admite que en estos \u00faltimos tres a\u00f1os se ha intensificado la salida de menores que van a reencontrarse con sus padres. Honduras es solo una de las tantas rutas que emplean las redes de tr\u00e1fico de personas para llevar a los ecuatorianos a la frontera entre M\u00e9xico y EEUU. Tambi\u00e9n los cruzan hacia Colombia, como pas\u00f3 con Nohem\u00ed \u00c1lvarez y otros dos hermanos de 14 y 16 a\u00f1os oriundos de Ca\u00f1ar, que fueron encontrados en situaci\u00f3n irregular en el vecino pa\u00eds y deportados el a\u00f1o pasado.<\/p>\n\n\n\n<p class=\"wp-block-paragraph\">Otras cifras que sit\u00faan a los ecuatorianos en la frontera mexicana, est\u00e1n reflejadas en los informes estad\u00edsticos anuales del Instituto Nacional de Migraci\u00f3n (INM) de ese pa\u00eds. Solo entre 2010 y 2013, unos 2.663 ecuatorianos fueron ingresados en estaciones migratorias despu\u00e9s de haber sido detenidos en situaci\u00f3n irregular. El n\u00famero de detenidos ha tenido un incremento progresivo. De ellos, 177 eran menores de edad que fueron devueltos al Ecuador. Lo cierto es que el 96 por ciento de los ni\u00f1os que cruzaron la frontera durante el \u00faltimo a\u00f1o,&nbsp; 49.567,&nbsp; ya han sido entregados a sus familias en Estados Unidos, seg\u00fan el \u00faltimo informe de la Administraci\u00f3n de Ni\u00f1os y Familias (HHS por sus iniciales en ingl\u00e9s) recogido por la agencia EFE el 10 de julio de 2014.<\/p>\n\n\n\n<p class=\"wp-block-paragraph\"><strong><span style=\"color: #800000\">VEA TAMBI\u00c9N:<\/span><\/strong> <a href=\"\/component\/tags\/tag\/273-ecuador\" target=\"_blank\">Cobertura sobre Ecuador<\/a><\/p>\n\n\n\n<h3 class=\"wp-block-heading\">Tambo, la punta del <em>iceberg<\/em><\/h3>\n\n\n\n<p class=\"wp-block-paragraph\">\u201cEn primer lugar debo informar que existen algunos estudiantes que est\u00e1n normalmente asistiendo a clases pero en un momento determinado desaparecen\u201d. As\u00ed comienza su interlocuci\u00f3n Milton Correa, rector del Colegio El Tambo, \u00fanico plantel fiscal del cant\u00f3n ca\u00f1arense de igual nombre y centro de referencia de las escuelas de la zona. Fue esta, la \u00faltima instituci\u00f3n la que acudi\u00f3 Nohem\u00ed \u00c1lvarez antes de iniciar su viaje.<\/p>\n\n\n\n<p class=\"wp-block-paragraph\">Rodeado de verdes colinas, el Colegio El Tambo recibi\u00f3 durante su \u00faltimo a\u00f1o electivo \u2014apenas concluido\u2014 a 1.042 estudiantes de entre 12 y 17 a\u00f1os en sus dos secciones: matutina y nocturna. Fue justamente en ese periodo que sus maestros registraron una oleada de migraci\u00f3n infantil de la mano de coyoteros.<\/p>\n\n\n\n<p class=\"wp-block-paragraph\">Por cada ausencia sin explicaci\u00f3n, el tutor responsable indag\u00f3 y report\u00f3 sus hallazgos. \u201cSin temor a equivocarme puedo decir que 40 estudiantes han salido de este colegio durante este a\u00f1o lectivo, de los cuales, unos se han ido, han migrado y otros han intentado migrar\u201d, asegura Nube Chogllo, consejera del plantel que unific\u00f3 los informes de los docentes. \u201cSabemos que partieron por informaci\u00f3n que alguien nos da, alg\u00fan pariente, alg\u00fan amigo, alg\u00fan compa\u00f1ero. Nos dicen: \u2018est\u00e1 en Nicaragua, est\u00e1 en Guayaquil, est\u00e1 en M\u00e9xico\u2019, pero pasa el tiempo y unos han pasado [la frontera] y otros regresan\u201d.<\/p>\n\n\n\n<figure class=\"wp-block-image is-resized\"><img data-recalc-dims=\"1\" decoding=\"async\" src=\"https:\/\/i0.wp.com\/es.insightcrime.org\/images\/NoemiAlvarez.jpg?w=300&#038;quality=100&#038;ssl=1\" alt=\"NoemiAlvarez\" \/><\/figure>\n\n\n\n<p class=\"has-text-align-center wp-block-paragraph\"><em>La tumba de Noehm\u00ed \u00c1lvarez. Foto: Daniela Aguilar<\/em><\/p>\n\n\n\n<p class=\"wp-block-paragraph\">Hubo ocasiones en las que los maestros se enteraron de que alg\u00fan menor estaba por migrar e intentaron, infructuosamente, persuadirlos para que al menos concluyan el a\u00f1o electivo. Seg\u00fan explica el rector Correa, el principal problema es que son los padres de los chicos los que arman el viaje desde Estados Unidos.<\/p>\n\n\n\n<div class=\"pull-quotes-right\">\n<div class=\"pull-quotes-body\">Dice con franqueza que la reunificaci\u00f3n de las familias tendr\u00eda que ser al rev\u00e9s. Que si los padres ya han alcanzado cierta estabilidad econ\u00f3mica y quieren estar con sus hijos, deber\u00edan volver.<\/div>\n<\/div>\n\n\n\n<p class=\"wp-block-paragraph\">\u201cEste fen\u00f3meno no se puede contrarrestar porque quienes nos est\u00e1n escuchando son m\u00e1s bien los encargados de cuidar a los hijos\u201d, asegura. \u201cNo s\u00e9 c\u00f3mo llegar a las personas que migraron para que no pongan en situaci\u00f3n de riesgo a sus hijos\u201d, medita Correa. Y dice con franqueza que la reunificaci\u00f3n de las familias tendr\u00eda que ser al rev\u00e9s. Que si los padres ya han alcanzado cierta estabilidad econ\u00f3mica y quieren estar con sus hijos, deber\u00edan volver.<\/p>\n\n\n\n<p class=\"wp-block-paragraph\">De todos los estudiantes del Colegio El Tambo que han ca\u00eddo en las redes de tr\u00e1fico de menores, Nohem\u00ed \u00c1lvarez es la \u00fanica a la que recuerdan por su lamentable deceso. A pesar de no haber concluido la escuela por un primer periplo hacia el norte, la ni\u00f1a fue transferida autom\u00e1ticamente al octavo a\u00f1o. Solo acudi\u00f3 un mes a clases antes de emprender un nuevo \u00e9xodo. Nube Chogllo la entrevist\u00f3. Solo le dijo que hab\u00eda viajado y que no sab\u00eda si lo volver\u00eda hacer.<\/p>\n\n\n\n<p class=\"wp-block-paragraph\">La Consejera, contiene el llanto cuando piensa en lo que tuvo que vivir la peque\u00f1a.<\/p>\n\n\n\n<p class=\"wp-block-paragraph\">\u201cAy, si Nohem\u00ed hablara, \u00bfqu\u00e9 nos dir\u00eda?\u201d, murmura entre largas pausas. \u201cSon inc\u00f3gnitas que jam\u00e1s podremos resolver\u201d.<\/p>\n\n\n\n<h3 class=\"wp-block-heading\">La soledad de Leonela<\/h3>\n\n\n\n<p class=\"wp-block-paragraph\">Leonela tiene 12 a\u00f1os, cabello lacio y piel tostada. Sus d\u00edas transcurren entre las idas al colegio y el deambular entre la chacra de arroz que separa la casa de adobe de sus abuelos con la de cemento que hicieron sus padres y t\u00edos, todos irregulares en Estados Unidos. Vive en El Rosario, una comunidad ind\u00edgena del cant\u00f3n El Tambo.<\/p>\n\n\n\n<p class=\"wp-block-paragraph\">No ha pasado mucho desde que corr\u00eda junto a Wendy y Nohem\u00ed, todas primas que partieron inicios de a\u00f1o junto a coyoteros para reencontrarse con sus padres en Nueva York. De Wendy sabe que lleg\u00f3, de Nohem\u00ed que muri\u00f3 en el intento, aunque ignora las circunstancias. El hecho es que Leonela se qued\u00f3 sin sus compa\u00f1eras de juego.<\/p>\n\n\n\n<div class=\"pull-quotes-right\">\n<div class=\"pull-quotes-body\">El gobierno ecuatoriano no ha establecido ning\u00fan protocolo para frenar a decenas de padres, que viviendo ilegales en los Estados Unidos, pagan para que les lleven a sus hijos. <\/div>\n<\/div>\n\n\n\n<p class=\"wp-block-paragraph\">Seg\u00fan los reportes que existen, en el tr\u00e1nsito a Estados Unidos, los ni\u00f1os pueden ser objeto de abuso f\u00edsico y sexual. Son vulnerables a las mafias de prostituci\u00f3n infantil y tambi\u00e9n pueden ser v\u00edctimas de secuestros con la intenci\u00f3n de extorsionar a sus padres, que les van siguiendo la pista. Siempre llevan los n\u00fameros telef\u00f3nicos de sus familiares en cinturones o manillas, y pasan de mano de un coyote a otro, que suelen relevarse en los cruces fronterizos.<\/p>\n\n\n\n<p class=\"wp-block-paragraph\">El actual c\u00f3digo penal ecuatoriano, que solo tendr\u00e1 vigencia hasta fines de este mes, condena, adem\u00e1s de los coyoteros, \u201ca los encargados de la protecci\u00f3n y custodia de los ni\u00f1os, ni\u00f1as o adolescentes, sean estos padre, madre, abuelos, t\u00edos, hermanos o tutores o cualquier otra persona que facilite de cualquier modo la ejecuci\u00f3n de ese il\u00edcito\u201d. Pese a ello, el gobierno no ha establecido ning\u00fan protocolo para frenar a decenas de padres, que viviendo ilegales en los Estados Unidos, pagan para que les lleven a sus hijos. Tampoco har\u00e1 falta. El nuevo C\u00f3digo Integral Penal aprobado por la Asamblea, espec\u00edficamente en su secci\u00f3n und\u00e9cima sobre Delitos contra la Migraci\u00f3n, elimina ese p\u00e1rrafo.<\/p>\n\n\n\n<p class=\"wp-block-paragraph\">A Nohem\u00ed \u00c1lvarez la hallaron colgada de la cortina del ba\u00f1o de un albergue mexicano perteneciente al DIF (Sistema Nacional para el Desarrollo Integral de la Familia). En M\u00e9xico se reactiv\u00f3 la orden de prisi\u00f3n contra el coyotero que fue detenido junto a la ni\u00f1a y dejado luego en libertad. En Ecuador la Fiscal\u00eda inici\u00f3 instrucci\u00f3n fiscal contra 4 personas, dos se encuentran detenidos y dos con orden de captura. Nohem\u00ed fue agredida sexualmente, seg\u00fan revela un funcionario de la Fiscal\u00eda de Tambo. Un final muy distinto a la leyenda grabada en su l\u00e1pida: \u2018Una muerte tranquila, semejante a un sue\u00f1o de paz cerr\u00f3 sus ojos, pero su alma se elev\u00f3 a la mansi\u00f3n de la luz eterna\u201d.<\/p>\n\n\n\n<p class=\"wp-block-paragraph\"><em>*Este art\u00edculo fue publicado originalmente por&nbsp;<a href=\"https:\/\/lahistoria.ec\/2014\/07\/14\/trafico-de-ninos-de-ecuador-al-infierno\/\" target=\"_blank\">La Historia<\/a>&nbsp;en 2014, en colaboraci\u00f3n con&nbsp;<a href=\"https:\/\/connectas.org\/trafico-de-ninos-de-ecuador-eeuu-pasando-por-el-infierno\/\" target=\"_blank\">Connectas<\/a>, y fue editado y republicado con permiso. Vea el art\u00edculo original&nbsp;<a href=\"https:\/\/lahistoria.ec\/2014\/07\/14\/trafico-de-ninos-de-ecuador-al-infierno\/\" target=\"_blank\">aqu\u00ed<\/a>.<\/em><\/p>\n","protected":false},"excerpt":{"rendered":"<p>Ni\u00f1os ecuatorianos se est\u00e1n yendo, por decenas, con rumbo a los Estados Unidos. No llevan visado, s\u00ed equipaje ligero.<\/p>\n","protected":false},"author":13,"featured_media":42281,"comment_status":"closed","ping_status":"closed","sticky":false,"template":"","format":"standard","meta":{"newspack_ads_suppress_ads":false,"newspack_popups_has_disabled_popups":false,"newspack_sponsor_sponsorship_scope":"","newspack_sponsor_native_byline_display":"inherit","newspack_sponsor_native_category_display":"inherit","newspack_sponsor_underwriter_style":"inherit","newspack_sponsor_underwriter_placement":"inherit","_EventAllDay":false,"_EventTimezone":"","_EventStartDate":"","_EventEndDate":"","_EventStartDateUTC":"","_EventEndDateUTC":"","_EventShowMap":false,"_EventShowMapLink":false,"_EventURL":"","_EventCost":"","_EventCostDescription":"","_EventCurrencySymbol":"","_EventCurrencyCode":"","_EventCurrencyPosition":"","_EventDateTimeSeparator":"","_EventTimeRangeSeparator":"","_EventOrganizerID":[],"_EventVenueID":[],"_OrganizerEmail":"","_OrganizerPhone":"","_OrganizerWebsite":"","_VenueAddress":"","_VenueCity":"","_VenueCountry":"","_VenueProvince":"","_VenueState":"","_VenueZip":"","_VenuePhone":"","_VenueURL":"","_VenueStateProvince":"","_VenueLat":"","_VenueLng":"","_VenueShowMap":false,"_VenueShowMapLink":false,"_newspack_byline_active":false,"_newspack_byline":"","newspack_hide_updated_date":false,"newspack_show_updated_date":false,"newspack_featured_image_position":"","newspack_post_subtitle":"","newspack_article_summary_title":"Overview:","newspack_article_summary":"","_jetpack_memberships_contains_paid_content":false,"footnotes":""},"categories":[340],"tags":[426,433],"newspack_spnsrs_tax":[],"coauthors":[3945],"class_list":["post-7729","post","type-post","status-publish","format-standard","has-post-thumbnail","hentry","category-analisis","tag-ecuador-pais","tag-trafico-humano","entry"],"parsely":{"version":"1.1.0","canonical_url":"https:\/\/insightcrime.org\/es\/noticias\/analisis\/trafico-ninos-ecuador-estados-unidos-infierno\/","smart_links":{"inbound":0,"outbound":0},"traffic_boost_suggestions_count":0,"meta":{"@context":"https:\/\/schema.org","@type":"NewsArticle","headline":"Tr\u00e1fico de ni\u00f1os: de Ecuador a Estados Unidos, pasando por el infierno","url":"http:\/\/insightcrime.org\/es\/noticias\/analisis\/trafico-ninos-ecuador-estados-unidos-infierno\/","mainEntityOfPage":{"@type":"WebPage","@id":"http:\/\/insightcrime.org\/es\/noticias\/analisis\/trafico-ninos-ecuador-estados-unidos-infierno\/"},"thumbnailUrl":"https:\/\/i0.wp.com\/insightcrime.org\/wp-content\/uploads\/2015\/04\/es-15-27-03-Ecuador-trafico-infierno.jpeg?resize=150%2C136&quality=100&ssl=1","image":{"@type":"ImageObject","url":"https:\/\/i0.wp.com\/insightcrime.org\/wp-content\/uploads\/2015\/04\/es-15-27-03-Ecuador-trafico-infierno.jpeg?fit=250%2C136&quality=100&ssl=1"},"articleSection":"An\u00e1lisis","author":[{"@type":"Person","name":"Daniela Aguilar"}],"creator":["Daniela Aguilar"],"publisher":{"@type":"Organization","name":"InSight Crime","logo":"https:\/\/insightcrime.org\/wp-content\/uploads\/2023\/08\/logo.png"},"keywords":["ecuador","tr\u00e1fico de personas"],"dateCreated":"2017-03-28T00:08:01Z","datePublished":"2017-03-28T00:08:01Z","dateModified":"2023-04-24T20:44:54Z"},"rendered":"<meta name=\"parsely-title\" content=\"Tr\u00e1fico de ni\u00f1os: de Ecuador a Estados Unidos, pasando por el infierno\" \/>\n<meta name=\"parsely-link\" content=\"http:\/\/insightcrime.org\/es\/noticias\/analisis\/trafico-ninos-ecuador-estados-unidos-infierno\/\" \/>\n<meta name=\"parsely-type\" content=\"post\" \/>\n<meta name=\"parsely-image-url\" content=\"https:\/\/i0.wp.com\/insightcrime.org\/wp-content\/uploads\/2015\/04\/es-15-27-03-Ecuador-trafico-infierno.jpeg?resize=150%2C136&amp;quality=100&amp;ssl=1\" \/>\n<meta name=\"parsely-pub-date\" content=\"2017-03-28T00:08:01Z\" \/>\n<meta name=\"parsely-section\" content=\"An\u00e1lisis\" \/>\n<meta name=\"parsely-tags\" content=\"ecuador,tr\u00e1fico de personas\" \/>\n<meta name=\"parsely-author\" content=\"Daniela Aguilar\" \/>","tracker_url":"https:\/\/cdn.parsely.com\/keys\/insightcrime.org\/p.js"},"jetpack_sharing_enabled":true,"jetpack-related-posts":[{"id":171805,"url":"https:\/\/insightcrime.org\/es\/noticias\/redes-trafico-ecuador-sacan-provecho-flujo-migrantes\/","url_meta":{"origin":7729,"position":0},"title":"Redes de tr\u00e1fico de Ecuador sacan provecho del flujo de migrantes","author":"Gabrielle Gorder","date":"19 de noviembre de 2021","format":false,"excerpt":"El aumento en la cantidad de migrantes que se dirigen a Estados Unidos ha estado beneficiando a las redes de tr\u00e1fico de personas en Ecuador, un patr\u00f3n que se repite en gran parte de la regi\u00f3n.","rel":"","context":"En \u00abNoticias\u00bb","block_context":{"text":"Noticias","link":"https:\/\/insightcrime.org\/es\/category\/noticias\/"},"img":{"alt_text":"tr\u00e1fico de migrantes de Ecuador","src":"https:\/\/i0.wp.com\/insightcrime.org\/wp-content\/uploads\/2021\/11\/Ecuador_Migrant-Smuggling_NoticiasUruba-17.11.21-e1637178478305.jpg?fit=670%2C470&quality=100&ssl=1&resize=350%2C200","width":350,"height":200,"srcset":"https:\/\/i0.wp.com\/insightcrime.org\/wp-content\/uploads\/2021\/11\/Ecuador_Migrant-Smuggling_NoticiasUruba-17.11.21-e1637178478305.jpg?fit=670%2C470&quality=100&ssl=1&resize=350%2C200 1x, https:\/\/i0.wp.com\/insightcrime.org\/wp-content\/uploads\/2021\/11\/Ecuador_Migrant-Smuggling_NoticiasUruba-17.11.21-e1637178478305.jpg?fit=670%2C470&quality=100&ssl=1&resize=525%2C300 1.5x"},"classes":[]},{"id":205158,"url":"https:\/\/insightcrime.org\/es\/noticias\/sanciones-estados-unidos-podrian-tener-vision-erronea-trafico-fentanilo-mexico\/","url_meta":{"origin":7729,"position":1},"title":"Sanciones de Estados Unidos podr\u00edan tener visi\u00f3n err\u00f3nea del tr\u00e1fico de fentanilo desde M\u00e9xico","author":"Parker Asmann","date":"22 de noviembre de 2022","format":false,"excerpt":"Las autoridades de Estados Unidos sancionaron a un grupo criminal mexicano por traficar fentanilo il\u00edcito al pa\u00eds, pero dicha sanci\u00f3n pasa por alto algunas de las complejidades del contrabando y la comercializaci\u00f3n del mortal opioide sint\u00e9tico.","rel":"","context":"En \u00abNoticias\u00bb","block_context":{"text":"Noticias","link":"https:\/\/insightcrime.org\/es\/category\/noticias\/"},"img":{"alt_text":"p\u00edldoras de fentanilo arco\u00edris","src":"https:\/\/i0.wp.com\/insightcrime.org\/wp-content\/uploads\/2022\/11\/22-09-01-DEA-Rainbow-Fentanyl.jpg?fit=350%2C250&quality=100&ssl=1&resize=350%2C200","width":350,"height":200},"classes":[]},{"id":233191,"url":"https:\/\/insightcrime.org\/es\/noticias-crimen-organizado-venezuela\/hector-rusthenford-guerrero-flores-alias-nino-guerrero\/","url_meta":{"origin":7729,"position":2},"title":"H\u00e9ctor Rusthenford Guerrero Flores, alias &#8216;Ni\u00f1o Guerrero&#8217;","author":"InSight Crime","date":"12 de julio de 2024","format":false,"excerpt":"H\u00e9ctor Guerrero Flores, alias \u201cNi\u00f1o\u201d Guerrero, fue el l\u00edder de la banda venezolana Tren de Aragua. Muri\u00f3 en un ataque de EE. UU. en Bol\u00edvar, Venezuela, en junio de 2026.","rel":"","context":"En \u00abVenezuela\u00bb","block_context":{"text":"Venezuela","link":"https:\/\/insightcrime.org\/es\/category\/noticias-crimen-organizado-venezuela\/"},"img":{"alt_text":"","src":"https:\/\/i0.wp.com\/insightcrime.org\/wp-content\/uploads\/2024\/07\/Perfil-criminal-Nino-Guerrero-Tren-de-Aragua.jpg?fit=1200%2C900&quality=100&ssl=1&resize=350%2C200","width":350,"height":200,"srcset":"https:\/\/i0.wp.com\/insightcrime.org\/wp-content\/uploads\/2024\/07\/Perfil-criminal-Nino-Guerrero-Tren-de-Aragua.jpg?fit=1200%2C900&quality=100&ssl=1&resize=350%2C200 1x, https:\/\/i0.wp.com\/insightcrime.org\/wp-content\/uploads\/2024\/07\/Perfil-criminal-Nino-Guerrero-Tren-de-Aragua.jpg?fit=1200%2C900&quality=100&ssl=1&resize=525%2C300 1.5x, https:\/\/i0.wp.com\/insightcrime.org\/wp-content\/uploads\/2024\/07\/Perfil-criminal-Nino-Guerrero-Tren-de-Aragua.jpg?fit=1200%2C900&quality=100&ssl=1&resize=700%2C400 2x, https:\/\/i0.wp.com\/insightcrime.org\/wp-content\/uploads\/2024\/07\/Perfil-criminal-Nino-Guerrero-Tren-de-Aragua.jpg?fit=1200%2C900&quality=100&ssl=1&resize=1050%2C600 3x"},"classes":[]},{"id":248872,"url":"https:\/\/insightcrime.org\/es\/noticias\/crece-reclutamiento-infantil-entre-disputas-control-narcotrafico-guayaquil\/","url_meta":{"origin":7729,"position":3},"title":"Crece reclutamiento infantil entre disputas por control del narcotr\u00e1fico en Ecuador","author":"Mar\u00eda Fernanda Ram\u00edrez","date":"4 de diciembre de 2023","format":false,"excerpt":"Durante el \u00faltimo a\u00f1o, los titulares de medios ecuatorianos se han atiborrado de noticias sobre la presunta participaci\u00f3n de menores de edad en todo tipo de delitos, incluyendo el asesinato a polic\u00edas y fiscales de Ecuador.\u00a0 El ejemplo m\u00e1s reciente ocurri\u00f3 a finales de octubre de 2023, cuando el Sargento\u2026","rel":"","context":"En \u00abNoticias\u00bb","block_context":{"text":"Noticias","link":"https:\/\/insightcrime.org\/es\/category\/noticias\/"},"img":{"alt_text":"Un ni\u00f1o y una mujer caminan bajo la cinta policial que marca una escena del crimen en Guayaquil, Ecuador.","src":"https:\/\/i0.wp.com\/insightcrime.org\/wp-content\/uploads\/2023\/08\/Ecuador-Violence-Oct-2023-AP23284636356348-A2-1.jpg?fit=1200%2C690&quality=100&ssl=1&resize=350%2C200","width":350,"height":200,"srcset":"https:\/\/i0.wp.com\/insightcrime.org\/wp-content\/uploads\/2023\/08\/Ecuador-Violence-Oct-2023-AP23284636356348-A2-1.jpg?fit=1200%2C690&quality=100&ssl=1&resize=350%2C200 1x, https:\/\/i0.wp.com\/insightcrime.org\/wp-content\/uploads\/2023\/08\/Ecuador-Violence-Oct-2023-AP23284636356348-A2-1.jpg?fit=1200%2C690&quality=100&ssl=1&resize=525%2C300 1.5x, https:\/\/i0.wp.com\/insightcrime.org\/wp-content\/uploads\/2023\/08\/Ecuador-Violence-Oct-2023-AP23284636356348-A2-1.jpg?fit=1200%2C690&quality=100&ssl=1&resize=700%2C400 2x, https:\/\/i0.wp.com\/insightcrime.org\/wp-content\/uploads\/2023\/08\/Ecuador-Violence-Oct-2023-AP23284636356348-A2-1.jpg?fit=1200%2C690&quality=100&ssl=1&resize=1050%2C600 3x"},"classes":[]},{"id":306808,"url":"https:\/\/insightcrime.org\/es\/noticias\/fito-acusado-narcotrafico-trafico-armas-estados-unidos\/","url_meta":{"origin":7729,"position":4},"title":"Estados Unidos acusa a alias \u201cFito\u201d por tr\u00e1fico de drogas y armas","author":"Liza Schmidt","date":"4 de abril de 2025","format":false,"excerpt":"Una acusaci\u00f3n de Estados Unidos contra una figura criminal en Ecuador env\u00eda una se\u00f1al de respaldo a las autoridades ecuatorianas y sugiere que el acusado contin\u00faa operando desde las sombras.","rel":"","context":"En \u00abNoticias\u00bb","block_context":{"text":"Noticias","link":"https:\/\/insightcrime.org\/es\/category\/noticias\/"},"img":{"alt_text":"Jose Adolfo Macias Villamar, alias \"Fito\"","src":"https:\/\/i0.wp.com\/insightcrime.org\/wp-content\/uploads\/2025\/04\/criminal-fito-indictment-usa-security-policy-el-pais.jpg?fit=350%2C250&quality=100&ssl=1&resize=350%2C200","width":350,"height":200},"classes":[]},{"id":270322,"url":"https:\/\/insightcrime.org\/es\/noticias\/desenmascarando-actores-extranjeros-tablero-criminal-ecuatoriano\/","url_meta":{"origin":7729,"position":5},"title":"Desenmascarando a los actores extranjeros del tablero criminal ecuatoriano","author":"Anastasia Austin","date":"7 de marzo de 2024","format":false,"excerpt":"Situado entre los principales productores de coca\u00edna del mundo --Colombia y Per\u00fa-- Ecuador se ha convertido en centro y base de varias redes delictivas transnacionales. Su larga costa y sus grandes puertos de contenedores lo convierten en una pista de despegue perfecta para los cargamentos de droga que se dirigen\u2026","rel":"","context":"En \u00abNoticias\u00bb","block_context":{"text":"Noticias","link":"https:\/\/insightcrime.org\/es\/category\/noticias\/"},"img":{"alt_text":"Ecuadorian soldiers patrol a street in Quito. \nMilitares ecuatorianos patrullan una calle en Quito. ","src":"https:\/\/i0.wp.com\/insightcrime.org\/wp-content\/uploads\/2024\/03\/Ecuador-Soldiers-patrol-a-residential-area-on-the-south-side-of-Quito-AP24012698856469-A2.jpg?fit=1200%2C690&quality=100&ssl=1&resize=350%2C200","width":350,"height":200,"srcset":"https:\/\/i0.wp.com\/insightcrime.org\/wp-content\/uploads\/2024\/03\/Ecuador-Soldiers-patrol-a-residential-area-on-the-south-side-of-Quito-AP24012698856469-A2.jpg?fit=1200%2C690&quality=100&ssl=1&resize=350%2C200 1x, https:\/\/i0.wp.com\/insightcrime.org\/wp-content\/uploads\/2024\/03\/Ecuador-Soldiers-patrol-a-residential-area-on-the-south-side-of-Quito-AP24012698856469-A2.jpg?fit=1200%2C690&quality=100&ssl=1&resize=525%2C300 1.5x, https:\/\/i0.wp.com\/insightcrime.org\/wp-content\/uploads\/2024\/03\/Ecuador-Soldiers-patrol-a-residential-area-on-the-south-side-of-Quito-AP24012698856469-A2.jpg?fit=1200%2C690&quality=100&ssl=1&resize=700%2C400 2x, https:\/\/i0.wp.com\/insightcrime.org\/wp-content\/uploads\/2024\/03\/Ecuador-Soldiers-patrol-a-residential-area-on-the-south-side-of-Quito-AP24012698856469-A2.jpg?fit=1200%2C690&quality=100&ssl=1&resize=1050%2C600 3x"},"classes":[]}],"jetpack_featured_media_url":"https:\/\/i0.wp.com\/insightcrime.org\/wp-content\/uploads\/2015\/04\/es-15-27-03-Ecuador-trafico-infierno.jpeg?fit=250%2C136&quality=100&ssl=1","_links":{"self":[{"href":"https:\/\/insightcrime.org\/es\/wp-json\/wp\/v2\/posts\/7729","targetHints":{"allow":["GET"]}}],"collection":[{"href":"https:\/\/insightcrime.org\/es\/wp-json\/wp\/v2\/posts"}],"about":[{"href":"https:\/\/insightcrime.org\/es\/wp-json\/wp\/v2\/types\/post"}],"author":[{"embeddable":true,"href":"https:\/\/insightcrime.org\/es\/wp-json\/wp\/v2\/users\/13"}],"replies":[{"embeddable":true,"href":"https:\/\/insightcrime.org\/es\/wp-json\/wp\/v2\/comments?post=7729"}],"version-history":[{"count":5,"href":"https:\/\/insightcrime.org\/es\/wp-json\/wp\/v2\/posts\/7729\/revisions"}],"predecessor-version":[{"id":72014,"href":"https:\/\/insightcrime.org\/es\/wp-json\/wp\/v2\/posts\/7729\/revisions\/72014"}],"wp:featuredmedia":[{"embeddable":true,"href":"https:\/\/insightcrime.org\/es\/wp-json\/wp\/v2\/media\/42281"}],"wp:attachment":[{"href":"https:\/\/insightcrime.org\/es\/wp-json\/wp\/v2\/media?parent=7729"}],"wp:term":[{"taxonomy":"category","embeddable":true,"href":"https:\/\/insightcrime.org\/es\/wp-json\/wp\/v2\/categories?post=7729"},{"taxonomy":"post_tag","embeddable":true,"href":"https:\/\/insightcrime.org\/es\/wp-json\/wp\/v2\/tags?post=7729"},{"taxonomy":"newspack_spnsrs_tax","embeddable":true,"href":"https:\/\/insightcrime.org\/es\/wp-json\/wp\/v2\/newspack_spnsrs_tax?post=7729"},{"taxonomy":"author","embeddable":true,"href":"https:\/\/insightcrime.org\/es\/wp-json\/wp\/v2\/coauthors?post=7729"}],"curies":[{"name":"wp","href":"https:\/\/api.w.org\/{rel}","templated":true}]}}