{"id":7760,"date":"2015-04-10T19:53:07","date_gmt":"2017-03-28T00:08:13","guid":{"rendered":"http:\/\/newwp.insightcrime.org?p=7760"},"modified":"2023-04-24T15:45:13","modified_gmt":"2023-04-24T20:45:13","slug":"ms13-ordena-asesinar-a-policias-en-el-salvador","status":"publish","type":"post","link":"https:\/\/insightcrime.org\/es\/noticias\/noticias-del-dia\/ms13-ordena-asesinar-a-policias-en-el-salvador\/","title":{"rendered":"MS13 ordena asesinar a polic\u00edas en El Salvador"},"content":{"rendered":"\n<p class=\"wp-block-paragraph\">Los recientes homicidios de polic\u00edas, as\u00ed como los informes sobre el plan de una pandilla de El Salvador para asesinar miembros de las fuerzas policiales, indican que la situaci\u00f3n de seguridad del pa\u00eds degener\u00f3 en un conflicto de baja intensidad entre los grupos criminales y el personal de seguridad.<\/p>\n\n\n\n<p class=\"wp-block-paragraph\">En lo que va de abril, tres polic\u00edas han sido asesinados en el departamento de La Libertad, al sureste de El Salvador, y otro m\u00e1s muri\u00f3 en el vecino departamento de La Paz. La polic\u00eda cree que las muertes son parte de un plan criminal de los miembros de la pandilla callejera Mara Salvatrucha (MS13) en La Libertad, <a href=\"https:\/\/www.laprensagrafica.com\/2015\/04\/08\/pandilla-en-la-libertad-ordena-matar-dos-policias-por-clica\" target=\"_blank\">inform\u00f3 La Prensa Gr\u00e1fica<\/a>.<\/p>\n\n\n\n<p class=\"wp-block-paragraph\">Con base en datos obtenidos de informantes al interior de la MS13, funcionarios de inteligencia de la polic\u00eda indicaron que los l\u00edderes de esta pandilla en La Libertad ordenaron a cada unidad o \u201cclica\u201d en el departamento asesinar a dos agentes de polic\u00eda. Los pandilleros tienen informaci\u00f3n sobre el lugar de residencia de los polic\u00edas dentro de su territorio y monitorean sus movimientos clandestinamente, seg\u00fan un informe de inteligencia de la polic\u00eda obtenido por La Prensa Gr\u00e1fica. Los l\u00edderes de la MS13 en la zona han dado prioridad a matar al personal de las unidades especializadas y t\u00e1cticas de la polic\u00eda, pero en caso de que ning\u00fan polic\u00eda resida en el \u00e1rea de una clica en particular, los pandilleros deber\u00e1n tomar como objetivo a fiscales, jueces y otros funcionarios judiciales, seg\u00fan el informe.<\/p>\n\n\n\n<p class=\"wp-block-paragraph\">Por otra parte, el 6 de abril <a href=\"https:\/\/diario1.com\/nacionales\/2015\/04\/pnc-investigara-video-de-supuesto-policia-que-llama-a-matar-pandilleros\/\" target=\"_blank\">se public\u00f3 un video en Internet<\/a> (ver m\u00e1s abajo) en el que un hombre vestido como polic\u00eda incita a sus colegas a defenderse de las pandillas. \u201cEs hora de tomar la justicia por las manos. Ojo por ojo y diente por diente\u201d, dice el video. El hombre tambi\u00e9n invita a los agentes de la polic\u00eda a matar a diez pandilleros por cada miembro de la polic\u00eda o el ej\u00e9rcito asesinado por los grupos delictivos.<\/p>\n\n\n\n<p class=\"wp-block-paragraph\"><iframe loading=\"lazy\" src=\"https:\/\/www.youtube.com\/embed\/iQvyvUOkpxA\" frameborder=\"0\" width=\"420\" height=\"315\" allowfullscreen=\"allowfullscreen\" style=\"display: block; margin-left: auto; margin-right: auto;\"><\/iframe><\/p>\n\n\n\n<h3 class=\"wp-block-heading\">An\u00e1lisis de InSight Crime<\/h3>\n\n\n\n<p class=\"wp-block-paragraph\">El supuesto plan de la MS13 para asesinar polic\u00edas de La Libertad indica que la situaci\u00f3n de seguridad en El Salvador ha desmejorado, y de los desaf\u00edos que tradicionalmente deb\u00edan enfrentar las fuerzas del orden ha pasado a convertirse en una situaci\u00f3n en la que la polic\u00eda se encuentra atrapada en una guerra de baja intensidad con actores criminales fuertemente armados.<\/p>\n\n\n\n<p class=\"wp-block-paragraph\">Si bien es preocupante que este a\u00f1o <a href=\"\/noticias\/noticias-del-dia\/el-salvador-testigo-mes-mas-violento-ultima-decada\" target=\"_blank\">la violencia ha aumentado en El Salvador<\/a>, la naturaleza de \u201cojo por ojo\u201d de estos homicidios policiales recientes y la ret\u00f3rica de ambas partes del conflicto es lo que llama particularmente la atenci\u00f3n. El plan criminal se inici\u00f3 supuestamente como respuesta a la muerte de ocho miembros de la pandilla durante un enfrentamiento con la polic\u00eda de La Libertad el 26 de marzo. Seg\u00fan el informe de inteligencia de la polic\u00eda, los l\u00edderes de la MS13 en La Libertad est\u00e1n buscando demostrarle a la polic\u00eda que no pueden matar a los pandilleros sin que haya represalias.<\/p>\n\n\n\n<p class=\"wp-block-paragraph\"><strong><span style=\"color: #800000;\">VEA TAMBI\u00c9N:<\/span><\/strong> <a href=\"\/noticias-sobre-crimen-organizado-en-el-salvador\" target=\"_blank\">Noticias y perfiles de El Salvador<\/a><\/p>\n\n\n\n<p class=\"wp-block-paragraph\">Aunque la polic\u00eda nacional se comprometi\u00f3 a investigar el video creado por el presunto agente de la polic\u00eda, el lenguaje utilizado por los altos mandos de la instituci\u00f3n <a href=\"\/noticias\/noticias-del-dia\/guerra-pandillas-funcionario-policia-el-salvador\" target=\"_blank\">tampoco ha sido precisamente mesurado<\/a>. En enero, despu\u00e9s de que siete polic\u00edas fueron asesinados en un lapso de tres semanas, el director de la polic\u00eda, Mauricio Ram\u00edrez Landaverde, dijo que la polic\u00eda debe usar sus armas contra los criminales \u201c<a href=\"\/noticias\/noticias-del-dia\/director-policia-el-salvador-apunta-creciente-violencia-pandillas\" target=\"_blank\">con toda la confianza<\/a>\u201d.<\/p>\n\n\n\n<p class=\"wp-block-paragraph\">Las pandillas afirman que anteriormente han sido v\u00edctimas de ejecuciones extrajudiciales, y algunos de sus l\u00edderes han asegurado que las fuerzas de seguridad participan en <a href=\"\/noticias\/noticias-del-dia\/el-salvador-investiga-ola-asesinatos-posiblemente-vinculados-escuadrones-muerte\" target=\"_blank\">escuadrones de la muerte paramilitares<\/a>.<\/p>\n\n\n\n<p class=\"wp-block-paragraph\">Este escalamiento de los homicidios, que no hace m\u00e1s que aumentar los temores que sin duda experimentan tanto los pandilleros como los agentes de polic\u00eda, impide ver en el horizonte una estrategia de salida al actual conflicto en El Salvador.<\/p>\n","protected":false},"excerpt":{"rendered":"<p>Los recientes homicidios de polic\u00edas, as\u00ed como los informes sobre el plan de una pandilla de El Salvador para asesinar miembros de las fuerzas policiales, indican que la situaci\u00f3n de seguridad del pa\u00eds degener\u00f3 en un conflicto de baja intensidad entre los grupos criminales y el personal de seguridad.<\/p>\n","protected":false},"author":41,"featured_media":42335,"comment_status":"closed","ping_status":"closed","sticky":false,"template":"","format":"standard","meta":{"newspack_ads_suppress_ads":false,"newspack_popups_has_disabled_popups":false,"newspack_sponsor_sponsorship_scope":"","newspack_sponsor_native_byline_display":"inherit","newspack_sponsor_native_category_display":"inherit","newspack_sponsor_underwriter_style":"inherit","newspack_sponsor_underwriter_placement":"inherit","_EventAllDay":false,"_EventTimezone":"","_EventStartDate":"","_EventEndDate":"","_EventStartDateUTC":"","_EventEndDateUTC":"","_EventShowMap":false,"_EventShowMapLink":false,"_EventURL":"","_EventCost":"","_EventCostDescription":"","_EventCurrencySymbol":"","_EventCurrencyCode":"","_EventCurrencyPosition":"","_EventDateTimeSeparator":"","_EventTimeRangeSeparator":"","_EventOrganizerID":[],"_EventVenueID":[],"_OrganizerEmail":"","_OrganizerPhone":"","_OrganizerWebsite":"","_VenueAddress":"","_VenueCity":"","_VenueCountry":"","_VenueProvince":"","_VenueState":"","_VenueZip":"","_VenuePhone":"","_VenueURL":"","_VenueStateProvince":"","_VenueLat":"","_VenueLng":"","_VenueShowMap":false,"_VenueShowMapLink":false,"_newspack_byline_active":false,"_newspack_byline":"","newspack_hide_updated_date":false,"newspack_show_updated_date":false,"newspack_featured_image_position":"","newspack_post_subtitle":"","newspack_article_summary_title":"Overview:","newspack_article_summary":"","_jetpack_memberships_contains_paid_content":false,"footnotes":""},"categories":[334],"tags":[1540,1500],"newspack_spnsrs_tax":[],"coauthors":[3911],"class_list":["post-7760","post","type-post","status-publish","format-standard","has-post-thumbnail","hentry","category-noticias-del-dia","tag-el-salvador-pais","tag-ms13-es","entry"],"parsely":{"version":"1.1.0","canonical_url":"https:\/\/insightcrime.org\/es\/noticias\/noticias-del-dia\/ms13-ordena-asesinar-a-policias-en-el-salvador\/","smart_links":{"inbound":0,"outbound":0},"traffic_boost_suggestions_count":0,"meta":{"@context":"https:\/\/schema.org","@type":"NewsArticle","headline":"MS13 ordena asesinar a polic\u00edas en El Salvador","url":"http:\/\/insightcrime.org\/es\/noticias\/noticias-del-dia\/ms13-ordena-asesinar-a-policias-en-el-salvador\/","mainEntityOfPage":{"@type":"WebPage","@id":"http:\/\/insightcrime.org\/es\/noticias\/noticias-del-dia\/ms13-ordena-asesinar-a-policias-en-el-salvador\/"},"thumbnailUrl":"https:\/\/i0.wp.com\/insightcrime.org\/wp-content\/uploads\/2015\/04\/es-15-4-8-ESDeadPolice.jpg?resize=150%2C150&quality=100&ssl=1","image":{"@type":"ImageObject","url":"https:\/\/i0.wp.com\/insightcrime.org\/wp-content\/uploads\/2015\/04\/es-15-4-8-ESDeadPolice.jpg?fit=250%2C167&quality=100&ssl=1"},"articleSection":"Noticias del d\u00eda","author":[{"@type":"Person","name":"Arron Daugherty"}],"creator":["Arron Daugherty"],"publisher":{"@type":"Organization","name":"InSight Crime","logo":"https:\/\/insightcrime.org\/wp-content\/uploads\/2023\/08\/logo.png"},"keywords":["el salvador","ms13"],"dateCreated":"2017-03-28T00:08:13Z","datePublished":"2017-03-28T00:08:13Z","dateModified":"2023-04-24T20:45:13Z"},"rendered":"<meta name=\"parsely-title\" content=\"MS13 ordena asesinar a polic\u00edas en El Salvador\" \/>\n<meta name=\"parsely-link\" content=\"http:\/\/insightcrime.org\/es\/noticias\/noticias-del-dia\/ms13-ordena-asesinar-a-policias-en-el-salvador\/\" \/>\n<meta name=\"parsely-type\" content=\"post\" \/>\n<meta name=\"parsely-image-url\" content=\"https:\/\/i0.wp.com\/insightcrime.org\/wp-content\/uploads\/2015\/04\/es-15-4-8-ESDeadPolice.jpg?resize=150%2C150&amp;quality=100&amp;ssl=1\" \/>\n<meta name=\"parsely-pub-date\" content=\"2017-03-28T00:08:13Z\" \/>\n<meta name=\"parsely-section\" content=\"Noticias del d\u00eda\" \/>\n<meta name=\"parsely-tags\" content=\"el salvador,ms13\" \/>\n<meta name=\"parsely-author\" content=\"Arron Daugherty\" \/>","tracker_url":"https:\/\/cdn.parsely.com\/keys\/insightcrime.org\/p.js"},"jetpack_sharing_enabled":true,"jetpack-related-posts":[{"id":233430,"url":"https:\/\/insightcrime.org\/es\/noticias\/informes-policiales-el-salvador-contradicen-triunfalismo-bukele\/","url_meta":{"origin":7760,"position":0},"title":"Informes policiales de El Salvador contradicen el triunfalismo de Bukele","author":"Lara Loaiza","date":"22 de septiembre de 2023","format":false,"excerpt":"Informes confidenciales de la PNC revelan que la MS13 y el Barrio 18 todav\u00eda son una amenaza real en El Salvador.","rel":"","context":"En \u00abNoticias\u00bb","block_context":{"text":"Noticias","link":"https:\/\/insightcrime.org\/es\/category\/noticias\/"},"img":{"alt_text":"Salvadoran security forces whitewashing a wall.","src":"https:\/\/i0.wp.com\/insightcrime.org\/wp-content\/uploads\/2023\/09\/El-Salvador-police-painting-report-gang-presence-El-Salvador-government.jpeg?fit=1200%2C800&quality=100&ssl=1&resize=350%2C200","width":350,"height":200,"srcset":"https:\/\/i0.wp.com\/insightcrime.org\/wp-content\/uploads\/2023\/09\/El-Salvador-police-painting-report-gang-presence-El-Salvador-government.jpeg?fit=1200%2C800&quality=100&ssl=1&resize=350%2C200 1x, https:\/\/i0.wp.com\/insightcrime.org\/wp-content\/uploads\/2023\/09\/El-Salvador-police-painting-report-gang-presence-El-Salvador-government.jpeg?fit=1200%2C800&quality=100&ssl=1&resize=525%2C300 1.5x, https:\/\/i0.wp.com\/insightcrime.org\/wp-content\/uploads\/2023\/09\/El-Salvador-police-painting-report-gang-presence-El-Salvador-government.jpeg?fit=1200%2C800&quality=100&ssl=1&resize=700%2C400 2x, https:\/\/i0.wp.com\/insightcrime.org\/wp-content\/uploads\/2023\/09\/El-Salvador-police-painting-report-gang-presence-El-Salvador-government.jpeg?fit=1200%2C800&quality=100&ssl=1&resize=1050%2C600 3x"},"classes":[]},{"id":249413,"url":"https:\/\/insightcrime.org\/es\/investigaciones\/pandillas-fuga-como-mano-dura-bukele-llevo-pandillas-clandestinidad\/","url_meta":{"origin":7760,"position":1},"title":"Pandillas a la fuga: C\u00f3mo la mano dura de Bukele llev\u00f3 a las pandillas a la clandestinidad","author":"Alex Papadovassilakis","date":"6 de diciembre de 2023","format":false,"excerpt":"Al huir de El Salvador, Felipe* se uni\u00f3 a una larga lista de pandilleros y expandilleros que buscan refugio en el extranjero, principalmente en M\u00e9xico, Centroam\u00e9rica y Estados Unidos. Otros, ante la falta de dinero para viajar o de un medio para pasar seguros, permanecen escondidos en El Salvador.\u00a0 InSight\u2026","rel":"","context":"En \u00abInvestigaciones\u00bb","block_context":{"text":"Investigaciones","link":"https:\/\/insightcrime.org\/es\/category\/investigaciones\/"},"img":{"alt_text":"","src":"https:\/\/i0.wp.com\/insightcrime.org\/wp-content\/uploads\/2023\/11\/El-Salvador-Cover-Cap-4-Dic-2023.jpg?fit=1200%2C576&quality=100&ssl=1&resize=350%2C200","width":350,"height":200,"srcset":"https:\/\/i0.wp.com\/insightcrime.org\/wp-content\/uploads\/2023\/11\/El-Salvador-Cover-Cap-4-Dic-2023.jpg?fit=1200%2C576&quality=100&ssl=1&resize=350%2C200 1x, https:\/\/i0.wp.com\/insightcrime.org\/wp-content\/uploads\/2023\/11\/El-Salvador-Cover-Cap-4-Dic-2023.jpg?fit=1200%2C576&quality=100&ssl=1&resize=525%2C300 1.5x, https:\/\/i0.wp.com\/insightcrime.org\/wp-content\/uploads\/2023\/11\/El-Salvador-Cover-Cap-4-Dic-2023.jpg?fit=1200%2C576&quality=100&ssl=1&resize=700%2C400 2x, https:\/\/i0.wp.com\/insightcrime.org\/wp-content\/uploads\/2023\/11\/El-Salvador-Cover-Cap-4-Dic-2023.jpg?fit=1200%2C576&quality=100&ssl=1&resize=1050%2C600 3x"},"classes":[]},{"id":191993,"url":"https:\/\/insightcrime.org\/es\/noticias\/conexiones-politicas-ayudan-cabecillas-ms13-escapar-salvador\/","url_meta":{"origin":7760,"position":2},"title":"Conexiones pol\u00edticas ayudan a cabecillas de la MS13 a escapar de El Salvador","author":"Parker Asmann","date":"19 de julio de 2022","format":false,"excerpt":"La liberaci\u00f3n de un importante cabecilla de la MS13 de una prisi\u00f3n de m\u00e1xima seguridad de El Salvador, y su posterior fuga, ponen de manifiesto la capacidad que tiene la pandilla para aprovechar sus conexiones pol\u00edticas y las redes transnacionales para proteger a los miembros m\u00e1s importantes de la organizaci\u00f3n.","rel":"","context":"En \u00abNoticias\u00bb","block_context":{"text":"Noticias","link":"https:\/\/insightcrime.org\/es\/category\/noticias\/"},"img":{"alt_text":"MS13 members in prison in El Salvador","src":"https:\/\/i0.wp.com\/insightcrime.org\/wp-content\/uploads\/2022\/07\/El-Salvador-Imprisoned-gang-members-face-masks-AP_20248762682929-Sep-2020-A2-1.jpg?fit=1200%2C675&quality=100&ssl=1&resize=350%2C200","width":350,"height":200,"srcset":"https:\/\/i0.wp.com\/insightcrime.org\/wp-content\/uploads\/2022\/07\/El-Salvador-Imprisoned-gang-members-face-masks-AP_20248762682929-Sep-2020-A2-1.jpg?fit=1200%2C675&quality=100&ssl=1&resize=350%2C200 1x, https:\/\/i0.wp.com\/insightcrime.org\/wp-content\/uploads\/2022\/07\/El-Salvador-Imprisoned-gang-members-face-masks-AP_20248762682929-Sep-2020-A2-1.jpg?fit=1200%2C675&quality=100&ssl=1&resize=525%2C300 1.5x, https:\/\/i0.wp.com\/insightcrime.org\/wp-content\/uploads\/2022\/07\/El-Salvador-Imprisoned-gang-members-face-masks-AP_20248762682929-Sep-2020-A2-1.jpg?fit=1200%2C675&quality=100&ssl=1&resize=700%2C400 2x, https:\/\/i0.wp.com\/insightcrime.org\/wp-content\/uploads\/2022\/07\/El-Salvador-Imprisoned-gang-members-face-masks-AP_20248762682929-Sep-2020-A2-1.jpg?fit=1200%2C675&quality=100&ssl=1&resize=1050%2C600 3x"},"classes":[]},{"id":134088,"url":"https:\/\/insightcrime.org\/es\/noticias-crimen-organizado-honduras\/intibuca-honduras\/","url_meta":{"origin":7760,"position":3},"title":"Intibuc\u00e1, Honduras","author":"InSight Crime","date":"16 de febrero de 2021","format":false,"excerpt":"Intibuc\u00e1 no es un centro importante del crimen organizado, aunque s\u00ed tiene una considerable presencia de pandillas a lo largo de la porosa frontera sur del departamento con El Salvador, adem\u00e1s de algunos indicios de narcotr\u00e1fico.","rel":"","context":"En \u00abHonduras\u00bb","block_context":{"text":"Honduras","link":"https:\/\/insightcrime.org\/es\/category\/noticias-crimen-organizado-honduras\/"},"img":{"alt_text":"","src":"https:\/\/i0.wp.com\/insightcrime.org\/wp-content\/uploads\/2021\/02\/Intibuca-Honduras.jpg?fit=350%2C250&quality=100&ssl=1&resize=350%2C200","width":350,"height":200},"classes":[]},{"id":138585,"url":"https:\/\/insightcrime.org\/es\/noticias-crimen-organizado-el-salvador\/ahuachapan-el-salvador\/","url_meta":{"origin":7760,"position":4},"title":"Ahuachap\u00e1n, El Salvador","author":"InSight Crime","date":"22 de marzo de 2021","format":false,"excerpt":"Ahuachap\u00e1n es punto de tr\u00e1nsito de cargamentos de coca\u00edna y marihuana. Tambi\u00e9n se detecta una fuerte presencia de la MS13 en el departamento.","rel":"","context":"En \u00abEl Salvador\u00bb","block_context":{"text":"El Salvador","link":"https:\/\/insightcrime.org\/es\/category\/noticias-crimen-organizado-el-salvador\/"},"img":{"alt_text":"","src":"https:\/\/i0.wp.com\/insightcrime.org\/wp-content\/uploads\/2021\/03\/21-03-18-Ahuachapan-El-Salvador-Cocaine-Depositphotos.jpeg?fit=350%2C250&quality=100&ssl=1&resize=350%2C200","width":350,"height":200},"classes":[]},{"id":187339,"url":"https:\/\/insightcrime.org\/es\/noticias\/exodo-pandillas-salvador-genera-panico-aunque-pocos-arrestos\/","url_meta":{"origin":7760,"position":5},"title":"\u00c9xodo de pandillas de El Salvador genera p\u00e1nico, aunque pocos arrestos","author":"Alessandro Ford","date":"2 de junio de 2022","format":false,"excerpt":"Desde hace dos meses que el gobierno de El Salvador comenz\u00f3 su campa\u00f1a de arrestos masivos, como una ofensiva contra las pandillas, menos de 60 presuntos pandilleros del pa\u00eds han sido arrestados en Honduras y Guatemala, una cifra que pone en duda los refuerzos a la seguridad y la ret\u00f3rica\u2026","rel":"","context":"En \u00abNoticias\u00bb","block_context":{"text":"Noticias","link":"https:\/\/insightcrime.org\/es\/category\/noticias\/"},"img":{"alt_text":"El ministro de Gobierno de Guatemala, David Napole\u00f3n Barrientos","src":"https:\/\/i0.wp.com\/insightcrime.org\/wp-content\/uploads\/2022\/05\/FPb_Hv6X0AIwmuD.jpeg?fit=350%2C250&quality=100&ssl=1&resize=350%2C200","width":350,"height":200},"classes":[]}],"jetpack_featured_media_url":"https:\/\/i0.wp.com\/insightcrime.org\/wp-content\/uploads\/2015\/04\/es-15-4-8-ESDeadPolice.jpg?fit=250%2C167&quality=100&ssl=1","_links":{"self":[{"href":"https:\/\/insightcrime.org\/es\/wp-json\/wp\/v2\/posts\/7760","targetHints":{"allow":["GET"]}}],"collection":[{"href":"https:\/\/insightcrime.org\/es\/wp-json\/wp\/v2\/posts"}],"about":[{"href":"https:\/\/insightcrime.org\/es\/wp-json\/wp\/v2\/types\/post"}],"author":[{"embeddable":true,"href":"https:\/\/insightcrime.org\/es\/wp-json\/wp\/v2\/users\/41"}],"replies":[{"embeddable":true,"href":"https:\/\/insightcrime.org\/es\/wp-json\/wp\/v2\/comments?post=7760"}],"version-history":[{"count":1,"href":"https:\/\/insightcrime.org\/es\/wp-json\/wp\/v2\/posts\/7760\/revisions"}],"predecessor-version":[{"id":24427,"href":"https:\/\/insightcrime.org\/es\/wp-json\/wp\/v2\/posts\/7760\/revisions\/24427"}],"wp:featuredmedia":[{"embeddable":true,"href":"https:\/\/insightcrime.org\/es\/wp-json\/wp\/v2\/media\/42335"}],"wp:attachment":[{"href":"https:\/\/insightcrime.org\/es\/wp-json\/wp\/v2\/media?parent=7760"}],"wp:term":[{"taxonomy":"category","embeddable":true,"href":"https:\/\/insightcrime.org\/es\/wp-json\/wp\/v2\/categories?post=7760"},{"taxonomy":"post_tag","embeddable":true,"href":"https:\/\/insightcrime.org\/es\/wp-json\/wp\/v2\/tags?post=7760"},{"taxonomy":"newspack_spnsrs_tax","embeddable":true,"href":"https:\/\/insightcrime.org\/es\/wp-json\/wp\/v2\/newspack_spnsrs_tax?post=7760"},{"taxonomy":"author","embeddable":true,"href":"https:\/\/insightcrime.org\/es\/wp-json\/wp\/v2\/coauthors?post=7760"}],"curies":[{"name":"wp","href":"https:\/\/api.w.org\/{rel}","templated":true}]}}